{"id":230948,"date":"2022-05-30T21:28:11","date_gmt":"2022-05-30T19:28:11","guid":{"rendered":"https:\/\/blogg.atl.nu\/nysater\/?p=230948"},"modified":"2023-07-11T15:42:40","modified_gmt":"2023-07-11T13:42:40","slug":"hang-med-nar-vi-testar-peecon-topliner","status":"publish","type":"post","link":"https:\/\/blogg.atl.nu\/nysater\/2022\/05\/30\/hang-med-nar-vi-testar-peecon-topliner\/","title":{"rendered":"H\u00e4ng med n\u00e4r vi testar Peecon Topliner"},"content":{"rendered":"<p><strong>Att provk\u00f6ra demomaskiner \u00e4r b\u00e5de roligt och hemskt. Det h\u00e4nder ju att man gillar det man testar och d\u00e5 kan det bli farligt f\u00f6r lillb\u00f6rsen. Nu har vi haft en Peecon mixervagn p\u00e5 g\u00e5rden ett par dagar och jag t\u00e4nkte ber\u00e4tta vad vi tyckte om den. \u00a0<\/strong><\/p>\n<p>Till att b\u00f6rja med vill jag tipsa andra maskinhandlare som vill ha ut sina demoprodukter att g\u00f6ra som X-Maskiner h\u00e4r i Sundsvall. Om man inte redan g\u00f6r det f\u00f6rst\u00e5s. Vill man marknadsf\u00f6ra, som i det h\u00e4r fallet en mixervagn, m\u00e5ste det g\u00e5 l\u00e4tt att anv\u00e4nda den direkt, rakt in i vardagen. S\u00e4rskilt n\u00e4r det \u00e4r h\u00f6gs\u00e4song som nu i v\u00e5rbruket. Som lantbrukare kan man inte l\u00e4gga ner extra arbetstid och eget kr\u00e5ngel innan man kommer ig\u00e5ng, d\u00e5 m\u00e5ste man tyv\u00e4rr tacka nej \u00e4ven om det \u00e4r ett intressant erbjudande. S\u00e5 vill man f\u00e5 ut en maskin och l\u00e5ta m\u00e5nga kunder hinna testa och f\u00e5 en positiv upplevelse, ja d\u00e5 m\u00e5ste det ske smidigt och friktionsfritt. Just det lyckades X-Maskiner f\u00f6red\u00f6mligt med.<\/p>\n<p>Ett ekipage stod redo helt k\u00f6rklart och hade vi inte haft n\u00e4ra till g\u00e5rden som testade innan hade vi s\u00e4kert f\u00e5tt den hitlevererad. Nu blev Danne ist\u00e4llet h\u00e4mtad av s\u00e4ljaren och skjutsad till traktorn och mixervagnen. D\u00e5 var det en smal sak att k\u00f6ra hem den.<\/p>\n<p><img loading=\"lazy\" class=\"alignnone size-medium wp-image-230995\" src=\"https:\/\/blogg.atl.nu\/nysater\/wp-content\/uploads\/sites\/26\/2022\/05\/IMG_1529-2-300x225.jpg\" alt=\"\" width=\"300\" height=\"225\" srcset=\"https:\/\/blogg.atl.nu\/nysater\/wp-content\/uploads\/sites\/26\/2022\/05\/IMG_1529-2-300x225.jpg 300w, https:\/\/blogg.atl.nu\/nysater\/wp-content\/uploads\/sites\/26\/2022\/05\/IMG_1529-2-768x576.jpg 768w, https:\/\/blogg.atl.nu\/nysater\/wp-content\/uploads\/sites\/26\/2022\/05\/IMG_1529-2-1024x768.jpg 1024w, https:\/\/blogg.atl.nu\/nysater\/wp-content\/uploads\/sites\/26\/2022\/05\/IMG_1529-2.jpg 2048w\" sizes=\"(max-width: 300px) 100vw, 300px\" \/><br \/>\n<em>-Hej, vi \u00e4r fr\u00e5n vikariepoolen. Vi fixar k\u00e4ket nu i ett par dagar.\u00a0<\/em><\/p>\n<p>Dragtraktorn var en enkel och v\u00e4lanpassad John Deere 6120 s\u00e5 det var det var bara att hoppa in och k\u00f6ra. Ingen avancerad traktor men inte heller n\u00e5got halvdant som inte orkade. V\u00e5r egen JD och mixervagn kunde st\u00e4llas p\u00e5 semester under provk\u00f6rningsdagarna s\u00e5 vi har verkligen kunnat testa utan att k\u00e4nna stress.<\/p>\n<p>Mixervagnen vi fick prova var en Peecon Topliner, den mellanstora modellen av tre. Den \u00e4r mindre \u00e4n v\u00e5r Kuhn men fyra balar gick bra att blanda utan att det rann \u00f6ver eller gick f\u00f6r tungt.<\/p>\n<p><img loading=\"lazy\" class=\"alignnone size-medium wp-image-230986\" src=\"https:\/\/blogg.atl.nu\/nysater\/wp-content\/uploads\/sites\/26\/2022\/05\/IMG_1565-300x225.jpg\" alt=\"\" width=\"300\" height=\"225\" srcset=\"https:\/\/blogg.atl.nu\/nysater\/wp-content\/uploads\/sites\/26\/2022\/05\/IMG_1565-300x225.jpg 300w, https:\/\/blogg.atl.nu\/nysater\/wp-content\/uploads\/sites\/26\/2022\/05\/IMG_1565-768x576.jpg 768w, https:\/\/blogg.atl.nu\/nysater\/wp-content\/uploads\/sites\/26\/2022\/05\/IMG_1565-1024x768.jpg 1024w, https:\/\/blogg.atl.nu\/nysater\/wp-content\/uploads\/sites\/26\/2022\/05\/IMG_1565.jpg 2048w\" sizes=\"(max-width: 300px) 100vw, 300px\" \/><br \/>\n<em>Magneter p\u00e5 skruvarna finns som tillval. Det \u00e4r n\u00e5got man seri\u00f6st borde \u00f6verv\u00e4ga. Eftersom idioter tydligen inte kan sluta sl\u00e4nga skr\u00e4p i naturen.<\/em><\/p>\n<p>Tv\u00e5 st\u00e5ende skruvar finns i vagnen och de tandade knivarna som inte syns p\u00e5 bilden var vassa. \u00a0En v\u00e4l utformad balja gjorde att det gick riktigt snabbt att blanda, trots att vi proppade den ganska full. Den \u00e4r tr\u00e5ngt byggd med sn\u00e5lt utrymme p\u00e5 sidorna om skruvarna, vilket hj\u00e4lper till att f\u00f6ra fodret upp\u00e5t, mot knivarna hela tiden ist\u00e4llet f\u00f6r att det \u00e5ker runt p\u00e5 sidan om. Vi k\u00f6rde b\u00e5de bl\u00f6tare och torrare balar och den tuggade i sig allt med bra fart och traktorn som v\u00e4l \u00e4r p\u00e5 ca 120 hk ungef\u00e4r orkade utan problem. De st\u00e4llbara motknivarna p\u00e5 vagnen kan s\u00e4kert vara till nytta ocks\u00e5 men de provade vi inte.<\/p>\n<p><img loading=\"lazy\" class=\"alignnone size-medium wp-image-231001\" src=\"https:\/\/blogg.atl.nu\/nysater\/wp-content\/uploads\/sites\/26\/2022\/05\/IMG_1601-300x225.jpg\" alt=\"\" width=\"300\" height=\"225\" srcset=\"https:\/\/blogg.atl.nu\/nysater\/wp-content\/uploads\/sites\/26\/2022\/05\/IMG_1601-300x225.jpg 300w, https:\/\/blogg.atl.nu\/nysater\/wp-content\/uploads\/sites\/26\/2022\/05\/IMG_1601-768x576.jpg 768w, https:\/\/blogg.atl.nu\/nysater\/wp-content\/uploads\/sites\/26\/2022\/05\/IMG_1601-1024x768.jpg 1024w, https:\/\/blogg.atl.nu\/nysater\/wp-content\/uploads\/sites\/26\/2022\/05\/IMG_1601.jpg 2048w\" sizes=\"(max-width: 300px) 100vw, 300px\" \/><br \/>\n<em>Mixervagnen kr\u00e4ver 80 hk, s\u00e5 med den h\u00e4r lite st\u00f6rre traktorn gick det som en sval foxtrot p\u00e5 \u00c5n\u00e4sparkens altan.<\/em><\/p>\n<p><img loading=\"lazy\" class=\"alignnone size-medium wp-image-230973\" src=\"https:\/\/blogg.atl.nu\/nysater\/wp-content\/uploads\/sites\/26\/2022\/05\/IMG_1538-300x225.jpg\" alt=\"\" width=\"300\" height=\"225\" srcset=\"https:\/\/blogg.atl.nu\/nysater\/wp-content\/uploads\/sites\/26\/2022\/05\/IMG_1538-300x225.jpg 300w, https:\/\/blogg.atl.nu\/nysater\/wp-content\/uploads\/sites\/26\/2022\/05\/IMG_1538-768x576.jpg 768w, https:\/\/blogg.atl.nu\/nysater\/wp-content\/uploads\/sites\/26\/2022\/05\/IMG_1538-1024x768.jpg 1024w, https:\/\/blogg.atl.nu\/nysater\/wp-content\/uploads\/sites\/26\/2022\/05\/IMG_1538.jpg 2048w\" sizes=\"(max-width: 300px) 100vw, 300px\" \/><br \/>\n<em>Finf\u00f6rdelat riktigt snabbt. Det gick \u00e4ven bra att l\u00e4gga i alla fyra balar direkt. Beh\u00f6vde inte l\u00e5ta de tv\u00e5 f\u00f6rsta mixa till sig f\u00f6rst.\u00a0<\/em><\/p>\n<p>Gummikanten h\u00f6gst upp var en smart l\u00f6sning f\u00f6r att kunna blanda maximal m\u00e4ngd utan en massa spill. M\u00e5nga andra m\u00e4rken har ju ocks\u00e5 kanter och overflowringar men det h\u00e4r \u00e4r den f\u00f6rsta jag sett med en f\u00f6rh\u00f6jning i mjukare, flexibelt material. Det g\u00f6r att man undviker bucklor och andra skador om man st\u00f6ter emot n\u00e4r man lastar eller n\u00e4r fodret trycks upp mot kanten under blandningen.<br \/>\nGummiringen \u00e4r l\u00e4tt vilket \u00e4r bra eftersom en mixervagn \u00e4r tung som den \u00e4r. Den borde vara hyfsat enkel att byta ocks\u00e5 om det skulle beh\u00f6vas, och f\u00f6rhoppningsvis inte s\u00e5 dyr.<\/p>\n<p><img loading=\"lazy\" class=\"alignnone size-medium wp-image-231003\" src=\"https:\/\/blogg.atl.nu\/nysater\/wp-content\/uploads\/sites\/26\/2022\/05\/IMG_1609-300x225.jpg\" alt=\"\" width=\"300\" height=\"225\" srcset=\"https:\/\/blogg.atl.nu\/nysater\/wp-content\/uploads\/sites\/26\/2022\/05\/IMG_1609-300x225.jpg 300w, https:\/\/blogg.atl.nu\/nysater\/wp-content\/uploads\/sites\/26\/2022\/05\/IMG_1609-768x576.jpg 768w, https:\/\/blogg.atl.nu\/nysater\/wp-content\/uploads\/sites\/26\/2022\/05\/IMG_1609-1024x768.jpg 1024w, https:\/\/blogg.atl.nu\/nysater\/wp-content\/uploads\/sites\/26\/2022\/05\/IMG_1609.jpg 2048w\" sizes=\"(max-width: 300px) 100vw, 300px\" \/><\/p>\n<p>Vagnen rymmer 19 kubik utan och 21 kubik med f\u00f6rh\u00f6jning. Modellen heter<strong> Peecon 21.197\/230 Topline Future.<\/strong>\u00a0Reduktionsl\u00e5da \u00e4r standard p\u00e5 Toplinermodellen precis som gummikanten och den programmerbara v\u00e5gen.<\/p>\n<p><img loading=\"lazy\" class=\"alignnone size-medium wp-image-230972\" src=\"https:\/\/blogg.atl.nu\/nysater\/wp-content\/uploads\/sites\/26\/2022\/05\/IMG_1536-300x225.jpg\" alt=\"\" width=\"300\" height=\"225\" srcset=\"https:\/\/blogg.atl.nu\/nysater\/wp-content\/uploads\/sites\/26\/2022\/05\/IMG_1536-300x225.jpg 300w, https:\/\/blogg.atl.nu\/nysater\/wp-content\/uploads\/sites\/26\/2022\/05\/IMG_1536-768x576.jpg 768w, https:\/\/blogg.atl.nu\/nysater\/wp-content\/uploads\/sites\/26\/2022\/05\/IMG_1536-1024x768.jpg 1024w, https:\/\/blogg.atl.nu\/nysater\/wp-content\/uploads\/sites\/26\/2022\/05\/IMG_1536.jpg 2048w\" sizes=\"(max-width: 300px) 100vw, 300px\" \/><\/p>\n<p><strong>Effektiv blandning \u00e4r f\u00f6rst\u00e5s det man \u00e4r ute efter<\/strong> men det som utm\u00e4rkte den h\u00e4r mixervagnen f\u00f6rst av allt var att den var v\u00e4ldigt genomt\u00e4nkt \u00e4ven p\u00e5 utsidan. N\u00e5gon har lyssnat in lantbrukares behov och den nya tidens krav p\u00e5 arbetsmilj\u00f6 och s\u00e4kerhet. En siktlucka g\u00f6r att man kan se in i vagnen \u00e4ven inifr\u00e5n traktorn och oljebeh\u00e5llarna sitter i arbetsh\u00f6jd och har genomskinligt glas s\u00e5 man l\u00e4tt ser niv\u00e5erna.<\/p>\n<p><img loading=\"lazy\" class=\"alignnone wp-image-230978 size-medium\" src=\"https:\/\/blogg.atl.nu\/nysater\/wp-content\/uploads\/sites\/26\/2022\/05\/IMG_1543-e1653915143547-300x225.jpg\" alt=\"\" width=\"300\" height=\"225\" srcset=\"https:\/\/blogg.atl.nu\/nysater\/wp-content\/uploads\/sites\/26\/2022\/05\/IMG_1543-e1653915143547-300x225.jpg 300w, https:\/\/blogg.atl.nu\/nysater\/wp-content\/uploads\/sites\/26\/2022\/05\/IMG_1543-e1653915143547-768x576.jpg 768w, https:\/\/blogg.atl.nu\/nysater\/wp-content\/uploads\/sites\/26\/2022\/05\/IMG_1543-e1653915143547-1024x768.jpg 1024w, https:\/\/blogg.atl.nu\/nysater\/wp-content\/uploads\/sites\/26\/2022\/05\/IMG_1543-e1653915143547.jpg 2048w\" sizes=\"(max-width: 300px) 100vw, 300px\" \/><br \/>\n<em>Klart man vill kunna kika in p\u00e5 blandningen.\u00a0<\/em><\/p>\n<p>Det fanns en bra, halkfri stege med utf\u00e4llbara sista trappsteg och en v\u00e4lplacerad ledst\u00e5ng i form av ett fastsvetsat rundj\u00e4rn p\u00e5 baljans utsida. D\u00e4r uppe en rymlig men inte \u00f6verdrivet stor plattform med staket d\u00e4r man kan st\u00e5 och kika in i mixervagnen.<\/p>\n<p><img loading=\"lazy\" class=\"alignnone size-medium wp-image-230982\" src=\"https:\/\/blogg.atl.nu\/nysater\/wp-content\/uploads\/sites\/26\/2022\/05\/IMG_1547-300x225.jpg\" alt=\"\" width=\"300\" height=\"225\" srcset=\"https:\/\/blogg.atl.nu\/nysater\/wp-content\/uploads\/sites\/26\/2022\/05\/IMG_1547-300x225.jpg 300w, https:\/\/blogg.atl.nu\/nysater\/wp-content\/uploads\/sites\/26\/2022\/05\/IMG_1547-768x576.jpg 768w, https:\/\/blogg.atl.nu\/nysater\/wp-content\/uploads\/sites\/26\/2022\/05\/IMG_1547-1024x768.jpg 1024w, https:\/\/blogg.atl.nu\/nysater\/wp-content\/uploads\/sites\/26\/2022\/05\/IMG_1547.jpg 2048w\" sizes=\"(max-width: 300px) 100vw, 300px\" \/><\/p>\n<p><img loading=\"lazy\" class=\"alignnone size-medium wp-image-231006\" src=\"https:\/\/blogg.atl.nu\/nysater\/wp-content\/uploads\/sites\/26\/2022\/05\/IMG_1609-2-191x300.jpg\" alt=\"\" width=\"191\" height=\"300\" srcset=\"https:\/\/blogg.atl.nu\/nysater\/wp-content\/uploads\/sites\/26\/2022\/05\/IMG_1609-2-191x300.jpg 191w, https:\/\/blogg.atl.nu\/nysater\/wp-content\/uploads\/sites\/26\/2022\/05\/IMG_1609-2-768x1203.jpg 768w, https:\/\/blogg.atl.nu\/nysater\/wp-content\/uploads\/sites\/26\/2022\/05\/IMG_1609-2-654x1024.jpg 654w, https:\/\/blogg.atl.nu\/nysater\/wp-content\/uploads\/sites\/26\/2022\/05\/IMG_1609-2.jpg 1307w\" sizes=\"(max-width: 191px) 100vw, 191px\" \/><\/p>\n<p>Nu kanske jag framst\u00e5r som bekv\u00e4m och pimpinett som lyfter fram s\u00e5dant h\u00e4r men det \u00e4r jag verkligen inte. Vad jag d\u00e4remot \u00e4r, eller f\u00f6rs\u00f6ker vara, \u00e4r en ansvarsfull arbetsgivare och en effektiv, skadefri lantbrukare. Det \u00e4r inte okej l\u00e4ngre att det ska baxas, kl\u00e4ttras och tas on\u00f6diga risker. Det h\u00e4r yrket \u00e4r farligt nog som det \u00e4r och maskiner m\u00e5ste vara utrustade f\u00f6r att man ska kunna jobba s\u00e4kert. Stegar och r\u00e4cken ska inte finnas bara f\u00f6r syns skull, de ska vara vettigt utformade och enkla att anv\u00e4nda.<\/p>\n<p>Det \u00e4r ocks\u00e5 en fr\u00e5ga om ekonomi och arbetseffektivitet. Om det \u00e4r riskfyllt eller besv\u00e4rligt att vingla upp och se hur blandningen ser ut kanske man ist\u00e4llet k\u00f6r n\u00e5gra minuter extra? Tid \u00e4r pengar. Diesel och slitage likas\u00e5.<\/p>\n<p><strong>Vidare in i traktorn<\/strong> funderade jag en stund p\u00e5 var man\u00f6verdosan satt. Svaret var att det inte fanns n\u00e5gon. Luckan \u00f6ppnades med en av traktorns vanliga hydraulknappar s\u00e5 det var ocks\u00e5 enkelt och anv\u00e4ndarv\u00e4nligt. P\u00e5 den h\u00e4r vagnen saknades elevatormatta och jag vet inte om det beh\u00f6vs separat styrdosa om man har det som tillval.<\/p>\n<p><img loading=\"lazy\" class=\"alignnone size-medium wp-image-230998\" src=\"https:\/\/blogg.atl.nu\/nysater\/wp-content\/uploads\/sites\/26\/2022\/05\/IMG_1550-1-300x225.jpg\" alt=\"\" width=\"300\" height=\"225\" srcset=\"https:\/\/blogg.atl.nu\/nysater\/wp-content\/uploads\/sites\/26\/2022\/05\/IMG_1550-1-300x225.jpg 300w, https:\/\/blogg.atl.nu\/nysater\/wp-content\/uploads\/sites\/26\/2022\/05\/IMG_1550-1-768x576.jpg 768w, https:\/\/blogg.atl.nu\/nysater\/wp-content\/uploads\/sites\/26\/2022\/05\/IMG_1550-1-1024x768.jpg 1024w, https:\/\/blogg.atl.nu\/nysater\/wp-content\/uploads\/sites\/26\/2022\/05\/IMG_1550-1.jpg 2048w\" sizes=\"(max-width: 300px) 100vw, 300px\" \/><br \/>\n<em>Det d\u00e4r med luckan och avsaknad av elevator var det sv\u00e5raste n\u00e4r man inte var van. Fodret hamnar ju mer rakt ner och inte en bit ut fr\u00e5n vagnen men det gick bra \u00e4nd\u00e5. (Finns en liten pl\u00e5t att justera s\u00e5 det blir lite b\u00e4ttre ocks\u00e5). Jag k\u00f6rde en sida i taget eftersom foderbordet \u00e4r ganska brett men det fanns luckor p\u00e5 b\u00e5da sidor.\u00a0<\/em><\/p>\n<p><img loading=\"lazy\" class=\"alignnone size-medium wp-image-230967\" src=\"https:\/\/blogg.atl.nu\/nysater\/wp-content\/uploads\/sites\/26\/2022\/05\/IMG_1531-e1653915790413-300x297.jpg\" alt=\"\" width=\"300\" height=\"297\" srcset=\"https:\/\/blogg.atl.nu\/nysater\/wp-content\/uploads\/sites\/26\/2022\/05\/IMG_1531-e1653915790413-300x297.jpg 300w, https:\/\/blogg.atl.nu\/nysater\/wp-content\/uploads\/sites\/26\/2022\/05\/IMG_1531-e1653915790413-150x150.jpg 150w, https:\/\/blogg.atl.nu\/nysater\/wp-content\/uploads\/sites\/26\/2022\/05\/IMG_1531-e1653915790413-768x760.jpg 768w, https:\/\/blogg.atl.nu\/nysater\/wp-content\/uploads\/sites\/26\/2022\/05\/IMG_1531-e1653915790413-1024x1014.jpg 1024w, https:\/\/blogg.atl.nu\/nysater\/wp-content\/uploads\/sites\/26\/2022\/05\/IMG_1531-e1653915790413.jpg 2046w\" sizes=\"(max-width: 300px) 100vw, 300px\" \/><br \/>\n<em>N\u00e4r jag blandade foder till de mindre djuren och skulle l\u00e4gga ut det p\u00e5 h\u00f6g var gummigardinen utanp\u00e5 luckan lite i v\u00e4gen. P\u00e5 v\u00e5r egen mixervagn sitter den inte fast i sidorna p\u00e5 samma s\u00e4tt och sl\u00e4pper ut fodret l\u00e4ttare om man ska t\u00f6mma allt p\u00e5 ett st\u00e4lle.\u00a0<\/em><\/p>\n<p><img loading=\"lazy\" class=\"alignnone size-medium wp-image-230997\" src=\"https:\/\/blogg.atl.nu\/nysater\/wp-content\/uploads\/sites\/26\/2022\/05\/IMG_1539-1-e1653928020706-300x225.jpg\" alt=\"\" width=\"300\" height=\"225\" srcset=\"https:\/\/blogg.atl.nu\/nysater\/wp-content\/uploads\/sites\/26\/2022\/05\/IMG_1539-1-e1653928020706-300x225.jpg 300w, https:\/\/blogg.atl.nu\/nysater\/wp-content\/uploads\/sites\/26\/2022\/05\/IMG_1539-1-e1653928020706-768x576.jpg 768w, https:\/\/blogg.atl.nu\/nysater\/wp-content\/uploads\/sites\/26\/2022\/05\/IMG_1539-1-e1653928020706-1024x768.jpg 1024w, https:\/\/blogg.atl.nu\/nysater\/wp-content\/uploads\/sites\/26\/2022\/05\/IMG_1539-1-e1653928020706.jpg 2048w\" sizes=\"(max-width: 300px) 100vw, 300px\" \/><\/p>\n<p><strong>Allt som allt hade vi som ni ser en positiv upplevelse av den h\u00e4r mixervagnen.<\/strong> Hade vi varit i f\u00e4rd med att investera hade vi nog kikat mer p\u00e5 just Peecon.<br \/>\nNu g\u00e5r v\u00e5r Kuhn of\u00f6rsk\u00e4mt bra fortfarande och vi har \u00e4ven h\u00f6rt att godset i Peeconvagnarna kan vara s\u00e4mre \u00e4n hos Kuhn? Hur det ser ut idag och vilka f\u00f6rst\u00e4rkningar man kan ha som tillval har vi inte kollat upp, inte heller hur andra m\u00e4rken st\u00e5r sig i j\u00e4mf\u00f6relse. V\u00e5r mixervagn \u00e4r \u00f6ver tio \u00e5r gammal och mycket har s\u00e4kert h\u00e4nt sedan vi k\u00f6pte den.<br \/>\nVad jag kan s\u00e4ga spontant \u00e4r att demovagnen var smidigare rent arbetsm\u00e4ssigt (den rej\u00e4la stegen och siktluckan) samt att den verkade f\u00f6sa materialet mot knivarna v\u00e4ldigt effektivt. Jag gillade \u00e4ven gummif\u00f6rh\u00f6jningen skarpt. En v\u00e4ldigt smart grej i sin enkelhet. Irriterande smart! Varf\u00f6r kan man inte komma p\u00e5 s\u00e5dant sj\u00e4lv?<\/p>\n<p>Som sagt, n\u00e5gon har t\u00e4nkt till s\u00e5 att den h\u00e4r mixervagnen ska fungera ute p\u00e5 g\u00e5rdarna och inte bara p\u00e5 n\u00e5got ritbord eller i ett dataprogram. Men s\u00e5 \u00e4r den fr\u00e5n Nederl\u00e4nderna ocks\u00e5 och d\u00e4r kan de ju lantbruk och verkar duktiga p\u00e5 flexibla l\u00f6sningar.<\/p>\n<p><img loading=\"lazy\" class=\"alignnone size-medium wp-image-230969\" src=\"https:\/\/blogg.atl.nu\/nysater\/wp-content\/uploads\/sites\/26\/2022\/05\/IMG_1533-300x225.jpg\" alt=\"\" width=\"300\" height=\"225\" srcset=\"https:\/\/blogg.atl.nu\/nysater\/wp-content\/uploads\/sites\/26\/2022\/05\/IMG_1533-300x225.jpg 300w, https:\/\/blogg.atl.nu\/nysater\/wp-content\/uploads\/sites\/26\/2022\/05\/IMG_1533-768x576.jpg 768w, https:\/\/blogg.atl.nu\/nysater\/wp-content\/uploads\/sites\/26\/2022\/05\/IMG_1533-1024x768.jpg 1024w, https:\/\/blogg.atl.nu\/nysater\/wp-content\/uploads\/sites\/26\/2022\/05\/IMG_1533.jpg 2048w\" sizes=\"(max-width: 300px) 100vw, 300px\" \/><\/p>\n<p><img loading=\"lazy\" class=\"alignnone size-medium wp-image-231002\" src=\"https:\/\/blogg.atl.nu\/nysater\/wp-content\/uploads\/sites\/26\/2022\/05\/IMG_1603-300x225.jpg\" alt=\"\" width=\"300\" height=\"225\" srcset=\"https:\/\/blogg.atl.nu\/nysater\/wp-content\/uploads\/sites\/26\/2022\/05\/IMG_1603-300x225.jpg 300w, https:\/\/blogg.atl.nu\/nysater\/wp-content\/uploads\/sites\/26\/2022\/05\/IMG_1603-768x576.jpg 768w, https:\/\/blogg.atl.nu\/nysater\/wp-content\/uploads\/sites\/26\/2022\/05\/IMG_1603-1024x768.jpg 1024w, https:\/\/blogg.atl.nu\/nysater\/wp-content\/uploads\/sites\/26\/2022\/05\/IMG_1603.jpg 2048w\" sizes=\"(max-width: 300px) 100vw, 300px\" \/><\/p>\n<p>Snart \u00e5ker ekipaget vidare till \u00d6rjan och Marlene i B\u00e4ck. Kul om n\u00e5gon l\u00e4st s\u00e5h\u00e4r l\u00e5ngt och jag hoppas att det framg\u00e5r att det h\u00e4r \u00e4r ett blogginl\u00e4gg och inte en ren faktaartikel. Vill man veta mer och ha detaljinformation finns det mycket p\u00e5 n\u00e4tet att f\u00f6rdjupa sig i f\u00f6r den som \u00e4r intresserad.<\/p>\n<p>Tack f\u00f6r trevliga demodagar!<\/p>\n<p>&nbsp;<\/p>\n","protected":false},"excerpt":{"rendered":"<p>Att provk\u00f6ra demomaskiner \u00e4r b\u00e5de roligt och hemskt. Det h\u00e4nder ju att man gillar det man testar och d\u00e5 kan det bli farligt f\u00f6r lillb\u00f6rsen. Nu har vi haft en Peecon mixervagn p\u00e5 g\u00e5rden ett par dagar och jag t\u00e4nkte ber\u00e4tta vad vi tyckte om den. \u00a0 Till att b\u00f6rja med vill jag tipsa andra&#8230;<\/p>\n","protected":false},"author":338,"featured_media":230993,"comment_status":"open","ping_status":"open","sticky":false,"template":"","format":"standard","meta":[],"categories":[2,1],"tags":[520,165,24,3,518,6,519],"yoast_head":"<!-- This site is optimized with the Yoast SEO plugin v19.6 - https:\/\/yoast.com\/wordpress\/plugins\/seo\/ -->\n<title>H\u00e4ng med n\u00e4r vi testar Peecon Topliner - Nys\u00e4ter lantbruk<\/title>\n<meta name=\"robots\" content=\"index, follow, max-snippet:-1, max-image-preview:large, max-video-preview:-1\" \/>\n<link rel=\"canonical\" href=\"https:\/\/blogg.atl.nu\/nysater\/2022\/05\/30\/hang-med-nar-vi-testar-peecon-topliner\/\" \/>\n<meta property=\"og:locale\" content=\"sv_SE\" \/>\n<meta property=\"og:type\" content=\"article\" \/>\n<meta property=\"og:title\" content=\"H\u00e4ng med n\u00e4r vi testar Peecon Topliner - Nys\u00e4ter lantbruk\" \/>\n<meta property=\"og:description\" content=\"Att provk\u00f6ra demomaskiner \u00e4r b\u00e5de roligt och hemskt. Det h\u00e4nder ju att man gillar det man testar och d\u00e5 kan det bli farligt f\u00f6r lillb\u00f6rsen. Nu har vi haft en Peecon mixervagn p\u00e5 g\u00e5rden ett par dagar och jag t\u00e4nkte ber\u00e4tta vad vi tyckte om den. \u00a0 Till att b\u00f6rja med vill jag tipsa andra...\" \/>\n<meta property=\"og:url\" content=\"https:\/\/blogg.atl.nu\/nysater\/2022\/05\/30\/hang-med-nar-vi-testar-peecon-topliner\/\" \/>\n<meta property=\"og:site_name\" content=\"Nys\u00e4ter lantbruk\" \/>\n<meta property=\"article:published_time\" content=\"2022-05-30T19:28:11+00:00\" \/>\n<meta property=\"article:modified_time\" content=\"2023-07-11T13:42:40+00:00\" \/>\n<meta property=\"og:image\" content=\"https:\/\/blogg.atl.nu\/nysater\/wp-content\/uploads\/sites\/26\/2022\/05\/IMG_1569-2.jpg\" \/>\n\t<meta property=\"og:image:width\" content=\"2048\" \/>\n\t<meta property=\"og:image:height\" content=\"1536\" \/>\n\t<meta property=\"og:image:type\" content=\"image\/jpeg\" \/>\n<meta name=\"author\" content=\"Elin Bergstr\u00f6m\" \/>\n<meta name=\"twitter:card\" content=\"summary\" \/>\n<meta name=\"twitter:label1\" content=\"Skriven av\" \/>\n\t<meta name=\"twitter:data1\" content=\"Elin Bergstr\u00f6m\" \/>\n\t<meta name=\"twitter:label2\" content=\"Ber\u00e4knad l\u00e4stid\" \/>\n\t<meta name=\"twitter:data2\" content=\"10 minuter\" \/>\n<script type=\"application\/ld+json\" class=\"yoast-schema-graph\">{\"@context\":\"https:\/\/schema.org\",\"@graph\":[{\"@type\":\"WebPage\",\"@id\":\"https:\/\/blogg.atl.nu\/nysater\/2022\/05\/30\/hang-med-nar-vi-testar-peecon-topliner\/\",\"url\":\"https:\/\/blogg.atl.nu\/nysater\/2022\/05\/30\/hang-med-nar-vi-testar-peecon-topliner\/\",\"name\":\"H\u00e4ng med n\u00e4r vi testar Peecon Topliner - Nys\u00e4ter lantbruk\",\"isPartOf\":{\"@id\":\"https:\/\/blogg.atl.nu\/nysater\/#website\"},\"datePublished\":\"2022-05-30T19:28:11+00:00\",\"dateModified\":\"2023-07-11T13:42:40+00:00\",\"author\":{\"@id\":\"https:\/\/blogg.atl.nu\/nysater\/#\/schema\/person\/44ec87efb92df15b0f3b0c68a84c7c0f\"},\"breadcrumb\":{\"@id\":\"https:\/\/blogg.atl.nu\/nysater\/2022\/05\/30\/hang-med-nar-vi-testar-peecon-topliner\/#breadcrumb\"},\"inLanguage\":\"sv-SE\",\"potentialAction\":[{\"@type\":\"ReadAction\",\"target\":[\"https:\/\/blogg.atl.nu\/nysater\/2022\/05\/30\/hang-med-nar-vi-testar-peecon-topliner\/\"]}]},{\"@type\":\"BreadcrumbList\",\"@id\":\"https:\/\/blogg.atl.nu\/nysater\/2022\/05\/30\/hang-med-nar-vi-testar-peecon-topliner\/#breadcrumb\",\"itemListElement\":[{\"@type\":\"ListItem\",\"position\":1,\"name\":\"Hem\",\"item\":\"https:\/\/blogg.atl.nu\/nysater\/\"},{\"@type\":\"ListItem\",\"position\":2,\"name\":\"H\u00e4ng med n\u00e4r vi testar Peecon Topliner\"}]},{\"@type\":\"WebSite\",\"@id\":\"https:\/\/blogg.atl.nu\/nysater\/#website\",\"url\":\"https:\/\/blogg.atl.nu\/nysater\/\",\"name\":\"Nys\u00e4ter lantbruk\",\"description\":\"Elin Bergstr\u00f6m\",\"potentialAction\":[{\"@type\":\"SearchAction\",\"target\":{\"@type\":\"EntryPoint\",\"urlTemplate\":\"https:\/\/blogg.atl.nu\/nysater\/?s={search_term_string}\"},\"query-input\":\"required name=search_term_string\"}],\"inLanguage\":\"sv-SE\"},{\"@type\":\"Person\",\"@id\":\"https:\/\/blogg.atl.nu\/nysater\/#\/schema\/person\/44ec87efb92df15b0f3b0c68a84c7c0f\",\"name\":\"Elin Bergstr\u00f6m\",\"image\":{\"@type\":\"ImageObject\",\"inLanguage\":\"sv-SE\",\"@id\":\"https:\/\/blogg.atl.nu\/nysater\/#\/schema\/person\/image\/\",\"url\":\"https:\/\/secure.gravatar.com\/avatar\/c68fea4c0b5b10e41c5a9ecd1fb1b3c0?s=96&d=mm&r=g\",\"contentUrl\":\"https:\/\/secure.gravatar.com\/avatar\/c68fea4c0b5b10e41c5a9ecd1fb1b3c0?s=96&d=mm&r=g\",\"caption\":\"Elin Bergstr\u00f6m\"},\"url\":\"https:\/\/blogg.atl.nu\/nysater\/author\/elin\/\"}]}<\/script>\n<!-- \/ Yoast SEO plugin. -->","yoast_head_json":{"title":"H\u00e4ng med n\u00e4r vi testar Peecon Topliner - Nys\u00e4ter lantbruk","robots":{"index":"index","follow":"follow","max-snippet":"max-snippet:-1","max-image-preview":"max-image-preview:large","max-video-preview":"max-video-preview:-1"},"canonical":"https:\/\/blogg.atl.nu\/nysater\/2022\/05\/30\/hang-med-nar-vi-testar-peecon-topliner\/","og_locale":"sv_SE","og_type":"article","og_title":"H\u00e4ng med n\u00e4r vi testar Peecon Topliner - Nys\u00e4ter lantbruk","og_description":"Att provk\u00f6ra demomaskiner \u00e4r b\u00e5de roligt och hemskt. Det h\u00e4nder ju att man gillar det man testar och d\u00e5 kan det bli farligt f\u00f6r lillb\u00f6rsen. Nu har vi haft en Peecon mixervagn p\u00e5 g\u00e5rden ett par dagar och jag t\u00e4nkte ber\u00e4tta vad vi tyckte om den. \u00a0 Till att b\u00f6rja med vill jag tipsa andra...","og_url":"https:\/\/blogg.atl.nu\/nysater\/2022\/05\/30\/hang-med-nar-vi-testar-peecon-topliner\/","og_site_name":"Nys\u00e4ter lantbruk","article_published_time":"2022-05-30T19:28:11+00:00","article_modified_time":"2023-07-11T13:42:40+00:00","og_image":[{"width":2048,"height":1536,"url":"https:\/\/blogg.atl.nu\/nysater\/wp-content\/uploads\/sites\/26\/2022\/05\/IMG_1569-2.jpg","type":"image\/jpeg"}],"author":"Elin Bergstr\u00f6m","twitter_card":"summary","twitter_misc":{"Skriven av":"Elin Bergstr\u00f6m","Ber\u00e4knad l\u00e4stid":"10 minuter"},"schema":{"@context":"https:\/\/schema.org","@graph":[{"@type":"WebPage","@id":"https:\/\/blogg.atl.nu\/nysater\/2022\/05\/30\/hang-med-nar-vi-testar-peecon-topliner\/","url":"https:\/\/blogg.atl.nu\/nysater\/2022\/05\/30\/hang-med-nar-vi-testar-peecon-topliner\/","name":"H\u00e4ng med n\u00e4r vi testar Peecon Topliner - Nys\u00e4ter lantbruk","isPartOf":{"@id":"https:\/\/blogg.atl.nu\/nysater\/#website"},"datePublished":"2022-05-30T19:28:11+00:00","dateModified":"2023-07-11T13:42:40+00:00","author":{"@id":"https:\/\/blogg.atl.nu\/nysater\/#\/schema\/person\/44ec87efb92df15b0f3b0c68a84c7c0f"},"breadcrumb":{"@id":"https:\/\/blogg.atl.nu\/nysater\/2022\/05\/30\/hang-med-nar-vi-testar-peecon-topliner\/#breadcrumb"},"inLanguage":"sv-SE","potentialAction":[{"@type":"ReadAction","target":["https:\/\/blogg.atl.nu\/nysater\/2022\/05\/30\/hang-med-nar-vi-testar-peecon-topliner\/"]}]},{"@type":"BreadcrumbList","@id":"https:\/\/blogg.atl.nu\/nysater\/2022\/05\/30\/hang-med-nar-vi-testar-peecon-topliner\/#breadcrumb","itemListElement":[{"@type":"ListItem","position":1,"name":"Hem","item":"https:\/\/blogg.atl.nu\/nysater\/"},{"@type":"ListItem","position":2,"name":"H\u00e4ng med n\u00e4r vi testar Peecon Topliner"}]},{"@type":"WebSite","@id":"https:\/\/blogg.atl.nu\/nysater\/#website","url":"https:\/\/blogg.atl.nu\/nysater\/","name":"Nys\u00e4ter lantbruk","description":"Elin Bergstr\u00f6m","potentialAction":[{"@type":"SearchAction","target":{"@type":"EntryPoint","urlTemplate":"https:\/\/blogg.atl.nu\/nysater\/?s={search_term_string}"},"query-input":"required name=search_term_string"}],"inLanguage":"sv-SE"},{"@type":"Person","@id":"https:\/\/blogg.atl.nu\/nysater\/#\/schema\/person\/44ec87efb92df15b0f3b0c68a84c7c0f","name":"Elin Bergstr\u00f6m","image":{"@type":"ImageObject","inLanguage":"sv-SE","@id":"https:\/\/blogg.atl.nu\/nysater\/#\/schema\/person\/image\/","url":"https:\/\/secure.gravatar.com\/avatar\/c68fea4c0b5b10e41c5a9ecd1fb1b3c0?s=96&d=mm&r=g","contentUrl":"https:\/\/secure.gravatar.com\/avatar\/c68fea4c0b5b10e41c5a9ecd1fb1b3c0?s=96&d=mm&r=g","caption":"Elin Bergstr\u00f6m"},"url":"https:\/\/blogg.atl.nu\/nysater\/author\/elin\/"}]}},"_links":{"self":[{"href":"https:\/\/blogg.atl.nu\/nysater\/wp-json\/wp\/v2\/posts\/230948"}],"collection":[{"href":"https:\/\/blogg.atl.nu\/nysater\/wp-json\/wp\/v2\/posts"}],"about":[{"href":"https:\/\/blogg.atl.nu\/nysater\/wp-json\/wp\/v2\/types\/post"}],"author":[{"embeddable":true,"href":"https:\/\/blogg.atl.nu\/nysater\/wp-json\/wp\/v2\/users\/338"}],"replies":[{"embeddable":true,"href":"https:\/\/blogg.atl.nu\/nysater\/wp-json\/wp\/v2\/comments?post=230948"}],"version-history":[{"count":14,"href":"https:\/\/blogg.atl.nu\/nysater\/wp-json\/wp\/v2\/posts\/230948\/revisions"}],"predecessor-version":[{"id":234461,"href":"https:\/\/blogg.atl.nu\/nysater\/wp-json\/wp\/v2\/posts\/230948\/revisions\/234461"}],"wp:featuredmedia":[{"embeddable":true,"href":"https:\/\/blogg.atl.nu\/nysater\/wp-json\/wp\/v2\/media\/230993"}],"wp:attachment":[{"href":"https:\/\/blogg.atl.nu\/nysater\/wp-json\/wp\/v2\/media?parent=230948"}],"wp:term":[{"taxonomy":"category","embeddable":true,"href":"https:\/\/blogg.atl.nu\/nysater\/wp-json\/wp\/v2\/categories?post=230948"},{"taxonomy":"post_tag","embeddable":true,"href":"https:\/\/blogg.atl.nu\/nysater\/wp-json\/wp\/v2\/tags?post=230948"}],"curies":[{"name":"wp","href":"https:\/\/api.w.org\/{rel}","templated":true}]}}