{"id":232122,"date":"2022-09-14T23:55:59","date_gmt":"2022-09-14T21:55:59","guid":{"rendered":"https:\/\/blogg.atl.nu\/nysater\/?p=232122"},"modified":"2022-09-19T02:07:48","modified_gmt":"2022-09-19T00:07:48","slug":"hur-vi-har-det-i-spanien","status":"publish","type":"post","link":"https:\/\/blogg.atl.nu\/nysater\/2022\/09\/14\/hur-vi-har-det-i-spanien\/","title":{"rendered":"Hur vi har det i Spanien?"},"content":{"rendered":"<p><strong>Jo, det ska jag ber\u00e4tta. Vi \u00e4r ju p\u00e5 semester i Malaga nu, jag, min syster och ett g\u00e4ng ungar. Om man vill veta hur det g\u00e5r f\u00f6r oss s\u00e5 \u00e4r det bara att forts\u00e4tta l\u00e4sa h\u00e4r.<\/strong><\/p>\n<p>Med ett extra sp\u00e4nnband runt takboxen drog vi iv\u00e4g i m\u00e5ndags och efter ett stopp i S\u00f6derhamn n\u00e5dde vi Arlanda i l\u00e4skigt god tid. Det k\u00e4ndes faktiskt som att det gick lite v\u00e4l smidigt. Som att vi hade gl\u00f6mt n\u00e5gons pass eller s\u00e5. Men tack och lov var allt som det skulle och vi hade v\u00e4l helt enkelt planerat nedresan v\u00e4ldigt bra och med goda marginaler.<\/p>\n<p>Det enda som blev fel var att n\u00e5gon tydligen hade t\u00e4nkt att vi skulle bo p\u00e5 hotellet vid l\u00e5ngtidsparkeringen. Rum 1-10 var visst bokade \u00e5t mig&#8230;<\/p>\n<p><img loading=\"lazy\" class=\"alignnone size-large wp-image-232128\" src=\"https:\/\/blogg.atl.nu\/nysater\/wp-content\/uploads\/sites\/26\/2022\/09\/IMG_3207-768x1024.jpg\" alt=\"\" width=\"768\" height=\"1024\" srcset=\"https:\/\/blogg.atl.nu\/nysater\/wp-content\/uploads\/sites\/26\/2022\/09\/IMG_3207-768x1024.jpg 768w, https:\/\/blogg.atl.nu\/nysater\/wp-content\/uploads\/sites\/26\/2022\/09\/IMG_3207-225x300.jpg 225w, https:\/\/blogg.atl.nu\/nysater\/wp-content\/uploads\/sites\/26\/2022\/09\/IMG_3207-1152x1536.jpg 1152w, https:\/\/blogg.atl.nu\/nysater\/wp-content\/uploads\/sites\/26\/2022\/09\/IMG_3207-scaled.jpg 1536w\" sizes=\"(max-width: 768px) 100vw, 768px\" \/><\/p>\n<p>Eftersom parkeringsboende tyv\u00e4rr inte var lika lockande som Spanien hoppade vi p\u00e5 flyget ist\u00e4llet och fram\u00e5t kv\u00e4llen var vi framme p\u00e5 Solkusten!<\/p>\n<p>Vad h\u00e4rligt det \u00e4r att komma till en helt ny plats, eller hur? Alla sinnen \u00e4r s\u00e5 vid\u00f6ppna. Man ser allt s\u00e5 tydligt, h\u00f6r alla ljud och f\u00f6rnimmer dofter s\u00e5 intensivt att man n\u00e4stan kan smaka p\u00e5 milj\u00f6n.<\/p>\n<p><img loading=\"lazy\" class=\"alignnone size-large wp-image-232127\" src=\"https:\/\/blogg.atl.nu\/nysater\/wp-content\/uploads\/sites\/26\/2022\/09\/IMG_3252-1024x768.jpg\" alt=\"\" width=\"1024\" height=\"768\" srcset=\"https:\/\/blogg.atl.nu\/nysater\/wp-content\/uploads\/sites\/26\/2022\/09\/IMG_3252-1024x768.jpg 1024w, https:\/\/blogg.atl.nu\/nysater\/wp-content\/uploads\/sites\/26\/2022\/09\/IMG_3252-300x225.jpg 300w, https:\/\/blogg.atl.nu\/nysater\/wp-content\/uploads\/sites\/26\/2022\/09\/IMG_3252-768x576.jpg 768w, https:\/\/blogg.atl.nu\/nysater\/wp-content\/uploads\/sites\/26\/2022\/09\/IMG_3252-1536x1152.jpg 1536w, https:\/\/blogg.atl.nu\/nysater\/wp-content\/uploads\/sites\/26\/2022\/09\/IMG_3252-scaled.jpg 2048w\" sizes=\"(max-width: 1024px) 100vw, 1024px\" \/><\/p>\n<p>Vi bor i Mijas d\u00e4r vi har f\u00e5tt kompishyra en j\u00e4ttefin l\u00e4genhet i ett omr\u00e5de alldeles n\u00e4ra havet. Allt \u00e4r bra h\u00e4r, det \u00e4r vackert och lugnt och vi har det s\u00e5 himla fint. L\u00e4genhetskomplexet \u00e4r ganska stort \u00a0och det \u00e4r v\u00e4lsk\u00f6tt med underbara v\u00e4xter precis \u00f6verallt.<\/p>\n<p>Vi har tr\u00e4ffat n\u00e5gra andra som bor h\u00e4r och de verkar trevliga. Det \u00e4r bara st\u00e4llets egen &#8221;En man som heter Ove&#8221;-Ove som verkar oroad av v\u00e5r n\u00e4rvaro. Han vaktar en av poolerna om dagarna (japp det finns tv\u00e5 pooler, jag vet, superlyx) och det \u00e4r oklart om han \u00e4r anst\u00e4lld p\u00e5 n\u00e5got vis eller om han bor i en av l\u00e4genheterna. Han h\u00e5ller i alla fall j\u00e4rnkoll h\u00e4r och s\u00e4rskilt p\u00e5 oss k\u00e4nns det som. Vilket ju kan vara bra eftersom vi inte \u00e4r s\u00e5 vana. Han punktmarkerar lite n\u00e4r han tycker det beh\u00f6vs och det \u00e4r r\u00e4tt festligt. Han har bland annat anm\u00e4rkt p\u00e5 barnens dykning och anv\u00e4ndandet av en utedusch. Intressant man. Tur han inte s\u00e5g n\u00e4r jag hoppade i s\u00e5 bikini\u00f6verdelen fl\u00f6g av. Det hade han nog ocks\u00e5 haft vissa anm\u00e4rkningar p\u00e5!<\/p>\n<p><img loading=\"lazy\" class=\"alignnone wp-image-232125 size-large\" src=\"https:\/\/blogg.atl.nu\/nysater\/wp-content\/uploads\/sites\/26\/2022\/09\/IMG_3217-scaled-e1663192042397-1024x756.jpg\" alt=\"\" width=\"1024\" height=\"756\" srcset=\"https:\/\/blogg.atl.nu\/nysater\/wp-content\/uploads\/sites\/26\/2022\/09\/IMG_3217-scaled-e1663192042397-1024x756.jpg 1024w, https:\/\/blogg.atl.nu\/nysater\/wp-content\/uploads\/sites\/26\/2022\/09\/IMG_3217-scaled-e1663192042397-300x221.jpg 300w, https:\/\/blogg.atl.nu\/nysater\/wp-content\/uploads\/sites\/26\/2022\/09\/IMG_3217-scaled-e1663192042397-768x567.jpg 768w, https:\/\/blogg.atl.nu\/nysater\/wp-content\/uploads\/sites\/26\/2022\/09\/IMG_3217-scaled-e1663192042397.jpg 1387w\" sizes=\"(max-width: 1024px) 100vw, 1024px\" \/>F\u00f6rutom alla bad har vi \u00e4tit en massa god mat de h\u00e4r f\u00f6rsta dagarna. B\u00e5de p\u00e5 restaurang och egenlagat hemma i l\u00e4gan. Jag har skrivit kr\u00f6nika p\u00e5 caf\u00e9, druckit cappuccino och f\u00f6rs\u00f6kt mig p\u00e5 att prata spanska med varierande resultat. N\u00e4tterna har jag spenderat p\u00e5 balkongen, en perfekt sovplats, och p\u00e5 dagarna hittar jag om och om igen en massa fynd bakom olika sopcontainrar. T\u00e4nk om man kunde ta med sig ett gatuhittat s\u00e4ngbord hem, vad roligt det skulle vara.<\/p>\n<p><img loading=\"lazy\" class=\"alignnone size-large wp-image-232124\" src=\"https:\/\/blogg.atl.nu\/nysater\/wp-content\/uploads\/sites\/26\/2022\/09\/IMG_1136-2-768x1024.jpg\" alt=\"\" width=\"768\" height=\"1024\" srcset=\"https:\/\/blogg.atl.nu\/nysater\/wp-content\/uploads\/sites\/26\/2022\/09\/IMG_1136-2-768x1024.jpg 768w, https:\/\/blogg.atl.nu\/nysater\/wp-content\/uploads\/sites\/26\/2022\/09\/IMG_1136-2-225x300.jpg 225w, https:\/\/blogg.atl.nu\/nysater\/wp-content\/uploads\/sites\/26\/2022\/09\/IMG_1136-2-1152x1536.jpg 1152w, https:\/\/blogg.atl.nu\/nysater\/wp-content\/uploads\/sites\/26\/2022\/09\/IMG_1136-2-scaled.jpg 1536w\" sizes=\"(max-width: 768px) 100vw, 768px\" \/><\/p>\n<p><img loading=\"lazy\" class=\"alignnone size-large wp-image-232137\" src=\"https:\/\/blogg.atl.nu\/nysater\/wp-content\/uploads\/sites\/26\/2022\/09\/1341665E-C310-4947-A354-4C54361392AC-576x1024.jpg\" alt=\"\" width=\"576\" height=\"1024\" srcset=\"https:\/\/blogg.atl.nu\/nysater\/wp-content\/uploads\/sites\/26\/2022\/09\/1341665E-C310-4947-A354-4C54361392AC-576x1024.jpg 576w, https:\/\/blogg.atl.nu\/nysater\/wp-content\/uploads\/sites\/26\/2022\/09\/1341665E-C310-4947-A354-4C54361392AC-169x300.jpg 169w, https:\/\/blogg.atl.nu\/nysater\/wp-content\/uploads\/sites\/26\/2022\/09\/1341665E-C310-4947-A354-4C54361392AC-768x1365.jpg 768w, https:\/\/blogg.atl.nu\/nysater\/wp-content\/uploads\/sites\/26\/2022\/09\/1341665E-C310-4947-A354-4C54361392AC-865x1536.jpg 865w, https:\/\/blogg.atl.nu\/nysater\/wp-content\/uploads\/sites\/26\/2022\/09\/1341665E-C310-4947-A354-4C54361392AC-scaled.jpg 1153w\" sizes=\"(max-width: 576px) 100vw, 576px\" \/><\/p>\n<p><img loading=\"lazy\" class=\"alignnone size-large wp-image-232129\" src=\"https:\/\/blogg.atl.nu\/nysater\/wp-content\/uploads\/sites\/26\/2022\/09\/IMG_3214-768x1024.jpg\" alt=\"\" width=\"768\" height=\"1024\" srcset=\"https:\/\/blogg.atl.nu\/nysater\/wp-content\/uploads\/sites\/26\/2022\/09\/IMG_3214-768x1024.jpg 768w, https:\/\/blogg.atl.nu\/nysater\/wp-content\/uploads\/sites\/26\/2022\/09\/IMG_3214-225x300.jpg 225w, https:\/\/blogg.atl.nu\/nysater\/wp-content\/uploads\/sites\/26\/2022\/09\/IMG_3214-1152x1536.jpg 1152w, https:\/\/blogg.atl.nu\/nysater\/wp-content\/uploads\/sites\/26\/2022\/09\/IMG_3214-scaled.jpg 1536w\" sizes=\"(max-width: 768px) 100vw, 768px\" \/><\/p>\n<p>Idag, onsdag, har jag och stortjejerna varit ute p\u00e5 en ridtur i bergen medan de andra har chillat vid havet och poolen. Jag har l\u00e4rt mig att hantera b\u00e5de Bolt och Uber som v\u00e4rsta stadsbon och tappat bort kidsen p\u00e5 fr\u00e4mmande ort. S\u00e5dant som h\u00e4nder.<\/p>\n<p><img loading=\"lazy\" class=\"alignnone size-large wp-image-232130\" src=\"https:\/\/blogg.atl.nu\/nysater\/wp-content\/uploads\/sites\/26\/2022\/09\/5cf22706-d210-4e8b-b5f2-6f8294f9d0c1-2-e1663191877555-723x1024.jpg\" alt=\"\" width=\"723\" height=\"1024\" srcset=\"https:\/\/blogg.atl.nu\/nysater\/wp-content\/uploads\/sites\/26\/2022\/09\/5cf22706-d210-4e8b-b5f2-6f8294f9d0c1-2-e1663191877555-723x1024.jpg 723w, https:\/\/blogg.atl.nu\/nysater\/wp-content\/uploads\/sites\/26\/2022\/09\/5cf22706-d210-4e8b-b5f2-6f8294f9d0c1-2-e1663191877555-212x300.jpg 212w, https:\/\/blogg.atl.nu\/nysater\/wp-content\/uploads\/sites\/26\/2022\/09\/5cf22706-d210-4e8b-b5f2-6f8294f9d0c1-2-e1663191877555-768x1088.jpg 768w, https:\/\/blogg.atl.nu\/nysater\/wp-content\/uploads\/sites\/26\/2022\/09\/5cf22706-d210-4e8b-b5f2-6f8294f9d0c1-2-e1663191877555-1084x1536.jpg 1084w, https:\/\/blogg.atl.nu\/nysater\/wp-content\/uploads\/sites\/26\/2022\/09\/5cf22706-d210-4e8b-b5f2-6f8294f9d0c1-2-e1663191877555.jpg 1104w\" sizes=\"(max-width: 723px) 100vw, 723px\" \/><\/p>\n<p>Nu \u00e4r det kv\u00e4llskaffe h\u00e4r och snart dags att sova. Vi kom nyss hem efter en sv\u00e4ng till mataff\u00e4ren f\u00f6r frukosthandling och vattenp\u00e5fyllning s\u00e5 nu har vi allt vi beh\u00f6ver f\u00f6r ytterligare en dag i solen. Jag tror att v\u00e5r torsdag kommer att delas upp mellan stranden och Mijas Pueblo, en fin by en bit h\u00e4rifr\u00e5n. Och s\u00e5 ska jag \u00e4gna tid \u00e5t fototr\u00e4ning med min systemkamera hade jag t\u00e4nkt.<\/p>\n<p>Hoppas alla har det bra i gamla Suecia. Jag njuter vidare h\u00e4r s\u00e5 h\u00f6rs vi snart igen!<\/p>\n<p>&nbsp;<\/p>\n","protected":false},"excerpt":{"rendered":"<p>Jo, det ska jag ber\u00e4tta. Vi \u00e4r ju p\u00e5 semester i Malaga nu, jag, min syster och ett g\u00e4ng ungar. Om man vill veta hur det g\u00e5r f\u00f6r oss s\u00e5 \u00e4r det bara att forts\u00e4tta l\u00e4sa h\u00e4r. Med ett extra sp\u00e4nnband runt takboxen drog vi iv\u00e4g i m\u00e5ndags och efter ett stopp i S\u00f6derhamn n\u00e5dde&#8230;<\/p>\n","protected":false},"author":338,"featured_media":232126,"comment_status":"open","ping_status":"open","sticky":false,"template":"","format":"standard","meta":[],"categories":[1],"tags":[],"yoast_head":"<!-- This site is optimized with the Yoast SEO plugin v19.6 - https:\/\/yoast.com\/wordpress\/plugins\/seo\/ -->\n<title>Hur vi har det i Spanien? - Nys\u00e4ter lantbruk<\/title>\n<meta name=\"robots\" content=\"index, follow, max-snippet:-1, max-image-preview:large, max-video-preview:-1\" \/>\n<link rel=\"canonical\" href=\"https:\/\/blogg.atl.nu\/nysater\/2022\/09\/14\/hur-vi-har-det-i-spanien\/\" \/>\n<meta property=\"og:locale\" content=\"sv_SE\" \/>\n<meta property=\"og:type\" content=\"article\" \/>\n<meta property=\"og:title\" content=\"Hur vi har det i Spanien? - Nys\u00e4ter lantbruk\" \/>\n<meta property=\"og:description\" content=\"Jo, det ska jag ber\u00e4tta. Vi \u00e4r ju p\u00e5 semester i Malaga nu, jag, min syster och ett g\u00e4ng ungar. Om man vill veta hur det g\u00e5r f\u00f6r oss s\u00e5 \u00e4r det bara att forts\u00e4tta l\u00e4sa h\u00e4r. Med ett extra sp\u00e4nnband runt takboxen drog vi iv\u00e4g i m\u00e5ndags och efter ett stopp i S\u00f6derhamn n\u00e5dde...\" \/>\n<meta property=\"og:url\" content=\"https:\/\/blogg.atl.nu\/nysater\/2022\/09\/14\/hur-vi-har-det-i-spanien\/\" \/>\n<meta property=\"og:site_name\" content=\"Nys\u00e4ter lantbruk\" \/>\n<meta property=\"article:published_time\" content=\"2022-09-14T21:55:59+00:00\" \/>\n<meta property=\"article:modified_time\" content=\"2022-09-19T00:07:48+00:00\" \/>\n<meta property=\"og:image\" content=\"https:\/\/blogg.atl.nu\/nysater\/wp-content\/uploads\/sites\/26\/2022\/09\/IMG_3249-scaled.jpg\" \/>\n\t<meta property=\"og:image:width\" content=\"2048\" \/>\n\t<meta property=\"og:image:height\" content=\"1536\" \/>\n\t<meta property=\"og:image:type\" content=\"image\/jpeg\" \/>\n<meta name=\"author\" content=\"Elin Bergstr\u00f6m\" \/>\n<meta name=\"twitter:card\" content=\"summary\" \/>\n<meta name=\"twitter:label1\" content=\"Skriven av\" \/>\n\t<meta name=\"twitter:data1\" content=\"Elin Bergstr\u00f6m\" \/>\n\t<meta name=\"twitter:label2\" content=\"Ber\u00e4knad l\u00e4stid\" \/>\n\t<meta name=\"twitter:data2\" content=\"5 minuter\" \/>\n<script type=\"application\/ld+json\" class=\"yoast-schema-graph\">{\"@context\":\"https:\/\/schema.org\",\"@graph\":[{\"@type\":\"WebPage\",\"@id\":\"https:\/\/blogg.atl.nu\/nysater\/2022\/09\/14\/hur-vi-har-det-i-spanien\/\",\"url\":\"https:\/\/blogg.atl.nu\/nysater\/2022\/09\/14\/hur-vi-har-det-i-spanien\/\",\"name\":\"Hur vi har det i Spanien? - Nys\u00e4ter lantbruk\",\"isPartOf\":{\"@id\":\"https:\/\/blogg.atl.nu\/nysater\/#website\"},\"datePublished\":\"2022-09-14T21:55:59+00:00\",\"dateModified\":\"2022-09-19T00:07:48+00:00\",\"author\":{\"@id\":\"https:\/\/blogg.atl.nu\/nysater\/#\/schema\/person\/44ec87efb92df15b0f3b0c68a84c7c0f\"},\"breadcrumb\":{\"@id\":\"https:\/\/blogg.atl.nu\/nysater\/2022\/09\/14\/hur-vi-har-det-i-spanien\/#breadcrumb\"},\"inLanguage\":\"sv-SE\",\"potentialAction\":[{\"@type\":\"ReadAction\",\"target\":[\"https:\/\/blogg.atl.nu\/nysater\/2022\/09\/14\/hur-vi-har-det-i-spanien\/\"]}]},{\"@type\":\"BreadcrumbList\",\"@id\":\"https:\/\/blogg.atl.nu\/nysater\/2022\/09\/14\/hur-vi-har-det-i-spanien\/#breadcrumb\",\"itemListElement\":[{\"@type\":\"ListItem\",\"position\":1,\"name\":\"Hem\",\"item\":\"https:\/\/blogg.atl.nu\/nysater\/\"},{\"@type\":\"ListItem\",\"position\":2,\"name\":\"Hur vi har det i Spanien?\"}]},{\"@type\":\"WebSite\",\"@id\":\"https:\/\/blogg.atl.nu\/nysater\/#website\",\"url\":\"https:\/\/blogg.atl.nu\/nysater\/\",\"name\":\"Nys\u00e4ter lantbruk\",\"description\":\"Elin Bergstr\u00f6m\",\"potentialAction\":[{\"@type\":\"SearchAction\",\"target\":{\"@type\":\"EntryPoint\",\"urlTemplate\":\"https:\/\/blogg.atl.nu\/nysater\/?s={search_term_string}\"},\"query-input\":\"required name=search_term_string\"}],\"inLanguage\":\"sv-SE\"},{\"@type\":\"Person\",\"@id\":\"https:\/\/blogg.atl.nu\/nysater\/#\/schema\/person\/44ec87efb92df15b0f3b0c68a84c7c0f\",\"name\":\"Elin Bergstr\u00f6m\",\"image\":{\"@type\":\"ImageObject\",\"inLanguage\":\"sv-SE\",\"@id\":\"https:\/\/blogg.atl.nu\/nysater\/#\/schema\/person\/image\/\",\"url\":\"https:\/\/secure.gravatar.com\/avatar\/c68fea4c0b5b10e41c5a9ecd1fb1b3c0?s=96&d=mm&r=g\",\"contentUrl\":\"https:\/\/secure.gravatar.com\/avatar\/c68fea4c0b5b10e41c5a9ecd1fb1b3c0?s=96&d=mm&r=g\",\"caption\":\"Elin Bergstr\u00f6m\"},\"url\":\"https:\/\/blogg.atl.nu\/nysater\/author\/elin\/\"}]}<\/script>\n<!-- \/ Yoast SEO plugin. -->","yoast_head_json":{"title":"Hur vi har det i Spanien? - Nys\u00e4ter lantbruk","robots":{"index":"index","follow":"follow","max-snippet":"max-snippet:-1","max-image-preview":"max-image-preview:large","max-video-preview":"max-video-preview:-1"},"canonical":"https:\/\/blogg.atl.nu\/nysater\/2022\/09\/14\/hur-vi-har-det-i-spanien\/","og_locale":"sv_SE","og_type":"article","og_title":"Hur vi har det i Spanien? - Nys\u00e4ter lantbruk","og_description":"Jo, det ska jag ber\u00e4tta. Vi \u00e4r ju p\u00e5 semester i Malaga nu, jag, min syster och ett g\u00e4ng ungar. Om man vill veta hur det g\u00e5r f\u00f6r oss s\u00e5 \u00e4r det bara att forts\u00e4tta l\u00e4sa h\u00e4r. Med ett extra sp\u00e4nnband runt takboxen drog vi iv\u00e4g i m\u00e5ndags och efter ett stopp i S\u00f6derhamn n\u00e5dde...","og_url":"https:\/\/blogg.atl.nu\/nysater\/2022\/09\/14\/hur-vi-har-det-i-spanien\/","og_site_name":"Nys\u00e4ter lantbruk","article_published_time":"2022-09-14T21:55:59+00:00","article_modified_time":"2022-09-19T00:07:48+00:00","og_image":[{"width":2048,"height":1536,"url":"https:\/\/blogg.atl.nu\/nysater\/wp-content\/uploads\/sites\/26\/2022\/09\/IMG_3249-scaled.jpg","type":"image\/jpeg"}],"author":"Elin Bergstr\u00f6m","twitter_card":"summary","twitter_misc":{"Skriven av":"Elin Bergstr\u00f6m","Ber\u00e4knad l\u00e4stid":"5 minuter"},"schema":{"@context":"https:\/\/schema.org","@graph":[{"@type":"WebPage","@id":"https:\/\/blogg.atl.nu\/nysater\/2022\/09\/14\/hur-vi-har-det-i-spanien\/","url":"https:\/\/blogg.atl.nu\/nysater\/2022\/09\/14\/hur-vi-har-det-i-spanien\/","name":"Hur vi har det i Spanien? - Nys\u00e4ter lantbruk","isPartOf":{"@id":"https:\/\/blogg.atl.nu\/nysater\/#website"},"datePublished":"2022-09-14T21:55:59+00:00","dateModified":"2022-09-19T00:07:48+00:00","author":{"@id":"https:\/\/blogg.atl.nu\/nysater\/#\/schema\/person\/44ec87efb92df15b0f3b0c68a84c7c0f"},"breadcrumb":{"@id":"https:\/\/blogg.atl.nu\/nysater\/2022\/09\/14\/hur-vi-har-det-i-spanien\/#breadcrumb"},"inLanguage":"sv-SE","potentialAction":[{"@type":"ReadAction","target":["https:\/\/blogg.atl.nu\/nysater\/2022\/09\/14\/hur-vi-har-det-i-spanien\/"]}]},{"@type":"BreadcrumbList","@id":"https:\/\/blogg.atl.nu\/nysater\/2022\/09\/14\/hur-vi-har-det-i-spanien\/#breadcrumb","itemListElement":[{"@type":"ListItem","position":1,"name":"Hem","item":"https:\/\/blogg.atl.nu\/nysater\/"},{"@type":"ListItem","position":2,"name":"Hur vi har det i Spanien?"}]},{"@type":"WebSite","@id":"https:\/\/blogg.atl.nu\/nysater\/#website","url":"https:\/\/blogg.atl.nu\/nysater\/","name":"Nys\u00e4ter lantbruk","description":"Elin Bergstr\u00f6m","potentialAction":[{"@type":"SearchAction","target":{"@type":"EntryPoint","urlTemplate":"https:\/\/blogg.atl.nu\/nysater\/?s={search_term_string}"},"query-input":"required name=search_term_string"}],"inLanguage":"sv-SE"},{"@type":"Person","@id":"https:\/\/blogg.atl.nu\/nysater\/#\/schema\/person\/44ec87efb92df15b0f3b0c68a84c7c0f","name":"Elin Bergstr\u00f6m","image":{"@type":"ImageObject","inLanguage":"sv-SE","@id":"https:\/\/blogg.atl.nu\/nysater\/#\/schema\/person\/image\/","url":"https:\/\/secure.gravatar.com\/avatar\/c68fea4c0b5b10e41c5a9ecd1fb1b3c0?s=96&d=mm&r=g","contentUrl":"https:\/\/secure.gravatar.com\/avatar\/c68fea4c0b5b10e41c5a9ecd1fb1b3c0?s=96&d=mm&r=g","caption":"Elin Bergstr\u00f6m"},"url":"https:\/\/blogg.atl.nu\/nysater\/author\/elin\/"}]}},"_links":{"self":[{"href":"https:\/\/blogg.atl.nu\/nysater\/wp-json\/wp\/v2\/posts\/232122"}],"collection":[{"href":"https:\/\/blogg.atl.nu\/nysater\/wp-json\/wp\/v2\/posts"}],"about":[{"href":"https:\/\/blogg.atl.nu\/nysater\/wp-json\/wp\/v2\/types\/post"}],"author":[{"embeddable":true,"href":"https:\/\/blogg.atl.nu\/nysater\/wp-json\/wp\/v2\/users\/338"}],"replies":[{"embeddable":true,"href":"https:\/\/blogg.atl.nu\/nysater\/wp-json\/wp\/v2\/comments?post=232122"}],"version-history":[{"count":7,"href":"https:\/\/blogg.atl.nu\/nysater\/wp-json\/wp\/v2\/posts\/232122\/revisions"}],"predecessor-version":[{"id":232183,"href":"https:\/\/blogg.atl.nu\/nysater\/wp-json\/wp\/v2\/posts\/232122\/revisions\/232183"}],"wp:featuredmedia":[{"embeddable":true,"href":"https:\/\/blogg.atl.nu\/nysater\/wp-json\/wp\/v2\/media\/232126"}],"wp:attachment":[{"href":"https:\/\/blogg.atl.nu\/nysater\/wp-json\/wp\/v2\/media?parent=232122"}],"wp:term":[{"taxonomy":"category","embeddable":true,"href":"https:\/\/blogg.atl.nu\/nysater\/wp-json\/wp\/v2\/categories?post=232122"},{"taxonomy":"post_tag","embeddable":true,"href":"https:\/\/blogg.atl.nu\/nysater\/wp-json\/wp\/v2\/tags?post=232122"}],"curies":[{"name":"wp","href":"https:\/\/api.w.org\/{rel}","templated":true}]}}