{"id":232691,"date":"2022-11-28T21:33:17","date_gmt":"2022-11-28T20:33:17","guid":{"rendered":"https:\/\/blogg.atl.nu\/nysater\/?p=232691"},"modified":"2022-11-30T09:06:26","modified_gmt":"2022-11-30T08:06:26","slug":"varfor-dor-vi-pa-jobbet","status":"publish","type":"post","link":"https:\/\/blogg.atl.nu\/nysater\/2022\/11\/28\/varfor-dor-vi-pa-jobbet\/","title":{"rendered":"Varf\u00f6r d\u00f6r vi p\u00e5 jobbet?"},"content":{"rendered":"<p><strong>D\u00e5 var det dags igen. Att prata om d\u00f6dsolyckorna i lantbruket. Prata, prata, prata. Men vad g\u00f6rs egentligen? Svaret \u00e4r v\u00e4l det vanliga. Inte mycket. F\u00f6r man pratar inte om de verkliga orsakerna till problemen.\u00a0<\/strong><\/p>\n<p>Jordbruksverket har f\u00e5tt i uppdrag av regeringen att ta fram en strategi f\u00f6r att minska olyckor och s\u00e4kra upp arbetsmilj\u00f6n inom lantbruk och tr\u00e4dg\u00e5rd. M\u00e5let \u00e4r att minska olycksfall och arbetssjukdomar samt att n\u00e5 en nollvision f\u00f6r d\u00f6dsfall. Gott s\u00e5. Det var ju sn\u00e4llt av dem.<\/p>\n<p>P\u00e5 ATL finns nu en artikel om Jordbruksverkets strategiarbete.<\/p>\n<p><strong><a href=\"https:\/\/www.atl.nu\/ny-strategi-for-saker-arbetsmiljo-inom-jordbruket\">https:\/\/www.atl.nu\/ny-strategi-for-saker-arbetsmiljo-inom-jordbruket<\/a><\/strong><\/p>\n<p>F\u00f6r\u00a0den som inte \u00e4r prenumerant kan jag ber\u00e4tta lite snabbt. Det r\u00f6r sig om att man har unders\u00f6kt, tittat n\u00e4rmare och kommit fram till, \u00e5ter igen, som s\u00e5 m\u00e5nga g\u00e5nger f\u00f6rr, att lantbruket \u00e4r farligt och att m\u00e5nga d\u00f6r.<br \/>\nF\u00f6r att r\u00e5da bot p\u00e5 detta ska vi nu&#8230;. trumvirvel&#8230;. tr\u00e4ffas och prata! Det \u00e4r strategin som tagits fram. Det kommer f\u00f6rst\u00e5s att dr\u00f6ja, strategier tar tid. Det ska rekryteras samordnare och utbildas handledare och grejer, men under 2024 minsann, d\u00e5 ska vi s\u00e4tta ig\u00e5ng. Sitta i erfagrupper och diskutera. L\u00e5ta\u00a0munnarna g\u00e5 och sedan, f\u00f6rhoppningsvis, sluta d\u00f6 p\u00e5 jobbet.<\/p>\n<p>50 miljoner kostar det h\u00e4r strategiarbetet och f\u00f6r de pengarna har man bland annat intervjuat 10 lantbrukare och 13 branschrepresentanter. Man har \u00e4ven tagit del av projektet &#8221;\u00c4r du s\u00e4ker&#8221; som drivs av arbetsmarknadens parter, vars material man eventuellt kommer att f\u00e5 anv\u00e4nda i arbetet. \u00a0Kanske tas \u00e4ven ett r\u00e5dgivningspaket fram men det \u00e4r inte s\u00e4kert. Det enda man vet \u00e4r att f\u00f6retagarna sj\u00e4lva f\u00e5r bekosta det i s\u00e5 fall.<\/p>\n<p><img loading=\"lazy\" class=\"alignnone size-large wp-image-231885\" src=\"https:\/\/blogg.atl.nu\/nysater\/wp-content\/uploads\/sites\/26\/2022\/08\/IMG_2928-1024x768.jpg\" alt=\"\" width=\"1024\" height=\"768\" srcset=\"https:\/\/blogg.atl.nu\/nysater\/wp-content\/uploads\/sites\/26\/2022\/08\/IMG_2928-1024x768.jpg 1024w, https:\/\/blogg.atl.nu\/nysater\/wp-content\/uploads\/sites\/26\/2022\/08\/IMG_2928-300x225.jpg 300w, https:\/\/blogg.atl.nu\/nysater\/wp-content\/uploads\/sites\/26\/2022\/08\/IMG_2928-768x576.jpg 768w\" sizes=\"(max-width: 1024px) 100vw, 1024px\" \/><\/p>\n<p><strong>&#8221;Det Jordbruksverket sl\u00e5r fast som f\u00f6rklaringar till att arbetsmilj\u00f6n p\u00e5verkas negativt inom jordbruket \u00e4r l\u00e5nga arbetsdagar, stress och att m\u00e5nga arbetar ensamma p\u00e5 g\u00e5rdarna.&#8221;<\/strong><\/p>\n<p>Surprise! Som om vi inte visste det redan!<br \/>\nS\u00e5h\u00e4r har det alltid varit. Samma f\u00f6rklaringar, samma orsaker. Det man inte pratar om \u00e4r VARF\u00d6R det \u00e4r s\u00e5h\u00e4r. Varf\u00f6r jobbar folk l\u00e5nga dagar? Varf\u00f6r sliter m\u00e5nga ensamma och varf\u00f6r upplever vi s\u00e5dan stress? Jo, f\u00f6r att det \u00e4r f\u00f6r d\u00e5lig l\u00f6nsamhet i branschen generellt. Det \u00e4r vad det handlar om. L\u00f6nsamhet, l\u00f6nsamhet, l\u00f6nsamhet.<\/p>\n<p>Ja, vi har valt en bransch med maskiner och djur och jo, det \u00e4r farligare \u00e4n m\u00e5nga andra yrken. Ja, vi kan v\u00e4l jobba med n\u00e5got annat om vi vill och j0, m\u00e5nga av oss kan s\u00e4kert prioritera b\u00e4ttre, l\u00e4ra oss mer och bli lite duktigare f\u00f6retagare ocks\u00e5. Men trots allt. Det \u00e4r ett faktum att l\u00f6nsamheten \u00c4R l\u00e5g i m\u00e5nga lantbruksf\u00f6retag. I andra branscher, med motsvarande ansvar, arbetstimmar och oms\u00e4ttning har f\u00f6retag s\u00e4llan eller aldrig lika l\u00e5g bemanning som inom lantbruket.\u00a0Vi jobbar dessutom extremt l\u00e5ngsiktigt och kan inte styra om och anpassa v\u00e5ra verksamheter till nya f\u00f6ruts\u00e4ttningar \u00f6ver en natt. Vi jobbar mot tr\u00f6ga regelverk och \u00e4gnar oss \u00e5t lokal produktion p\u00e5 en global marknad. Att dessutom ha ansvar f\u00f6r levande djur i en bransch d\u00e4r allt vi g\u00f6r ifr\u00e5gas\u00e4tts och d\u00e4r vi ibland \u00e4ven utm\u00e5las som milj\u00f6bovar och m\u00f6rdare, det \u00e4r ganska p\u00e5frestande f\u00f6r m\u00e5nga.<\/p>\n<p>D\u00f6dsolyckorna i lantbruket kostar samh\u00e4llet hundratals miljoner varje \u00e5r. Kostnader som drabbar oss alla. Om vi kunde styra pengar fr\u00e5n att prata, intervjua och utreda till att p\u00e5 n\u00e5got s\u00e4tt agera vore jag ytterst tacksam. Det finns mycket att g\u00f6ra men l\u00e5t oss slippa vinkeln att det skulle handla om att tala oss till r\u00e4tta.<\/p>\n<p><img loading=\"lazy\" class=\"alignnone size-large wp-image-231935\" src=\"https:\/\/blogg.atl.nu\/nysater\/wp-content\/uploads\/sites\/26\/2022\/08\/IMG_2971-1024x768.jpg\" alt=\"\" width=\"1024\" height=\"768\" srcset=\"https:\/\/blogg.atl.nu\/nysater\/wp-content\/uploads\/sites\/26\/2022\/08\/IMG_2971-1024x768.jpg 1024w, https:\/\/blogg.atl.nu\/nysater\/wp-content\/uploads\/sites\/26\/2022\/08\/IMG_2971-300x225.jpg 300w, https:\/\/blogg.atl.nu\/nysater\/wp-content\/uploads\/sites\/26\/2022\/08\/IMG_2971-768x576.jpg 768w\" sizes=\"(max-width: 1024px) 100vw, 1024px\" \/><\/p>\n<h3>H\u00e4r \u00e4r n\u00e5gra av mina f\u00f6rslag f\u00f6r en b\u00e4ttre arbetsmilj\u00f6 och f\u00e4rre olyckor:<\/h3>\n<p><strong>\u00a0&#8211; Krav p\u00e5 svensk mat i alla delar av offentlig sektor.<br \/>\n<\/strong>(F\u00f6r att minska importpressen och st\u00e4rka svenska lantbruksf\u00f6retags position och l\u00f6nsamhet. Dessutom f\u00e5r fler \u00e4ta tryggare mat som producerats v\u00e4rdigt.)<\/p>\n<p><strong>&#8211; Ursprungsm\u00e4rkning \u00f6verallt, fr\u00e5n butik till restaurang och offentliga k\u00f6k.<br \/>\n<\/strong>(Fokus p\u00e5 svenska produkter, \u00f6kad diskussion om olika produktionss\u00e4tt och d\u00e4rmed \u00f6kad l\u00f6nsamhet n\u00e4r fler f\u00f6rhoppningsvis v\u00e4ljer svenskt)<\/p>\n<p><strong>&#8211; B\u00e4ttre kommunikation till allm\u00e4nheten om lantbrukets arbete f\u00f6r milj\u00f6n och hur klimatresultatet blir om vi flyttar all matproduktion utomlands.<br \/>\n<\/strong>(Hj\u00e4lp fler att se v\u00e4rdet av den svenska maten och v\u00e4lja den)<\/p>\n<p><strong>&#8211; Subventionerade maskinkurser, s\u00e4rskilt f\u00f6r unga som \u00e4r nya i jordbruket.<br \/>\n<\/strong>(Hungriga f\u00f6rare b\u00f6r l\u00e4ra sig mer om maskins\u00e4kerhet, ergonomi och arbetss\u00e4tt.)<\/p>\n<p><strong>&#8211; Subventionerade kurser i djurhantering, s\u00e4rskilt f\u00f6r unga, nya djursk\u00f6tare.<br \/>\n<\/strong>(I samarbete med erfarna kolleger kan man jobba med risker, planering och ensamarbete.)<\/p>\n<p><strong>&#8211; Utveckling av b\u00e4ttre utformade maskiner och redskap.<br \/>\n<\/strong>(M\u00e5let ska vara fler l\u00f6sningar f\u00f6r att slippa lyfta, kl\u00e4ttra och b\u00e4ra lika mycket i framtidens v\u00e4xtodling)<\/p>\n<p><strong>&#8211; F\u00f6renkling och nyutformning av sociala skyddsn\u00e4t s\u00e5 de passar egenf\u00f6retagare b\u00e4ttre. (<\/strong>Trygghet skapar s\u00e4kerhet)<\/p>\n<p><strong>&#8211; Subventionerad avbytartj\u00e4nst.<br \/>\n<\/strong><\/p>\n<p><strong>&#8211; Subventionerad r\u00e5dgivning med fokus p\u00e5 B\u00c5DE s\u00e4kerhet och l\u00f6nsamhet.<br \/>\n<\/strong><\/p>\n<p><strong>&#8211; Subventionerade HLR-kurser.<\/strong><\/p>\n<p><img loading=\"lazy\" class=\"alignnone size-large wp-image-231833\" src=\"https:\/\/blogg.atl.nu\/nysater\/wp-content\/uploads\/sites\/26\/2022\/08\/IMG_2834-2-1024x768.jpg\" alt=\"\" width=\"1024\" height=\"768\" srcset=\"https:\/\/blogg.atl.nu\/nysater\/wp-content\/uploads\/sites\/26\/2022\/08\/IMG_2834-2-1024x768.jpg 1024w, https:\/\/blogg.atl.nu\/nysater\/wp-content\/uploads\/sites\/26\/2022\/08\/IMG_2834-2-300x225.jpg 300w, https:\/\/blogg.atl.nu\/nysater\/wp-content\/uploads\/sites\/26\/2022\/08\/IMG_2834-2-768x576.jpg 768w\" sizes=\"(max-width: 1024px) 100vw, 1024px\" \/><\/p>\n<p>Det h\u00e4r var n\u00e5gra tankar bara, spontant och skrivna i viss affekt. Nog fattar jag att det inte \u00e4r enkelt och att Jordbruksverket inte ska fixa allt. Men vi beh\u00f6ver action, inte bara prat!<\/p>\n<p>Med det sagt menar jag inte att erfatr\u00e4ffar skulle vara d\u00e5ligt. Tv\u00e4rtom. Det \u00e4r j\u00e4tteviktigt att tr\u00e4ffas och prata med varandra. L\u00e4ra k\u00e4nna och utbyta erfarenheter. Det \u00e4r ju s\u00e5 man jobbar bort b\u00e5de machokultur och gamla f\u00f6rest\u00e4llningar om hur mycket en riktig bonde ska jobba och slita.<\/p>\n<p>M\u00f6ten mellan m\u00e4nniskor \u00e4r som murbruk i branschen och det ska verkligen inte underskattas. Men ett nytt strategiarbete f\u00f6r att minska d\u00f6dsfallen borde inneh\u00e5lla mer. Mycket mer. Det beh\u00f6vs helt andra \u00e5tg\u00e4rder f\u00f6r att st\u00e4rka l\u00f6nsamheten och minska olyckor orsakade av stress och ensamarbete.<\/p>\n<p>&nbsp;<\/p>\n<p>&nbsp;<\/p>\n<p>&nbsp;<\/p>\n<p>&nbsp;<\/p>\n","protected":false},"excerpt":{"rendered":"<p>D\u00e5 var det dags igen. Att prata om d\u00f6dsolyckorna i lantbruket. Prata, prata, prata. Men vad g\u00f6rs egentligen? Svaret \u00e4r v\u00e4l det vanliga. Inte mycket. F\u00f6r man pratar inte om de verkliga orsakerna till problemen.\u00a0 Jordbruksverket har f\u00e5tt i uppdrag av regeringen att ta fram en strategi f\u00f6r att minska olyckor och s\u00e4kra upp arbetsmilj\u00f6n&#8230;<\/p>\n","protected":false},"author":338,"featured_media":224001,"comment_status":"open","ping_status":"open","sticky":false,"template":"","format":"standard","meta":[],"categories":[1],"tags":[],"yoast_head":"<!-- This site is optimized with the Yoast SEO plugin v19.6 - https:\/\/yoast.com\/wordpress\/plugins\/seo\/ -->\n<title>Varf\u00f6r d\u00f6r vi p\u00e5 jobbet? - Nys\u00e4ter lantbruk<\/title>\n<meta name=\"robots\" content=\"index, follow, max-snippet:-1, max-image-preview:large, max-video-preview:-1\" \/>\n<link rel=\"canonical\" href=\"https:\/\/blogg.atl.nu\/nysater\/2022\/11\/28\/varfor-dor-vi-pa-jobbet\/\" \/>\n<meta property=\"og:locale\" content=\"sv_SE\" \/>\n<meta property=\"og:type\" content=\"article\" \/>\n<meta property=\"og:title\" content=\"Varf\u00f6r d\u00f6r vi p\u00e5 jobbet? - Nys\u00e4ter lantbruk\" \/>\n<meta property=\"og:description\" content=\"D\u00e5 var det dags igen. Att prata om d\u00f6dsolyckorna i lantbruket. Prata, prata, prata. Men vad g\u00f6rs egentligen? Svaret \u00e4r v\u00e4l det vanliga. Inte mycket. F\u00f6r man pratar inte om de verkliga orsakerna till problemen.\u00a0 Jordbruksverket har f\u00e5tt i uppdrag av regeringen att ta fram en strategi f\u00f6r att minska olyckor och s\u00e4kra upp arbetsmilj\u00f6n...\" \/>\n<meta property=\"og:url\" content=\"https:\/\/blogg.atl.nu\/nysater\/2022\/11\/28\/varfor-dor-vi-pa-jobbet\/\" \/>\n<meta property=\"og:site_name\" content=\"Nys\u00e4ter lantbruk\" \/>\n<meta property=\"article:published_time\" content=\"2022-11-28T20:33:17+00:00\" \/>\n<meta property=\"article:modified_time\" content=\"2022-11-30T08:06:26+00:00\" \/>\n<meta property=\"og:image\" content=\"https:\/\/blogg.atl.nu\/nysater\/wp-content\/uploads\/sites\/26\/2019\/09\/kvinn.jpg\" \/>\n\t<meta property=\"og:image:width\" content=\"2048\" \/>\n\t<meta property=\"og:image:height\" content=\"1536\" \/>\n\t<meta property=\"og:image:type\" content=\"image\/jpeg\" \/>\n<meta name=\"author\" content=\"Elin Bergstr\u00f6m\" \/>\n<meta name=\"twitter:card\" content=\"summary\" \/>\n<meta name=\"twitter:label1\" content=\"Skriven av\" \/>\n\t<meta name=\"twitter:data1\" content=\"Elin Bergstr\u00f6m\" \/>\n\t<meta name=\"twitter:label2\" content=\"Ber\u00e4knad l\u00e4stid\" \/>\n\t<meta name=\"twitter:data2\" content=\"5 minuter\" \/>\n<script type=\"application\/ld+json\" class=\"yoast-schema-graph\">{\"@context\":\"https:\/\/schema.org\",\"@graph\":[{\"@type\":\"WebPage\",\"@id\":\"https:\/\/blogg.atl.nu\/nysater\/2022\/11\/28\/varfor-dor-vi-pa-jobbet\/\",\"url\":\"https:\/\/blogg.atl.nu\/nysater\/2022\/11\/28\/varfor-dor-vi-pa-jobbet\/\",\"name\":\"Varf\u00f6r d\u00f6r vi p\u00e5 jobbet? - Nys\u00e4ter lantbruk\",\"isPartOf\":{\"@id\":\"https:\/\/blogg.atl.nu\/nysater\/#website\"},\"datePublished\":\"2022-11-28T20:33:17+00:00\",\"dateModified\":\"2022-11-30T08:06:26+00:00\",\"author\":{\"@id\":\"https:\/\/blogg.atl.nu\/nysater\/#\/schema\/person\/44ec87efb92df15b0f3b0c68a84c7c0f\"},\"breadcrumb\":{\"@id\":\"https:\/\/blogg.atl.nu\/nysater\/2022\/11\/28\/varfor-dor-vi-pa-jobbet\/#breadcrumb\"},\"inLanguage\":\"sv-SE\",\"potentialAction\":[{\"@type\":\"ReadAction\",\"target\":[\"https:\/\/blogg.atl.nu\/nysater\/2022\/11\/28\/varfor-dor-vi-pa-jobbet\/\"]}]},{\"@type\":\"BreadcrumbList\",\"@id\":\"https:\/\/blogg.atl.nu\/nysater\/2022\/11\/28\/varfor-dor-vi-pa-jobbet\/#breadcrumb\",\"itemListElement\":[{\"@type\":\"ListItem\",\"position\":1,\"name\":\"Hem\",\"item\":\"https:\/\/blogg.atl.nu\/nysater\/\"},{\"@type\":\"ListItem\",\"position\":2,\"name\":\"Varf\u00f6r d\u00f6r vi p\u00e5 jobbet?\"}]},{\"@type\":\"WebSite\",\"@id\":\"https:\/\/blogg.atl.nu\/nysater\/#website\",\"url\":\"https:\/\/blogg.atl.nu\/nysater\/\",\"name\":\"Nys\u00e4ter lantbruk\",\"description\":\"Elin Bergstr\u00f6m\",\"potentialAction\":[{\"@type\":\"SearchAction\",\"target\":{\"@type\":\"EntryPoint\",\"urlTemplate\":\"https:\/\/blogg.atl.nu\/nysater\/?s={search_term_string}\"},\"query-input\":\"required name=search_term_string\"}],\"inLanguage\":\"sv-SE\"},{\"@type\":\"Person\",\"@id\":\"https:\/\/blogg.atl.nu\/nysater\/#\/schema\/person\/44ec87efb92df15b0f3b0c68a84c7c0f\",\"name\":\"Elin Bergstr\u00f6m\",\"image\":{\"@type\":\"ImageObject\",\"inLanguage\":\"sv-SE\",\"@id\":\"https:\/\/blogg.atl.nu\/nysater\/#\/schema\/person\/image\/\",\"url\":\"https:\/\/secure.gravatar.com\/avatar\/c68fea4c0b5b10e41c5a9ecd1fb1b3c0?s=96&d=mm&r=g\",\"contentUrl\":\"https:\/\/secure.gravatar.com\/avatar\/c68fea4c0b5b10e41c5a9ecd1fb1b3c0?s=96&d=mm&r=g\",\"caption\":\"Elin Bergstr\u00f6m\"},\"url\":\"https:\/\/blogg.atl.nu\/nysater\/author\/elin\/\"}]}<\/script>\n<!-- \/ Yoast SEO plugin. -->","yoast_head_json":{"title":"Varf\u00f6r d\u00f6r vi p\u00e5 jobbet? - Nys\u00e4ter lantbruk","robots":{"index":"index","follow":"follow","max-snippet":"max-snippet:-1","max-image-preview":"max-image-preview:large","max-video-preview":"max-video-preview:-1"},"canonical":"https:\/\/blogg.atl.nu\/nysater\/2022\/11\/28\/varfor-dor-vi-pa-jobbet\/","og_locale":"sv_SE","og_type":"article","og_title":"Varf\u00f6r d\u00f6r vi p\u00e5 jobbet? - Nys\u00e4ter lantbruk","og_description":"D\u00e5 var det dags igen. Att prata om d\u00f6dsolyckorna i lantbruket. Prata, prata, prata. Men vad g\u00f6rs egentligen? Svaret \u00e4r v\u00e4l det vanliga. Inte mycket. F\u00f6r man pratar inte om de verkliga orsakerna till problemen.\u00a0 Jordbruksverket har f\u00e5tt i uppdrag av regeringen att ta fram en strategi f\u00f6r att minska olyckor och s\u00e4kra upp arbetsmilj\u00f6n...","og_url":"https:\/\/blogg.atl.nu\/nysater\/2022\/11\/28\/varfor-dor-vi-pa-jobbet\/","og_site_name":"Nys\u00e4ter lantbruk","article_published_time":"2022-11-28T20:33:17+00:00","article_modified_time":"2022-11-30T08:06:26+00:00","og_image":[{"width":2048,"height":1536,"url":"https:\/\/blogg.atl.nu\/nysater\/wp-content\/uploads\/sites\/26\/2019\/09\/kvinn.jpg","type":"image\/jpeg"}],"author":"Elin Bergstr\u00f6m","twitter_card":"summary","twitter_misc":{"Skriven av":"Elin Bergstr\u00f6m","Ber\u00e4knad l\u00e4stid":"5 minuter"},"schema":{"@context":"https:\/\/schema.org","@graph":[{"@type":"WebPage","@id":"https:\/\/blogg.atl.nu\/nysater\/2022\/11\/28\/varfor-dor-vi-pa-jobbet\/","url":"https:\/\/blogg.atl.nu\/nysater\/2022\/11\/28\/varfor-dor-vi-pa-jobbet\/","name":"Varf\u00f6r d\u00f6r vi p\u00e5 jobbet? - Nys\u00e4ter lantbruk","isPartOf":{"@id":"https:\/\/blogg.atl.nu\/nysater\/#website"},"datePublished":"2022-11-28T20:33:17+00:00","dateModified":"2022-11-30T08:06:26+00:00","author":{"@id":"https:\/\/blogg.atl.nu\/nysater\/#\/schema\/person\/44ec87efb92df15b0f3b0c68a84c7c0f"},"breadcrumb":{"@id":"https:\/\/blogg.atl.nu\/nysater\/2022\/11\/28\/varfor-dor-vi-pa-jobbet\/#breadcrumb"},"inLanguage":"sv-SE","potentialAction":[{"@type":"ReadAction","target":["https:\/\/blogg.atl.nu\/nysater\/2022\/11\/28\/varfor-dor-vi-pa-jobbet\/"]}]},{"@type":"BreadcrumbList","@id":"https:\/\/blogg.atl.nu\/nysater\/2022\/11\/28\/varfor-dor-vi-pa-jobbet\/#breadcrumb","itemListElement":[{"@type":"ListItem","position":1,"name":"Hem","item":"https:\/\/blogg.atl.nu\/nysater\/"},{"@type":"ListItem","position":2,"name":"Varf\u00f6r d\u00f6r vi p\u00e5 jobbet?"}]},{"@type":"WebSite","@id":"https:\/\/blogg.atl.nu\/nysater\/#website","url":"https:\/\/blogg.atl.nu\/nysater\/","name":"Nys\u00e4ter lantbruk","description":"Elin Bergstr\u00f6m","potentialAction":[{"@type":"SearchAction","target":{"@type":"EntryPoint","urlTemplate":"https:\/\/blogg.atl.nu\/nysater\/?s={search_term_string}"},"query-input":"required name=search_term_string"}],"inLanguage":"sv-SE"},{"@type":"Person","@id":"https:\/\/blogg.atl.nu\/nysater\/#\/schema\/person\/44ec87efb92df15b0f3b0c68a84c7c0f","name":"Elin Bergstr\u00f6m","image":{"@type":"ImageObject","inLanguage":"sv-SE","@id":"https:\/\/blogg.atl.nu\/nysater\/#\/schema\/person\/image\/","url":"https:\/\/secure.gravatar.com\/avatar\/c68fea4c0b5b10e41c5a9ecd1fb1b3c0?s=96&d=mm&r=g","contentUrl":"https:\/\/secure.gravatar.com\/avatar\/c68fea4c0b5b10e41c5a9ecd1fb1b3c0?s=96&d=mm&r=g","caption":"Elin Bergstr\u00f6m"},"url":"https:\/\/blogg.atl.nu\/nysater\/author\/elin\/"}]}},"_links":{"self":[{"href":"https:\/\/blogg.atl.nu\/nysater\/wp-json\/wp\/v2\/posts\/232691"}],"collection":[{"href":"https:\/\/blogg.atl.nu\/nysater\/wp-json\/wp\/v2\/posts"}],"about":[{"href":"https:\/\/blogg.atl.nu\/nysater\/wp-json\/wp\/v2\/types\/post"}],"author":[{"embeddable":true,"href":"https:\/\/blogg.atl.nu\/nysater\/wp-json\/wp\/v2\/users\/338"}],"replies":[{"embeddable":true,"href":"https:\/\/blogg.atl.nu\/nysater\/wp-json\/wp\/v2\/comments?post=232691"}],"version-history":[{"count":13,"href":"https:\/\/blogg.atl.nu\/nysater\/wp-json\/wp\/v2\/posts\/232691\/revisions"}],"predecessor-version":[{"id":232729,"href":"https:\/\/blogg.atl.nu\/nysater\/wp-json\/wp\/v2\/posts\/232691\/revisions\/232729"}],"wp:featuredmedia":[{"embeddable":true,"href":"https:\/\/blogg.atl.nu\/nysater\/wp-json\/wp\/v2\/media\/224001"}],"wp:attachment":[{"href":"https:\/\/blogg.atl.nu\/nysater\/wp-json\/wp\/v2\/media?parent=232691"}],"wp:term":[{"taxonomy":"category","embeddable":true,"href":"https:\/\/blogg.atl.nu\/nysater\/wp-json\/wp\/v2\/categories?post=232691"},{"taxonomy":"post_tag","embeddable":true,"href":"https:\/\/blogg.atl.nu\/nysater\/wp-json\/wp\/v2\/tags?post=232691"}],"curies":[{"name":"wp","href":"https:\/\/api.w.org\/{rel}","templated":true}]}}