{"id":235307,"date":"2023-11-24T22:52:47","date_gmt":"2023-11-24T21:52:47","guid":{"rendered":"https:\/\/blogg.atl.nu\/nysater\/?p=235307"},"modified":"2023-11-24T23:02:45","modified_gmt":"2023-11-24T22:02:45","slug":"stockholm-eller-sorbacken","status":"publish","type":"post","link":"https:\/\/blogg.atl.nu\/nysater\/2023\/11\/24\/stockholm-eller-sorbacken\/","title":{"rendered":"Stockholm eller S\u00f6rb\u00e4cken?"},"content":{"rendered":"<p><strong>Man hinner mycket om man semestrar effektivt. H\u00e4r \u00e4r ett axplock av vad jag och min b\u00e4sta son (har bara en men han \u00e4r helt klart b\u00e4sta t\u00e4nkbara) har haft f\u00f6r oss i Stockholm. Vi hann till\u00a0och\u00a0<\/strong><b>med en v\u00e4nda till mytomspunna S\u00f6rb\u00e4cken.\u00a0<\/b><\/p>\n<p>Vi kom i perfekt tid till t\u00e5get tack vare skjuts av \u00e4ldsta dottern som kan det h\u00e4r med planering. Hon sl\u00e4ppte av oss utanf\u00f6r stationen och vi hade s\u00e5 gott om tid att vi kunde handla lite p\u00e5 Pressbyr\u00e5n innan det var dags att g\u00e5 ombord.<\/p>\n<p><strong>V\u00e4l p\u00e5 plats i huvudstaden har vi gjort f\u00f6ljande:<\/strong><\/p>\n<p>Tr\u00e4ffat en papegoja som hette Escobar och f\u00e5tt ett kryp i maten p\u00e5 restaurang.<\/p>\n<p><img loading=\"lazy\" class=\"alignnone size-large wp-image-235316\" src=\"https:\/\/blogg.atl.nu\/nysater\/wp-content\/uploads\/sites\/26\/2023\/11\/IMG_5003-768x1024.jpeg\" alt=\"\" width=\"768\" height=\"1024\" srcset=\"https:\/\/blogg.atl.nu\/nysater\/wp-content\/uploads\/sites\/26\/2023\/11\/IMG_5003-768x1024.jpeg 768w, https:\/\/blogg.atl.nu\/nysater\/wp-content\/uploads\/sites\/26\/2023\/11\/IMG_5003-225x300.jpeg 225w, https:\/\/blogg.atl.nu\/nysater\/wp-content\/uploads\/sites\/26\/2023\/11\/IMG_5003-1152x1536.jpeg 1152w, https:\/\/blogg.atl.nu\/nysater\/wp-content\/uploads\/sites\/26\/2023\/11\/IMG_5003-scaled.jpeg 1536w\" sizes=\"(max-width: 768px) 100vw, 768px\" \/><\/p>\n<p>Escobar var en gr\u00e5jako och det \u00e4r tydligen den smartaste papegoja man kan ha. Krypet i maten var av ok\u00e4nd art, en liten silvrig sak som jag tror kom fr\u00e5n gr\u00f6nsaksbuff\u00e9n. Hann inte ta n\u00e5gon bild p\u00e5 den, blev av med salladstallriken och fick bra rabatt p\u00e5 den i \u00f6vrigt (vad vi vet) insektsfria lunchen.<\/p>\n<p><img loading=\"lazy\" class=\"alignnone size-large wp-image-235311\" src=\"https:\/\/blogg.atl.nu\/nysater\/wp-content\/uploads\/sites\/26\/2023\/11\/IMG_5022-1024x768.jpeg\" alt=\"\" width=\"1024\" height=\"768\" srcset=\"https:\/\/blogg.atl.nu\/nysater\/wp-content\/uploads\/sites\/26\/2023\/11\/IMG_5022-1024x768.jpeg 1024w, https:\/\/blogg.atl.nu\/nysater\/wp-content\/uploads\/sites\/26\/2023\/11\/IMG_5022-300x225.jpeg 300w, https:\/\/blogg.atl.nu\/nysater\/wp-content\/uploads\/sites\/26\/2023\/11\/IMG_5022-768x576.jpeg 768w, https:\/\/blogg.atl.nu\/nysater\/wp-content\/uploads\/sites\/26\/2023\/11\/IMG_5022-1536x1152.jpeg 1536w, https:\/\/blogg.atl.nu\/nysater\/wp-content\/uploads\/sites\/26\/2023\/11\/IMG_5022-scaled.jpeg 2048w\" sizes=\"(max-width: 1024px) 100vw, 1024px\" \/><\/p>\n<p>Handlat skor och byxor p\u00e5 Black Week-rea. Inte en dag f\u00f6r tidigt. Notera g\u00e4rna vilket rustikt och fint tr\u00e4golv vi hade i v\u00e5rt hotellrum.<\/p>\n<p><img loading=\"lazy\" class=\"alignnone size-large wp-image-235329\" src=\"https:\/\/blogg.atl.nu\/nysater\/wp-content\/uploads\/sites\/26\/2023\/11\/IMG_5039-576x1024.jpeg\" alt=\"\" width=\"576\" height=\"1024\" srcset=\"https:\/\/blogg.atl.nu\/nysater\/wp-content\/uploads\/sites\/26\/2023\/11\/IMG_5039-576x1024.jpeg 576w, https:\/\/blogg.atl.nu\/nysater\/wp-content\/uploads\/sites\/26\/2023\/11\/IMG_5039-169x300.jpeg 169w, https:\/\/blogg.atl.nu\/nysater\/wp-content\/uploads\/sites\/26\/2023\/11\/IMG_5039-768x1365.jpeg 768w, https:\/\/blogg.atl.nu\/nysater\/wp-content\/uploads\/sites\/26\/2023\/11\/IMG_5039-864x1536.jpeg 864w, https:\/\/blogg.atl.nu\/nysater\/wp-content\/uploads\/sites\/26\/2023\/11\/IMG_5039.jpeg 1008w\" sizes=\"(max-width: 576px) 100vw, 576px\" \/><\/p>\n<p>Druckit drinkar i cool isbar.<\/p>\n<p><img loading=\"lazy\" class=\"alignnone wp-image-235325 size-large\" src=\"https:\/\/blogg.atl.nu\/nysater\/wp-content\/uploads\/sites\/26\/2023\/11\/IMG_5036-e1700862404626-622x1024.png\" alt=\"\" width=\"622\" height=\"1024\" srcset=\"https:\/\/blogg.atl.nu\/nysater\/wp-content\/uploads\/sites\/26\/2023\/11\/IMG_5036-e1700862404626-622x1024.png 622w, https:\/\/blogg.atl.nu\/nysater\/wp-content\/uploads\/sites\/26\/2023\/11\/IMG_5036-e1700862404626-182x300.png 182w, https:\/\/blogg.atl.nu\/nysater\/wp-content\/uploads\/sites\/26\/2023\/11\/IMG_5036-e1700862404626.png 650w\" sizes=\"(max-width: 622px) 100vw, 622px\" \/><\/p>\n<p>K\u00e4kat planksteksmiddag p\u00e5 rockig kvarterspub.<\/p>\n<p><img loading=\"lazy\" class=\"alignnone size-large wp-image-235315\" src=\"https:\/\/blogg.atl.nu\/nysater\/wp-content\/uploads\/sites\/26\/2023\/11\/IMG_5004-768x1024.jpeg\" alt=\"\" width=\"768\" height=\"1024\" srcset=\"https:\/\/blogg.atl.nu\/nysater\/wp-content\/uploads\/sites\/26\/2023\/11\/IMG_5004-768x1024.jpeg 768w, https:\/\/blogg.atl.nu\/nysater\/wp-content\/uploads\/sites\/26\/2023\/11\/IMG_5004-225x300.jpeg 225w, https:\/\/blogg.atl.nu\/nysater\/wp-content\/uploads\/sites\/26\/2023\/11\/IMG_5004-1152x1536.jpeg 1152w, https:\/\/blogg.atl.nu\/nysater\/wp-content\/uploads\/sites\/26\/2023\/11\/IMG_5004-scaled.jpeg 1536w\" sizes=\"(max-width: 768px) 100vw, 768px\" \/><\/p>\n<p><img loading=\"lazy\" class=\"alignnone size-large wp-image-235312\" src=\"https:\/\/blogg.atl.nu\/nysater\/wp-content\/uploads\/sites\/26\/2023\/11\/IMG_5019-1024x768.jpeg\" alt=\"\" width=\"1024\" height=\"768\" srcset=\"https:\/\/blogg.atl.nu\/nysater\/wp-content\/uploads\/sites\/26\/2023\/11\/IMG_5019-1024x768.jpeg 1024w, https:\/\/blogg.atl.nu\/nysater\/wp-content\/uploads\/sites\/26\/2023\/11\/IMG_5019-300x225.jpeg 300w, https:\/\/blogg.atl.nu\/nysater\/wp-content\/uploads\/sites\/26\/2023\/11\/IMG_5019-768x576.jpeg 768w, https:\/\/blogg.atl.nu\/nysater\/wp-content\/uploads\/sites\/26\/2023\/11\/IMG_5019-1536x1152.jpeg 1536w, https:\/\/blogg.atl.nu\/nysater\/wp-content\/uploads\/sites\/26\/2023\/11\/IMG_5019-scaled.jpeg 2048w\" sizes=\"(max-width: 1024px) 100vw, 1024px\" \/><\/p>\n<p>Och det viktigaste! Sett Leif och Billy p\u00e5 Scalateatern!<\/p>\n<p><img loading=\"lazy\" class=\"alignnone size-large wp-image-235313\" src=\"https:\/\/blogg.atl.nu\/nysater\/wp-content\/uploads\/sites\/26\/2023\/11\/IMG_5016-1024x768.jpeg\" alt=\"\" width=\"1024\" height=\"768\" srcset=\"https:\/\/blogg.atl.nu\/nysater\/wp-content\/uploads\/sites\/26\/2023\/11\/IMG_5016-1024x768.jpeg 1024w, https:\/\/blogg.atl.nu\/nysater\/wp-content\/uploads\/sites\/26\/2023\/11\/IMG_5016-300x225.jpeg 300w, https:\/\/blogg.atl.nu\/nysater\/wp-content\/uploads\/sites\/26\/2023\/11\/IMG_5016-768x576.jpeg 768w, https:\/\/blogg.atl.nu\/nysater\/wp-content\/uploads\/sites\/26\/2023\/11\/IMG_5016-1536x1152.jpeg 1536w, https:\/\/blogg.atl.nu\/nysater\/wp-content\/uploads\/sites\/26\/2023\/11\/IMG_5016-scaled.jpeg 2048w\" sizes=\"(max-width: 1024px) 100vw, 1024px\" \/><\/p>\n<p>Det h\u00e4r var sj\u00e4lva anledningen till att vi \u00e5kte och vi blev inte besvikna. Kul show och lagom av allt, en riktig kanonkv\u00e4ll!<\/p>\n<p><img loading=\"lazy\" class=\"alignnone size-large wp-image-235309\" src=\"https:\/\/blogg.atl.nu\/nysater\/wp-content\/uploads\/sites\/26\/2023\/11\/IMG_5029-1024x768.jpeg\" alt=\"\" width=\"1024\" height=\"768\" srcset=\"https:\/\/blogg.atl.nu\/nysater\/wp-content\/uploads\/sites\/26\/2023\/11\/IMG_5029-1024x768.jpeg 1024w, https:\/\/blogg.atl.nu\/nysater\/wp-content\/uploads\/sites\/26\/2023\/11\/IMG_5029-300x225.jpeg 300w, https:\/\/blogg.atl.nu\/nysater\/wp-content\/uploads\/sites\/26\/2023\/11\/IMG_5029-768x576.jpeg 768w, https:\/\/blogg.atl.nu\/nysater\/wp-content\/uploads\/sites\/26\/2023\/11\/IMG_5029-1536x1152.jpeg 1536w, https:\/\/blogg.atl.nu\/nysater\/wp-content\/uploads\/sites\/26\/2023\/11\/IMG_5029-scaled.jpeg 2048w\" sizes=\"(max-width: 1024px) 100vw, 1024px\" \/><\/p>\n<p>Dagen efter tog vi det lugnt och turistade i lagom takt h\u00e4r och d\u00e4r. Gick i Gamla stan, handlade n\u00e5gra sm\u00e5saker, fikade, och \u00e5kte \u00e5t fel h\u00e5ll med tunnelbanan. S\u00e5dant som ing\u00e5r.<\/p>\n<p>Ett och ett halvt dygn efter avf\u00e4rd \u00e4r jag nu tillbaka i verkligheten igen, tr\u00f6tt och uppiggad samtidigt. Vad bra man kan ha det.<\/p>\n<p>&nbsp;<\/p>\n","protected":false},"excerpt":{"rendered":"<p>Man hinner mycket om man semestrar effektivt. H\u00e4r \u00e4r ett axplock av vad jag och min b\u00e4sta son (har bara en men han \u00e4r helt klart b\u00e4sta t\u00e4nkbara) har haft f\u00f6r oss i Stockholm. Vi hann till\u00a0och\u00a0med en v\u00e4nda till mytomspunna S\u00f6rb\u00e4cken.\u00a0 Vi kom i perfekt tid till t\u00e5get tack vare skjuts av \u00e4ldsta dottern&#8230;<\/p>\n","protected":false},"author":338,"featured_media":235313,"comment_status":"open","ping_status":"open","sticky":false,"template":"","format":"standard","meta":[],"categories":[1],"tags":[],"yoast_head":"<!-- This site is optimized with the Yoast SEO plugin v19.6 - https:\/\/yoast.com\/wordpress\/plugins\/seo\/ -->\n<title>Stockholm eller S\u00f6rb\u00e4cken? - Nys\u00e4ter lantbruk<\/title>\n<meta name=\"robots\" content=\"index, follow, max-snippet:-1, max-image-preview:large, max-video-preview:-1\" \/>\n<link rel=\"canonical\" href=\"https:\/\/blogg.atl.nu\/nysater\/2023\/11\/24\/stockholm-eller-sorbacken\/\" \/>\n<meta property=\"og:locale\" content=\"sv_SE\" \/>\n<meta property=\"og:type\" content=\"article\" \/>\n<meta property=\"og:title\" content=\"Stockholm eller S\u00f6rb\u00e4cken? - Nys\u00e4ter lantbruk\" \/>\n<meta property=\"og:description\" content=\"Man hinner mycket om man semestrar effektivt. H\u00e4r \u00e4r ett axplock av vad jag och min b\u00e4sta son (har bara en men han \u00e4r helt klart b\u00e4sta t\u00e4nkbara) har haft f\u00f6r oss i Stockholm. Vi hann till\u00a0och\u00a0med en v\u00e4nda till mytomspunna S\u00f6rb\u00e4cken.\u00a0 Vi kom i perfekt tid till t\u00e5get tack vare skjuts av \u00e4ldsta dottern...\" \/>\n<meta property=\"og:url\" content=\"https:\/\/blogg.atl.nu\/nysater\/2023\/11\/24\/stockholm-eller-sorbacken\/\" \/>\n<meta property=\"og:site_name\" content=\"Nys\u00e4ter lantbruk\" \/>\n<meta property=\"article:published_time\" content=\"2023-11-24T21:52:47+00:00\" \/>\n<meta property=\"article:modified_time\" content=\"2023-11-24T22:02:45+00:00\" \/>\n<meta property=\"og:image\" content=\"https:\/\/blogg.atl.nu\/nysater\/wp-content\/uploads\/sites\/26\/2023\/11\/IMG_5016-scaled.jpeg\" \/>\n\t<meta property=\"og:image:width\" content=\"2048\" \/>\n\t<meta property=\"og:image:height\" content=\"1536\" \/>\n\t<meta property=\"og:image:type\" content=\"image\/jpeg\" \/>\n<meta name=\"author\" content=\"Elin Bergstr\u00f6m\" \/>\n<meta name=\"twitter:card\" content=\"summary\" \/>\n<meta name=\"twitter:label1\" content=\"Skriven av\" \/>\n\t<meta name=\"twitter:data1\" content=\"Elin Bergstr\u00f6m\" \/>\n\t<meta name=\"twitter:label2\" content=\"Ber\u00e4knad l\u00e4stid\" \/>\n\t<meta name=\"twitter:data2\" content=\"4 minuter\" \/>\n<script type=\"application\/ld+json\" class=\"yoast-schema-graph\">{\"@context\":\"https:\/\/schema.org\",\"@graph\":[{\"@type\":\"WebPage\",\"@id\":\"https:\/\/blogg.atl.nu\/nysater\/2023\/11\/24\/stockholm-eller-sorbacken\/\",\"url\":\"https:\/\/blogg.atl.nu\/nysater\/2023\/11\/24\/stockholm-eller-sorbacken\/\",\"name\":\"Stockholm eller S\u00f6rb\u00e4cken? - Nys\u00e4ter lantbruk\",\"isPartOf\":{\"@id\":\"https:\/\/blogg.atl.nu\/nysater\/#website\"},\"datePublished\":\"2023-11-24T21:52:47+00:00\",\"dateModified\":\"2023-11-24T22:02:45+00:00\",\"author\":{\"@id\":\"https:\/\/blogg.atl.nu\/nysater\/#\/schema\/person\/44ec87efb92df15b0f3b0c68a84c7c0f\"},\"breadcrumb\":{\"@id\":\"https:\/\/blogg.atl.nu\/nysater\/2023\/11\/24\/stockholm-eller-sorbacken\/#breadcrumb\"},\"inLanguage\":\"sv-SE\",\"potentialAction\":[{\"@type\":\"ReadAction\",\"target\":[\"https:\/\/blogg.atl.nu\/nysater\/2023\/11\/24\/stockholm-eller-sorbacken\/\"]}]},{\"@type\":\"BreadcrumbList\",\"@id\":\"https:\/\/blogg.atl.nu\/nysater\/2023\/11\/24\/stockholm-eller-sorbacken\/#breadcrumb\",\"itemListElement\":[{\"@type\":\"ListItem\",\"position\":1,\"name\":\"Hem\",\"item\":\"https:\/\/blogg.atl.nu\/nysater\/\"},{\"@type\":\"ListItem\",\"position\":2,\"name\":\"Stockholm eller S\u00f6rb\u00e4cken?\"}]},{\"@type\":\"WebSite\",\"@id\":\"https:\/\/blogg.atl.nu\/nysater\/#website\",\"url\":\"https:\/\/blogg.atl.nu\/nysater\/\",\"name\":\"Nys\u00e4ter lantbruk\",\"description\":\"Elin Bergstr\u00f6m\",\"potentialAction\":[{\"@type\":\"SearchAction\",\"target\":{\"@type\":\"EntryPoint\",\"urlTemplate\":\"https:\/\/blogg.atl.nu\/nysater\/?s={search_term_string}\"},\"query-input\":\"required name=search_term_string\"}],\"inLanguage\":\"sv-SE\"},{\"@type\":\"Person\",\"@id\":\"https:\/\/blogg.atl.nu\/nysater\/#\/schema\/person\/44ec87efb92df15b0f3b0c68a84c7c0f\",\"name\":\"Elin Bergstr\u00f6m\",\"image\":{\"@type\":\"ImageObject\",\"inLanguage\":\"sv-SE\",\"@id\":\"https:\/\/blogg.atl.nu\/nysater\/#\/schema\/person\/image\/\",\"url\":\"https:\/\/secure.gravatar.com\/avatar\/c68fea4c0b5b10e41c5a9ecd1fb1b3c0?s=96&d=mm&r=g\",\"contentUrl\":\"https:\/\/secure.gravatar.com\/avatar\/c68fea4c0b5b10e41c5a9ecd1fb1b3c0?s=96&d=mm&r=g\",\"caption\":\"Elin Bergstr\u00f6m\"},\"url\":\"https:\/\/blogg.atl.nu\/nysater\/author\/elin\/\"}]}<\/script>\n<!-- \/ Yoast SEO plugin. -->","yoast_head_json":{"title":"Stockholm eller S\u00f6rb\u00e4cken? - Nys\u00e4ter lantbruk","robots":{"index":"index","follow":"follow","max-snippet":"max-snippet:-1","max-image-preview":"max-image-preview:large","max-video-preview":"max-video-preview:-1"},"canonical":"https:\/\/blogg.atl.nu\/nysater\/2023\/11\/24\/stockholm-eller-sorbacken\/","og_locale":"sv_SE","og_type":"article","og_title":"Stockholm eller S\u00f6rb\u00e4cken? - Nys\u00e4ter lantbruk","og_description":"Man hinner mycket om man semestrar effektivt. H\u00e4r \u00e4r ett axplock av vad jag och min b\u00e4sta son (har bara en men han \u00e4r helt klart b\u00e4sta t\u00e4nkbara) har haft f\u00f6r oss i Stockholm. Vi hann till\u00a0och\u00a0med en v\u00e4nda till mytomspunna S\u00f6rb\u00e4cken.\u00a0 Vi kom i perfekt tid till t\u00e5get tack vare skjuts av \u00e4ldsta dottern...","og_url":"https:\/\/blogg.atl.nu\/nysater\/2023\/11\/24\/stockholm-eller-sorbacken\/","og_site_name":"Nys\u00e4ter lantbruk","article_published_time":"2023-11-24T21:52:47+00:00","article_modified_time":"2023-11-24T22:02:45+00:00","og_image":[{"width":2048,"height":1536,"url":"https:\/\/blogg.atl.nu\/nysater\/wp-content\/uploads\/sites\/26\/2023\/11\/IMG_5016-scaled.jpeg","type":"image\/jpeg"}],"author":"Elin Bergstr\u00f6m","twitter_card":"summary","twitter_misc":{"Skriven av":"Elin Bergstr\u00f6m","Ber\u00e4knad l\u00e4stid":"4 minuter"},"schema":{"@context":"https:\/\/schema.org","@graph":[{"@type":"WebPage","@id":"https:\/\/blogg.atl.nu\/nysater\/2023\/11\/24\/stockholm-eller-sorbacken\/","url":"https:\/\/blogg.atl.nu\/nysater\/2023\/11\/24\/stockholm-eller-sorbacken\/","name":"Stockholm eller S\u00f6rb\u00e4cken? - Nys\u00e4ter lantbruk","isPartOf":{"@id":"https:\/\/blogg.atl.nu\/nysater\/#website"},"datePublished":"2023-11-24T21:52:47+00:00","dateModified":"2023-11-24T22:02:45+00:00","author":{"@id":"https:\/\/blogg.atl.nu\/nysater\/#\/schema\/person\/44ec87efb92df15b0f3b0c68a84c7c0f"},"breadcrumb":{"@id":"https:\/\/blogg.atl.nu\/nysater\/2023\/11\/24\/stockholm-eller-sorbacken\/#breadcrumb"},"inLanguage":"sv-SE","potentialAction":[{"@type":"ReadAction","target":["https:\/\/blogg.atl.nu\/nysater\/2023\/11\/24\/stockholm-eller-sorbacken\/"]}]},{"@type":"BreadcrumbList","@id":"https:\/\/blogg.atl.nu\/nysater\/2023\/11\/24\/stockholm-eller-sorbacken\/#breadcrumb","itemListElement":[{"@type":"ListItem","position":1,"name":"Hem","item":"https:\/\/blogg.atl.nu\/nysater\/"},{"@type":"ListItem","position":2,"name":"Stockholm eller S\u00f6rb\u00e4cken?"}]},{"@type":"WebSite","@id":"https:\/\/blogg.atl.nu\/nysater\/#website","url":"https:\/\/blogg.atl.nu\/nysater\/","name":"Nys\u00e4ter lantbruk","description":"Elin Bergstr\u00f6m","potentialAction":[{"@type":"SearchAction","target":{"@type":"EntryPoint","urlTemplate":"https:\/\/blogg.atl.nu\/nysater\/?s={search_term_string}"},"query-input":"required name=search_term_string"}],"inLanguage":"sv-SE"},{"@type":"Person","@id":"https:\/\/blogg.atl.nu\/nysater\/#\/schema\/person\/44ec87efb92df15b0f3b0c68a84c7c0f","name":"Elin Bergstr\u00f6m","image":{"@type":"ImageObject","inLanguage":"sv-SE","@id":"https:\/\/blogg.atl.nu\/nysater\/#\/schema\/person\/image\/","url":"https:\/\/secure.gravatar.com\/avatar\/c68fea4c0b5b10e41c5a9ecd1fb1b3c0?s=96&d=mm&r=g","contentUrl":"https:\/\/secure.gravatar.com\/avatar\/c68fea4c0b5b10e41c5a9ecd1fb1b3c0?s=96&d=mm&r=g","caption":"Elin Bergstr\u00f6m"},"url":"https:\/\/blogg.atl.nu\/nysater\/author\/elin\/"}]}},"_links":{"self":[{"href":"https:\/\/blogg.atl.nu\/nysater\/wp-json\/wp\/v2\/posts\/235307"}],"collection":[{"href":"https:\/\/blogg.atl.nu\/nysater\/wp-json\/wp\/v2\/posts"}],"about":[{"href":"https:\/\/blogg.atl.nu\/nysater\/wp-json\/wp\/v2\/types\/post"}],"author":[{"embeddable":true,"href":"https:\/\/blogg.atl.nu\/nysater\/wp-json\/wp\/v2\/users\/338"}],"replies":[{"embeddable":true,"href":"https:\/\/blogg.atl.nu\/nysater\/wp-json\/wp\/v2\/comments?post=235307"}],"version-history":[{"count":9,"href":"https:\/\/blogg.atl.nu\/nysater\/wp-json\/wp\/v2\/posts\/235307\/revisions"}],"predecessor-version":[{"id":235339,"href":"https:\/\/blogg.atl.nu\/nysater\/wp-json\/wp\/v2\/posts\/235307\/revisions\/235339"}],"wp:featuredmedia":[{"embeddable":true,"href":"https:\/\/blogg.atl.nu\/nysater\/wp-json\/wp\/v2\/media\/235313"}],"wp:attachment":[{"href":"https:\/\/blogg.atl.nu\/nysater\/wp-json\/wp\/v2\/media?parent=235307"}],"wp:term":[{"taxonomy":"category","embeddable":true,"href":"https:\/\/blogg.atl.nu\/nysater\/wp-json\/wp\/v2\/categories?post=235307"},{"taxonomy":"post_tag","embeddable":true,"href":"https:\/\/blogg.atl.nu\/nysater\/wp-json\/wp\/v2\/tags?post=235307"}],"curies":[{"name":"wp","href":"https:\/\/api.w.org\/{rel}","templated":true}]}}