{"id":235965,"date":"2024-03-05T21:45:25","date_gmt":"2024-03-05T20:45:25","guid":{"rendered":"https:\/\/blogg.atl.nu\/nysater\/?p=235965"},"modified":"2024-03-05T21:47:36","modified_gmt":"2024-03-05T20:47:36","slug":"fordel-med-hemsk-tid","status":"publish","type":"post","link":"https:\/\/blogg.atl.nu\/nysater\/2024\/03\/05\/fordel-med-hemsk-tid\/","title":{"rendered":"F\u00f6rdel med hemsk tid"},"content":{"rendered":"<p><strong>Det \u00e4r bra vidrigt n\u00e4r det b\u00f6rjar tina och g\u00e5rden ser ut som ett kaos. N\u00e5gra dagar med plusgrader och allt \u00e4r bl\u00f6tt, skitigt och skr\u00e4pigt. <\/strong><\/p>\n<p>Foderrester och plastbitar tinar fram \u00f6verallt och n\u00e4r isen sm\u00e4lter rinner det in p\u00e5 g\u00e5ngar och under foderkrubbor hos djuren. Det f\u00e5r g\u00e4rna g\u00e5 mot v\u00e5r men den h\u00e4r tiden n\u00e4r sm\u00e4ltvattnet inte riktigt har n\u00e5gonstans att ta v\u00e4gen, det \u00e4r ingen trevlig period. Sp\u00e5rigt och slaskigt \u00e4r det ocks\u00e5, s\u00e5 pass att man knappt kommer upp f\u00f6r g\u00e5rdsv\u00e4gen.<\/p>\n<p><img loading=\"lazy\" class=\"alignnone size-large wp-image-235966\" src=\"https:\/\/blogg.atl.nu\/nysater\/wp-content\/uploads\/sites\/26\/2024\/03\/IMG_1005-768x1024.jpeg\" alt=\"\" width=\"768\" height=\"1024\" srcset=\"https:\/\/blogg.atl.nu\/nysater\/wp-content\/uploads\/sites\/26\/2024\/03\/IMG_1005-768x1024.jpeg 768w, https:\/\/blogg.atl.nu\/nysater\/wp-content\/uploads\/sites\/26\/2024\/03\/IMG_1005-225x300.jpeg 225w, https:\/\/blogg.atl.nu\/nysater\/wp-content\/uploads\/sites\/26\/2024\/03\/IMG_1005-1152x1536.jpeg 1152w, https:\/\/blogg.atl.nu\/nysater\/wp-content\/uploads\/sites\/26\/2024\/03\/IMG_1005-scaled.jpeg 1536w\" sizes=\"(max-width: 768px) 100vw, 768px\" \/><\/p>\n<p>Tur att det finns f\u00f6rdelar med det allt och en sak som \u00e4r bra \u00e4r att det g\u00e5r att komma \u00e5t s\u00e5dant som tidigare varit totalt ihopfruset. Som kvigornas foderkrubba till exempel. Vi har f\u00e5tt bygga p\u00e5 h\u00f6jden n\u00e4r vi utfodrat och \u00e4ven haft en rundbal st\u00e5ende som de kunnat \u00e4ta fr\u00e5n eftersom n\u00e4stan hela krubban varit full av sn\u00f6 och is. Om\u00f6jlig att rensa ut, f\u00f6rr\u00e4n nu. Ig\u00e5r lyckades Maja och det blev rent \u00e4nda i botten. Underbart!<\/p>\n<p>&nbsp;<\/p>\n","protected":false},"excerpt":{"rendered":"<p>Det \u00e4r bra vidrigt n\u00e4r det b\u00f6rjar tina och g\u00e5rden ser ut som ett kaos. N\u00e5gra dagar med plusgrader och allt \u00e4r bl\u00f6tt, skitigt och skr\u00e4pigt. Foderrester och plastbitar tinar fram \u00f6verallt och n\u00e4r isen sm\u00e4lter rinner det in p\u00e5 g\u00e5ngar och under foderkrubbor hos djuren. Det f\u00e5r g\u00e4rna g\u00e5 mot v\u00e5r men den h\u00e4r&#8230;<\/p>\n","protected":false},"author":338,"featured_media":235966,"comment_status":"open","ping_status":"open","sticky":false,"template":"","format":"standard","meta":[],"categories":[1],"tags":[],"yoast_head":"<!-- This site is optimized with the Yoast SEO plugin v19.6 - https:\/\/yoast.com\/wordpress\/plugins\/seo\/ -->\n<title>F\u00f6rdel med hemsk tid - Nys\u00e4ter lantbruk<\/title>\n<meta name=\"robots\" content=\"index, follow, max-snippet:-1, max-image-preview:large, max-video-preview:-1\" \/>\n<link rel=\"canonical\" href=\"https:\/\/blogg.atl.nu\/nysater\/2024\/03\/05\/fordel-med-hemsk-tid\/\" \/>\n<meta property=\"og:locale\" content=\"sv_SE\" \/>\n<meta property=\"og:type\" content=\"article\" \/>\n<meta property=\"og:title\" content=\"F\u00f6rdel med hemsk tid - Nys\u00e4ter lantbruk\" \/>\n<meta property=\"og:description\" content=\"Det \u00e4r bra vidrigt n\u00e4r det b\u00f6rjar tina och g\u00e5rden ser ut som ett kaos. N\u00e5gra dagar med plusgrader och allt \u00e4r bl\u00f6tt, skitigt och skr\u00e4pigt. Foderrester och plastbitar tinar fram \u00f6verallt och n\u00e4r isen sm\u00e4lter rinner det in p\u00e5 g\u00e5ngar och under foderkrubbor hos djuren. Det f\u00e5r g\u00e4rna g\u00e5 mot v\u00e5r men den h\u00e4r...\" \/>\n<meta property=\"og:url\" content=\"https:\/\/blogg.atl.nu\/nysater\/2024\/03\/05\/fordel-med-hemsk-tid\/\" \/>\n<meta property=\"og:site_name\" content=\"Nys\u00e4ter lantbruk\" \/>\n<meta property=\"article:published_time\" content=\"2024-03-05T20:45:25+00:00\" \/>\n<meta property=\"article:modified_time\" content=\"2024-03-05T20:47:36+00:00\" \/>\n<meta property=\"og:image\" content=\"https:\/\/blogg.atl.nu\/nysater\/wp-content\/uploads\/sites\/26\/2024\/03\/IMG_1005-scaled.jpeg\" \/>\n\t<meta property=\"og:image:width\" content=\"1536\" \/>\n\t<meta property=\"og:image:height\" content=\"2048\" \/>\n\t<meta property=\"og:image:type\" content=\"image\/jpeg\" \/>\n<meta name=\"author\" content=\"Elin Bergstr\u00f6m\" \/>\n<meta name=\"twitter:card\" content=\"summary\" \/>\n<meta name=\"twitter:label1\" content=\"Skriven av\" \/>\n\t<meta name=\"twitter:data1\" content=\"Elin Bergstr\u00f6m\" \/>\n\t<meta name=\"twitter:label2\" content=\"Ber\u00e4knad l\u00e4stid\" \/>\n\t<meta name=\"twitter:data2\" content=\"2 minuter\" \/>\n<script type=\"application\/ld+json\" class=\"yoast-schema-graph\">{\"@context\":\"https:\/\/schema.org\",\"@graph\":[{\"@type\":\"WebPage\",\"@id\":\"https:\/\/blogg.atl.nu\/nysater\/2024\/03\/05\/fordel-med-hemsk-tid\/\",\"url\":\"https:\/\/blogg.atl.nu\/nysater\/2024\/03\/05\/fordel-med-hemsk-tid\/\",\"name\":\"F\u00f6rdel med hemsk tid - Nys\u00e4ter lantbruk\",\"isPartOf\":{\"@id\":\"https:\/\/blogg.atl.nu\/nysater\/#website\"},\"datePublished\":\"2024-03-05T20:45:25+00:00\",\"dateModified\":\"2024-03-05T20:47:36+00:00\",\"author\":{\"@id\":\"https:\/\/blogg.atl.nu\/nysater\/#\/schema\/person\/44ec87efb92df15b0f3b0c68a84c7c0f\"},\"breadcrumb\":{\"@id\":\"https:\/\/blogg.atl.nu\/nysater\/2024\/03\/05\/fordel-med-hemsk-tid\/#breadcrumb\"},\"inLanguage\":\"sv-SE\",\"potentialAction\":[{\"@type\":\"ReadAction\",\"target\":[\"https:\/\/blogg.atl.nu\/nysater\/2024\/03\/05\/fordel-med-hemsk-tid\/\"]}]},{\"@type\":\"BreadcrumbList\",\"@id\":\"https:\/\/blogg.atl.nu\/nysater\/2024\/03\/05\/fordel-med-hemsk-tid\/#breadcrumb\",\"itemListElement\":[{\"@type\":\"ListItem\",\"position\":1,\"name\":\"Hem\",\"item\":\"https:\/\/blogg.atl.nu\/nysater\/\"},{\"@type\":\"ListItem\",\"position\":2,\"name\":\"F\u00f6rdel med hemsk tid\"}]},{\"@type\":\"WebSite\",\"@id\":\"https:\/\/blogg.atl.nu\/nysater\/#website\",\"url\":\"https:\/\/blogg.atl.nu\/nysater\/\",\"name\":\"Nys\u00e4ter lantbruk\",\"description\":\"Elin Bergstr\u00f6m\",\"potentialAction\":[{\"@type\":\"SearchAction\",\"target\":{\"@type\":\"EntryPoint\",\"urlTemplate\":\"https:\/\/blogg.atl.nu\/nysater\/?s={search_term_string}\"},\"query-input\":\"required name=search_term_string\"}],\"inLanguage\":\"sv-SE\"},{\"@type\":\"Person\",\"@id\":\"https:\/\/blogg.atl.nu\/nysater\/#\/schema\/person\/44ec87efb92df15b0f3b0c68a84c7c0f\",\"name\":\"Elin Bergstr\u00f6m\",\"image\":{\"@type\":\"ImageObject\",\"inLanguage\":\"sv-SE\",\"@id\":\"https:\/\/blogg.atl.nu\/nysater\/#\/schema\/person\/image\/\",\"url\":\"https:\/\/secure.gravatar.com\/avatar\/c68fea4c0b5b10e41c5a9ecd1fb1b3c0?s=96&d=mm&r=g\",\"contentUrl\":\"https:\/\/secure.gravatar.com\/avatar\/c68fea4c0b5b10e41c5a9ecd1fb1b3c0?s=96&d=mm&r=g\",\"caption\":\"Elin Bergstr\u00f6m\"},\"url\":\"https:\/\/blogg.atl.nu\/nysater\/author\/elin\/\"}]}<\/script>\n<!-- \/ Yoast SEO plugin. -->","yoast_head_json":{"title":"F\u00f6rdel med hemsk tid - Nys\u00e4ter lantbruk","robots":{"index":"index","follow":"follow","max-snippet":"max-snippet:-1","max-image-preview":"max-image-preview:large","max-video-preview":"max-video-preview:-1"},"canonical":"https:\/\/blogg.atl.nu\/nysater\/2024\/03\/05\/fordel-med-hemsk-tid\/","og_locale":"sv_SE","og_type":"article","og_title":"F\u00f6rdel med hemsk tid - Nys\u00e4ter lantbruk","og_description":"Det \u00e4r bra vidrigt n\u00e4r det b\u00f6rjar tina och g\u00e5rden ser ut som ett kaos. N\u00e5gra dagar med plusgrader och allt \u00e4r bl\u00f6tt, skitigt och skr\u00e4pigt. Foderrester och plastbitar tinar fram \u00f6verallt och n\u00e4r isen sm\u00e4lter rinner det in p\u00e5 g\u00e5ngar och under foderkrubbor hos djuren. Det f\u00e5r g\u00e4rna g\u00e5 mot v\u00e5r men den h\u00e4r...","og_url":"https:\/\/blogg.atl.nu\/nysater\/2024\/03\/05\/fordel-med-hemsk-tid\/","og_site_name":"Nys\u00e4ter lantbruk","article_published_time":"2024-03-05T20:45:25+00:00","article_modified_time":"2024-03-05T20:47:36+00:00","og_image":[{"width":1536,"height":2048,"url":"https:\/\/blogg.atl.nu\/nysater\/wp-content\/uploads\/sites\/26\/2024\/03\/IMG_1005-scaled.jpeg","type":"image\/jpeg"}],"author":"Elin Bergstr\u00f6m","twitter_card":"summary","twitter_misc":{"Skriven av":"Elin Bergstr\u00f6m","Ber\u00e4knad l\u00e4stid":"2 minuter"},"schema":{"@context":"https:\/\/schema.org","@graph":[{"@type":"WebPage","@id":"https:\/\/blogg.atl.nu\/nysater\/2024\/03\/05\/fordel-med-hemsk-tid\/","url":"https:\/\/blogg.atl.nu\/nysater\/2024\/03\/05\/fordel-med-hemsk-tid\/","name":"F\u00f6rdel med hemsk tid - Nys\u00e4ter lantbruk","isPartOf":{"@id":"https:\/\/blogg.atl.nu\/nysater\/#website"},"datePublished":"2024-03-05T20:45:25+00:00","dateModified":"2024-03-05T20:47:36+00:00","author":{"@id":"https:\/\/blogg.atl.nu\/nysater\/#\/schema\/person\/44ec87efb92df15b0f3b0c68a84c7c0f"},"breadcrumb":{"@id":"https:\/\/blogg.atl.nu\/nysater\/2024\/03\/05\/fordel-med-hemsk-tid\/#breadcrumb"},"inLanguage":"sv-SE","potentialAction":[{"@type":"ReadAction","target":["https:\/\/blogg.atl.nu\/nysater\/2024\/03\/05\/fordel-med-hemsk-tid\/"]}]},{"@type":"BreadcrumbList","@id":"https:\/\/blogg.atl.nu\/nysater\/2024\/03\/05\/fordel-med-hemsk-tid\/#breadcrumb","itemListElement":[{"@type":"ListItem","position":1,"name":"Hem","item":"https:\/\/blogg.atl.nu\/nysater\/"},{"@type":"ListItem","position":2,"name":"F\u00f6rdel med hemsk tid"}]},{"@type":"WebSite","@id":"https:\/\/blogg.atl.nu\/nysater\/#website","url":"https:\/\/blogg.atl.nu\/nysater\/","name":"Nys\u00e4ter lantbruk","description":"Elin Bergstr\u00f6m","potentialAction":[{"@type":"SearchAction","target":{"@type":"EntryPoint","urlTemplate":"https:\/\/blogg.atl.nu\/nysater\/?s={search_term_string}"},"query-input":"required name=search_term_string"}],"inLanguage":"sv-SE"},{"@type":"Person","@id":"https:\/\/blogg.atl.nu\/nysater\/#\/schema\/person\/44ec87efb92df15b0f3b0c68a84c7c0f","name":"Elin Bergstr\u00f6m","image":{"@type":"ImageObject","inLanguage":"sv-SE","@id":"https:\/\/blogg.atl.nu\/nysater\/#\/schema\/person\/image\/","url":"https:\/\/secure.gravatar.com\/avatar\/c68fea4c0b5b10e41c5a9ecd1fb1b3c0?s=96&d=mm&r=g","contentUrl":"https:\/\/secure.gravatar.com\/avatar\/c68fea4c0b5b10e41c5a9ecd1fb1b3c0?s=96&d=mm&r=g","caption":"Elin Bergstr\u00f6m"},"url":"https:\/\/blogg.atl.nu\/nysater\/author\/elin\/"}]}},"_links":{"self":[{"href":"https:\/\/blogg.atl.nu\/nysater\/wp-json\/wp\/v2\/posts\/235965"}],"collection":[{"href":"https:\/\/blogg.atl.nu\/nysater\/wp-json\/wp\/v2\/posts"}],"about":[{"href":"https:\/\/blogg.atl.nu\/nysater\/wp-json\/wp\/v2\/types\/post"}],"author":[{"embeddable":true,"href":"https:\/\/blogg.atl.nu\/nysater\/wp-json\/wp\/v2\/users\/338"}],"replies":[{"embeddable":true,"href":"https:\/\/blogg.atl.nu\/nysater\/wp-json\/wp\/v2\/comments?post=235965"}],"version-history":[{"count":2,"href":"https:\/\/blogg.atl.nu\/nysater\/wp-json\/wp\/v2\/posts\/235965\/revisions"}],"predecessor-version":[{"id":235968,"href":"https:\/\/blogg.atl.nu\/nysater\/wp-json\/wp\/v2\/posts\/235965\/revisions\/235968"}],"wp:featuredmedia":[{"embeddable":true,"href":"https:\/\/blogg.atl.nu\/nysater\/wp-json\/wp\/v2\/media\/235966"}],"wp:attachment":[{"href":"https:\/\/blogg.atl.nu\/nysater\/wp-json\/wp\/v2\/media?parent=235965"}],"wp:term":[{"taxonomy":"category","embeddable":true,"href":"https:\/\/blogg.atl.nu\/nysater\/wp-json\/wp\/v2\/categories?post=235965"},{"taxonomy":"post_tag","embeddable":true,"href":"https:\/\/blogg.atl.nu\/nysater\/wp-json\/wp\/v2\/tags?post=235965"}],"curies":[{"name":"wp","href":"https:\/\/api.w.org\/{rel}","templated":true}]}}