{"id":235969,"date":"2024-03-06T21:45:35","date_gmt":"2024-03-06T20:45:35","guid":{"rendered":"https:\/\/blogg.atl.nu\/nysater\/?p=235969"},"modified":"2024-03-06T22:51:31","modified_gmt":"2024-03-06T21:51:31","slug":"lite-maste-man-bygga","status":"publish","type":"post","link":"https:\/\/blogg.atl.nu\/nysater\/2024\/03\/06\/lite-maste-man-bygga\/","title":{"rendered":"Lite m\u00e5ste man bygga"},"content":{"rendered":"<p><strong>Stora grejer f\u00e5r v\u00e4nta men n\u00e5got litet kan man v\u00e4l f\u00e5 skapa? Om man h\u00e5ller sig till de utrymmen som redan finns? Jag vet inte om det r\u00e4knas som bygge men vi s\u00e4ger s\u00e5 tills vidare. S\u00e5 k\u00e4nns det b\u00e4ttre f\u00f6r mannen i familjen.\u00a0<\/strong><\/p>\n<p>Danne borrar och bultar i betongen och med hj\u00e4lp av Tomas ordnar han ett helt nytt djurutrymme i f\u00f6rr\u00e5dsdelen i hangarn. Han har l\u00e4nge velat f\u00e5 till det h\u00e4r medan jag har sett det som on\u00f6digt.<\/p>\n<p><img loading=\"lazy\" class=\"alignnone size-large wp-image-235970\" src=\"https:\/\/blogg.atl.nu\/nysater\/wp-content\/uploads\/sites\/26\/2024\/03\/tempImageQmOmHQ-1024x768.jpg\" alt=\"\" width=\"1024\" height=\"768\" srcset=\"https:\/\/blogg.atl.nu\/nysater\/wp-content\/uploads\/sites\/26\/2024\/03\/tempImageQmOmHQ-1024x768.jpg 1024w, https:\/\/blogg.atl.nu\/nysater\/wp-content\/uploads\/sites\/26\/2024\/03\/tempImageQmOmHQ-300x225.jpg 300w, https:\/\/blogg.atl.nu\/nysater\/wp-content\/uploads\/sites\/26\/2024\/03\/tempImageQmOmHQ-768x576.jpg 768w, https:\/\/blogg.atl.nu\/nysater\/wp-content\/uploads\/sites\/26\/2024\/03\/tempImageQmOmHQ-1536x1152.jpg 1536w, https:\/\/blogg.atl.nu\/nysater\/wp-content\/uploads\/sites\/26\/2024\/03\/tempImageQmOmHQ-scaled.jpg 2048w\" sizes=\"(max-width: 1024px) 100vw, 1024px\" \/><\/p>\n<p>Vad det ska bli? Jo, en egen box f\u00f6r v\u00e5ra avelstjurar. En sj\u00e4lvklarhet p\u00e5 m\u00e5nga g\u00e5rdar, eftersom man m\u00e5ste h\u00e5lla tjurarna separerade fr\u00e5n kor och kalvar. H\u00e4r d\u00e4remot, d\u00e4r de flesta djur \u00e4r just tjurar, kan man tycka att det inte skulle beh\u00f6vas. Jag har varit av den \u00e5sikten och vi har har alltid bara satt in avelstjurarna med mindre djur n\u00e4r de jobbat klart f\u00f6r s\u00e4songen. D\u00e4r har de sedan h\u00e4ngt med i g\u00e4nget och kr\u00e4vt ungef\u00e4r noll extra sk\u00f6tsel under h\u00f6sten, vintern och v\u00e5ren.<\/p>\n<p>Att skulle de ha en egen box? Vad skulle det vara bra f\u00f6r?<\/p>\n<p><img loading=\"lazy\" class=\"alignnone size-large wp-image-235971\" src=\"https:\/\/blogg.atl.nu\/nysater\/wp-content\/uploads\/sites\/26\/2024\/03\/tempImageK23YLl-768x1024.jpg\" alt=\"\" width=\"768\" height=\"1024\" srcset=\"https:\/\/blogg.atl.nu\/nysater\/wp-content\/uploads\/sites\/26\/2024\/03\/tempImageK23YLl-768x1024.jpg 768w, https:\/\/blogg.atl.nu\/nysater\/wp-content\/uploads\/sites\/26\/2024\/03\/tempImageK23YLl-225x300.jpg 225w, https:\/\/blogg.atl.nu\/nysater\/wp-content\/uploads\/sites\/26\/2024\/03\/tempImageK23YLl-1152x1536.jpg 1152w, https:\/\/blogg.atl.nu\/nysater\/wp-content\/uploads\/sites\/26\/2024\/03\/tempImageK23YLl-scaled.jpg 1536w\" sizes=\"(max-width: 768px) 100vw, 768px\" \/><\/p>\n<p>Nu har det g\u00e5tt n\u00e5gra \u00e5r och vi har haft b\u00e5de dyrare och \u00e4ldre tjurar. Jag f\u00e5r s\u00e5 sm\u00e5tt erk\u00e4nna att jag b\u00f6rjar f\u00f6rst\u00e5 vitsen med ett separat utrymme. Leif kr\u00e4vde ju till exempel extra omv\u00e5rdnad ibland och vi har \u00e4ven haft en tjur med f\u00f6rhudsframfall.<br \/>\nAvelstjurar g\u00f6r mer \u00e4n att \u00e4ta och v\u00e4xa och beh\u00f6ver d\u00e4rmed mer fr\u00e5n oss m\u00e4nniskor. Att d\u00e5 skilja ut dem fr\u00e5n en grupp f\u00f6r veterin\u00e4rbes\u00f6k eller kl\u00f6vverkning \u00e4r kr\u00e5ngligt och det \u00e4r inte s\u00e5 kul f\u00f6r en tjur att flyttas fram och tillbaka i en flock heller.<\/p>\n<p><img loading=\"lazy\" class=\"alignnone size-large wp-image-234634\" src=\"https:\/\/blogg.atl.nu\/nysater\/wp-content\/uploads\/sites\/26\/2023\/08\/IMG_4076-1024x768.jpeg\" alt=\"\" width=\"1024\" height=\"768\" srcset=\"https:\/\/blogg.atl.nu\/nysater\/wp-content\/uploads\/sites\/26\/2023\/08\/IMG_4076-1024x768.jpeg 1024w, https:\/\/blogg.atl.nu\/nysater\/wp-content\/uploads\/sites\/26\/2023\/08\/IMG_4076-300x225.jpeg 300w, https:\/\/blogg.atl.nu\/nysater\/wp-content\/uploads\/sites\/26\/2023\/08\/IMG_4076-768x576.jpeg 768w, https:\/\/blogg.atl.nu\/nysater\/wp-content\/uploads\/sites\/26\/2023\/08\/IMG_4076-1536x1152.jpeg 1536w, https:\/\/blogg.atl.nu\/nysater\/wp-content\/uploads\/sites\/26\/2023\/08\/IMG_4076-scaled.jpeg 2048w\" sizes=\"(max-width: 1024px) 100vw, 1024px\" \/><\/p>\n<p>Dessutom kan en egen box underl\u00e4tta n\u00e4r man ska l\u00e4ra k\u00e4nna tjurarna och v\u00e4nja dem vid hantering. De ska ju trots allt lastas, flyttas och umg\u00e5s med och d\u00e5 \u00e4r det bra att de \u00e4r vana vid oss m\u00e4nniskor. Med lite VIP-behanding innan de ska in i djurvagnen eller verkstolen blir det l\u00e4ttare och s\u00e4krare.<\/p>\n<p>Det tar emot att medge men f\u00f6rdelarna tycks \u00f6verv\u00e4ga och det blir nog riktigt bra det h\u00e4r. Snart har vi facit och man ska aldrig vara s\u00e4mre \u00e4n att man kan \u00e4ndra sig.<\/p>\n<p>&nbsp;<\/p>\n","protected":false},"excerpt":{"rendered":"<p>Stora grejer f\u00e5r v\u00e4nta men n\u00e5got litet kan man v\u00e4l f\u00e5 skapa? Om man h\u00e5ller sig till de utrymmen som redan finns? Jag vet inte om det r\u00e4knas som bygge men vi s\u00e4ger s\u00e5 tills vidare. S\u00e5 k\u00e4nns det b\u00e4ttre f\u00f6r mannen i familjen.\u00a0 Danne borrar och bultar i betongen och med hj\u00e4lp av Tomas&#8230;<\/p>\n","protected":false},"author":338,"featured_media":235974,"comment_status":"open","ping_status":"open","sticky":false,"template":"","format":"standard","meta":[],"categories":[1],"tags":[],"yoast_head":"<!-- This site is optimized with the Yoast SEO plugin v19.6 - https:\/\/yoast.com\/wordpress\/plugins\/seo\/ -->\n<title>Lite m\u00e5ste man bygga - Nys\u00e4ter lantbruk<\/title>\n<meta name=\"robots\" content=\"index, follow, max-snippet:-1, max-image-preview:large, max-video-preview:-1\" \/>\n<link rel=\"canonical\" href=\"https:\/\/blogg.atl.nu\/nysater\/2024\/03\/06\/lite-maste-man-bygga\/\" \/>\n<meta property=\"og:locale\" content=\"sv_SE\" \/>\n<meta property=\"og:type\" content=\"article\" \/>\n<meta property=\"og:title\" content=\"Lite m\u00e5ste man bygga - Nys\u00e4ter lantbruk\" \/>\n<meta property=\"og:description\" content=\"Stora grejer f\u00e5r v\u00e4nta men n\u00e5got litet kan man v\u00e4l f\u00e5 skapa? Om man h\u00e5ller sig till de utrymmen som redan finns? Jag vet inte om det r\u00e4knas som bygge men vi s\u00e4ger s\u00e5 tills vidare. S\u00e5 k\u00e4nns det b\u00e4ttre f\u00f6r mannen i familjen.\u00a0 Danne borrar och bultar i betongen och med hj\u00e4lp av Tomas...\" \/>\n<meta property=\"og:url\" content=\"https:\/\/blogg.atl.nu\/nysater\/2024\/03\/06\/lite-maste-man-bygga\/\" \/>\n<meta property=\"og:site_name\" content=\"Nys\u00e4ter lantbruk\" \/>\n<meta property=\"article:published_time\" content=\"2024-03-06T20:45:35+00:00\" \/>\n<meta property=\"article:modified_time\" content=\"2024-03-06T21:51:31+00:00\" \/>\n<meta property=\"og:image\" content=\"https:\/\/blogg.atl.nu\/nysater\/wp-content\/uploads\/sites\/26\/2024\/03\/tempImageL06nS5-scaled.jpg\" \/>\n\t<meta property=\"og:image:width\" content=\"1536\" \/>\n\t<meta property=\"og:image:height\" content=\"2048\" \/>\n\t<meta property=\"og:image:type\" content=\"image\/jpeg\" \/>\n<meta name=\"author\" content=\"Elin Bergstr\u00f6m\" \/>\n<meta name=\"twitter:card\" content=\"summary\" \/>\n<meta name=\"twitter:label1\" content=\"Skriven av\" \/>\n\t<meta name=\"twitter:data1\" content=\"Elin Bergstr\u00f6m\" \/>\n\t<meta name=\"twitter:label2\" content=\"Ber\u00e4knad l\u00e4stid\" \/>\n\t<meta name=\"twitter:data2\" content=\"3 minuter\" \/>\n<script type=\"application\/ld+json\" class=\"yoast-schema-graph\">{\"@context\":\"https:\/\/schema.org\",\"@graph\":[{\"@type\":\"WebPage\",\"@id\":\"https:\/\/blogg.atl.nu\/nysater\/2024\/03\/06\/lite-maste-man-bygga\/\",\"url\":\"https:\/\/blogg.atl.nu\/nysater\/2024\/03\/06\/lite-maste-man-bygga\/\",\"name\":\"Lite m\u00e5ste man bygga - Nys\u00e4ter lantbruk\",\"isPartOf\":{\"@id\":\"https:\/\/blogg.atl.nu\/nysater\/#website\"},\"datePublished\":\"2024-03-06T20:45:35+00:00\",\"dateModified\":\"2024-03-06T21:51:31+00:00\",\"author\":{\"@id\":\"https:\/\/blogg.atl.nu\/nysater\/#\/schema\/person\/44ec87efb92df15b0f3b0c68a84c7c0f\"},\"breadcrumb\":{\"@id\":\"https:\/\/blogg.atl.nu\/nysater\/2024\/03\/06\/lite-maste-man-bygga\/#breadcrumb\"},\"inLanguage\":\"sv-SE\",\"potentialAction\":[{\"@type\":\"ReadAction\",\"target\":[\"https:\/\/blogg.atl.nu\/nysater\/2024\/03\/06\/lite-maste-man-bygga\/\"]}]},{\"@type\":\"BreadcrumbList\",\"@id\":\"https:\/\/blogg.atl.nu\/nysater\/2024\/03\/06\/lite-maste-man-bygga\/#breadcrumb\",\"itemListElement\":[{\"@type\":\"ListItem\",\"position\":1,\"name\":\"Hem\",\"item\":\"https:\/\/blogg.atl.nu\/nysater\/\"},{\"@type\":\"ListItem\",\"position\":2,\"name\":\"Lite m\u00e5ste man bygga\"}]},{\"@type\":\"WebSite\",\"@id\":\"https:\/\/blogg.atl.nu\/nysater\/#website\",\"url\":\"https:\/\/blogg.atl.nu\/nysater\/\",\"name\":\"Nys\u00e4ter lantbruk\",\"description\":\"Elin Bergstr\u00f6m\",\"potentialAction\":[{\"@type\":\"SearchAction\",\"target\":{\"@type\":\"EntryPoint\",\"urlTemplate\":\"https:\/\/blogg.atl.nu\/nysater\/?s={search_term_string}\"},\"query-input\":\"required name=search_term_string\"}],\"inLanguage\":\"sv-SE\"},{\"@type\":\"Person\",\"@id\":\"https:\/\/blogg.atl.nu\/nysater\/#\/schema\/person\/44ec87efb92df15b0f3b0c68a84c7c0f\",\"name\":\"Elin Bergstr\u00f6m\",\"image\":{\"@type\":\"ImageObject\",\"inLanguage\":\"sv-SE\",\"@id\":\"https:\/\/blogg.atl.nu\/nysater\/#\/schema\/person\/image\/\",\"url\":\"https:\/\/secure.gravatar.com\/avatar\/c68fea4c0b5b10e41c5a9ecd1fb1b3c0?s=96&d=mm&r=g\",\"contentUrl\":\"https:\/\/secure.gravatar.com\/avatar\/c68fea4c0b5b10e41c5a9ecd1fb1b3c0?s=96&d=mm&r=g\",\"caption\":\"Elin Bergstr\u00f6m\"},\"url\":\"https:\/\/blogg.atl.nu\/nysater\/author\/elin\/\"}]}<\/script>\n<!-- \/ Yoast SEO plugin. -->","yoast_head_json":{"title":"Lite m\u00e5ste man bygga - Nys\u00e4ter lantbruk","robots":{"index":"index","follow":"follow","max-snippet":"max-snippet:-1","max-image-preview":"max-image-preview:large","max-video-preview":"max-video-preview:-1"},"canonical":"https:\/\/blogg.atl.nu\/nysater\/2024\/03\/06\/lite-maste-man-bygga\/","og_locale":"sv_SE","og_type":"article","og_title":"Lite m\u00e5ste man bygga - Nys\u00e4ter lantbruk","og_description":"Stora grejer f\u00e5r v\u00e4nta men n\u00e5got litet kan man v\u00e4l f\u00e5 skapa? Om man h\u00e5ller sig till de utrymmen som redan finns? Jag vet inte om det r\u00e4knas som bygge men vi s\u00e4ger s\u00e5 tills vidare. S\u00e5 k\u00e4nns det b\u00e4ttre f\u00f6r mannen i familjen.\u00a0 Danne borrar och bultar i betongen och med hj\u00e4lp av Tomas...","og_url":"https:\/\/blogg.atl.nu\/nysater\/2024\/03\/06\/lite-maste-man-bygga\/","og_site_name":"Nys\u00e4ter lantbruk","article_published_time":"2024-03-06T20:45:35+00:00","article_modified_time":"2024-03-06T21:51:31+00:00","og_image":[{"width":1536,"height":2048,"url":"https:\/\/blogg.atl.nu\/nysater\/wp-content\/uploads\/sites\/26\/2024\/03\/tempImageL06nS5-scaled.jpg","type":"image\/jpeg"}],"author":"Elin Bergstr\u00f6m","twitter_card":"summary","twitter_misc":{"Skriven av":"Elin Bergstr\u00f6m","Ber\u00e4knad l\u00e4stid":"3 minuter"},"schema":{"@context":"https:\/\/schema.org","@graph":[{"@type":"WebPage","@id":"https:\/\/blogg.atl.nu\/nysater\/2024\/03\/06\/lite-maste-man-bygga\/","url":"https:\/\/blogg.atl.nu\/nysater\/2024\/03\/06\/lite-maste-man-bygga\/","name":"Lite m\u00e5ste man bygga - Nys\u00e4ter lantbruk","isPartOf":{"@id":"https:\/\/blogg.atl.nu\/nysater\/#website"},"datePublished":"2024-03-06T20:45:35+00:00","dateModified":"2024-03-06T21:51:31+00:00","author":{"@id":"https:\/\/blogg.atl.nu\/nysater\/#\/schema\/person\/44ec87efb92df15b0f3b0c68a84c7c0f"},"breadcrumb":{"@id":"https:\/\/blogg.atl.nu\/nysater\/2024\/03\/06\/lite-maste-man-bygga\/#breadcrumb"},"inLanguage":"sv-SE","potentialAction":[{"@type":"ReadAction","target":["https:\/\/blogg.atl.nu\/nysater\/2024\/03\/06\/lite-maste-man-bygga\/"]}]},{"@type":"BreadcrumbList","@id":"https:\/\/blogg.atl.nu\/nysater\/2024\/03\/06\/lite-maste-man-bygga\/#breadcrumb","itemListElement":[{"@type":"ListItem","position":1,"name":"Hem","item":"https:\/\/blogg.atl.nu\/nysater\/"},{"@type":"ListItem","position":2,"name":"Lite m\u00e5ste man bygga"}]},{"@type":"WebSite","@id":"https:\/\/blogg.atl.nu\/nysater\/#website","url":"https:\/\/blogg.atl.nu\/nysater\/","name":"Nys\u00e4ter lantbruk","description":"Elin Bergstr\u00f6m","potentialAction":[{"@type":"SearchAction","target":{"@type":"EntryPoint","urlTemplate":"https:\/\/blogg.atl.nu\/nysater\/?s={search_term_string}"},"query-input":"required name=search_term_string"}],"inLanguage":"sv-SE"},{"@type":"Person","@id":"https:\/\/blogg.atl.nu\/nysater\/#\/schema\/person\/44ec87efb92df15b0f3b0c68a84c7c0f","name":"Elin Bergstr\u00f6m","image":{"@type":"ImageObject","inLanguage":"sv-SE","@id":"https:\/\/blogg.atl.nu\/nysater\/#\/schema\/person\/image\/","url":"https:\/\/secure.gravatar.com\/avatar\/c68fea4c0b5b10e41c5a9ecd1fb1b3c0?s=96&d=mm&r=g","contentUrl":"https:\/\/secure.gravatar.com\/avatar\/c68fea4c0b5b10e41c5a9ecd1fb1b3c0?s=96&d=mm&r=g","caption":"Elin Bergstr\u00f6m"},"url":"https:\/\/blogg.atl.nu\/nysater\/author\/elin\/"}]}},"_links":{"self":[{"href":"https:\/\/blogg.atl.nu\/nysater\/wp-json\/wp\/v2\/posts\/235969"}],"collection":[{"href":"https:\/\/blogg.atl.nu\/nysater\/wp-json\/wp\/v2\/posts"}],"about":[{"href":"https:\/\/blogg.atl.nu\/nysater\/wp-json\/wp\/v2\/types\/post"}],"author":[{"embeddable":true,"href":"https:\/\/blogg.atl.nu\/nysater\/wp-json\/wp\/v2\/users\/338"}],"replies":[{"embeddable":true,"href":"https:\/\/blogg.atl.nu\/nysater\/wp-json\/wp\/v2\/comments?post=235969"}],"version-history":[{"count":12,"href":"https:\/\/blogg.atl.nu\/nysater\/wp-json\/wp\/v2\/posts\/235969\/revisions"}],"predecessor-version":[{"id":235986,"href":"https:\/\/blogg.atl.nu\/nysater\/wp-json\/wp\/v2\/posts\/235969\/revisions\/235986"}],"wp:featuredmedia":[{"embeddable":true,"href":"https:\/\/blogg.atl.nu\/nysater\/wp-json\/wp\/v2\/media\/235974"}],"wp:attachment":[{"href":"https:\/\/blogg.atl.nu\/nysater\/wp-json\/wp\/v2\/media?parent=235969"}],"wp:term":[{"taxonomy":"category","embeddable":true,"href":"https:\/\/blogg.atl.nu\/nysater\/wp-json\/wp\/v2\/categories?post=235969"},{"taxonomy":"post_tag","embeddable":true,"href":"https:\/\/blogg.atl.nu\/nysater\/wp-json\/wp\/v2\/tags?post=235969"}],"curies":[{"name":"wp","href":"https:\/\/api.w.org\/{rel}","templated":true}]}}