{"id":238944,"date":"2025-04-10T08:21:59","date_gmt":"2025-04-10T06:21:59","guid":{"rendered":"https:\/\/blogg.atl.nu\/nysater\/?p=238944"},"modified":"2025-04-10T08:23:42","modified_gmt":"2025-04-10T06:23:42","slug":"har-vi-gatt-med-i-en-sekt-nu","status":"publish","type":"post","link":"https:\/\/blogg.atl.nu\/nysater\/2025\/04\/10\/har-vi-gatt-med-i-en-sekt-nu\/","title":{"rendered":"Har vi g\u00e5tt med i en sekt nu?"},"content":{"rendered":"<p><strong>Nog f\u00f6r att jag kan vara n\u00e5got av en s\u00f6kare ibland men nu var det faktiskt inte jag som drog ig\u00e5ng det h\u00e4r. Jag sk\u00f6tte mitt, jobbade p\u00e5 som vanligt och hade inte en tanke p\u00e5 att vi, innan dagen var slut, skulle bli indragna i en isolerad krets med ramar, registreringar och troligen ocks\u00e5 uppf\u00f6randekoder.<\/strong><strong>\u00a0En sekt helt enkelt!<\/strong><\/p>\n<p>Det som h\u00e4nt \u00e4r att vi har skaffat grill. Och inte vilken grill som helst tydligen. Danne har r\u00e5kat k\u00f6pa en Weber s\u00e5 nu \u00e4r det k\u00f6rt. F\u00f6r det h\u00e4r kommer visst med b\u00e5de ansvar och \u00e5taganden. Med grupptillh\u00f6righet och gemenskap. Och, misst\u00e4nker jag, eventuellt hj\u00e4rntv\u00e4tt. F\u00f6r Weber, ska jag s\u00e4ga, de s\u00e4ljer inte bara en samling matlagningshj\u00e4lpmedel i olika utf\u00f6randen, de driver \u00e4ven en egen religion!<\/p>\n<p><img loading=\"lazy\" class=\"alignnone size-medium wp-image-238948\" src=\"https:\/\/blogg.atl.nu\/nysater\/wp-content\/uploads\/sites\/26\/2025\/04\/IMG_4442-300x225.jpeg\" alt=\"\" width=\"300\" height=\"225\" srcset=\"https:\/\/blogg.atl.nu\/nysater\/wp-content\/uploads\/sites\/26\/2025\/04\/IMG_4442-300x225.jpeg 300w, https:\/\/blogg.atl.nu\/nysater\/wp-content\/uploads\/sites\/26\/2025\/04\/IMG_4442-1024x768.jpeg 1024w, https:\/\/blogg.atl.nu\/nysater\/wp-content\/uploads\/sites\/26\/2025\/04\/IMG_4442-768x576.jpeg 768w, https:\/\/blogg.atl.nu\/nysater\/wp-content\/uploads\/sites\/26\/2025\/04\/IMG_4442-1536x1152.jpeg 1536w, https:\/\/blogg.atl.nu\/nysater\/wp-content\/uploads\/sites\/26\/2025\/04\/IMG_4442-2048x1536.jpeg 2048w\" sizes=\"(max-width: 300px) 100vw, 300px\" \/><\/p>\n<p>S\u00e5h\u00e4r. Om man k\u00f6pt en Webergrill m\u00e5ste man REGISTRERA den p\u00e5 Webers hemsida. Skapa en inloggning, klicka in p\u00e5 MINA GRILLAR, och l\u00e4gga till sin nya \u00f6gonsten med serienummer och kvittokopia. Dels f\u00f6r att garantin ska g\u00e4lla (vilket g\u00f6r att man som vanlig, hederlig vardagsgrillare trillar dit och g\u00e5r med) och dels f\u00f6r att de vill ha in en p\u00e5 den lockande, pockande, f\u00f6rh\u00e4rligande hemsidan. Vart det leder sen vet ingen. Men jag misst\u00e4nker att det kan bli ett troendedop i honungsglaze eller smokey hickory-marinad.<\/p>\n<p><img loading=\"lazy\" class=\"alignnone size-medium wp-image-238949\" src=\"https:\/\/blogg.atl.nu\/nysater\/wp-content\/uploads\/sites\/26\/2025\/04\/IMG_4444-300x225.jpeg\" alt=\"\" width=\"300\" height=\"225\" srcset=\"https:\/\/blogg.atl.nu\/nysater\/wp-content\/uploads\/sites\/26\/2025\/04\/IMG_4444-300x225.jpeg 300w, https:\/\/blogg.atl.nu\/nysater\/wp-content\/uploads\/sites\/26\/2025\/04\/IMG_4444-1024x768.jpeg 1024w, https:\/\/blogg.atl.nu\/nysater\/wp-content\/uploads\/sites\/26\/2025\/04\/IMG_4444-768x576.jpeg 768w, https:\/\/blogg.atl.nu\/nysater\/wp-content\/uploads\/sites\/26\/2025\/04\/IMG_4444-1536x1152.jpeg 1536w, https:\/\/blogg.atl.nu\/nysater\/wp-content\/uploads\/sites\/26\/2025\/04\/IMG_4444-2048x1536.jpeg 2048w\" sizes=\"(max-width: 300px) 100vw, 300px\" \/><\/p>\n<p>P\u00e5 den h\u00e4r Webersidan p\u00e5g\u00e5r de invigdas dans kring br\u00e4nnare och r\u00f6kl\u00e5dor. Man kan till exempel hitta r\u00e4tt grill f\u00f6r ens personliga behov under fliken Grillfinder (k\u00e4ra n\u00e5n&#8230;grillfinder&#8230;) och l\u00e4sa om hur den f\u00f6rsta klotgrillen s\u00e5g dagens ljus 1952 (ung familjefar i f\u00f6rort byggde grill av kapad havsboj). Man kan botanisera bland olika tillbeh\u00f6r s\u00e5klart, s\u00e5som flavourizing bars, en grill n&#8217; go-lampa eller ett one touch reng\u00f6ringskit som ser ut som en m\u00e5nlandare. Eller varf\u00f6r inte k\u00f6pa ett par strumpor med r\u00f6da grillar p\u00e5? (Ja, det \u00e4r helt sant alltihop). Det finns \u00e4ven m\u00f6jlighet att boka kurser hos Weber Grill Academy, men d\u00e5 \u00e4r det nog oklart om man kommer hem igen.<\/p>\n<p><img loading=\"lazy\" class=\"alignnone size-medium wp-image-238947\" src=\"https:\/\/blogg.atl.nu\/nysater\/wp-content\/uploads\/sites\/26\/2025\/04\/IMG_4443-300x225.jpeg\" alt=\"\" width=\"300\" height=\"225\" srcset=\"https:\/\/blogg.atl.nu\/nysater\/wp-content\/uploads\/sites\/26\/2025\/04\/IMG_4443-300x225.jpeg 300w, https:\/\/blogg.atl.nu\/nysater\/wp-content\/uploads\/sites\/26\/2025\/04\/IMG_4443-1024x768.jpeg 1024w, https:\/\/blogg.atl.nu\/nysater\/wp-content\/uploads\/sites\/26\/2025\/04\/IMG_4443-768x576.jpeg 768w, https:\/\/blogg.atl.nu\/nysater\/wp-content\/uploads\/sites\/26\/2025\/04\/IMG_4443-1536x1152.jpeg 1536w, https:\/\/blogg.atl.nu\/nysater\/wp-content\/uploads\/sites\/26\/2025\/04\/IMG_4443-2048x1536.jpeg 2048w\" sizes=\"(max-width: 300px) 100vw, 300px\" \/><\/p>\n<p>Nu \u00e4r det bara att hoppas att vi klarar av att h\u00e5lla detta p\u00e5 en rimlig niv\u00e5 och inte blir indragna mer \u00e4n n\u00f6dv\u00e4ndigt. F\u00f6r d\u00e5 slutar det v\u00e4l med att man st\u00e5r h\u00e4r med glasartad blick, pantsatta traktorer och grillar sina sista skivor falukorv p\u00e5 dyraste premiumgrillen.<\/p>\n<p>Om jag i framtiden f\u00f6rs\u00f6ker v\u00e4rva er till Webergemenskapen &#8211; SPRING!<\/p>\n<p>&nbsp;<\/p>\n","protected":false},"excerpt":{"rendered":"<p>Nog f\u00f6r att jag kan vara n\u00e5got av en s\u00f6kare ibland men nu var det faktiskt inte jag som drog ig\u00e5ng det h\u00e4r. Jag sk\u00f6tte mitt, jobbade p\u00e5 som vanligt och hade inte en tanke p\u00e5 att vi, innan dagen var slut, skulle bli indragna i en isolerad krets med ramar, registreringar och troligen ocks\u00e5&#8230;<\/p>\n","protected":false},"author":338,"featured_media":238947,"comment_status":"open","ping_status":"open","sticky":false,"template":"","format":"standard","meta":[],"categories":[1],"tags":[],"yoast_head":"<!-- This site is optimized with the Yoast SEO plugin v19.6 - https:\/\/yoast.com\/wordpress\/plugins\/seo\/ -->\n<title>Har vi g\u00e5tt med i en sekt nu? - Nys\u00e4ter lantbruk<\/title>\n<meta name=\"robots\" content=\"index, follow, max-snippet:-1, max-image-preview:large, max-video-preview:-1\" \/>\n<link rel=\"canonical\" href=\"https:\/\/blogg.atl.nu\/nysater\/2025\/04\/10\/har-vi-gatt-med-i-en-sekt-nu\/\" \/>\n<meta property=\"og:locale\" content=\"sv_SE\" \/>\n<meta property=\"og:type\" content=\"article\" \/>\n<meta property=\"og:title\" content=\"Har vi g\u00e5tt med i en sekt nu? - Nys\u00e4ter lantbruk\" \/>\n<meta property=\"og:description\" content=\"Nog f\u00f6r att jag kan vara n\u00e5got av en s\u00f6kare ibland men nu var det faktiskt inte jag som drog ig\u00e5ng det h\u00e4r. Jag sk\u00f6tte mitt, jobbade p\u00e5 som vanligt och hade inte en tanke p\u00e5 att vi, innan dagen var slut, skulle bli indragna i en isolerad krets med ramar, registreringar och troligen ocks\u00e5...\" \/>\n<meta property=\"og:url\" content=\"https:\/\/blogg.atl.nu\/nysater\/2025\/04\/10\/har-vi-gatt-med-i-en-sekt-nu\/\" \/>\n<meta property=\"og:site_name\" content=\"Nys\u00e4ter lantbruk\" \/>\n<meta property=\"article:published_time\" content=\"2025-04-10T06:21:59+00:00\" \/>\n<meta property=\"article:modified_time\" content=\"2025-04-10T06:23:42+00:00\" \/>\n<meta property=\"og:image\" content=\"https:\/\/blogg.atl.nu\/nysater\/wp-content\/uploads\/sites\/26\/2025\/04\/IMG_4443-scaled.jpeg\" \/>\n\t<meta property=\"og:image:width\" content=\"2560\" \/>\n\t<meta property=\"og:image:height\" content=\"1920\" \/>\n\t<meta property=\"og:image:type\" content=\"image\/jpeg\" \/>\n<meta name=\"author\" content=\"Elin Bergstr\u00f6m\" \/>\n<meta name=\"twitter:card\" content=\"summary\" \/>\n<meta name=\"twitter:label1\" content=\"Skriven av\" \/>\n\t<meta name=\"twitter:data1\" content=\"Elin Bergstr\u00f6m\" \/>\n\t<meta name=\"twitter:label2\" content=\"Ber\u00e4knad l\u00e4stid\" \/>\n\t<meta name=\"twitter:data2\" content=\"3 minuter\" \/>\n<script type=\"application\/ld+json\" class=\"yoast-schema-graph\">{\"@context\":\"https:\/\/schema.org\",\"@graph\":[{\"@type\":\"WebPage\",\"@id\":\"https:\/\/blogg.atl.nu\/nysater\/2025\/04\/10\/har-vi-gatt-med-i-en-sekt-nu\/\",\"url\":\"https:\/\/blogg.atl.nu\/nysater\/2025\/04\/10\/har-vi-gatt-med-i-en-sekt-nu\/\",\"name\":\"Har vi g\u00e5tt med i en sekt nu? - Nys\u00e4ter lantbruk\",\"isPartOf\":{\"@id\":\"https:\/\/blogg.atl.nu\/nysater\/#website\"},\"datePublished\":\"2025-04-10T06:21:59+00:00\",\"dateModified\":\"2025-04-10T06:23:42+00:00\",\"author\":{\"@id\":\"https:\/\/blogg.atl.nu\/nysater\/#\/schema\/person\/44ec87efb92df15b0f3b0c68a84c7c0f\"},\"breadcrumb\":{\"@id\":\"https:\/\/blogg.atl.nu\/nysater\/2025\/04\/10\/har-vi-gatt-med-i-en-sekt-nu\/#breadcrumb\"},\"inLanguage\":\"sv-SE\",\"potentialAction\":[{\"@type\":\"ReadAction\",\"target\":[\"https:\/\/blogg.atl.nu\/nysater\/2025\/04\/10\/har-vi-gatt-med-i-en-sekt-nu\/\"]}]},{\"@type\":\"BreadcrumbList\",\"@id\":\"https:\/\/blogg.atl.nu\/nysater\/2025\/04\/10\/har-vi-gatt-med-i-en-sekt-nu\/#breadcrumb\",\"itemListElement\":[{\"@type\":\"ListItem\",\"position\":1,\"name\":\"Hem\",\"item\":\"https:\/\/blogg.atl.nu\/nysater\/\"},{\"@type\":\"ListItem\",\"position\":2,\"name\":\"Har vi g\u00e5tt med i en sekt nu?\"}]},{\"@type\":\"WebSite\",\"@id\":\"https:\/\/blogg.atl.nu\/nysater\/#website\",\"url\":\"https:\/\/blogg.atl.nu\/nysater\/\",\"name\":\"Nys\u00e4ter lantbruk\",\"description\":\"Elin Bergstr\u00f6m\",\"potentialAction\":[{\"@type\":\"SearchAction\",\"target\":{\"@type\":\"EntryPoint\",\"urlTemplate\":\"https:\/\/blogg.atl.nu\/nysater\/?s={search_term_string}\"},\"query-input\":\"required name=search_term_string\"}],\"inLanguage\":\"sv-SE\"},{\"@type\":\"Person\",\"@id\":\"https:\/\/blogg.atl.nu\/nysater\/#\/schema\/person\/44ec87efb92df15b0f3b0c68a84c7c0f\",\"name\":\"Elin Bergstr\u00f6m\",\"image\":{\"@type\":\"ImageObject\",\"inLanguage\":\"sv-SE\",\"@id\":\"https:\/\/blogg.atl.nu\/nysater\/#\/schema\/person\/image\/\",\"url\":\"https:\/\/secure.gravatar.com\/avatar\/c68fea4c0b5b10e41c5a9ecd1fb1b3c0?s=96&d=mm&r=g\",\"contentUrl\":\"https:\/\/secure.gravatar.com\/avatar\/c68fea4c0b5b10e41c5a9ecd1fb1b3c0?s=96&d=mm&r=g\",\"caption\":\"Elin Bergstr\u00f6m\"},\"url\":\"https:\/\/blogg.atl.nu\/nysater\/author\/elin\/\"}]}<\/script>\n<!-- \/ Yoast SEO plugin. -->","yoast_head_json":{"title":"Har vi g\u00e5tt med i en sekt nu? - Nys\u00e4ter lantbruk","robots":{"index":"index","follow":"follow","max-snippet":"max-snippet:-1","max-image-preview":"max-image-preview:large","max-video-preview":"max-video-preview:-1"},"canonical":"https:\/\/blogg.atl.nu\/nysater\/2025\/04\/10\/har-vi-gatt-med-i-en-sekt-nu\/","og_locale":"sv_SE","og_type":"article","og_title":"Har vi g\u00e5tt med i en sekt nu? - Nys\u00e4ter lantbruk","og_description":"Nog f\u00f6r att jag kan vara n\u00e5got av en s\u00f6kare ibland men nu var det faktiskt inte jag som drog ig\u00e5ng det h\u00e4r. Jag sk\u00f6tte mitt, jobbade p\u00e5 som vanligt och hade inte en tanke p\u00e5 att vi, innan dagen var slut, skulle bli indragna i en isolerad krets med ramar, registreringar och troligen ocks\u00e5...","og_url":"https:\/\/blogg.atl.nu\/nysater\/2025\/04\/10\/har-vi-gatt-med-i-en-sekt-nu\/","og_site_name":"Nys\u00e4ter lantbruk","article_published_time":"2025-04-10T06:21:59+00:00","article_modified_time":"2025-04-10T06:23:42+00:00","og_image":[{"width":2560,"height":1920,"url":"https:\/\/blogg.atl.nu\/nysater\/wp-content\/uploads\/sites\/26\/2025\/04\/IMG_4443-scaled.jpeg","type":"image\/jpeg"}],"author":"Elin Bergstr\u00f6m","twitter_card":"summary","twitter_misc":{"Skriven av":"Elin Bergstr\u00f6m","Ber\u00e4knad l\u00e4stid":"3 minuter"},"schema":{"@context":"https:\/\/schema.org","@graph":[{"@type":"WebPage","@id":"https:\/\/blogg.atl.nu\/nysater\/2025\/04\/10\/har-vi-gatt-med-i-en-sekt-nu\/","url":"https:\/\/blogg.atl.nu\/nysater\/2025\/04\/10\/har-vi-gatt-med-i-en-sekt-nu\/","name":"Har vi g\u00e5tt med i en sekt nu? - Nys\u00e4ter lantbruk","isPartOf":{"@id":"https:\/\/blogg.atl.nu\/nysater\/#website"},"datePublished":"2025-04-10T06:21:59+00:00","dateModified":"2025-04-10T06:23:42+00:00","author":{"@id":"https:\/\/blogg.atl.nu\/nysater\/#\/schema\/person\/44ec87efb92df15b0f3b0c68a84c7c0f"},"breadcrumb":{"@id":"https:\/\/blogg.atl.nu\/nysater\/2025\/04\/10\/har-vi-gatt-med-i-en-sekt-nu\/#breadcrumb"},"inLanguage":"sv-SE","potentialAction":[{"@type":"ReadAction","target":["https:\/\/blogg.atl.nu\/nysater\/2025\/04\/10\/har-vi-gatt-med-i-en-sekt-nu\/"]}]},{"@type":"BreadcrumbList","@id":"https:\/\/blogg.atl.nu\/nysater\/2025\/04\/10\/har-vi-gatt-med-i-en-sekt-nu\/#breadcrumb","itemListElement":[{"@type":"ListItem","position":1,"name":"Hem","item":"https:\/\/blogg.atl.nu\/nysater\/"},{"@type":"ListItem","position":2,"name":"Har vi g\u00e5tt med i en sekt nu?"}]},{"@type":"WebSite","@id":"https:\/\/blogg.atl.nu\/nysater\/#website","url":"https:\/\/blogg.atl.nu\/nysater\/","name":"Nys\u00e4ter lantbruk","description":"Elin Bergstr\u00f6m","potentialAction":[{"@type":"SearchAction","target":{"@type":"EntryPoint","urlTemplate":"https:\/\/blogg.atl.nu\/nysater\/?s={search_term_string}"},"query-input":"required name=search_term_string"}],"inLanguage":"sv-SE"},{"@type":"Person","@id":"https:\/\/blogg.atl.nu\/nysater\/#\/schema\/person\/44ec87efb92df15b0f3b0c68a84c7c0f","name":"Elin Bergstr\u00f6m","image":{"@type":"ImageObject","inLanguage":"sv-SE","@id":"https:\/\/blogg.atl.nu\/nysater\/#\/schema\/person\/image\/","url":"https:\/\/secure.gravatar.com\/avatar\/c68fea4c0b5b10e41c5a9ecd1fb1b3c0?s=96&d=mm&r=g","contentUrl":"https:\/\/secure.gravatar.com\/avatar\/c68fea4c0b5b10e41c5a9ecd1fb1b3c0?s=96&d=mm&r=g","caption":"Elin Bergstr\u00f6m"},"url":"https:\/\/blogg.atl.nu\/nysater\/author\/elin\/"}]}},"_links":{"self":[{"href":"https:\/\/blogg.atl.nu\/nysater\/wp-json\/wp\/v2\/posts\/238944"}],"collection":[{"href":"https:\/\/blogg.atl.nu\/nysater\/wp-json\/wp\/v2\/posts"}],"about":[{"href":"https:\/\/blogg.atl.nu\/nysater\/wp-json\/wp\/v2\/types\/post"}],"author":[{"embeddable":true,"href":"https:\/\/blogg.atl.nu\/nysater\/wp-json\/wp\/v2\/users\/338"}],"replies":[{"embeddable":true,"href":"https:\/\/blogg.atl.nu\/nysater\/wp-json\/wp\/v2\/comments?post=238944"}],"version-history":[{"count":4,"href":"https:\/\/blogg.atl.nu\/nysater\/wp-json\/wp\/v2\/posts\/238944\/revisions"}],"predecessor-version":[{"id":238951,"href":"https:\/\/blogg.atl.nu\/nysater\/wp-json\/wp\/v2\/posts\/238944\/revisions\/238951"}],"wp:featuredmedia":[{"embeddable":true,"href":"https:\/\/blogg.atl.nu\/nysater\/wp-json\/wp\/v2\/media\/238947"}],"wp:attachment":[{"href":"https:\/\/blogg.atl.nu\/nysater\/wp-json\/wp\/v2\/media?parent=238944"}],"wp:term":[{"taxonomy":"category","embeddable":true,"href":"https:\/\/blogg.atl.nu\/nysater\/wp-json\/wp\/v2\/categories?post=238944"},{"taxonomy":"post_tag","embeddable":true,"href":"https:\/\/blogg.atl.nu\/nysater\/wp-json\/wp\/v2\/tags?post=238944"}],"curies":[{"name":"wp","href":"https:\/\/api.w.org\/{rel}","templated":true}]}}