{"id":238988,"date":"2025-04-16T22:42:11","date_gmt":"2025-04-16T20:42:11","guid":{"rendered":"https:\/\/blogg.atl.nu\/nysater\/?p=238988"},"modified":"2025-04-16T22:49:57","modified_gmt":"2025-04-16T20:49:57","slug":"mycket-som-pagar-2","status":"publish","type":"post","link":"https:\/\/blogg.atl.nu\/nysater\/2025\/04\/16\/mycket-som-pagar-2\/","title":{"rendered":"Mycket som p\u00e5g\u00e5r"},"content":{"rendered":"<p><strong>Min hj\u00e4rna \u00e4r aningen \u00f6verhettad just nu, men p\u00e5 ett bra s\u00e4tt. Nytt extrajobb, ny energi och v\u00e5r i luften. Det hj\u00e4lper till att lyfta helheten n\u00e4r annat \u00e4r besv\u00e4rligt i tillvaron.\u00a0<\/strong><\/p>\n<p>Idag har jag k\u00f6rt p\u00e5 ordentligt h\u00e4r hemma med bland annat tv\u00e4tt av kalvboxar och urmockning av utegruppboxar. F\u00f6r \u00f6vrigt har det varit mest rutinjobb men det k\u00e4nns verkligen som att jag gjort mycket mer idag. M\u00e4rklig, f\u00f6r jag vet inte riktigt vad. Bra \u00f6s har det varit i alla fall och kv\u00e4llen avslutades nyss med en tallrik \u00e4gg och bacon som sonen lagade \u00e5t mig.<\/p>\n<p><img loading=\"lazy\" class=\"alignnone size-medium wp-image-238992\" src=\"https:\/\/blogg.atl.nu\/nysater\/wp-content\/uploads\/sites\/26\/2025\/04\/tempImage2SdaPd-300x225.jpg\" alt=\"\" width=\"300\" height=\"225\" srcset=\"https:\/\/blogg.atl.nu\/nysater\/wp-content\/uploads\/sites\/26\/2025\/04\/tempImage2SdaPd-300x225.jpg 300w, https:\/\/blogg.atl.nu\/nysater\/wp-content\/uploads\/sites\/26\/2025\/04\/tempImage2SdaPd-1024x768.jpg 1024w, https:\/\/blogg.atl.nu\/nysater\/wp-content\/uploads\/sites\/26\/2025\/04\/tempImage2SdaPd-768x576.jpg 768w, https:\/\/blogg.atl.nu\/nysater\/wp-content\/uploads\/sites\/26\/2025\/04\/tempImage2SdaPd-1536x1152.jpg 1536w, https:\/\/blogg.atl.nu\/nysater\/wp-content\/uploads\/sites\/26\/2025\/04\/tempImage2SdaPd-2048x1536.jpg 2048w\" sizes=\"(max-width: 300px) 100vw, 300px\" \/><\/p>\n<p>Vad jag \u00e5tminstone vet om denna dag \u00e4r att Danne h\u00e4mtade ett lass nya kalvar som fick flytta in i de rena, fr\u00e4scha boxarna. S\u00f6tast av alla var den h\u00e4r grabben. F\u00f6r han har s\u00e5 gulliga \u00f6ron som han f\u00e4ller fram s\u00e5 han ser ut som en blyg liten blomma. Kolla p\u00e5 lillsnutten!<\/p>\n<p><img loading=\"lazy\" class=\"alignnone size-medium wp-image-238990\" src=\"https:\/\/blogg.atl.nu\/nysater\/wp-content\/uploads\/sites\/26\/2025\/04\/tempImagezNiNnL-300x225.jpg\" alt=\"\" width=\"300\" height=\"225\" srcset=\"https:\/\/blogg.atl.nu\/nysater\/wp-content\/uploads\/sites\/26\/2025\/04\/tempImagezNiNnL-300x225.jpg 300w, https:\/\/blogg.atl.nu\/nysater\/wp-content\/uploads\/sites\/26\/2025\/04\/tempImagezNiNnL-1024x768.jpg 1024w, https:\/\/blogg.atl.nu\/nysater\/wp-content\/uploads\/sites\/26\/2025\/04\/tempImagezNiNnL-768x576.jpg 768w, https:\/\/blogg.atl.nu\/nysater\/wp-content\/uploads\/sites\/26\/2025\/04\/tempImagezNiNnL-1536x1152.jpg 1536w, https:\/\/blogg.atl.nu\/nysater\/wp-content\/uploads\/sites\/26\/2025\/04\/tempImagezNiNnL-2048x1536.jpg 2048w\" sizes=\"(max-width: 300px) 100vw, 300px\" \/><\/p>\n<p>Vi har trettio mj\u00f6lkdrickarkalvar i ladug\u00e5rden nu och tv\u00e5 p\u00e5 balkongen (n\u00e5gra extraboxar som st\u00e5r utomhus). Det \u00e4r fullt men inte \u00f6verfullt och mj\u00f6lktaxin r\u00e4cker precis till utan att sv\u00e4mma \u00f6ver. Snart kan vi nog v\u00e4nja av n\u00e5gra stycken till och d\u00e5 blir det \u00e4nnu b\u00e4ttre och luftigare.<\/p>\n<p><img loading=\"lazy\" class=\"alignnone size-medium wp-image-238991\" src=\"https:\/\/blogg.atl.nu\/nysater\/wp-content\/uploads\/sites\/26\/2025\/04\/tempImage1FWCtD-300x225.jpg\" alt=\"\" width=\"300\" height=\"225\" srcset=\"https:\/\/blogg.atl.nu\/nysater\/wp-content\/uploads\/sites\/26\/2025\/04\/tempImage1FWCtD-300x225.jpg 300w, https:\/\/blogg.atl.nu\/nysater\/wp-content\/uploads\/sites\/26\/2025\/04\/tempImage1FWCtD-1024x768.jpg 1024w, https:\/\/blogg.atl.nu\/nysater\/wp-content\/uploads\/sites\/26\/2025\/04\/tempImage1FWCtD-768x576.jpg 768w, https:\/\/blogg.atl.nu\/nysater\/wp-content\/uploads\/sites\/26\/2025\/04\/tempImage1FWCtD-1536x1152.jpg 1536w, https:\/\/blogg.atl.nu\/nysater\/wp-content\/uploads\/sites\/26\/2025\/04\/tempImage1FWCtD-2048x1536.jpg 2048w\" sizes=\"(max-width: 300px) 100vw, 300px\" \/><\/p>\n<p>Titta p\u00e5 \u00f6ronen igen! Hur s\u00f6t<i>?! <\/i><\/p>\n<p>Ett kort inl\u00e4gg blev det men nu m\u00e5ste jag sova lite k\u00e4nner jag. I morgon v\u00e4ntar min tredje inskolningsdag p\u00e5 en ny arbetsplats och jag b\u00f6r vara sk\u00e4rpt och vid mina sinnens fulla bruk n\u00e4r jag kommer dit. Ska ber\u00e4tta mer om v\u00e5ra bestyr samt detta extrakn\u00e4ck men nu \u00e4r det h\u00f6g tid att vika in kl\u00f6varna.<\/p>\n<p>Vi h\u00f6rs!<\/p>\n<p>&nbsp;<\/p>\n<p>&nbsp;<\/p>\n","protected":false},"excerpt":{"rendered":"<p>Min hj\u00e4rna \u00e4r aningen \u00f6verhettad just nu, men p\u00e5 ett bra s\u00e4tt. Nytt extrajobb, ny energi och v\u00e5r i luften. Det hj\u00e4lper till att lyfta helheten n\u00e4r annat \u00e4r besv\u00e4rligt i tillvaron.\u00a0 Idag har jag k\u00f6rt p\u00e5 ordentligt h\u00e4r hemma med bland annat tv\u00e4tt av kalvboxar och urmockning av utegruppboxar. F\u00f6r \u00f6vrigt har det varit&#8230;<\/p>\n","protected":false},"author":338,"featured_media":238989,"comment_status":"open","ping_status":"open","sticky":false,"template":"","format":"standard","meta":[],"categories":[1],"tags":[],"yoast_head":"<!-- This site is optimized with the Yoast SEO plugin v19.6 - https:\/\/yoast.com\/wordpress\/plugins\/seo\/ -->\n<title>Mycket som p\u00e5g\u00e5r - Nys\u00e4ter lantbruk<\/title>\n<meta name=\"robots\" content=\"index, follow, max-snippet:-1, max-image-preview:large, max-video-preview:-1\" \/>\n<link rel=\"canonical\" href=\"https:\/\/blogg.atl.nu\/nysater\/2025\/04\/16\/mycket-som-pagar-2\/\" \/>\n<meta property=\"og:locale\" content=\"sv_SE\" \/>\n<meta property=\"og:type\" content=\"article\" \/>\n<meta property=\"og:title\" content=\"Mycket som p\u00e5g\u00e5r - Nys\u00e4ter lantbruk\" \/>\n<meta property=\"og:description\" content=\"Min hj\u00e4rna \u00e4r aningen \u00f6verhettad just nu, men p\u00e5 ett bra s\u00e4tt. Nytt extrajobb, ny energi och v\u00e5r i luften. Det hj\u00e4lper till att lyfta helheten n\u00e4r annat \u00e4r besv\u00e4rligt i tillvaron.\u00a0 Idag har jag k\u00f6rt p\u00e5 ordentligt h\u00e4r hemma med bland annat tv\u00e4tt av kalvboxar och urmockning av utegruppboxar. F\u00f6r \u00f6vrigt har det varit...\" \/>\n<meta property=\"og:url\" content=\"https:\/\/blogg.atl.nu\/nysater\/2025\/04\/16\/mycket-som-pagar-2\/\" \/>\n<meta property=\"og:site_name\" content=\"Nys\u00e4ter lantbruk\" \/>\n<meta property=\"article:published_time\" content=\"2025-04-16T20:42:11+00:00\" \/>\n<meta property=\"article:modified_time\" content=\"2025-04-16T20:49:57+00:00\" \/>\n<meta property=\"og:image\" content=\"https:\/\/blogg.atl.nu\/nysater\/wp-content\/uploads\/sites\/26\/2025\/04\/tempImagebtxjcc-scaled.jpg\" \/>\n\t<meta property=\"og:image:width\" content=\"2560\" \/>\n\t<meta property=\"og:image:height\" content=\"1920\" \/>\n\t<meta property=\"og:image:type\" content=\"image\/jpeg\" \/>\n<meta name=\"author\" content=\"Elin Bergstr\u00f6m\" \/>\n<meta name=\"twitter:card\" content=\"summary\" \/>\n<meta name=\"twitter:label1\" content=\"Skriven av\" \/>\n\t<meta name=\"twitter:data1\" content=\"Elin Bergstr\u00f6m\" \/>\n\t<meta name=\"twitter:label2\" content=\"Ber\u00e4knad l\u00e4stid\" \/>\n\t<meta name=\"twitter:data2\" content=\"2 minuter\" \/>\n<script type=\"application\/ld+json\" class=\"yoast-schema-graph\">{\"@context\":\"https:\/\/schema.org\",\"@graph\":[{\"@type\":\"WebPage\",\"@id\":\"https:\/\/blogg.atl.nu\/nysater\/2025\/04\/16\/mycket-som-pagar-2\/\",\"url\":\"https:\/\/blogg.atl.nu\/nysater\/2025\/04\/16\/mycket-som-pagar-2\/\",\"name\":\"Mycket som p\u00e5g\u00e5r - Nys\u00e4ter lantbruk\",\"isPartOf\":{\"@id\":\"https:\/\/blogg.atl.nu\/nysater\/#website\"},\"datePublished\":\"2025-04-16T20:42:11+00:00\",\"dateModified\":\"2025-04-16T20:49:57+00:00\",\"author\":{\"@id\":\"https:\/\/blogg.atl.nu\/nysater\/#\/schema\/person\/44ec87efb92df15b0f3b0c68a84c7c0f\"},\"breadcrumb\":{\"@id\":\"https:\/\/blogg.atl.nu\/nysater\/2025\/04\/16\/mycket-som-pagar-2\/#breadcrumb\"},\"inLanguage\":\"sv-SE\",\"potentialAction\":[{\"@type\":\"ReadAction\",\"target\":[\"https:\/\/blogg.atl.nu\/nysater\/2025\/04\/16\/mycket-som-pagar-2\/\"]}]},{\"@type\":\"BreadcrumbList\",\"@id\":\"https:\/\/blogg.atl.nu\/nysater\/2025\/04\/16\/mycket-som-pagar-2\/#breadcrumb\",\"itemListElement\":[{\"@type\":\"ListItem\",\"position\":1,\"name\":\"Hem\",\"item\":\"https:\/\/blogg.atl.nu\/nysater\/\"},{\"@type\":\"ListItem\",\"position\":2,\"name\":\"Mycket som p\u00e5g\u00e5r\"}]},{\"@type\":\"WebSite\",\"@id\":\"https:\/\/blogg.atl.nu\/nysater\/#website\",\"url\":\"https:\/\/blogg.atl.nu\/nysater\/\",\"name\":\"Nys\u00e4ter lantbruk\",\"description\":\"Elin Bergstr\u00f6m\",\"potentialAction\":[{\"@type\":\"SearchAction\",\"target\":{\"@type\":\"EntryPoint\",\"urlTemplate\":\"https:\/\/blogg.atl.nu\/nysater\/?s={search_term_string}\"},\"query-input\":\"required name=search_term_string\"}],\"inLanguage\":\"sv-SE\"},{\"@type\":\"Person\",\"@id\":\"https:\/\/blogg.atl.nu\/nysater\/#\/schema\/person\/44ec87efb92df15b0f3b0c68a84c7c0f\",\"name\":\"Elin Bergstr\u00f6m\",\"image\":{\"@type\":\"ImageObject\",\"inLanguage\":\"sv-SE\",\"@id\":\"https:\/\/blogg.atl.nu\/nysater\/#\/schema\/person\/image\/\",\"url\":\"https:\/\/secure.gravatar.com\/avatar\/c68fea4c0b5b10e41c5a9ecd1fb1b3c0?s=96&d=mm&r=g\",\"contentUrl\":\"https:\/\/secure.gravatar.com\/avatar\/c68fea4c0b5b10e41c5a9ecd1fb1b3c0?s=96&d=mm&r=g\",\"caption\":\"Elin Bergstr\u00f6m\"},\"url\":\"https:\/\/blogg.atl.nu\/nysater\/author\/elin\/\"}]}<\/script>\n<!-- \/ Yoast SEO plugin. -->","yoast_head_json":{"title":"Mycket som p\u00e5g\u00e5r - Nys\u00e4ter lantbruk","robots":{"index":"index","follow":"follow","max-snippet":"max-snippet:-1","max-image-preview":"max-image-preview:large","max-video-preview":"max-video-preview:-1"},"canonical":"https:\/\/blogg.atl.nu\/nysater\/2025\/04\/16\/mycket-som-pagar-2\/","og_locale":"sv_SE","og_type":"article","og_title":"Mycket som p\u00e5g\u00e5r - Nys\u00e4ter lantbruk","og_description":"Min hj\u00e4rna \u00e4r aningen \u00f6verhettad just nu, men p\u00e5 ett bra s\u00e4tt. Nytt extrajobb, ny energi och v\u00e5r i luften. Det hj\u00e4lper till att lyfta helheten n\u00e4r annat \u00e4r besv\u00e4rligt i tillvaron.\u00a0 Idag har jag k\u00f6rt p\u00e5 ordentligt h\u00e4r hemma med bland annat tv\u00e4tt av kalvboxar och urmockning av utegruppboxar. F\u00f6r \u00f6vrigt har det varit...","og_url":"https:\/\/blogg.atl.nu\/nysater\/2025\/04\/16\/mycket-som-pagar-2\/","og_site_name":"Nys\u00e4ter lantbruk","article_published_time":"2025-04-16T20:42:11+00:00","article_modified_time":"2025-04-16T20:49:57+00:00","og_image":[{"width":2560,"height":1920,"url":"https:\/\/blogg.atl.nu\/nysater\/wp-content\/uploads\/sites\/26\/2025\/04\/tempImagebtxjcc-scaled.jpg","type":"image\/jpeg"}],"author":"Elin Bergstr\u00f6m","twitter_card":"summary","twitter_misc":{"Skriven av":"Elin Bergstr\u00f6m","Ber\u00e4knad l\u00e4stid":"2 minuter"},"schema":{"@context":"https:\/\/schema.org","@graph":[{"@type":"WebPage","@id":"https:\/\/blogg.atl.nu\/nysater\/2025\/04\/16\/mycket-som-pagar-2\/","url":"https:\/\/blogg.atl.nu\/nysater\/2025\/04\/16\/mycket-som-pagar-2\/","name":"Mycket som p\u00e5g\u00e5r - Nys\u00e4ter lantbruk","isPartOf":{"@id":"https:\/\/blogg.atl.nu\/nysater\/#website"},"datePublished":"2025-04-16T20:42:11+00:00","dateModified":"2025-04-16T20:49:57+00:00","author":{"@id":"https:\/\/blogg.atl.nu\/nysater\/#\/schema\/person\/44ec87efb92df15b0f3b0c68a84c7c0f"},"breadcrumb":{"@id":"https:\/\/blogg.atl.nu\/nysater\/2025\/04\/16\/mycket-som-pagar-2\/#breadcrumb"},"inLanguage":"sv-SE","potentialAction":[{"@type":"ReadAction","target":["https:\/\/blogg.atl.nu\/nysater\/2025\/04\/16\/mycket-som-pagar-2\/"]}]},{"@type":"BreadcrumbList","@id":"https:\/\/blogg.atl.nu\/nysater\/2025\/04\/16\/mycket-som-pagar-2\/#breadcrumb","itemListElement":[{"@type":"ListItem","position":1,"name":"Hem","item":"https:\/\/blogg.atl.nu\/nysater\/"},{"@type":"ListItem","position":2,"name":"Mycket som p\u00e5g\u00e5r"}]},{"@type":"WebSite","@id":"https:\/\/blogg.atl.nu\/nysater\/#website","url":"https:\/\/blogg.atl.nu\/nysater\/","name":"Nys\u00e4ter lantbruk","description":"Elin Bergstr\u00f6m","potentialAction":[{"@type":"SearchAction","target":{"@type":"EntryPoint","urlTemplate":"https:\/\/blogg.atl.nu\/nysater\/?s={search_term_string}"},"query-input":"required name=search_term_string"}],"inLanguage":"sv-SE"},{"@type":"Person","@id":"https:\/\/blogg.atl.nu\/nysater\/#\/schema\/person\/44ec87efb92df15b0f3b0c68a84c7c0f","name":"Elin Bergstr\u00f6m","image":{"@type":"ImageObject","inLanguage":"sv-SE","@id":"https:\/\/blogg.atl.nu\/nysater\/#\/schema\/person\/image\/","url":"https:\/\/secure.gravatar.com\/avatar\/c68fea4c0b5b10e41c5a9ecd1fb1b3c0?s=96&d=mm&r=g","contentUrl":"https:\/\/secure.gravatar.com\/avatar\/c68fea4c0b5b10e41c5a9ecd1fb1b3c0?s=96&d=mm&r=g","caption":"Elin Bergstr\u00f6m"},"url":"https:\/\/blogg.atl.nu\/nysater\/author\/elin\/"}]}},"_links":{"self":[{"href":"https:\/\/blogg.atl.nu\/nysater\/wp-json\/wp\/v2\/posts\/238988"}],"collection":[{"href":"https:\/\/blogg.atl.nu\/nysater\/wp-json\/wp\/v2\/posts"}],"about":[{"href":"https:\/\/blogg.atl.nu\/nysater\/wp-json\/wp\/v2\/types\/post"}],"author":[{"embeddable":true,"href":"https:\/\/blogg.atl.nu\/nysater\/wp-json\/wp\/v2\/users\/338"}],"replies":[{"embeddable":true,"href":"https:\/\/blogg.atl.nu\/nysater\/wp-json\/wp\/v2\/comments?post=238988"}],"version-history":[{"count":6,"href":"https:\/\/blogg.atl.nu\/nysater\/wp-json\/wp\/v2\/posts\/238988\/revisions"}],"predecessor-version":[{"id":238998,"href":"https:\/\/blogg.atl.nu\/nysater\/wp-json\/wp\/v2\/posts\/238988\/revisions\/238998"}],"wp:featuredmedia":[{"embeddable":true,"href":"https:\/\/blogg.atl.nu\/nysater\/wp-json\/wp\/v2\/media\/238989"}],"wp:attachment":[{"href":"https:\/\/blogg.atl.nu\/nysater\/wp-json\/wp\/v2\/media?parent=238988"}],"wp:term":[{"taxonomy":"category","embeddable":true,"href":"https:\/\/blogg.atl.nu\/nysater\/wp-json\/wp\/v2\/categories?post=238988"},{"taxonomy":"post_tag","embeddable":true,"href":"https:\/\/blogg.atl.nu\/nysater\/wp-json\/wp\/v2\/tags?post=238988"}],"curies":[{"name":"wp","href":"https:\/\/api.w.org\/{rel}","templated":true}]}}