{"id":239040,"date":"2025-04-23T22:47:46","date_gmt":"2025-04-23T20:47:46","guid":{"rendered":"https:\/\/blogg.atl.nu\/nysater\/?p=239040"},"modified":"2025-04-23T22:56:58","modified_gmt":"2025-04-23T20:56:58","slug":"stada-plocka-bara","status":"publish","type":"post","link":"https:\/\/blogg.atl.nu\/nysater\/2025\/04\/23\/stada-plocka-bara\/","title":{"rendered":"St\u00e4da, plocka, b\u00e4ra"},"content":{"rendered":"<p><strong>\u00c5rets st\u00f6rsta st\u00e4d- och plocktid \u00e4r h\u00e4r. Det ser hemskt ut p\u00e5 vissa h\u00e5ll men man beh\u00f6ver inte vara utan sm\u00e5jobb och tillfredsst\u00e4llande uppr\u00f6jningsprojekt. \u00a0<\/strong><\/p>\n<p>F\u00f6rsta ensilageplattan blev tom f\u00f6r n\u00e5gon m\u00e5nad sedan men det \u00e4r inte f\u00f6rr\u00e4n nu alla plastrester och bild\u00e4ck har tinat fram ordentligt. S\u00e5h\u00e4r s\u00e5g det ut i helgen.<\/p>\n<p><img loading=\"lazy\" class=\"alignnone size-medium wp-image-239042\" src=\"https:\/\/blogg.atl.nu\/nysater\/wp-content\/uploads\/sites\/26\/2025\/04\/tempImageWZPWST-300x225.jpg\" alt=\"\" width=\"300\" height=\"225\" srcset=\"https:\/\/blogg.atl.nu\/nysater\/wp-content\/uploads\/sites\/26\/2025\/04\/tempImageWZPWST-300x225.jpg 300w, https:\/\/blogg.atl.nu\/nysater\/wp-content\/uploads\/sites\/26\/2025\/04\/tempImageWZPWST-1024x768.jpg 1024w, https:\/\/blogg.atl.nu\/nysater\/wp-content\/uploads\/sites\/26\/2025\/04\/tempImageWZPWST-768x576.jpg 768w, https:\/\/blogg.atl.nu\/nysater\/wp-content\/uploads\/sites\/26\/2025\/04\/tempImageWZPWST-1536x1152.jpg 1536w, https:\/\/blogg.atl.nu\/nysater\/wp-content\/uploads\/sites\/26\/2025\/04\/tempImageWZPWST-2048x1536.jpg 2048w\" sizes=\"(max-width: 300px) 100vw, 300px\" \/><img loading=\"lazy\" class=\"alignnone size-medium wp-image-239044\" src=\"https:\/\/blogg.atl.nu\/nysater\/wp-content\/uploads\/sites\/26\/2025\/04\/tempImageuSk90W-300x225.jpg\" alt=\"\" width=\"300\" height=\"225\" srcset=\"https:\/\/blogg.atl.nu\/nysater\/wp-content\/uploads\/sites\/26\/2025\/04\/tempImageuSk90W-300x225.jpg 300w, https:\/\/blogg.atl.nu\/nysater\/wp-content\/uploads\/sites\/26\/2025\/04\/tempImageuSk90W-1024x768.jpg 1024w, https:\/\/blogg.atl.nu\/nysater\/wp-content\/uploads\/sites\/26\/2025\/04\/tempImageuSk90W-768x576.jpg 768w, https:\/\/blogg.atl.nu\/nysater\/wp-content\/uploads\/sites\/26\/2025\/04\/tempImageuSk90W-1536x1152.jpg 1536w, https:\/\/blogg.atl.nu\/nysater\/wp-content\/uploads\/sites\/26\/2025\/04\/tempImageuSk90W-2048x1536.jpg 2048w\" sizes=\"(max-width: 300px) 100vw, 300px\" \/><\/p>\n<p>P\u00e5 s\u00f6ndagen skulle jag st\u00e4da av lite snabbt, det kunde v\u00e4l inte ta s\u00e5 l\u00e5ng tid t\u00e4nkte jag.<\/p>\n<p><img loading=\"lazy\" class=\"alignnone size-medium wp-image-239045\" src=\"https:\/\/blogg.atl.nu\/nysater\/wp-content\/uploads\/sites\/26\/2025\/04\/tempImages8P3YE-300x225.jpg\" alt=\"\" width=\"300\" height=\"225\" srcset=\"https:\/\/blogg.atl.nu\/nysater\/wp-content\/uploads\/sites\/26\/2025\/04\/tempImages8P3YE-300x225.jpg 300w, https:\/\/blogg.atl.nu\/nysater\/wp-content\/uploads\/sites\/26\/2025\/04\/tempImages8P3YE-1024x768.jpg 1024w, https:\/\/blogg.atl.nu\/nysater\/wp-content\/uploads\/sites\/26\/2025\/04\/tempImages8P3YE-768x576.jpg 768w, https:\/\/blogg.atl.nu\/nysater\/wp-content\/uploads\/sites\/26\/2025\/04\/tempImages8P3YE-1536x1152.jpg 1536w, https:\/\/blogg.atl.nu\/nysater\/wp-content\/uploads\/sites\/26\/2025\/04\/tempImages8P3YE-2048x1536.jpg 2048w\" sizes=\"(max-width: 300px) 100vw, 300px\" \/><\/p>\n<p>St\u00e4dat blev det men innan allt var bortplockat, ihopskrapat och fixat hade jag hunnit lyssna p\u00e5 en halv ljudbok k\u00e4ndes det som. Dock var det ingenting j\u00e4mf\u00f6rt med f\u00f6rsta \u00e5ret med ensilagelimpa. N\u00e4r vi la direkt p\u00e5 grus och inte hade betong under. Den st\u00e4dningen var inte att leka med kan jag s\u00e4ga. Tror jag h\u00f6ll p\u00e5 i flera dagar.<\/p>\n<p><img loading=\"lazy\" class=\"alignnone size-medium wp-image-239046\" src=\"https:\/\/blogg.atl.nu\/nysater\/wp-content\/uploads\/sites\/26\/2025\/04\/tempImageVUAt72-300x225.jpg\" alt=\"\" width=\"300\" height=\"225\" srcset=\"https:\/\/blogg.atl.nu\/nysater\/wp-content\/uploads\/sites\/26\/2025\/04\/tempImageVUAt72-300x225.jpg 300w, https:\/\/blogg.atl.nu\/nysater\/wp-content\/uploads\/sites\/26\/2025\/04\/tempImageVUAt72-1024x768.jpg 1024w, https:\/\/blogg.atl.nu\/nysater\/wp-content\/uploads\/sites\/26\/2025\/04\/tempImageVUAt72-768x576.jpg 768w, https:\/\/blogg.atl.nu\/nysater\/wp-content\/uploads\/sites\/26\/2025\/04\/tempImageVUAt72-1536x1152.jpg 1536w, https:\/\/blogg.atl.nu\/nysater\/wp-content\/uploads\/sites\/26\/2025\/04\/tempImageVUAt72-2048x1536.jpg 2048w\" sizes=\"(max-width: 300px) 100vw, 300px\" \/><\/p>\n<p>Ikv\u00e4ll la jag en stund p\u00e5 det h\u00e4r omr\u00e5det. Balplan med plastsvansar. Ett s\u00e4kert v\u00e5rtecken. Jag undvek i st\u00f6rsta m\u00f6jliga m\u00e5n att titta ner i diket som g\u00e5r bakom balarna. Dit bl\u00e5ser alltid plast som \u00e4r extra trist att dra upp genom sn\u00e5ren. Det f\u00e5r bli en annan aftons utmaning.<\/p>\n<p>Vad tycker ni \u00e4r tr\u00e5kigast att st\u00e4da? Jag tycker nog att just plock \u00e4r v\u00e4rst. Sm\u00e5grejer som ska b\u00e4ras till r\u00e4tt st\u00e4lle inne och ute. Prylar som inte har n\u00e5gon bra plats och inte g\u00e5r att stoppa undan och, mest irriterande, saker som andra dr\u00e4llt omkring sig. Tv\u00e4tta maskiner gillar jag inte heller. Det \u00e4r tr\u00e5kigt f\u00f6r att det aldrig blir bra (l\u00e4s Danne blir aldrig helt n\u00f6jd).<br \/>\nMina roligaste \u00e4r d\u00e4remot en riktig j\u00e4vlar-anammaflyttst\u00e4dning, en total uppr\u00f6jning i en helt kaotisk bostad (typ hoarder), eller att h\u00f6gtryckstv\u00e4tta ladug\u00e5rden. Under s\u00e5dana projekt kan jag f\u00e5 mina mest maniska ryck och beh\u00f6ver knappt \u00e4ta eller rasta f\u00f6rr\u00e4n allt gl\u00e4nser!<\/p>\n<p>&nbsp;<\/p>\n<p>&nbsp;<\/p>\n","protected":false},"excerpt":{"rendered":"<p>\u00c5rets st\u00f6rsta st\u00e4d- och plocktid \u00e4r h\u00e4r. Det ser hemskt ut p\u00e5 vissa h\u00e5ll men man beh\u00f6ver inte vara utan sm\u00e5jobb och tillfredsst\u00e4llande uppr\u00f6jningsprojekt. \u00a0 F\u00f6rsta ensilageplattan blev tom f\u00f6r n\u00e5gon m\u00e5nad sedan men det \u00e4r inte f\u00f6rr\u00e4n nu alla plastrester och bild\u00e4ck har tinat fram ordentligt. S\u00e5h\u00e4r s\u00e5g det ut i helgen. P\u00e5 s\u00f6ndagen&#8230;<\/p>\n","protected":false},"author":338,"featured_media":239047,"comment_status":"open","ping_status":"open","sticky":false,"template":"","format":"standard","meta":[],"categories":[1],"tags":[],"yoast_head":"<!-- This site is optimized with the Yoast SEO plugin v19.6 - https:\/\/yoast.com\/wordpress\/plugins\/seo\/ -->\n<title>St\u00e4da, plocka, b\u00e4ra - Nys\u00e4ter lantbruk<\/title>\n<meta name=\"robots\" content=\"index, follow, max-snippet:-1, max-image-preview:large, max-video-preview:-1\" \/>\n<link rel=\"canonical\" href=\"https:\/\/blogg.atl.nu\/nysater\/2025\/04\/23\/stada-plocka-bara\/\" \/>\n<meta property=\"og:locale\" content=\"sv_SE\" \/>\n<meta property=\"og:type\" content=\"article\" \/>\n<meta property=\"og:title\" content=\"St\u00e4da, plocka, b\u00e4ra - Nys\u00e4ter lantbruk\" \/>\n<meta property=\"og:description\" content=\"\u00c5rets st\u00f6rsta st\u00e4d- och plocktid \u00e4r h\u00e4r. Det ser hemskt ut p\u00e5 vissa h\u00e5ll men man beh\u00f6ver inte vara utan sm\u00e5jobb och tillfredsst\u00e4llande uppr\u00f6jningsprojekt. \u00a0 F\u00f6rsta ensilageplattan blev tom f\u00f6r n\u00e5gon m\u00e5nad sedan men det \u00e4r inte f\u00f6rr\u00e4n nu alla plastrester och bild\u00e4ck har tinat fram ordentligt. S\u00e5h\u00e4r s\u00e5g det ut i helgen. P\u00e5 s\u00f6ndagen...\" \/>\n<meta property=\"og:url\" content=\"https:\/\/blogg.atl.nu\/nysater\/2025\/04\/23\/stada-plocka-bara\/\" \/>\n<meta property=\"og:site_name\" content=\"Nys\u00e4ter lantbruk\" \/>\n<meta property=\"article:published_time\" content=\"2025-04-23T20:47:46+00:00\" \/>\n<meta property=\"article:modified_time\" content=\"2025-04-23T20:56:58+00:00\" \/>\n<meta property=\"og:image\" content=\"https:\/\/blogg.atl.nu\/nysater\/wp-content\/uploads\/sites\/26\/2025\/04\/tempImage0rIaSx-scaled.jpg\" \/>\n\t<meta property=\"og:image:width\" content=\"2560\" \/>\n\t<meta property=\"og:image:height\" content=\"1920\" \/>\n\t<meta property=\"og:image:type\" content=\"image\/jpeg\" \/>\n<meta name=\"author\" content=\"Elin Bergstr\u00f6m\" \/>\n<meta name=\"twitter:card\" content=\"summary\" \/>\n<meta name=\"twitter:label1\" content=\"Skriven av\" \/>\n\t<meta name=\"twitter:data1\" content=\"Elin Bergstr\u00f6m\" \/>\n\t<meta name=\"twitter:label2\" content=\"Ber\u00e4knad l\u00e4stid\" \/>\n\t<meta name=\"twitter:data2\" content=\"3 minuter\" \/>\n<script type=\"application\/ld+json\" class=\"yoast-schema-graph\">{\"@context\":\"https:\/\/schema.org\",\"@graph\":[{\"@type\":\"WebPage\",\"@id\":\"https:\/\/blogg.atl.nu\/nysater\/2025\/04\/23\/stada-plocka-bara\/\",\"url\":\"https:\/\/blogg.atl.nu\/nysater\/2025\/04\/23\/stada-plocka-bara\/\",\"name\":\"St\u00e4da, plocka, b\u00e4ra - Nys\u00e4ter lantbruk\",\"isPartOf\":{\"@id\":\"https:\/\/blogg.atl.nu\/nysater\/#website\"},\"datePublished\":\"2025-04-23T20:47:46+00:00\",\"dateModified\":\"2025-04-23T20:56:58+00:00\",\"author\":{\"@id\":\"https:\/\/blogg.atl.nu\/nysater\/#\/schema\/person\/44ec87efb92df15b0f3b0c68a84c7c0f\"},\"breadcrumb\":{\"@id\":\"https:\/\/blogg.atl.nu\/nysater\/2025\/04\/23\/stada-plocka-bara\/#breadcrumb\"},\"inLanguage\":\"sv-SE\",\"potentialAction\":[{\"@type\":\"ReadAction\",\"target\":[\"https:\/\/blogg.atl.nu\/nysater\/2025\/04\/23\/stada-plocka-bara\/\"]}]},{\"@type\":\"BreadcrumbList\",\"@id\":\"https:\/\/blogg.atl.nu\/nysater\/2025\/04\/23\/stada-plocka-bara\/#breadcrumb\",\"itemListElement\":[{\"@type\":\"ListItem\",\"position\":1,\"name\":\"Hem\",\"item\":\"https:\/\/blogg.atl.nu\/nysater\/\"},{\"@type\":\"ListItem\",\"position\":2,\"name\":\"St\u00e4da, plocka, b\u00e4ra\"}]},{\"@type\":\"WebSite\",\"@id\":\"https:\/\/blogg.atl.nu\/nysater\/#website\",\"url\":\"https:\/\/blogg.atl.nu\/nysater\/\",\"name\":\"Nys\u00e4ter lantbruk\",\"description\":\"Elin Bergstr\u00f6m\",\"potentialAction\":[{\"@type\":\"SearchAction\",\"target\":{\"@type\":\"EntryPoint\",\"urlTemplate\":\"https:\/\/blogg.atl.nu\/nysater\/?s={search_term_string}\"},\"query-input\":\"required name=search_term_string\"}],\"inLanguage\":\"sv-SE\"},{\"@type\":\"Person\",\"@id\":\"https:\/\/blogg.atl.nu\/nysater\/#\/schema\/person\/44ec87efb92df15b0f3b0c68a84c7c0f\",\"name\":\"Elin Bergstr\u00f6m\",\"image\":{\"@type\":\"ImageObject\",\"inLanguage\":\"sv-SE\",\"@id\":\"https:\/\/blogg.atl.nu\/nysater\/#\/schema\/person\/image\/\",\"url\":\"https:\/\/secure.gravatar.com\/avatar\/c68fea4c0b5b10e41c5a9ecd1fb1b3c0?s=96&d=mm&r=g\",\"contentUrl\":\"https:\/\/secure.gravatar.com\/avatar\/c68fea4c0b5b10e41c5a9ecd1fb1b3c0?s=96&d=mm&r=g\",\"caption\":\"Elin Bergstr\u00f6m\"},\"url\":\"https:\/\/blogg.atl.nu\/nysater\/author\/elin\/\"}]}<\/script>\n<!-- \/ Yoast SEO plugin. -->","yoast_head_json":{"title":"St\u00e4da, plocka, b\u00e4ra - Nys\u00e4ter lantbruk","robots":{"index":"index","follow":"follow","max-snippet":"max-snippet:-1","max-image-preview":"max-image-preview:large","max-video-preview":"max-video-preview:-1"},"canonical":"https:\/\/blogg.atl.nu\/nysater\/2025\/04\/23\/stada-plocka-bara\/","og_locale":"sv_SE","og_type":"article","og_title":"St\u00e4da, plocka, b\u00e4ra - Nys\u00e4ter lantbruk","og_description":"\u00c5rets st\u00f6rsta st\u00e4d- och plocktid \u00e4r h\u00e4r. Det ser hemskt ut p\u00e5 vissa h\u00e5ll men man beh\u00f6ver inte vara utan sm\u00e5jobb och tillfredsst\u00e4llande uppr\u00f6jningsprojekt. \u00a0 F\u00f6rsta ensilageplattan blev tom f\u00f6r n\u00e5gon m\u00e5nad sedan men det \u00e4r inte f\u00f6rr\u00e4n nu alla plastrester och bild\u00e4ck har tinat fram ordentligt. S\u00e5h\u00e4r s\u00e5g det ut i helgen. P\u00e5 s\u00f6ndagen...","og_url":"https:\/\/blogg.atl.nu\/nysater\/2025\/04\/23\/stada-plocka-bara\/","og_site_name":"Nys\u00e4ter lantbruk","article_published_time":"2025-04-23T20:47:46+00:00","article_modified_time":"2025-04-23T20:56:58+00:00","og_image":[{"width":2560,"height":1920,"url":"https:\/\/blogg.atl.nu\/nysater\/wp-content\/uploads\/sites\/26\/2025\/04\/tempImage0rIaSx-scaled.jpg","type":"image\/jpeg"}],"author":"Elin Bergstr\u00f6m","twitter_card":"summary","twitter_misc":{"Skriven av":"Elin Bergstr\u00f6m","Ber\u00e4knad l\u00e4stid":"3 minuter"},"schema":{"@context":"https:\/\/schema.org","@graph":[{"@type":"WebPage","@id":"https:\/\/blogg.atl.nu\/nysater\/2025\/04\/23\/stada-plocka-bara\/","url":"https:\/\/blogg.atl.nu\/nysater\/2025\/04\/23\/stada-plocka-bara\/","name":"St\u00e4da, plocka, b\u00e4ra - Nys\u00e4ter lantbruk","isPartOf":{"@id":"https:\/\/blogg.atl.nu\/nysater\/#website"},"datePublished":"2025-04-23T20:47:46+00:00","dateModified":"2025-04-23T20:56:58+00:00","author":{"@id":"https:\/\/blogg.atl.nu\/nysater\/#\/schema\/person\/44ec87efb92df15b0f3b0c68a84c7c0f"},"breadcrumb":{"@id":"https:\/\/blogg.atl.nu\/nysater\/2025\/04\/23\/stada-plocka-bara\/#breadcrumb"},"inLanguage":"sv-SE","potentialAction":[{"@type":"ReadAction","target":["https:\/\/blogg.atl.nu\/nysater\/2025\/04\/23\/stada-plocka-bara\/"]}]},{"@type":"BreadcrumbList","@id":"https:\/\/blogg.atl.nu\/nysater\/2025\/04\/23\/stada-plocka-bara\/#breadcrumb","itemListElement":[{"@type":"ListItem","position":1,"name":"Hem","item":"https:\/\/blogg.atl.nu\/nysater\/"},{"@type":"ListItem","position":2,"name":"St\u00e4da, plocka, b\u00e4ra"}]},{"@type":"WebSite","@id":"https:\/\/blogg.atl.nu\/nysater\/#website","url":"https:\/\/blogg.atl.nu\/nysater\/","name":"Nys\u00e4ter lantbruk","description":"Elin Bergstr\u00f6m","potentialAction":[{"@type":"SearchAction","target":{"@type":"EntryPoint","urlTemplate":"https:\/\/blogg.atl.nu\/nysater\/?s={search_term_string}"},"query-input":"required name=search_term_string"}],"inLanguage":"sv-SE"},{"@type":"Person","@id":"https:\/\/blogg.atl.nu\/nysater\/#\/schema\/person\/44ec87efb92df15b0f3b0c68a84c7c0f","name":"Elin Bergstr\u00f6m","image":{"@type":"ImageObject","inLanguage":"sv-SE","@id":"https:\/\/blogg.atl.nu\/nysater\/#\/schema\/person\/image\/","url":"https:\/\/secure.gravatar.com\/avatar\/c68fea4c0b5b10e41c5a9ecd1fb1b3c0?s=96&d=mm&r=g","contentUrl":"https:\/\/secure.gravatar.com\/avatar\/c68fea4c0b5b10e41c5a9ecd1fb1b3c0?s=96&d=mm&r=g","caption":"Elin Bergstr\u00f6m"},"url":"https:\/\/blogg.atl.nu\/nysater\/author\/elin\/"}]}},"_links":{"self":[{"href":"https:\/\/blogg.atl.nu\/nysater\/wp-json\/wp\/v2\/posts\/239040"}],"collection":[{"href":"https:\/\/blogg.atl.nu\/nysater\/wp-json\/wp\/v2\/posts"}],"about":[{"href":"https:\/\/blogg.atl.nu\/nysater\/wp-json\/wp\/v2\/types\/post"}],"author":[{"embeddable":true,"href":"https:\/\/blogg.atl.nu\/nysater\/wp-json\/wp\/v2\/users\/338"}],"replies":[{"embeddable":true,"href":"https:\/\/blogg.atl.nu\/nysater\/wp-json\/wp\/v2\/comments?post=239040"}],"version-history":[{"count":6,"href":"https:\/\/blogg.atl.nu\/nysater\/wp-json\/wp\/v2\/posts\/239040\/revisions"}],"predecessor-version":[{"id":239053,"href":"https:\/\/blogg.atl.nu\/nysater\/wp-json\/wp\/v2\/posts\/239040\/revisions\/239053"}],"wp:featuredmedia":[{"embeddable":true,"href":"https:\/\/blogg.atl.nu\/nysater\/wp-json\/wp\/v2\/media\/239047"}],"wp:attachment":[{"href":"https:\/\/blogg.atl.nu\/nysater\/wp-json\/wp\/v2\/media?parent=239040"}],"wp:term":[{"taxonomy":"category","embeddable":true,"href":"https:\/\/blogg.atl.nu\/nysater\/wp-json\/wp\/v2\/categories?post=239040"},{"taxonomy":"post_tag","embeddable":true,"href":"https:\/\/blogg.atl.nu\/nysater\/wp-json\/wp\/v2\/tags?post=239040"}],"curies":[{"name":"wp","href":"https:\/\/api.w.org\/{rel}","templated":true}]}}