{"id":240370,"date":"2025-11-03T20:58:16","date_gmt":"2025-11-03T19:58:16","guid":{"rendered":"https:\/\/blogg.atl.nu\/nysater\/?p=240370"},"modified":"2025-11-03T20:59:20","modified_gmt":"2025-11-03T19:59:20","slug":"klockan-tickar-och-plogen-gar","status":"publish","type":"post","link":"https:\/\/blogg.atl.nu\/nysater\/2025\/11\/03\/klockan-tickar-och-plogen-gar\/","title":{"rendered":"Klockan tickar och plogen g\u00e5r"},"content":{"rendered":"<p><strong>Snaran b\u00f6rjar dras \u00e5t kring h\u00f6stbrukshalsen men jag tror det kommer att g\u00e5 v\u00e4gen. N\u00e5gra dagar till bara s\u00e5 \u00e4r det klart inf\u00f6r vintern.\u00a0<\/strong><\/p>\n<p>Sn\u00f6 och kyla kan snart vara p\u00e5 ing\u00e5ng och till helgen \u00e5ker Danne till Tyskland och blir borta n\u00e4stan en vecka. Detta inneb\u00e4r att skitk\u00f6rningen m\u00e5ste bli klar inom v\u00e4ldigt kort och sprider man skit m\u00e5ste den ocks\u00e5 pl\u00f6jas ner.<\/p>\n<p><img loading=\"lazy\" class=\"alignnone size-medium wp-image-240376\" src=\"https:\/\/blogg.atl.nu\/nysater\/wp-content\/uploads\/sites\/26\/2025\/11\/IMG_7806-300x225.jpeg\" alt=\"\" width=\"300\" height=\"225\" srcset=\"https:\/\/blogg.atl.nu\/nysater\/wp-content\/uploads\/sites\/26\/2025\/11\/IMG_7806-300x225.jpeg 300w, https:\/\/blogg.atl.nu\/nysater\/wp-content\/uploads\/sites\/26\/2025\/11\/IMG_7806-1024x768.jpeg 1024w, https:\/\/blogg.atl.nu\/nysater\/wp-content\/uploads\/sites\/26\/2025\/11\/IMG_7806-768x576.jpeg 768w, https:\/\/blogg.atl.nu\/nysater\/wp-content\/uploads\/sites\/26\/2025\/11\/IMG_7806-1536x1152.jpeg 1536w, https:\/\/blogg.atl.nu\/nysater\/wp-content\/uploads\/sites\/26\/2025\/11\/IMG_7806-2048x1536.jpeg 2048w\" sizes=\"(max-width: 300px) 100vw, 300px\" \/><\/p>\n<p>D\u00e4rf\u00f6r k\u00f6rs det f\u00f6r fullt nu och H\u00e5kan och Greger Bengtsson (plogen, Greriore Besson) jagar Danne genom trakten.<\/p>\n<p><img loading=\"lazy\" class=\"alignnone size-medium wp-image-240372\" src=\"https:\/\/blogg.atl.nu\/nysater\/wp-content\/uploads\/sites\/26\/2025\/11\/IMG_7810-300x225.jpeg\" alt=\"\" width=\"300\" height=\"225\" srcset=\"https:\/\/blogg.atl.nu\/nysater\/wp-content\/uploads\/sites\/26\/2025\/11\/IMG_7810-300x225.jpeg 300w, https:\/\/blogg.atl.nu\/nysater\/wp-content\/uploads\/sites\/26\/2025\/11\/IMG_7810-1024x768.jpeg 1024w, https:\/\/blogg.atl.nu\/nysater\/wp-content\/uploads\/sites\/26\/2025\/11\/IMG_7810-768x576.jpeg 768w, https:\/\/blogg.atl.nu\/nysater\/wp-content\/uploads\/sites\/26\/2025\/11\/IMG_7810-1536x1152.jpeg 1536w, https:\/\/blogg.atl.nu\/nysater\/wp-content\/uploads\/sites\/26\/2025\/11\/IMG_7810-2048x1536.jpeg 2048w\" sizes=\"(max-width: 300px) 100vw, 300px\" \/><\/p>\n<p>Ca 40-50 heltar ska pl\u00f6jas i \u00e5r. Mer \u00e4n h\u00e4lften \u00e4r klart s\u00e5 det finns definitivt hopp. Bilderna \u00e4r fr\u00e5n Sodalen, en by h\u00e4r i n\u00e4rheten.<\/p>\n<p><img loading=\"lazy\" class=\"alignnone size-medium wp-image-240378\" src=\"https:\/\/blogg.atl.nu\/nysater\/wp-content\/uploads\/sites\/26\/2025\/11\/IMG_7804-300x225.jpeg\" alt=\"\" width=\"300\" height=\"225\" srcset=\"https:\/\/blogg.atl.nu\/nysater\/wp-content\/uploads\/sites\/26\/2025\/11\/IMG_7804-300x225.jpeg 300w, https:\/\/blogg.atl.nu\/nysater\/wp-content\/uploads\/sites\/26\/2025\/11\/IMG_7804-1024x768.jpeg 1024w, https:\/\/blogg.atl.nu\/nysater\/wp-content\/uploads\/sites\/26\/2025\/11\/IMG_7804-768x576.jpeg 768w, https:\/\/blogg.atl.nu\/nysater\/wp-content\/uploads\/sites\/26\/2025\/11\/IMG_7804-1536x1152.jpeg 1536w, https:\/\/blogg.atl.nu\/nysater\/wp-content\/uploads\/sites\/26\/2025\/11\/IMG_7804-2048x1536.jpeg 2048w\" sizes=\"(max-width: 300px) 100vw, 300px\" \/><\/p>\n<p>Resten av det som ska s\u00e5s i v\u00e5r ska kultiveras n\u00e4r den tiden kommer. Tids- och br\u00e4nslebesparingen \u00e4r verkligen stor i j\u00e4mf\u00f6relse med tidigare \u00e5r n\u00e4r precis allt skulle b\u00e5de pl\u00f6jas och harvas. Nu pl\u00f6jer vi fr\u00e4mst vid vallbrott. L\u00f6s\u00e5krarna g\u00e5r alldeles utm\u00e4rkt att bara kultivera.<\/p>\n","protected":false},"excerpt":{"rendered":"<p>Snaran b\u00f6rjar dras \u00e5t kring h\u00f6stbrukshalsen men jag tror det kommer att g\u00e5 v\u00e4gen. N\u00e5gra dagar till bara s\u00e5 \u00e4r det klart inf\u00f6r vintern.\u00a0 Sn\u00f6 och kyla kan snart vara p\u00e5 ing\u00e5ng och till helgen \u00e5ker Danne till Tyskland och blir borta n\u00e4stan en vecka. Detta inneb\u00e4r att skitk\u00f6rningen m\u00e5ste bli klar inom v\u00e4ldigt kort&#8230;<\/p>\n","protected":false},"author":338,"featured_media":240371,"comment_status":"open","ping_status":"open","sticky":false,"template":"","format":"standard","meta":[],"categories":[1],"tags":[],"yoast_head":"<!-- This site is optimized with the Yoast SEO plugin v19.6 - https:\/\/yoast.com\/wordpress\/plugins\/seo\/ -->\n<title>Klockan tickar och plogen g\u00e5r - Nys\u00e4ter lantbruk<\/title>\n<meta name=\"robots\" content=\"index, follow, max-snippet:-1, max-image-preview:large, max-video-preview:-1\" \/>\n<link rel=\"canonical\" href=\"https:\/\/blogg.atl.nu\/nysater\/2025\/11\/03\/klockan-tickar-och-plogen-gar\/\" \/>\n<meta property=\"og:locale\" content=\"sv_SE\" \/>\n<meta property=\"og:type\" content=\"article\" \/>\n<meta property=\"og:title\" content=\"Klockan tickar och plogen g\u00e5r - Nys\u00e4ter lantbruk\" \/>\n<meta property=\"og:description\" content=\"Snaran b\u00f6rjar dras \u00e5t kring h\u00f6stbrukshalsen men jag tror det kommer att g\u00e5 v\u00e4gen. N\u00e5gra dagar till bara s\u00e5 \u00e4r det klart inf\u00f6r vintern.\u00a0 Sn\u00f6 och kyla kan snart vara p\u00e5 ing\u00e5ng och till helgen \u00e5ker Danne till Tyskland och blir borta n\u00e4stan en vecka. Detta inneb\u00e4r att skitk\u00f6rningen m\u00e5ste bli klar inom v\u00e4ldigt kort...\" \/>\n<meta property=\"og:url\" content=\"https:\/\/blogg.atl.nu\/nysater\/2025\/11\/03\/klockan-tickar-och-plogen-gar\/\" \/>\n<meta property=\"og:site_name\" content=\"Nys\u00e4ter lantbruk\" \/>\n<meta property=\"article:published_time\" content=\"2025-11-03T19:58:16+00:00\" \/>\n<meta property=\"article:modified_time\" content=\"2025-11-03T19:59:20+00:00\" \/>\n<meta property=\"og:image\" content=\"https:\/\/blogg.atl.nu\/nysater\/wp-content\/uploads\/sites\/26\/2025\/11\/IMG_7811-scaled.jpeg\" \/>\n\t<meta property=\"og:image:width\" content=\"2560\" \/>\n\t<meta property=\"og:image:height\" content=\"1920\" \/>\n\t<meta property=\"og:image:type\" content=\"image\/jpeg\" \/>\n<meta name=\"author\" content=\"Elin Bergstr\u00f6m\" \/>\n<meta name=\"twitter:card\" content=\"summary\" \/>\n<meta name=\"twitter:label1\" content=\"Skriven av\" \/>\n\t<meta name=\"twitter:data1\" content=\"Elin Bergstr\u00f6m\" \/>\n\t<meta name=\"twitter:label2\" content=\"Ber\u00e4knad l\u00e4stid\" \/>\n\t<meta name=\"twitter:data2\" content=\"2 minuter\" \/>\n<script type=\"application\/ld+json\" class=\"yoast-schema-graph\">{\"@context\":\"https:\/\/schema.org\",\"@graph\":[{\"@type\":\"WebPage\",\"@id\":\"https:\/\/blogg.atl.nu\/nysater\/2025\/11\/03\/klockan-tickar-och-plogen-gar\/\",\"url\":\"https:\/\/blogg.atl.nu\/nysater\/2025\/11\/03\/klockan-tickar-och-plogen-gar\/\",\"name\":\"Klockan tickar och plogen g\u00e5r - Nys\u00e4ter lantbruk\",\"isPartOf\":{\"@id\":\"https:\/\/blogg.atl.nu\/nysater\/#website\"},\"datePublished\":\"2025-11-03T19:58:16+00:00\",\"dateModified\":\"2025-11-03T19:59:20+00:00\",\"author\":{\"@id\":\"https:\/\/blogg.atl.nu\/nysater\/#\/schema\/person\/44ec87efb92df15b0f3b0c68a84c7c0f\"},\"breadcrumb\":{\"@id\":\"https:\/\/blogg.atl.nu\/nysater\/2025\/11\/03\/klockan-tickar-och-plogen-gar\/#breadcrumb\"},\"inLanguage\":\"sv-SE\",\"potentialAction\":[{\"@type\":\"ReadAction\",\"target\":[\"https:\/\/blogg.atl.nu\/nysater\/2025\/11\/03\/klockan-tickar-och-plogen-gar\/\"]}]},{\"@type\":\"BreadcrumbList\",\"@id\":\"https:\/\/blogg.atl.nu\/nysater\/2025\/11\/03\/klockan-tickar-och-plogen-gar\/#breadcrumb\",\"itemListElement\":[{\"@type\":\"ListItem\",\"position\":1,\"name\":\"Hem\",\"item\":\"https:\/\/blogg.atl.nu\/nysater\/\"},{\"@type\":\"ListItem\",\"position\":2,\"name\":\"Klockan tickar och plogen g\u00e5r\"}]},{\"@type\":\"WebSite\",\"@id\":\"https:\/\/blogg.atl.nu\/nysater\/#website\",\"url\":\"https:\/\/blogg.atl.nu\/nysater\/\",\"name\":\"Nys\u00e4ter lantbruk\",\"description\":\"Elin Bergstr\u00f6m\",\"potentialAction\":[{\"@type\":\"SearchAction\",\"target\":{\"@type\":\"EntryPoint\",\"urlTemplate\":\"https:\/\/blogg.atl.nu\/nysater\/?s={search_term_string}\"},\"query-input\":\"required name=search_term_string\"}],\"inLanguage\":\"sv-SE\"},{\"@type\":\"Person\",\"@id\":\"https:\/\/blogg.atl.nu\/nysater\/#\/schema\/person\/44ec87efb92df15b0f3b0c68a84c7c0f\",\"name\":\"Elin Bergstr\u00f6m\",\"image\":{\"@type\":\"ImageObject\",\"inLanguage\":\"sv-SE\",\"@id\":\"https:\/\/blogg.atl.nu\/nysater\/#\/schema\/person\/image\/\",\"url\":\"https:\/\/secure.gravatar.com\/avatar\/c68fea4c0b5b10e41c5a9ecd1fb1b3c0?s=96&d=mm&r=g\",\"contentUrl\":\"https:\/\/secure.gravatar.com\/avatar\/c68fea4c0b5b10e41c5a9ecd1fb1b3c0?s=96&d=mm&r=g\",\"caption\":\"Elin Bergstr\u00f6m\"},\"url\":\"https:\/\/blogg.atl.nu\/nysater\/author\/elin\/\"}]}<\/script>\n<!-- \/ Yoast SEO plugin. -->","yoast_head_json":{"title":"Klockan tickar och plogen g\u00e5r - Nys\u00e4ter lantbruk","robots":{"index":"index","follow":"follow","max-snippet":"max-snippet:-1","max-image-preview":"max-image-preview:large","max-video-preview":"max-video-preview:-1"},"canonical":"https:\/\/blogg.atl.nu\/nysater\/2025\/11\/03\/klockan-tickar-och-plogen-gar\/","og_locale":"sv_SE","og_type":"article","og_title":"Klockan tickar och plogen g\u00e5r - Nys\u00e4ter lantbruk","og_description":"Snaran b\u00f6rjar dras \u00e5t kring h\u00f6stbrukshalsen men jag tror det kommer att g\u00e5 v\u00e4gen. N\u00e5gra dagar till bara s\u00e5 \u00e4r det klart inf\u00f6r vintern.\u00a0 Sn\u00f6 och kyla kan snart vara p\u00e5 ing\u00e5ng och till helgen \u00e5ker Danne till Tyskland och blir borta n\u00e4stan en vecka. Detta inneb\u00e4r att skitk\u00f6rningen m\u00e5ste bli klar inom v\u00e4ldigt kort...","og_url":"https:\/\/blogg.atl.nu\/nysater\/2025\/11\/03\/klockan-tickar-och-plogen-gar\/","og_site_name":"Nys\u00e4ter lantbruk","article_published_time":"2025-11-03T19:58:16+00:00","article_modified_time":"2025-11-03T19:59:20+00:00","og_image":[{"width":2560,"height":1920,"url":"https:\/\/blogg.atl.nu\/nysater\/wp-content\/uploads\/sites\/26\/2025\/11\/IMG_7811-scaled.jpeg","type":"image\/jpeg"}],"author":"Elin Bergstr\u00f6m","twitter_card":"summary","twitter_misc":{"Skriven av":"Elin Bergstr\u00f6m","Ber\u00e4knad l\u00e4stid":"2 minuter"},"schema":{"@context":"https:\/\/schema.org","@graph":[{"@type":"WebPage","@id":"https:\/\/blogg.atl.nu\/nysater\/2025\/11\/03\/klockan-tickar-och-plogen-gar\/","url":"https:\/\/blogg.atl.nu\/nysater\/2025\/11\/03\/klockan-tickar-och-plogen-gar\/","name":"Klockan tickar och plogen g\u00e5r - Nys\u00e4ter lantbruk","isPartOf":{"@id":"https:\/\/blogg.atl.nu\/nysater\/#website"},"datePublished":"2025-11-03T19:58:16+00:00","dateModified":"2025-11-03T19:59:20+00:00","author":{"@id":"https:\/\/blogg.atl.nu\/nysater\/#\/schema\/person\/44ec87efb92df15b0f3b0c68a84c7c0f"},"breadcrumb":{"@id":"https:\/\/blogg.atl.nu\/nysater\/2025\/11\/03\/klockan-tickar-och-plogen-gar\/#breadcrumb"},"inLanguage":"sv-SE","potentialAction":[{"@type":"ReadAction","target":["https:\/\/blogg.atl.nu\/nysater\/2025\/11\/03\/klockan-tickar-och-plogen-gar\/"]}]},{"@type":"BreadcrumbList","@id":"https:\/\/blogg.atl.nu\/nysater\/2025\/11\/03\/klockan-tickar-och-plogen-gar\/#breadcrumb","itemListElement":[{"@type":"ListItem","position":1,"name":"Hem","item":"https:\/\/blogg.atl.nu\/nysater\/"},{"@type":"ListItem","position":2,"name":"Klockan tickar och plogen g\u00e5r"}]},{"@type":"WebSite","@id":"https:\/\/blogg.atl.nu\/nysater\/#website","url":"https:\/\/blogg.atl.nu\/nysater\/","name":"Nys\u00e4ter lantbruk","description":"Elin Bergstr\u00f6m","potentialAction":[{"@type":"SearchAction","target":{"@type":"EntryPoint","urlTemplate":"https:\/\/blogg.atl.nu\/nysater\/?s={search_term_string}"},"query-input":"required name=search_term_string"}],"inLanguage":"sv-SE"},{"@type":"Person","@id":"https:\/\/blogg.atl.nu\/nysater\/#\/schema\/person\/44ec87efb92df15b0f3b0c68a84c7c0f","name":"Elin Bergstr\u00f6m","image":{"@type":"ImageObject","inLanguage":"sv-SE","@id":"https:\/\/blogg.atl.nu\/nysater\/#\/schema\/person\/image\/","url":"https:\/\/secure.gravatar.com\/avatar\/c68fea4c0b5b10e41c5a9ecd1fb1b3c0?s=96&d=mm&r=g","contentUrl":"https:\/\/secure.gravatar.com\/avatar\/c68fea4c0b5b10e41c5a9ecd1fb1b3c0?s=96&d=mm&r=g","caption":"Elin Bergstr\u00f6m"},"url":"https:\/\/blogg.atl.nu\/nysater\/author\/elin\/"}]}},"_links":{"self":[{"href":"https:\/\/blogg.atl.nu\/nysater\/wp-json\/wp\/v2\/posts\/240370"}],"collection":[{"href":"https:\/\/blogg.atl.nu\/nysater\/wp-json\/wp\/v2\/posts"}],"about":[{"href":"https:\/\/blogg.atl.nu\/nysater\/wp-json\/wp\/v2\/types\/post"}],"author":[{"embeddable":true,"href":"https:\/\/blogg.atl.nu\/nysater\/wp-json\/wp\/v2\/users\/338"}],"replies":[{"embeddable":true,"href":"https:\/\/blogg.atl.nu\/nysater\/wp-json\/wp\/v2\/comments?post=240370"}],"version-history":[{"count":2,"href":"https:\/\/blogg.atl.nu\/nysater\/wp-json\/wp\/v2\/posts\/240370\/revisions"}],"predecessor-version":[{"id":240380,"href":"https:\/\/blogg.atl.nu\/nysater\/wp-json\/wp\/v2\/posts\/240370\/revisions\/240380"}],"wp:featuredmedia":[{"embeddable":true,"href":"https:\/\/blogg.atl.nu\/nysater\/wp-json\/wp\/v2\/media\/240371"}],"wp:attachment":[{"href":"https:\/\/blogg.atl.nu\/nysater\/wp-json\/wp\/v2\/media?parent=240370"}],"wp:term":[{"taxonomy":"category","embeddable":true,"href":"https:\/\/blogg.atl.nu\/nysater\/wp-json\/wp\/v2\/categories?post=240370"},{"taxonomy":"post_tag","embeddable":true,"href":"https:\/\/blogg.atl.nu\/nysater\/wp-json\/wp\/v2\/tags?post=240370"}],"curies":[{"name":"wp","href":"https:\/\/api.w.org\/{rel}","templated":true}]}}