{"id":240383,"date":"2025-11-06T22:34:37","date_gmt":"2025-11-06T21:34:37","guid":{"rendered":"https:\/\/blogg.atl.nu\/nysater\/?p=240383"},"modified":"2025-11-07T08:03:59","modified_gmt":"2025-11-07T07:03:59","slug":"sa-blir-nya-tjurstallet","status":"publish","type":"post","link":"https:\/\/blogg.atl.nu\/nysater\/2025\/11\/06\/sa-blir-nya-tjurstallet\/","title":{"rendered":"S\u00e5 blir nya tjurstallet"},"content":{"rendered":"<p><strong>Bygget g\u00e5r fram\u00e5t och nu \u00e4r det inte \u00f6verdrivet mycket kvar. Ikv\u00e4ll var det rena julst\u00e4mningen d\u00e4r ute, med ljusslinga i taket superm\u00e5ne i bakgrunden.\u00a0<\/strong><\/p>\n<p>Nu t\u00e4nkte jag ber\u00e4tta lite mer om det h\u00e4r stallet, f\u00f6r jag har mest visat t\u00e5rtbitar av byggprocessen \u00e4n s\u00e5 l\u00e4nge. Jag ska h\u00e5lla det kort men fakta m\u00e5ste helt enkelt fram. Byggm\u00e4nniskor d\u00e4r ute m\u00e5ste ju f\u00e5 veta mer om M\u00c5TTEN, herregud. Var \u00e4r det f\u00f6r M\u00c5TT?!<\/p>\n<p>Jo nu ska ni f\u00e5 h\u00f6ra.<\/p>\n<p><img loading=\"lazy\" class=\"alignnone size-medium wp-image-240387\" src=\"https:\/\/blogg.atl.nu\/nysater\/wp-content\/uploads\/sites\/26\/2025\/11\/tempImageuu1P8f-300x225.jpg\" alt=\"\" width=\"300\" height=\"225\" srcset=\"https:\/\/blogg.atl.nu\/nysater\/wp-content\/uploads\/sites\/26\/2025\/11\/tempImageuu1P8f-300x225.jpg 300w, https:\/\/blogg.atl.nu\/nysater\/wp-content\/uploads\/sites\/26\/2025\/11\/tempImageuu1P8f-1024x768.jpg 1024w, https:\/\/blogg.atl.nu\/nysater\/wp-content\/uploads\/sites\/26\/2025\/11\/tempImageuu1P8f-768x576.jpg 768w, https:\/\/blogg.atl.nu\/nysater\/wp-content\/uploads\/sites\/26\/2025\/11\/tempImageuu1P8f-1536x1152.jpg 1536w, https:\/\/blogg.atl.nu\/nysater\/wp-content\/uploads\/sites\/26\/2025\/11\/tempImageuu1P8f-2048x1536.jpg 2048w\" sizes=\"(max-width: 300px) 100vw, 300px\" \/><\/p>\n<p>M\u00e5tten p\u00e5 hela bygget \u00e4r 40 x 16 meter och som synes blir det \u00f6ppen l\u00e5ngsida med foderbord precis som i v\u00e5rt dikostall. Betongv\u00e4ggarna \u00e4r 1,8 meter och ovanf\u00f6r dem kommer en vanlig tr\u00e4resning. P\u00e5 insidan sitter formplyfa och utsidan har f\u00e5tt en klassisk br\u00e4dfasad.<\/p>\n<p><img loading=\"lazy\" class=\"alignnone size-medium wp-image-240385\" src=\"https:\/\/blogg.atl.nu\/nysater\/wp-content\/uploads\/sites\/26\/2025\/11\/tempImageTQvlMI-300x225.jpg\" alt=\"\" width=\"300\" height=\"225\" srcset=\"https:\/\/blogg.atl.nu\/nysater\/wp-content\/uploads\/sites\/26\/2025\/11\/tempImageTQvlMI-300x225.jpg 300w, https:\/\/blogg.atl.nu\/nysater\/wp-content\/uploads\/sites\/26\/2025\/11\/tempImageTQvlMI-1024x768.jpg 1024w, https:\/\/blogg.atl.nu\/nysater\/wp-content\/uploads\/sites\/26\/2025\/11\/tempImageTQvlMI-768x576.jpg 768w, https:\/\/blogg.atl.nu\/nysater\/wp-content\/uploads\/sites\/26\/2025\/11\/tempImageTQvlMI-1536x1152.jpg 1536w, https:\/\/blogg.atl.nu\/nysater\/wp-content\/uploads\/sites\/26\/2025\/11\/tempImageTQvlMI-2048x1536.jpg 2048w\" sizes=\"(max-width: 300px) 100vw, 300px\" \/><\/p>\n<p>Inne blir det 10 meter str\u00f6b\u00e4dd, 4 meter skrapg\u00e5ng och 2 meter foderbord. Vi forts\u00e4tter allts\u00e5 p\u00e5 det invanda och bygger som vi gjort tidigare. Vi gillar ju konceptet str\u00f6b\u00e4dd och skrapg\u00e5ng, dels f\u00f6r att det blir enkla och f\u00f6rh\u00e5llandevis billiga byggnader men ocks\u00e5 f\u00f6r att vi upplever det som en v\u00e4ldigt fin och bra djurmilj\u00f6. Att kunna lagra g\u00f6dsel i b\u00e4ddarna \u00e4r ocks\u00e5 en stor f\u00f6rdel.<\/p>\n<p><img loading=\"lazy\" class=\"alignnone size-medium wp-image-240390\" src=\"https:\/\/blogg.atl.nu\/nysater\/wp-content\/uploads\/sites\/26\/2025\/11\/halm-225x300.jpg\" alt=\"\" width=\"225\" height=\"300\" srcset=\"https:\/\/blogg.atl.nu\/nysater\/wp-content\/uploads\/sites\/26\/2025\/11\/halm-225x300.jpg 225w, https:\/\/blogg.atl.nu\/nysater\/wp-content\/uploads\/sites\/26\/2025\/11\/halm.jpg 720w\" sizes=\"(max-width: 225px) 100vw, 225px\" \/><br \/>\nNackdelen \u00e4r att man m\u00e5ste ha str\u00f6. Mycket str\u00f6. Eftersom vi odlar spannm\u00e5l har vi en del halm och genom \u00e5ren har vi l\u00e4rt oss om annat som ocks\u00e5 funkar. Str\u00f6 fr\u00e5n s\u00e4mre vallar \u00e4r till exempel ett bra komplement och p\u00e5 senare \u00e5r har vi varvat halm och sp\u00e5n med gott resultat.<\/p>\n<p><img loading=\"lazy\" class=\"alignnone size-medium wp-image-240302\" src=\"https:\/\/blogg.atl.nu\/nysater\/wp-content\/uploads\/sites\/26\/2025\/10\/IMG_7743-300x225.jpeg\" alt=\"\" width=\"300\" height=\"225\" srcset=\"https:\/\/blogg.atl.nu\/nysater\/wp-content\/uploads\/sites\/26\/2025\/10\/IMG_7743-300x225.jpeg 300w, https:\/\/blogg.atl.nu\/nysater\/wp-content\/uploads\/sites\/26\/2025\/10\/IMG_7743-1024x768.jpeg 1024w, https:\/\/blogg.atl.nu\/nysater\/wp-content\/uploads\/sites\/26\/2025\/10\/IMG_7743-768x576.jpeg 768w, https:\/\/blogg.atl.nu\/nysater\/wp-content\/uploads\/sites\/26\/2025\/10\/IMG_7743-1536x1152.jpeg 1536w, https:\/\/blogg.atl.nu\/nysater\/wp-content\/uploads\/sites\/26\/2025\/10\/IMG_7743-2048x1536.jpeg 2048w\" sizes=\"(max-width: 300px) 100vw, 300px\" \/><\/p>\n<p>Boxarna i det h\u00e4r stallet kommer att bli 5 meter breda och h\u00e5lla 15 djur i varje. Det blir 8 boxar och tanken \u00e4r att det ska hysa halvv\u00e4xta tjurar p\u00e5 va 250 &#8211; 400 kg. I nul\u00e4get har vi som en flaskhals i fl\u00f6det och s\u00e4rskilt kvigorna har inte tillr\u00e4ckligt med plats. Med detta bygge kommer vi b\u00e5de att kunna ut\u00f6ka antalet djur och f\u00e5 b\u00e4ttre snurr p\u00e5 v\u00e5ra k\u00f6ttraskvigor. De kommer att f\u00e5 en av de \u00e4ldre hallarna nu n\u00e4r tjurarna kan flytta till nytt.<\/p>\n<p>En annan fin sak i kr\u00e5ks\u00e5ngen \u00e4r att vi inte beh\u00f6ver investera i nya maskiner, varken f\u00f6r djursk\u00f6tseln eller v\u00e4xtodlingen. Fler djur p\u00e5 samma maskinpark \u00e4r alltid bra och den dag n\u00e5got m\u00e5ste bytas ut \u00e4r det fler som delar p\u00e5 kostnadsb\u00f6rdan.<\/p>\n<p><img loading=\"lazy\" class=\"alignnone size-medium wp-image-240388\" src=\"https:\/\/blogg.atl.nu\/nysater\/wp-content\/uploads\/sites\/26\/2025\/11\/vindvav-300x225.jpg\" alt=\"\" width=\"300\" height=\"225\" srcset=\"https:\/\/blogg.atl.nu\/nysater\/wp-content\/uploads\/sites\/26\/2025\/11\/vindvav-300x225.jpg 300w, https:\/\/blogg.atl.nu\/nysater\/wp-content\/uploads\/sites\/26\/2025\/11\/vindvav-1024x768.jpg 1024w, https:\/\/blogg.atl.nu\/nysater\/wp-content\/uploads\/sites\/26\/2025\/11\/vindvav-768x576.jpg 768w, https:\/\/blogg.atl.nu\/nysater\/wp-content\/uploads\/sites\/26\/2025\/11\/vindvav-1536x1152.jpg 1536w, https:\/\/blogg.atl.nu\/nysater\/wp-content\/uploads\/sites\/26\/2025\/11\/vindvav.jpg 2048w\" sizes=\"(max-width: 300px) 100vw, 300px\" \/><\/p>\n<p>Kort sagt bygger vi f\u00f6r b\u00e5de ut\u00f6kning och effektivisering, \u00e4ven om det sker i ganska liten skala den h\u00e4r g\u00e5ngen. Det blir inget j\u00e4ttesteg och inga stora f\u00f6r\u00e4ndringar driftm\u00e4ssigt. Men helt klart en finslipning av produktionen och en, som vi ser det, klok optimering av g\u00e5rdens resurser.<\/p>\n","protected":false},"excerpt":{"rendered":"<p>Bygget g\u00e5r fram\u00e5t och nu \u00e4r det inte \u00f6verdrivet mycket kvar. Ikv\u00e4ll var det rena julst\u00e4mningen d\u00e4r ute, med ljusslinga i taket superm\u00e5ne i bakgrunden.\u00a0 Nu t\u00e4nkte jag ber\u00e4tta lite mer om det h\u00e4r stallet, f\u00f6r jag har mest visat t\u00e5rtbitar av byggprocessen \u00e4n s\u00e5 l\u00e4nge. Jag ska h\u00e5lla det kort men fakta m\u00e5ste helt&#8230;<\/p>\n","protected":false},"author":338,"featured_media":240386,"comment_status":"open","ping_status":"open","sticky":false,"template":"","format":"standard","meta":[],"categories":[1],"tags":[],"yoast_head":"<!-- This site is optimized with the Yoast SEO plugin v19.6 - https:\/\/yoast.com\/wordpress\/plugins\/seo\/ -->\n<title>S\u00e5 blir nya tjurstallet - Nys\u00e4ter lantbruk<\/title>\n<meta name=\"robots\" content=\"index, follow, max-snippet:-1, max-image-preview:large, max-video-preview:-1\" \/>\n<link rel=\"canonical\" href=\"https:\/\/blogg.atl.nu\/nysater\/2025\/11\/06\/sa-blir-nya-tjurstallet\/\" \/>\n<meta property=\"og:locale\" content=\"sv_SE\" \/>\n<meta property=\"og:type\" content=\"article\" \/>\n<meta property=\"og:title\" content=\"S\u00e5 blir nya tjurstallet - Nys\u00e4ter lantbruk\" \/>\n<meta property=\"og:description\" content=\"Bygget g\u00e5r fram\u00e5t och nu \u00e4r det inte \u00f6verdrivet mycket kvar. Ikv\u00e4ll var det rena julst\u00e4mningen d\u00e4r ute, med ljusslinga i taket superm\u00e5ne i bakgrunden.\u00a0 Nu t\u00e4nkte jag ber\u00e4tta lite mer om det h\u00e4r stallet, f\u00f6r jag har mest visat t\u00e5rtbitar av byggprocessen \u00e4n s\u00e5 l\u00e4nge. Jag ska h\u00e5lla det kort men fakta m\u00e5ste helt...\" \/>\n<meta property=\"og:url\" content=\"https:\/\/blogg.atl.nu\/nysater\/2025\/11\/06\/sa-blir-nya-tjurstallet\/\" \/>\n<meta property=\"og:site_name\" content=\"Nys\u00e4ter lantbruk\" \/>\n<meta property=\"article:published_time\" content=\"2025-11-06T21:34:37+00:00\" \/>\n<meta property=\"article:modified_time\" content=\"2025-11-07T07:03:59+00:00\" \/>\n<meta property=\"og:image\" content=\"https:\/\/blogg.atl.nu\/nysater\/wp-content\/uploads\/sites\/26\/2025\/11\/tempImageCuEfN4-scaled.jpg\" \/>\n\t<meta property=\"og:image:width\" content=\"2560\" \/>\n\t<meta property=\"og:image:height\" content=\"1920\" \/>\n\t<meta property=\"og:image:type\" content=\"image\/jpeg\" \/>\n<meta name=\"author\" content=\"Elin Bergstr\u00f6m\" \/>\n<meta name=\"twitter:card\" content=\"summary\" \/>\n<meta name=\"twitter:label1\" content=\"Skriven av\" \/>\n\t<meta name=\"twitter:data1\" content=\"Elin Bergstr\u00f6m\" \/>\n\t<meta name=\"twitter:label2\" content=\"Ber\u00e4knad l\u00e4stid\" \/>\n\t<meta name=\"twitter:data2\" content=\"4 minuter\" \/>\n<script type=\"application\/ld+json\" class=\"yoast-schema-graph\">{\"@context\":\"https:\/\/schema.org\",\"@graph\":[{\"@type\":\"WebPage\",\"@id\":\"https:\/\/blogg.atl.nu\/nysater\/2025\/11\/06\/sa-blir-nya-tjurstallet\/\",\"url\":\"https:\/\/blogg.atl.nu\/nysater\/2025\/11\/06\/sa-blir-nya-tjurstallet\/\",\"name\":\"S\u00e5 blir nya tjurstallet - Nys\u00e4ter lantbruk\",\"isPartOf\":{\"@id\":\"https:\/\/blogg.atl.nu\/nysater\/#website\"},\"datePublished\":\"2025-11-06T21:34:37+00:00\",\"dateModified\":\"2025-11-07T07:03:59+00:00\",\"author\":{\"@id\":\"https:\/\/blogg.atl.nu\/nysater\/#\/schema\/person\/44ec87efb92df15b0f3b0c68a84c7c0f\"},\"breadcrumb\":{\"@id\":\"https:\/\/blogg.atl.nu\/nysater\/2025\/11\/06\/sa-blir-nya-tjurstallet\/#breadcrumb\"},\"inLanguage\":\"sv-SE\",\"potentialAction\":[{\"@type\":\"ReadAction\",\"target\":[\"https:\/\/blogg.atl.nu\/nysater\/2025\/11\/06\/sa-blir-nya-tjurstallet\/\"]}]},{\"@type\":\"BreadcrumbList\",\"@id\":\"https:\/\/blogg.atl.nu\/nysater\/2025\/11\/06\/sa-blir-nya-tjurstallet\/#breadcrumb\",\"itemListElement\":[{\"@type\":\"ListItem\",\"position\":1,\"name\":\"Hem\",\"item\":\"https:\/\/blogg.atl.nu\/nysater\/\"},{\"@type\":\"ListItem\",\"position\":2,\"name\":\"S\u00e5 blir nya tjurstallet\"}]},{\"@type\":\"WebSite\",\"@id\":\"https:\/\/blogg.atl.nu\/nysater\/#website\",\"url\":\"https:\/\/blogg.atl.nu\/nysater\/\",\"name\":\"Nys\u00e4ter lantbruk\",\"description\":\"Elin Bergstr\u00f6m\",\"potentialAction\":[{\"@type\":\"SearchAction\",\"target\":{\"@type\":\"EntryPoint\",\"urlTemplate\":\"https:\/\/blogg.atl.nu\/nysater\/?s={search_term_string}\"},\"query-input\":\"required name=search_term_string\"}],\"inLanguage\":\"sv-SE\"},{\"@type\":\"Person\",\"@id\":\"https:\/\/blogg.atl.nu\/nysater\/#\/schema\/person\/44ec87efb92df15b0f3b0c68a84c7c0f\",\"name\":\"Elin Bergstr\u00f6m\",\"image\":{\"@type\":\"ImageObject\",\"inLanguage\":\"sv-SE\",\"@id\":\"https:\/\/blogg.atl.nu\/nysater\/#\/schema\/person\/image\/\",\"url\":\"https:\/\/secure.gravatar.com\/avatar\/c68fea4c0b5b10e41c5a9ecd1fb1b3c0?s=96&d=mm&r=g\",\"contentUrl\":\"https:\/\/secure.gravatar.com\/avatar\/c68fea4c0b5b10e41c5a9ecd1fb1b3c0?s=96&d=mm&r=g\",\"caption\":\"Elin Bergstr\u00f6m\"},\"url\":\"https:\/\/blogg.atl.nu\/nysater\/author\/elin\/\"}]}<\/script>\n<!-- \/ Yoast SEO plugin. -->","yoast_head_json":{"title":"S\u00e5 blir nya tjurstallet - Nys\u00e4ter lantbruk","robots":{"index":"index","follow":"follow","max-snippet":"max-snippet:-1","max-image-preview":"max-image-preview:large","max-video-preview":"max-video-preview:-1"},"canonical":"https:\/\/blogg.atl.nu\/nysater\/2025\/11\/06\/sa-blir-nya-tjurstallet\/","og_locale":"sv_SE","og_type":"article","og_title":"S\u00e5 blir nya tjurstallet - Nys\u00e4ter lantbruk","og_description":"Bygget g\u00e5r fram\u00e5t och nu \u00e4r det inte \u00f6verdrivet mycket kvar. Ikv\u00e4ll var det rena julst\u00e4mningen d\u00e4r ute, med ljusslinga i taket superm\u00e5ne i bakgrunden.\u00a0 Nu t\u00e4nkte jag ber\u00e4tta lite mer om det h\u00e4r stallet, f\u00f6r jag har mest visat t\u00e5rtbitar av byggprocessen \u00e4n s\u00e5 l\u00e4nge. Jag ska h\u00e5lla det kort men fakta m\u00e5ste helt...","og_url":"https:\/\/blogg.atl.nu\/nysater\/2025\/11\/06\/sa-blir-nya-tjurstallet\/","og_site_name":"Nys\u00e4ter lantbruk","article_published_time":"2025-11-06T21:34:37+00:00","article_modified_time":"2025-11-07T07:03:59+00:00","og_image":[{"width":2560,"height":1920,"url":"https:\/\/blogg.atl.nu\/nysater\/wp-content\/uploads\/sites\/26\/2025\/11\/tempImageCuEfN4-scaled.jpg","type":"image\/jpeg"}],"author":"Elin Bergstr\u00f6m","twitter_card":"summary","twitter_misc":{"Skriven av":"Elin Bergstr\u00f6m","Ber\u00e4knad l\u00e4stid":"4 minuter"},"schema":{"@context":"https:\/\/schema.org","@graph":[{"@type":"WebPage","@id":"https:\/\/blogg.atl.nu\/nysater\/2025\/11\/06\/sa-blir-nya-tjurstallet\/","url":"https:\/\/blogg.atl.nu\/nysater\/2025\/11\/06\/sa-blir-nya-tjurstallet\/","name":"S\u00e5 blir nya tjurstallet - Nys\u00e4ter lantbruk","isPartOf":{"@id":"https:\/\/blogg.atl.nu\/nysater\/#website"},"datePublished":"2025-11-06T21:34:37+00:00","dateModified":"2025-11-07T07:03:59+00:00","author":{"@id":"https:\/\/blogg.atl.nu\/nysater\/#\/schema\/person\/44ec87efb92df15b0f3b0c68a84c7c0f"},"breadcrumb":{"@id":"https:\/\/blogg.atl.nu\/nysater\/2025\/11\/06\/sa-blir-nya-tjurstallet\/#breadcrumb"},"inLanguage":"sv-SE","potentialAction":[{"@type":"ReadAction","target":["https:\/\/blogg.atl.nu\/nysater\/2025\/11\/06\/sa-blir-nya-tjurstallet\/"]}]},{"@type":"BreadcrumbList","@id":"https:\/\/blogg.atl.nu\/nysater\/2025\/11\/06\/sa-blir-nya-tjurstallet\/#breadcrumb","itemListElement":[{"@type":"ListItem","position":1,"name":"Hem","item":"https:\/\/blogg.atl.nu\/nysater\/"},{"@type":"ListItem","position":2,"name":"S\u00e5 blir nya tjurstallet"}]},{"@type":"WebSite","@id":"https:\/\/blogg.atl.nu\/nysater\/#website","url":"https:\/\/blogg.atl.nu\/nysater\/","name":"Nys\u00e4ter lantbruk","description":"Elin Bergstr\u00f6m","potentialAction":[{"@type":"SearchAction","target":{"@type":"EntryPoint","urlTemplate":"https:\/\/blogg.atl.nu\/nysater\/?s={search_term_string}"},"query-input":"required name=search_term_string"}],"inLanguage":"sv-SE"},{"@type":"Person","@id":"https:\/\/blogg.atl.nu\/nysater\/#\/schema\/person\/44ec87efb92df15b0f3b0c68a84c7c0f","name":"Elin Bergstr\u00f6m","image":{"@type":"ImageObject","inLanguage":"sv-SE","@id":"https:\/\/blogg.atl.nu\/nysater\/#\/schema\/person\/image\/","url":"https:\/\/secure.gravatar.com\/avatar\/c68fea4c0b5b10e41c5a9ecd1fb1b3c0?s=96&d=mm&r=g","contentUrl":"https:\/\/secure.gravatar.com\/avatar\/c68fea4c0b5b10e41c5a9ecd1fb1b3c0?s=96&d=mm&r=g","caption":"Elin Bergstr\u00f6m"},"url":"https:\/\/blogg.atl.nu\/nysater\/author\/elin\/"}]}},"_links":{"self":[{"href":"https:\/\/blogg.atl.nu\/nysater\/wp-json\/wp\/v2\/posts\/240383"}],"collection":[{"href":"https:\/\/blogg.atl.nu\/nysater\/wp-json\/wp\/v2\/posts"}],"about":[{"href":"https:\/\/blogg.atl.nu\/nysater\/wp-json\/wp\/v2\/types\/post"}],"author":[{"embeddable":true,"href":"https:\/\/blogg.atl.nu\/nysater\/wp-json\/wp\/v2\/users\/338"}],"replies":[{"embeddable":true,"href":"https:\/\/blogg.atl.nu\/nysater\/wp-json\/wp\/v2\/comments?post=240383"}],"version-history":[{"count":11,"href":"https:\/\/blogg.atl.nu\/nysater\/wp-json\/wp\/v2\/posts\/240383\/revisions"}],"predecessor-version":[{"id":240402,"href":"https:\/\/blogg.atl.nu\/nysater\/wp-json\/wp\/v2\/posts\/240383\/revisions\/240402"}],"wp:featuredmedia":[{"embeddable":true,"href":"https:\/\/blogg.atl.nu\/nysater\/wp-json\/wp\/v2\/media\/240386"}],"wp:attachment":[{"href":"https:\/\/blogg.atl.nu\/nysater\/wp-json\/wp\/v2\/media?parent=240383"}],"wp:term":[{"taxonomy":"category","embeddable":true,"href":"https:\/\/blogg.atl.nu\/nysater\/wp-json\/wp\/v2\/categories?post=240383"},{"taxonomy":"post_tag","embeddable":true,"href":"https:\/\/blogg.atl.nu\/nysater\/wp-json\/wp\/v2\/tags?post=240383"}],"curies":[{"name":"wp","href":"https:\/\/api.w.org\/{rel}","templated":true}]}}