{"id":241723,"date":"2026-08-30T23:44:12","date_gmt":"2026-08-30T21:44:12","guid":{"rendered":"https:\/\/blogg.atl.nu\/nysater\/?p=241723"},"modified":"2026-08-30T23:51:14","modified_gmt":"2026-08-30T21:51:14","slug":"hem-till-nya-tider","status":"publish","type":"post","link":"https:\/\/blogg.atl.nu\/nysater\/2026\/08\/30\/hem-till-nya-tider\/","title":{"rendered":"Hem till nya tider"},"content":{"rendered":"<p><b>P\u00e5 resande fot igen och nu stundar nya tider medan t\u00e5get tar mig hem\u00e5t. En person mindre hemma, en ny arbetskamrat p\u00e5 g\u00e5rden och en sp\u00e4ckad jobbvecka f\u00f6r alla.\u00a0<\/b><\/p>\n<p>Det blir en konstig vecka f\u00f6r arbetslaget \u00e4r f\u00f6r\u00e4ndrat nu. Efter en hel sommar med \u00e4ldsta dottern p\u00e5 g\u00e5rden har hon l\u00e4mnat V\u00e4sternorrland och installerat sig i Sk\u00e5ne f\u00f6r att plugga. Jag hade f\u00f6rm\u00e5nen att f\u00e5 f\u00f6lja med dit ner och hj\u00e4lpa till med diverse mattor och second handfynd i helgen. S\u00e5 jag kan lova att det k\u00e4nns dubbelt nu n\u00e4r jag \u00e4r p\u00e5 v\u00e4g hem igen med natt\u00e5get mot Sundsvall.<\/p>\n<p>Vi hade n\u00e5gra intensiva men v\u00e4ldigt roliga dagar tillsammans och \u00e4ven om det k\u00e4nns tomt just nu s\u00e5 \u00e4r det f\u00f6rst\u00e5s v\u00e4ldigt kul n\u00e4r ens barn tar nya steg i livet. Utbildning, jobb, flytt och sp\u00e4nnande f\u00f6r\u00e4ndringar \u00e4r ju vad man \u00f6nskar dem. Samtidigt som man vill knyta fast dem i sin egen, omedelbara n\u00e4rhet ibland. Dubbelt som sagt.<\/p>\n<p><img loading=\"lazy\" class=\"alignnone wp-image-239666 size-medium\" src=\"https:\/\/blogg.atl.nu\/nysater\/wp-content\/uploads\/sites\/26\/2025\/07\/IMG_6306-scaled-e1788126360887-253x300.jpeg\" alt=\"\" width=\"253\" height=\"300\" srcset=\"https:\/\/blogg.atl.nu\/nysater\/wp-content\/uploads\/sites\/26\/2025\/07\/IMG_6306-scaled-e1788126360887-253x300.jpeg 253w, https:\/\/blogg.atl.nu\/nysater\/wp-content\/uploads\/sites\/26\/2025\/07\/IMG_6306-scaled-e1788126360887-865x1024.jpeg 865w, https:\/\/blogg.atl.nu\/nysater\/wp-content\/uploads\/sites\/26\/2025\/07\/IMG_6306-scaled-e1788126360887-768x910.jpeg 768w, https:\/\/blogg.atl.nu\/nysater\/wp-content\/uploads\/sites\/26\/2025\/07\/IMG_6306-scaled-e1788126360887-1297x1536.jpeg 1297w, https:\/\/blogg.atl.nu\/nysater\/wp-content\/uploads\/sites\/26\/2025\/07\/IMG_6306-scaled-e1788126360887.jpeg 1561w\" sizes=\"(max-width: 253px) 100vw, 253px\" \/><\/p>\n<p>Eftersom det blir manfall i arbetsgruppen hemma nu, lagom till spannm\u00e5lssk\u00f6rden, har vi letat med ljus och lykta efter f\u00f6rst\u00e4rkning. Till slut fick vi napp, i alla fall p\u00e5 prov, s\u00e5 i morgon ska Danne f\u00e5 hj\u00e4lp i g\u00e5rdsarbetet av en kille med koll p\u00e5 b\u00e5de djur och maskiner. Sj\u00e4lv ska jag riva av ett arbetspass p\u00e5 sjukhuset efter t\u00e5gresan och p\u00e5 eftermiddagen kommer jag hem och kollar s\u00e5 alla har sk\u00f6tt sig.<\/p>\n<p><img loading=\"lazy\" class=\"alignnone size-medium wp-image-241725\" src=\"https:\/\/blogg.atl.nu\/nysater\/wp-content\/uploads\/sites\/26\/2026\/08\/tempImageAOj8fP-225x300.jpg\" alt=\"\" width=\"225\" height=\"300\" srcset=\"https:\/\/blogg.atl.nu\/nysater\/wp-content\/uploads\/sites\/26\/2026\/08\/tempImageAOj8fP-225x300.jpg 225w, https:\/\/blogg.atl.nu\/nysater\/wp-content\/uploads\/sites\/26\/2026\/08\/tempImageAOj8fP-768x1024.jpg 768w, https:\/\/blogg.atl.nu\/nysater\/wp-content\/uploads\/sites\/26\/2026\/08\/tempImageAOj8fP-1152x1536.jpg 1152w, https:\/\/blogg.atl.nu\/nysater\/wp-content\/uploads\/sites\/26\/2026\/08\/tempImageAOj8fP-1536x2048.jpg 1536w, https:\/\/blogg.atl.nu\/nysater\/wp-content\/uploads\/sites\/26\/2026\/08\/tempImageAOj8fP-scaled.jpg 1920w\" sizes=\"(max-width: 225px) 100vw, 225px\" \/><\/p>\n<p>Nu \u00e4r t\u00e5get snart i G\u00e4vle och h\u00e4r \u00e4r tre saker jag \u00f6nskar mig just nu:<\/p>\n<ol>\n<li>\u00a0 &#8211; Tv\u00e5 dygn till i Lomma.<\/li>\n<li>\u00a0&#8211; En sovkup\u00e9 eller \u00e5tminstone ett tomt granns\u00e4te s\u00e5 jag kan l\u00e4gga mig ner en stund.<\/li>\n<li>\u00a0&#8211; Min fluffiga lilla hund att klappa p\u00e5.<\/li>\n<\/ol>\n<p>&nbsp;<\/p>\n<p>&nbsp;<\/p>\n","protected":false},"excerpt":{"rendered":"<p>P\u00e5 resande fot igen och nu stundar nya tider medan t\u00e5get tar mig hem\u00e5t. En person mindre hemma, en ny arbetskamrat p\u00e5 g\u00e5rden och en sp\u00e4ckad jobbvecka f\u00f6r alla.\u00a0 Det blir en konstig vecka f\u00f6r arbetslaget \u00e4r f\u00f6r\u00e4ndrat nu. Efter en hel sommar med \u00e4ldsta dottern p\u00e5 g\u00e5rden har hon l\u00e4mnat V\u00e4sternorrland och installerat sig&#8230;<\/p>\n","protected":false},"author":338,"featured_media":241725,"comment_status":"open","ping_status":"open","sticky":false,"template":"","format":"standard","meta":[],"categories":[1],"tags":[594],"yoast_head":"<!-- This site is optimized with the Yoast SEO plugin v19.6 - https:\/\/yoast.com\/wordpress\/plugins\/seo\/ -->\n<title>Hem till nya tider - Nys\u00e4ter lantbruk<\/title>\n<meta name=\"robots\" content=\"index, follow, max-snippet:-1, max-image-preview:large, max-video-preview:-1\" \/>\n<link rel=\"canonical\" href=\"https:\/\/blogg.atl.nu\/nysater\/2026\/08\/30\/hem-till-nya-tider\/\" \/>\n<meta property=\"og:locale\" content=\"sv_SE\" \/>\n<meta property=\"og:type\" content=\"article\" \/>\n<meta property=\"og:title\" content=\"Hem till nya tider - Nys\u00e4ter lantbruk\" \/>\n<meta property=\"og:description\" content=\"P\u00e5 resande fot igen och nu stundar nya tider medan t\u00e5get tar mig hem\u00e5t. En person mindre hemma, en ny arbetskamrat p\u00e5 g\u00e5rden och en sp\u00e4ckad jobbvecka f\u00f6r alla.\u00a0 Det blir en konstig vecka f\u00f6r arbetslaget \u00e4r f\u00f6r\u00e4ndrat nu. Efter en hel sommar med \u00e4ldsta dottern p\u00e5 g\u00e5rden har hon l\u00e4mnat V\u00e4sternorrland och installerat sig...\" \/>\n<meta property=\"og:url\" content=\"https:\/\/blogg.atl.nu\/nysater\/2026\/08\/30\/hem-till-nya-tider\/\" \/>\n<meta property=\"og:site_name\" content=\"Nys\u00e4ter lantbruk\" \/>\n<meta property=\"article:published_time\" content=\"2026-08-30T21:44:12+00:00\" \/>\n<meta property=\"article:modified_time\" content=\"2026-08-30T21:51:14+00:00\" \/>\n<meta property=\"og:image\" content=\"https:\/\/blogg.atl.nu\/nysater\/wp-content\/uploads\/sites\/26\/2026\/08\/tempImageAOj8fP-scaled.jpg\" \/>\n\t<meta property=\"og:image:width\" content=\"1920\" \/>\n\t<meta property=\"og:image:height\" content=\"2560\" \/>\n\t<meta property=\"og:image:type\" content=\"image\/jpeg\" \/>\n<meta name=\"author\" content=\"Elin Bergstr\u00f6m\" \/>\n<meta name=\"twitter:card\" content=\"summary\" \/>\n<meta name=\"twitter:label1\" content=\"Skriven av\" \/>\n\t<meta name=\"twitter:data1\" content=\"Elin Bergstr\u00f6m\" \/>\n\t<meta name=\"twitter:label2\" content=\"Ber\u00e4knad l\u00e4stid\" \/>\n\t<meta name=\"twitter:data2\" content=\"2 minuter\" \/>\n<script type=\"application\/ld+json\" class=\"yoast-schema-graph\">{\"@context\":\"https:\/\/schema.org\",\"@graph\":[{\"@type\":\"WebPage\",\"@id\":\"https:\/\/blogg.atl.nu\/nysater\/2026\/08\/30\/hem-till-nya-tider\/\",\"url\":\"https:\/\/blogg.atl.nu\/nysater\/2026\/08\/30\/hem-till-nya-tider\/\",\"name\":\"Hem till nya tider - Nys\u00e4ter lantbruk\",\"isPartOf\":{\"@id\":\"https:\/\/blogg.atl.nu\/nysater\/#website\"},\"datePublished\":\"2026-08-30T21:44:12+00:00\",\"dateModified\":\"2026-08-30T21:51:14+00:00\",\"author\":{\"@id\":\"https:\/\/blogg.atl.nu\/nysater\/#\/schema\/person\/44ec87efb92df15b0f3b0c68a84c7c0f\"},\"breadcrumb\":{\"@id\":\"https:\/\/blogg.atl.nu\/nysater\/2026\/08\/30\/hem-till-nya-tider\/#breadcrumb\"},\"inLanguage\":\"sv-SE\",\"potentialAction\":[{\"@type\":\"ReadAction\",\"target\":[\"https:\/\/blogg.atl.nu\/nysater\/2026\/08\/30\/hem-till-nya-tider\/\"]}]},{\"@type\":\"BreadcrumbList\",\"@id\":\"https:\/\/blogg.atl.nu\/nysater\/2026\/08\/30\/hem-till-nya-tider\/#breadcrumb\",\"itemListElement\":[{\"@type\":\"ListItem\",\"position\":1,\"name\":\"Hem\",\"item\":\"https:\/\/blogg.atl.nu\/nysater\/\"},{\"@type\":\"ListItem\",\"position\":2,\"name\":\"Hem till nya tider\"}]},{\"@type\":\"WebSite\",\"@id\":\"https:\/\/blogg.atl.nu\/nysater\/#website\",\"url\":\"https:\/\/blogg.atl.nu\/nysater\/\",\"name\":\"Nys\u00e4ter lantbruk\",\"description\":\"Elin Bergstr\u00f6m\",\"potentialAction\":[{\"@type\":\"SearchAction\",\"target\":{\"@type\":\"EntryPoint\",\"urlTemplate\":\"https:\/\/blogg.atl.nu\/nysater\/?s={search_term_string}\"},\"query-input\":\"required name=search_term_string\"}],\"inLanguage\":\"sv-SE\"},{\"@type\":\"Person\",\"@id\":\"https:\/\/blogg.atl.nu\/nysater\/#\/schema\/person\/44ec87efb92df15b0f3b0c68a84c7c0f\",\"name\":\"Elin Bergstr\u00f6m\",\"image\":{\"@type\":\"ImageObject\",\"inLanguage\":\"sv-SE\",\"@id\":\"https:\/\/blogg.atl.nu\/nysater\/#\/schema\/person\/image\/\",\"url\":\"https:\/\/secure.gravatar.com\/avatar\/c68fea4c0b5b10e41c5a9ecd1fb1b3c0?s=96&d=mm&r=g\",\"contentUrl\":\"https:\/\/secure.gravatar.com\/avatar\/c68fea4c0b5b10e41c5a9ecd1fb1b3c0?s=96&d=mm&r=g\",\"caption\":\"Elin Bergstr\u00f6m\"},\"url\":\"https:\/\/blogg.atl.nu\/nysater\/author\/elin\/\"}]}<\/script>\n<!-- \/ Yoast SEO plugin. -->","yoast_head_json":{"title":"Hem till nya tider - Nys\u00e4ter lantbruk","robots":{"index":"index","follow":"follow","max-snippet":"max-snippet:-1","max-image-preview":"max-image-preview:large","max-video-preview":"max-video-preview:-1"},"canonical":"https:\/\/blogg.atl.nu\/nysater\/2026\/08\/30\/hem-till-nya-tider\/","og_locale":"sv_SE","og_type":"article","og_title":"Hem till nya tider - Nys\u00e4ter lantbruk","og_description":"P\u00e5 resande fot igen och nu stundar nya tider medan t\u00e5get tar mig hem\u00e5t. En person mindre hemma, en ny arbetskamrat p\u00e5 g\u00e5rden och en sp\u00e4ckad jobbvecka f\u00f6r alla.\u00a0 Det blir en konstig vecka f\u00f6r arbetslaget \u00e4r f\u00f6r\u00e4ndrat nu. Efter en hel sommar med \u00e4ldsta dottern p\u00e5 g\u00e5rden har hon l\u00e4mnat V\u00e4sternorrland och installerat sig...","og_url":"https:\/\/blogg.atl.nu\/nysater\/2026\/08\/30\/hem-till-nya-tider\/","og_site_name":"Nys\u00e4ter lantbruk","article_published_time":"2026-08-30T21:44:12+00:00","article_modified_time":"2026-08-30T21:51:14+00:00","og_image":[{"width":1920,"height":2560,"url":"https:\/\/blogg.atl.nu\/nysater\/wp-content\/uploads\/sites\/26\/2026\/08\/tempImageAOj8fP-scaled.jpg","type":"image\/jpeg"}],"author":"Elin Bergstr\u00f6m","twitter_card":"summary","twitter_misc":{"Skriven av":"Elin Bergstr\u00f6m","Ber\u00e4knad l\u00e4stid":"2 minuter"},"schema":{"@context":"https:\/\/schema.org","@graph":[{"@type":"WebPage","@id":"https:\/\/blogg.atl.nu\/nysater\/2026\/08\/30\/hem-till-nya-tider\/","url":"https:\/\/blogg.atl.nu\/nysater\/2026\/08\/30\/hem-till-nya-tider\/","name":"Hem till nya tider - Nys\u00e4ter lantbruk","isPartOf":{"@id":"https:\/\/blogg.atl.nu\/nysater\/#website"},"datePublished":"2026-08-30T21:44:12+00:00","dateModified":"2026-08-30T21:51:14+00:00","author":{"@id":"https:\/\/blogg.atl.nu\/nysater\/#\/schema\/person\/44ec87efb92df15b0f3b0c68a84c7c0f"},"breadcrumb":{"@id":"https:\/\/blogg.atl.nu\/nysater\/2026\/08\/30\/hem-till-nya-tider\/#breadcrumb"},"inLanguage":"sv-SE","potentialAction":[{"@type":"ReadAction","target":["https:\/\/blogg.atl.nu\/nysater\/2026\/08\/30\/hem-till-nya-tider\/"]}]},{"@type":"BreadcrumbList","@id":"https:\/\/blogg.atl.nu\/nysater\/2026\/08\/30\/hem-till-nya-tider\/#breadcrumb","itemListElement":[{"@type":"ListItem","position":1,"name":"Hem","item":"https:\/\/blogg.atl.nu\/nysater\/"},{"@type":"ListItem","position":2,"name":"Hem till nya tider"}]},{"@type":"WebSite","@id":"https:\/\/blogg.atl.nu\/nysater\/#website","url":"https:\/\/blogg.atl.nu\/nysater\/","name":"Nys\u00e4ter lantbruk","description":"Elin Bergstr\u00f6m","potentialAction":[{"@type":"SearchAction","target":{"@type":"EntryPoint","urlTemplate":"https:\/\/blogg.atl.nu\/nysater\/?s={search_term_string}"},"query-input":"required name=search_term_string"}],"inLanguage":"sv-SE"},{"@type":"Person","@id":"https:\/\/blogg.atl.nu\/nysater\/#\/schema\/person\/44ec87efb92df15b0f3b0c68a84c7c0f","name":"Elin Bergstr\u00f6m","image":{"@type":"ImageObject","inLanguage":"sv-SE","@id":"https:\/\/blogg.atl.nu\/nysater\/#\/schema\/person\/image\/","url":"https:\/\/secure.gravatar.com\/avatar\/c68fea4c0b5b10e41c5a9ecd1fb1b3c0?s=96&d=mm&r=g","contentUrl":"https:\/\/secure.gravatar.com\/avatar\/c68fea4c0b5b10e41c5a9ecd1fb1b3c0?s=96&d=mm&r=g","caption":"Elin Bergstr\u00f6m"},"url":"https:\/\/blogg.atl.nu\/nysater\/author\/elin\/"}]}},"_links":{"self":[{"href":"https:\/\/blogg.atl.nu\/nysater\/wp-json\/wp\/v2\/posts\/241723"}],"collection":[{"href":"https:\/\/blogg.atl.nu\/nysater\/wp-json\/wp\/v2\/posts"}],"about":[{"href":"https:\/\/blogg.atl.nu\/nysater\/wp-json\/wp\/v2\/types\/post"}],"author":[{"embeddable":true,"href":"https:\/\/blogg.atl.nu\/nysater\/wp-json\/wp\/v2\/users\/338"}],"replies":[{"embeddable":true,"href":"https:\/\/blogg.atl.nu\/nysater\/wp-json\/wp\/v2\/comments?post=241723"}],"version-history":[{"count":5,"href":"https:\/\/blogg.atl.nu\/nysater\/wp-json\/wp\/v2\/posts\/241723\/revisions"}],"predecessor-version":[{"id":241729,"href":"https:\/\/blogg.atl.nu\/nysater\/wp-json\/wp\/v2\/posts\/241723\/revisions\/241729"}],"wp:featuredmedia":[{"embeddable":true,"href":"https:\/\/blogg.atl.nu\/nysater\/wp-json\/wp\/v2\/media\/241725"}],"wp:attachment":[{"href":"https:\/\/blogg.atl.nu\/nysater\/wp-json\/wp\/v2\/media?parent=241723"}],"wp:term":[{"taxonomy":"category","embeddable":true,"href":"https:\/\/blogg.atl.nu\/nysater\/wp-json\/wp\/v2\/categories?post=241723"},{"taxonomy":"post_tag","embeddable":true,"href":"https:\/\/blogg.atl.nu\/nysater\/wp-json\/wp\/v2\/tags?post=241723"}],"curies":[{"name":"wp","href":"https:\/\/api.w.org\/{rel}","templated":true}]}}