{"id":241734,"date":"2026-09-01T23:52:10","date_gmt":"2026-09-01T21:52:10","guid":{"rendered":"https:\/\/blogg.atl.nu\/nysater\/?p=241734"},"modified":"2026-09-01T23:56:32","modified_gmt":"2026-09-01T21:56:32","slug":"gillar-ni-hosten","status":"publish","type":"post","link":"https:\/\/blogg.atl.nu\/nysater\/2026\/09\/01\/gillar-ni-hosten\/","title":{"rendered":"Gillar ni h\u00f6sten?"},"content":{"rendered":"<p><strong>F\u00f6rsta september kom med sommarv\u00e4rme. Sn\u00e4ll start p\u00e5 h\u00f6sten men nog k\u00e4nns det att vi g\u00e5r in i den mest kr\u00e4vande \u00e5rstinden av alla.\u00a0<\/strong><\/p>\n<p>Visst kan det vara intensivt under v\u00e5r och sommar. Vintern bjuder ocks\u00e5 p\u00e5 rej\u00e4la utmaningar men h\u00f6sten allts\u00e5&#8230;. S\u00e5 fin och mysig p\u00e5 m\u00e5nga s\u00e4tt men s\u00e5 sjukt kr\u00e4vande ocks\u00e5. N\u00e4r man \u00e4r lagom utarbetad efter v\u00e5rbruk och sk\u00f6rd, l\u00e5nga arbetsdagar och en massa jobb som bara rullat p\u00e5 i \u00e4ndl\u00f6sa ljusa dagar och n\u00e4tter blir det pl\u00f6tsligt allvar. M\u00f6rkt p\u00e5 kv\u00e4llarna, risk f\u00f6r frost och tusen saker som m\u00e5ste g\u00f6ras nu, nu, nu och helst exakt samtidigt.<\/p>\n<p>Man ska inte klaga p\u00e5 arbete, s\u00e4rskilt inte om man sj\u00e4lv skapat f\u00f6retaget man jobbar i, men nog f\u00e5r man tycka att det \u00e4r p\u00e5frestande ibland. N\u00e4r det samtidigt ska tr\u00f6skas, sl\u00e5s gr\u00e4s, kultiveras, balas halm och k\u00f6ras skit. Och f\u00f6rberedas f\u00f6r installering av batteripack, dras om el, servas grejer och bytas vattenpumpar. D\u00e5 r\u00e4cker dagarna inte alls och det \u00e4r som en Rubiks kub ungef\u00e4r. F\u00f6r att kunna b\u00f6rja med det ena m\u00e5ste man bli klar med det andra, som inte g\u00e5r att sj\u00f6s\u00e4tta f\u00f6re det tredje som i sin tur kr\u00e4ver det fj\u00e4rde och det femte.<\/p>\n<p><img loading=\"lazy\" class=\"alignnone size-medium wp-image-241735\" src=\"https:\/\/blogg.atl.nu\/nysater\/wp-content\/uploads\/sites\/26\/2026\/09\/IMG_0613-225x300.jpeg\" alt=\"\" width=\"225\" height=\"300\" srcset=\"https:\/\/blogg.atl.nu\/nysater\/wp-content\/uploads\/sites\/26\/2026\/09\/IMG_0613-225x300.jpeg 225w, https:\/\/blogg.atl.nu\/nysater\/wp-content\/uploads\/sites\/26\/2026\/09\/IMG_0613-768x1024.jpeg 768w, https:\/\/blogg.atl.nu\/nysater\/wp-content\/uploads\/sites\/26\/2026\/09\/IMG_0613-1152x1536.jpeg 1152w, https:\/\/blogg.atl.nu\/nysater\/wp-content\/uploads\/sites\/26\/2026\/09\/IMG_0613-1536x2048.jpeg 1536w, https:\/\/blogg.atl.nu\/nysater\/wp-content\/uploads\/sites\/26\/2026\/09\/IMG_0613-scaled.jpeg 1920w\" sizes=\"(max-width: 225px) 100vw, 225px\" \/><\/p>\n<p>Till slut l\u00f6ser vi kuben f\u00f6rst\u00e5s men nog \u00e4r det roligare med lite luft i systemet. S\u00e5 man kan njuta av den vackra \u00e5rstiden ocks\u00e5. Och s\u00e5 sm\u00e5ningom sk\u00f6rda inte bara korn, utan ocks\u00e5 b\u00e4r, svamp och egenodlade meloner.<\/p>\n<p>Gillar ni h\u00f6sten? Jag \u00e4r h\u00f6gst ambivalent kan jag s\u00e4ga.<\/p>\n","protected":false},"excerpt":{"rendered":"<p>F\u00f6rsta september kom med sommarv\u00e4rme. Sn\u00e4ll start p\u00e5 h\u00f6sten men nog k\u00e4nns det att vi g\u00e5r in i den mest kr\u00e4vande \u00e5rstinden av alla.\u00a0 Visst kan det vara intensivt under v\u00e5r och sommar. Vintern bjuder ocks\u00e5 p\u00e5 rej\u00e4la utmaningar men h\u00f6sten allts\u00e5&#8230;. S\u00e5 fin och mysig p\u00e5 m\u00e5nga s\u00e4tt men s\u00e5 sjukt kr\u00e4vande ocks\u00e5. N\u00e4r&#8230;<\/p>\n","protected":false},"author":338,"featured_media":241735,"comment_status":"open","ping_status":"open","sticky":false,"template":"","format":"standard","meta":[],"categories":[1],"tags":[],"yoast_head":"<!-- This site is optimized with the Yoast SEO plugin v19.6 - https:\/\/yoast.com\/wordpress\/plugins\/seo\/ -->\n<title>Gillar ni h\u00f6sten? - Nys\u00e4ter lantbruk<\/title>\n<meta name=\"robots\" content=\"index, follow, max-snippet:-1, max-image-preview:large, max-video-preview:-1\" \/>\n<link rel=\"canonical\" href=\"https:\/\/blogg.atl.nu\/nysater\/2026\/09\/01\/gillar-ni-hosten\/\" \/>\n<meta property=\"og:locale\" content=\"sv_SE\" \/>\n<meta property=\"og:type\" content=\"article\" \/>\n<meta property=\"og:title\" content=\"Gillar ni h\u00f6sten? - Nys\u00e4ter lantbruk\" \/>\n<meta property=\"og:description\" content=\"F\u00f6rsta september kom med sommarv\u00e4rme. Sn\u00e4ll start p\u00e5 h\u00f6sten men nog k\u00e4nns det att vi g\u00e5r in i den mest kr\u00e4vande \u00e5rstinden av alla.\u00a0 Visst kan det vara intensivt under v\u00e5r och sommar. Vintern bjuder ocks\u00e5 p\u00e5 rej\u00e4la utmaningar men h\u00f6sten allts\u00e5&#8230;. S\u00e5 fin och mysig p\u00e5 m\u00e5nga s\u00e4tt men s\u00e5 sjukt kr\u00e4vande ocks\u00e5. N\u00e4r...\" \/>\n<meta property=\"og:url\" content=\"https:\/\/blogg.atl.nu\/nysater\/2026\/09\/01\/gillar-ni-hosten\/\" \/>\n<meta property=\"og:site_name\" content=\"Nys\u00e4ter lantbruk\" \/>\n<meta property=\"article:published_time\" content=\"2026-09-01T21:52:10+00:00\" \/>\n<meta property=\"article:modified_time\" content=\"2026-09-01T21:56:32+00:00\" \/>\n<meta property=\"og:image\" content=\"https:\/\/blogg.atl.nu\/nysater\/wp-content\/uploads\/sites\/26\/2026\/09\/IMG_0613-scaled.jpeg\" \/>\n\t<meta property=\"og:image:width\" content=\"1920\" \/>\n\t<meta property=\"og:image:height\" content=\"2560\" \/>\n\t<meta property=\"og:image:type\" content=\"image\/jpeg\" \/>\n<meta name=\"author\" content=\"Elin Bergstr\u00f6m\" \/>\n<meta name=\"twitter:card\" content=\"summary\" \/>\n<meta name=\"twitter:label1\" content=\"Skriven av\" \/>\n\t<meta name=\"twitter:data1\" content=\"Elin Bergstr\u00f6m\" \/>\n\t<meta name=\"twitter:label2\" content=\"Ber\u00e4knad l\u00e4stid\" \/>\n\t<meta name=\"twitter:data2\" content=\"2 minuter\" \/>\n<script type=\"application\/ld+json\" class=\"yoast-schema-graph\">{\"@context\":\"https:\/\/schema.org\",\"@graph\":[{\"@type\":\"WebPage\",\"@id\":\"https:\/\/blogg.atl.nu\/nysater\/2026\/09\/01\/gillar-ni-hosten\/\",\"url\":\"https:\/\/blogg.atl.nu\/nysater\/2026\/09\/01\/gillar-ni-hosten\/\",\"name\":\"Gillar ni h\u00f6sten? - Nys\u00e4ter lantbruk\",\"isPartOf\":{\"@id\":\"https:\/\/blogg.atl.nu\/nysater\/#website\"},\"datePublished\":\"2026-09-01T21:52:10+00:00\",\"dateModified\":\"2026-09-01T21:56:32+00:00\",\"author\":{\"@id\":\"https:\/\/blogg.atl.nu\/nysater\/#\/schema\/person\/44ec87efb92df15b0f3b0c68a84c7c0f\"},\"breadcrumb\":{\"@id\":\"https:\/\/blogg.atl.nu\/nysater\/2026\/09\/01\/gillar-ni-hosten\/#breadcrumb\"},\"inLanguage\":\"sv-SE\",\"potentialAction\":[{\"@type\":\"ReadAction\",\"target\":[\"https:\/\/blogg.atl.nu\/nysater\/2026\/09\/01\/gillar-ni-hosten\/\"]}]},{\"@type\":\"BreadcrumbList\",\"@id\":\"https:\/\/blogg.atl.nu\/nysater\/2026\/09\/01\/gillar-ni-hosten\/#breadcrumb\",\"itemListElement\":[{\"@type\":\"ListItem\",\"position\":1,\"name\":\"Hem\",\"item\":\"https:\/\/blogg.atl.nu\/nysater\/\"},{\"@type\":\"ListItem\",\"position\":2,\"name\":\"Gillar ni h\u00f6sten?\"}]},{\"@type\":\"WebSite\",\"@id\":\"https:\/\/blogg.atl.nu\/nysater\/#website\",\"url\":\"https:\/\/blogg.atl.nu\/nysater\/\",\"name\":\"Nys\u00e4ter lantbruk\",\"description\":\"Elin Bergstr\u00f6m\",\"potentialAction\":[{\"@type\":\"SearchAction\",\"target\":{\"@type\":\"EntryPoint\",\"urlTemplate\":\"https:\/\/blogg.atl.nu\/nysater\/?s={search_term_string}\"},\"query-input\":\"required name=search_term_string\"}],\"inLanguage\":\"sv-SE\"},{\"@type\":\"Person\",\"@id\":\"https:\/\/blogg.atl.nu\/nysater\/#\/schema\/person\/44ec87efb92df15b0f3b0c68a84c7c0f\",\"name\":\"Elin Bergstr\u00f6m\",\"image\":{\"@type\":\"ImageObject\",\"inLanguage\":\"sv-SE\",\"@id\":\"https:\/\/blogg.atl.nu\/nysater\/#\/schema\/person\/image\/\",\"url\":\"https:\/\/secure.gravatar.com\/avatar\/c68fea4c0b5b10e41c5a9ecd1fb1b3c0?s=96&d=mm&r=g\",\"contentUrl\":\"https:\/\/secure.gravatar.com\/avatar\/c68fea4c0b5b10e41c5a9ecd1fb1b3c0?s=96&d=mm&r=g\",\"caption\":\"Elin Bergstr\u00f6m\"},\"url\":\"https:\/\/blogg.atl.nu\/nysater\/author\/elin\/\"}]}<\/script>\n<!-- \/ Yoast SEO plugin. -->","yoast_head_json":{"title":"Gillar ni h\u00f6sten? - Nys\u00e4ter lantbruk","robots":{"index":"index","follow":"follow","max-snippet":"max-snippet:-1","max-image-preview":"max-image-preview:large","max-video-preview":"max-video-preview:-1"},"canonical":"https:\/\/blogg.atl.nu\/nysater\/2026\/09\/01\/gillar-ni-hosten\/","og_locale":"sv_SE","og_type":"article","og_title":"Gillar ni h\u00f6sten? - Nys\u00e4ter lantbruk","og_description":"F\u00f6rsta september kom med sommarv\u00e4rme. Sn\u00e4ll start p\u00e5 h\u00f6sten men nog k\u00e4nns det att vi g\u00e5r in i den mest kr\u00e4vande \u00e5rstinden av alla.\u00a0 Visst kan det vara intensivt under v\u00e5r och sommar. Vintern bjuder ocks\u00e5 p\u00e5 rej\u00e4la utmaningar men h\u00f6sten allts\u00e5&#8230;. S\u00e5 fin och mysig p\u00e5 m\u00e5nga s\u00e4tt men s\u00e5 sjukt kr\u00e4vande ocks\u00e5. N\u00e4r...","og_url":"https:\/\/blogg.atl.nu\/nysater\/2026\/09\/01\/gillar-ni-hosten\/","og_site_name":"Nys\u00e4ter lantbruk","article_published_time":"2026-09-01T21:52:10+00:00","article_modified_time":"2026-09-01T21:56:32+00:00","og_image":[{"width":1920,"height":2560,"url":"https:\/\/blogg.atl.nu\/nysater\/wp-content\/uploads\/sites\/26\/2026\/09\/IMG_0613-scaled.jpeg","type":"image\/jpeg"}],"author":"Elin Bergstr\u00f6m","twitter_card":"summary","twitter_misc":{"Skriven av":"Elin Bergstr\u00f6m","Ber\u00e4knad l\u00e4stid":"2 minuter"},"schema":{"@context":"https:\/\/schema.org","@graph":[{"@type":"WebPage","@id":"https:\/\/blogg.atl.nu\/nysater\/2026\/09\/01\/gillar-ni-hosten\/","url":"https:\/\/blogg.atl.nu\/nysater\/2026\/09\/01\/gillar-ni-hosten\/","name":"Gillar ni h\u00f6sten? - Nys\u00e4ter lantbruk","isPartOf":{"@id":"https:\/\/blogg.atl.nu\/nysater\/#website"},"datePublished":"2026-09-01T21:52:10+00:00","dateModified":"2026-09-01T21:56:32+00:00","author":{"@id":"https:\/\/blogg.atl.nu\/nysater\/#\/schema\/person\/44ec87efb92df15b0f3b0c68a84c7c0f"},"breadcrumb":{"@id":"https:\/\/blogg.atl.nu\/nysater\/2026\/09\/01\/gillar-ni-hosten\/#breadcrumb"},"inLanguage":"sv-SE","potentialAction":[{"@type":"ReadAction","target":["https:\/\/blogg.atl.nu\/nysater\/2026\/09\/01\/gillar-ni-hosten\/"]}]},{"@type":"BreadcrumbList","@id":"https:\/\/blogg.atl.nu\/nysater\/2026\/09\/01\/gillar-ni-hosten\/#breadcrumb","itemListElement":[{"@type":"ListItem","position":1,"name":"Hem","item":"https:\/\/blogg.atl.nu\/nysater\/"},{"@type":"ListItem","position":2,"name":"Gillar ni h\u00f6sten?"}]},{"@type":"WebSite","@id":"https:\/\/blogg.atl.nu\/nysater\/#website","url":"https:\/\/blogg.atl.nu\/nysater\/","name":"Nys\u00e4ter lantbruk","description":"Elin Bergstr\u00f6m","potentialAction":[{"@type":"SearchAction","target":{"@type":"EntryPoint","urlTemplate":"https:\/\/blogg.atl.nu\/nysater\/?s={search_term_string}"},"query-input":"required name=search_term_string"}],"inLanguage":"sv-SE"},{"@type":"Person","@id":"https:\/\/blogg.atl.nu\/nysater\/#\/schema\/person\/44ec87efb92df15b0f3b0c68a84c7c0f","name":"Elin Bergstr\u00f6m","image":{"@type":"ImageObject","inLanguage":"sv-SE","@id":"https:\/\/blogg.atl.nu\/nysater\/#\/schema\/person\/image\/","url":"https:\/\/secure.gravatar.com\/avatar\/c68fea4c0b5b10e41c5a9ecd1fb1b3c0?s=96&d=mm&r=g","contentUrl":"https:\/\/secure.gravatar.com\/avatar\/c68fea4c0b5b10e41c5a9ecd1fb1b3c0?s=96&d=mm&r=g","caption":"Elin Bergstr\u00f6m"},"url":"https:\/\/blogg.atl.nu\/nysater\/author\/elin\/"}]}},"_links":{"self":[{"href":"https:\/\/blogg.atl.nu\/nysater\/wp-json\/wp\/v2\/posts\/241734"}],"collection":[{"href":"https:\/\/blogg.atl.nu\/nysater\/wp-json\/wp\/v2\/posts"}],"about":[{"href":"https:\/\/blogg.atl.nu\/nysater\/wp-json\/wp\/v2\/types\/post"}],"author":[{"embeddable":true,"href":"https:\/\/blogg.atl.nu\/nysater\/wp-json\/wp\/v2\/users\/338"}],"replies":[{"embeddable":true,"href":"https:\/\/blogg.atl.nu\/nysater\/wp-json\/wp\/v2\/comments?post=241734"}],"version-history":[{"count":6,"href":"https:\/\/blogg.atl.nu\/nysater\/wp-json\/wp\/v2\/posts\/241734\/revisions"}],"predecessor-version":[{"id":241741,"href":"https:\/\/blogg.atl.nu\/nysater\/wp-json\/wp\/v2\/posts\/241734\/revisions\/241741"}],"wp:featuredmedia":[{"embeddable":true,"href":"https:\/\/blogg.atl.nu\/nysater\/wp-json\/wp\/v2\/media\/241735"}],"wp:attachment":[{"href":"https:\/\/blogg.atl.nu\/nysater\/wp-json\/wp\/v2\/media?parent=241734"}],"wp:term":[{"taxonomy":"category","embeddable":true,"href":"https:\/\/blogg.atl.nu\/nysater\/wp-json\/wp\/v2\/categories?post=241734"},{"taxonomy":"post_tag","embeddable":true,"href":"https:\/\/blogg.atl.nu\/nysater\/wp-json\/wp\/v2\/tags?post=241734"}],"curies":[{"name":"wp","href":"https:\/\/api.w.org\/{rel}","templated":true}]}}