{"id":241745,"date":"2026-09-02T22:10:28","date_gmt":"2026-09-02T20:10:28","guid":{"rendered":"https:\/\/blogg.atl.nu\/nysater\/?p=241745"},"modified":"2026-09-02T22:11:55","modified_gmt":"2026-09-02T20:11:55","slug":"korv-var-det-har","status":"publish","type":"post","link":"https:\/\/blogg.atl.nu\/nysater\/2026\/09\/02\/korv-var-det-har\/","title":{"rendered":"Korv var det h\u00e4r"},"content":{"rendered":"<p><strong>Vi har inte tr\u00f6skat ett enda korn h\u00e4r men \u00e4nd\u00e5 f\u00e5tt en bra b\u00f6rjan p\u00e5 spannm\u00e5lsf\u00f6rr\u00e5det. En j\u00e4ttekorv ligger p\u00e5 plats och fler ska det bli.\u00a0<\/strong><\/p>\n<p>Som vanligt k\u00f6per vi in en del foderkorn f\u00f6rutom det vi odlar sj\u00e4lva men det brukar ske i mitten eller slutet av sk\u00f6rdeperioden. Nu blev det i b\u00f6rjan ist\u00e4llet eftersom Nordins i \u00c5ngermanland var s\u00e5 snabba ut med tr\u00f6skan. Vi har k\u00f6pt flera lass av dem och d\u00e4rmed f\u00e5tt testa den nya korvpackaren ordentligt.<\/p>\n<p><img loading=\"lazy\" class=\"alignnone size-medium wp-image-241746\" src=\"https:\/\/blogg.atl.nu\/nysater\/wp-content\/uploads\/sites\/26\/2026\/09\/tempImageeuR6lL-300x225.jpg\" alt=\"\" width=\"300\" height=\"225\" srcset=\"https:\/\/blogg.atl.nu\/nysater\/wp-content\/uploads\/sites\/26\/2026\/09\/tempImageeuR6lL-300x225.jpg 300w, https:\/\/blogg.atl.nu\/nysater\/wp-content\/uploads\/sites\/26\/2026\/09\/tempImageeuR6lL-1024x768.jpg 1024w, https:\/\/blogg.atl.nu\/nysater\/wp-content\/uploads\/sites\/26\/2026\/09\/tempImageeuR6lL-768x576.jpg 768w, https:\/\/blogg.atl.nu\/nysater\/wp-content\/uploads\/sites\/26\/2026\/09\/tempImageeuR6lL-1536x1152.jpg 1536w, https:\/\/blogg.atl.nu\/nysater\/wp-content\/uploads\/sites\/26\/2026\/09\/tempImageeuR6lL-2048x1536.jpg 2048w\" sizes=\"(max-width: 300px) 100vw, 300px\" \/><\/p>\n<p>Vi bytte ut den vi hade mot en st\u00f6rre variant s\u00e5 nu \u00e4r det Claasen som f\u00e5r jobba som korvtraktor. F\u00f6rdelen med den h\u00e4r, f\u00f6rutom att den krossar kornet b\u00e4ttre och p\u00e5 ett helt annat s\u00e4tt \u00e4r att korvarna blir st\u00f6rre och f\u00f6rhoppningsvis l\u00e4ttare att lasta ur med skopan sedan n\u00e4r de ska \u00f6ppnas.<\/p>\n<p><img loading=\"lazy\" class=\"alignnone size-medium wp-image-241747\" src=\"https:\/\/blogg.atl.nu\/nysater\/wp-content\/uploads\/sites\/26\/2026\/09\/tempImageI6bAWq-300x225.jpg\" alt=\"\" width=\"300\" height=\"225\" srcset=\"https:\/\/blogg.atl.nu\/nysater\/wp-content\/uploads\/sites\/26\/2026\/09\/tempImageI6bAWq-300x225.jpg 300w, https:\/\/blogg.atl.nu\/nysater\/wp-content\/uploads\/sites\/26\/2026\/09\/tempImageI6bAWq-1024x768.jpg 1024w, https:\/\/blogg.atl.nu\/nysater\/wp-content\/uploads\/sites\/26\/2026\/09\/tempImageI6bAWq-768x576.jpg 768w, https:\/\/blogg.atl.nu\/nysater\/wp-content\/uploads\/sites\/26\/2026\/09\/tempImageI6bAWq-1536x1152.jpg 1536w, https:\/\/blogg.atl.nu\/nysater\/wp-content\/uploads\/sites\/26\/2026\/09\/tempImageI6bAWq-2048x1536.jpg 2048w\" sizes=\"(max-width: 300px) 100vw, 300px\" \/><\/p>\n<p>En nackdel \u00e4r att det \u00e4r besv\u00e4rligare att f\u00e5 p\u00e5 plastskinnen.innan man b\u00f6rjar, men det \u00e4r en helt annan historia.<\/p>\n<p><img loading=\"lazy\" class=\"alignnone size-medium wp-image-241748\" src=\"https:\/\/blogg.atl.nu\/nysater\/wp-content\/uploads\/sites\/26\/2026\/09\/tempImagegb1Zd4-300x225.jpg\" alt=\"\" width=\"300\" height=\"225\" srcset=\"https:\/\/blogg.atl.nu\/nysater\/wp-content\/uploads\/sites\/26\/2026\/09\/tempImagegb1Zd4-300x225.jpg 300w, https:\/\/blogg.atl.nu\/nysater\/wp-content\/uploads\/sites\/26\/2026\/09\/tempImagegb1Zd4-1024x768.jpg 1024w, https:\/\/blogg.atl.nu\/nysater\/wp-content\/uploads\/sites\/26\/2026\/09\/tempImagegb1Zd4-768x576.jpg 768w, https:\/\/blogg.atl.nu\/nysater\/wp-content\/uploads\/sites\/26\/2026\/09\/tempImagegb1Zd4-1536x1152.jpg 1536w, https:\/\/blogg.atl.nu\/nysater\/wp-content\/uploads\/sites\/26\/2026\/09\/tempImagegb1Zd4-2048x1536.jpg 2048w\" sizes=\"(max-width: 300px) 100vw, 300px\" \/><\/p>\n<p>Tippfickan \u00e4r guld v\u00e4rd som vanligt och nu ser vi fram emot att f\u00e5 tippa egen spannm\u00e5l d\u00e4r ocks\u00e5. Kanske efter helgen om v\u00e4dret vill h\u00e5lla sig stabilt.<\/p>\n<p>&nbsp;<\/p>\n","protected":false},"excerpt":{"rendered":"<p>Vi har inte tr\u00f6skat ett enda korn h\u00e4r men \u00e4nd\u00e5 f\u00e5tt en bra b\u00f6rjan p\u00e5 spannm\u00e5lsf\u00f6rr\u00e5det. En j\u00e4ttekorv ligger p\u00e5 plats och fler ska det bli.\u00a0 Som vanligt k\u00f6per vi in en del foderkorn f\u00f6rutom det vi odlar sj\u00e4lva men det brukar ske i mitten eller slutet av sk\u00f6rdeperioden. Nu blev det i b\u00f6rjan ist\u00e4llet&#8230;<\/p>\n","protected":false},"author":338,"featured_media":241747,"comment_status":"open","ping_status":"open","sticky":false,"template":"","format":"standard","meta":[],"categories":[1],"tags":[],"yoast_head":"<!-- This site is optimized with the Yoast SEO plugin v19.6 - https:\/\/yoast.com\/wordpress\/plugins\/seo\/ -->\n<title>Korv var det h\u00e4r - Nys\u00e4ter lantbruk<\/title>\n<meta name=\"robots\" content=\"index, follow, max-snippet:-1, max-image-preview:large, max-video-preview:-1\" \/>\n<link rel=\"canonical\" href=\"https:\/\/blogg.atl.nu\/nysater\/2026\/09\/02\/korv-var-det-har\/\" \/>\n<meta property=\"og:locale\" content=\"sv_SE\" \/>\n<meta property=\"og:type\" content=\"article\" \/>\n<meta property=\"og:title\" content=\"Korv var det h\u00e4r - Nys\u00e4ter lantbruk\" \/>\n<meta property=\"og:description\" content=\"Vi har inte tr\u00f6skat ett enda korn h\u00e4r men \u00e4nd\u00e5 f\u00e5tt en bra b\u00f6rjan p\u00e5 spannm\u00e5lsf\u00f6rr\u00e5det. En j\u00e4ttekorv ligger p\u00e5 plats och fler ska det bli.\u00a0 Som vanligt k\u00f6per vi in en del foderkorn f\u00f6rutom det vi odlar sj\u00e4lva men det brukar ske i mitten eller slutet av sk\u00f6rdeperioden. Nu blev det i b\u00f6rjan ist\u00e4llet...\" \/>\n<meta property=\"og:url\" content=\"https:\/\/blogg.atl.nu\/nysater\/2026\/09\/02\/korv-var-det-har\/\" \/>\n<meta property=\"og:site_name\" content=\"Nys\u00e4ter lantbruk\" \/>\n<meta property=\"article:published_time\" content=\"2026-09-02T20:10:28+00:00\" \/>\n<meta property=\"article:modified_time\" content=\"2026-09-02T20:11:55+00:00\" \/>\n<meta property=\"og:image\" content=\"https:\/\/blogg.atl.nu\/nysater\/wp-content\/uploads\/sites\/26\/2026\/09\/tempImageI6bAWq-scaled.jpg\" \/>\n\t<meta property=\"og:image:width\" content=\"2560\" \/>\n\t<meta property=\"og:image:height\" content=\"1920\" \/>\n\t<meta property=\"og:image:type\" content=\"image\/jpeg\" \/>\n<meta name=\"author\" content=\"Elin Bergstr\u00f6m\" \/>\n<meta name=\"twitter:card\" content=\"summary\" \/>\n<meta name=\"twitter:label1\" content=\"Skriven av\" \/>\n\t<meta name=\"twitter:data1\" content=\"Elin Bergstr\u00f6m\" \/>\n\t<meta name=\"twitter:label2\" content=\"Ber\u00e4knad l\u00e4stid\" \/>\n\t<meta name=\"twitter:data2\" content=\"2 minuter\" \/>\n<script type=\"application\/ld+json\" class=\"yoast-schema-graph\">{\"@context\":\"https:\/\/schema.org\",\"@graph\":[{\"@type\":\"WebPage\",\"@id\":\"https:\/\/blogg.atl.nu\/nysater\/2026\/09\/02\/korv-var-det-har\/\",\"url\":\"https:\/\/blogg.atl.nu\/nysater\/2026\/09\/02\/korv-var-det-har\/\",\"name\":\"Korv var det h\u00e4r - Nys\u00e4ter lantbruk\",\"isPartOf\":{\"@id\":\"https:\/\/blogg.atl.nu\/nysater\/#website\"},\"datePublished\":\"2026-09-02T20:10:28+00:00\",\"dateModified\":\"2026-09-02T20:11:55+00:00\",\"author\":{\"@id\":\"https:\/\/blogg.atl.nu\/nysater\/#\/schema\/person\/44ec87efb92df15b0f3b0c68a84c7c0f\"},\"breadcrumb\":{\"@id\":\"https:\/\/blogg.atl.nu\/nysater\/2026\/09\/02\/korv-var-det-har\/#breadcrumb\"},\"inLanguage\":\"sv-SE\",\"potentialAction\":[{\"@type\":\"ReadAction\",\"target\":[\"https:\/\/blogg.atl.nu\/nysater\/2026\/09\/02\/korv-var-det-har\/\"]}]},{\"@type\":\"BreadcrumbList\",\"@id\":\"https:\/\/blogg.atl.nu\/nysater\/2026\/09\/02\/korv-var-det-har\/#breadcrumb\",\"itemListElement\":[{\"@type\":\"ListItem\",\"position\":1,\"name\":\"Hem\",\"item\":\"https:\/\/blogg.atl.nu\/nysater\/\"},{\"@type\":\"ListItem\",\"position\":2,\"name\":\"Korv var det h\u00e4r\"}]},{\"@type\":\"WebSite\",\"@id\":\"https:\/\/blogg.atl.nu\/nysater\/#website\",\"url\":\"https:\/\/blogg.atl.nu\/nysater\/\",\"name\":\"Nys\u00e4ter lantbruk\",\"description\":\"Elin Bergstr\u00f6m\",\"potentialAction\":[{\"@type\":\"SearchAction\",\"target\":{\"@type\":\"EntryPoint\",\"urlTemplate\":\"https:\/\/blogg.atl.nu\/nysater\/?s={search_term_string}\"},\"query-input\":\"required name=search_term_string\"}],\"inLanguage\":\"sv-SE\"},{\"@type\":\"Person\",\"@id\":\"https:\/\/blogg.atl.nu\/nysater\/#\/schema\/person\/44ec87efb92df15b0f3b0c68a84c7c0f\",\"name\":\"Elin Bergstr\u00f6m\",\"image\":{\"@type\":\"ImageObject\",\"inLanguage\":\"sv-SE\",\"@id\":\"https:\/\/blogg.atl.nu\/nysater\/#\/schema\/person\/image\/\",\"url\":\"https:\/\/secure.gravatar.com\/avatar\/c68fea4c0b5b10e41c5a9ecd1fb1b3c0?s=96&d=mm&r=g\",\"contentUrl\":\"https:\/\/secure.gravatar.com\/avatar\/c68fea4c0b5b10e41c5a9ecd1fb1b3c0?s=96&d=mm&r=g\",\"caption\":\"Elin Bergstr\u00f6m\"},\"url\":\"https:\/\/blogg.atl.nu\/nysater\/author\/elin\/\"}]}<\/script>\n<!-- \/ Yoast SEO plugin. -->","yoast_head_json":{"title":"Korv var det h\u00e4r - Nys\u00e4ter lantbruk","robots":{"index":"index","follow":"follow","max-snippet":"max-snippet:-1","max-image-preview":"max-image-preview:large","max-video-preview":"max-video-preview:-1"},"canonical":"https:\/\/blogg.atl.nu\/nysater\/2026\/09\/02\/korv-var-det-har\/","og_locale":"sv_SE","og_type":"article","og_title":"Korv var det h\u00e4r - Nys\u00e4ter lantbruk","og_description":"Vi har inte tr\u00f6skat ett enda korn h\u00e4r men \u00e4nd\u00e5 f\u00e5tt en bra b\u00f6rjan p\u00e5 spannm\u00e5lsf\u00f6rr\u00e5det. En j\u00e4ttekorv ligger p\u00e5 plats och fler ska det bli.\u00a0 Som vanligt k\u00f6per vi in en del foderkorn f\u00f6rutom det vi odlar sj\u00e4lva men det brukar ske i mitten eller slutet av sk\u00f6rdeperioden. Nu blev det i b\u00f6rjan ist\u00e4llet...","og_url":"https:\/\/blogg.atl.nu\/nysater\/2026\/09\/02\/korv-var-det-har\/","og_site_name":"Nys\u00e4ter lantbruk","article_published_time":"2026-09-02T20:10:28+00:00","article_modified_time":"2026-09-02T20:11:55+00:00","og_image":[{"width":2560,"height":1920,"url":"https:\/\/blogg.atl.nu\/nysater\/wp-content\/uploads\/sites\/26\/2026\/09\/tempImageI6bAWq-scaled.jpg","type":"image\/jpeg"}],"author":"Elin Bergstr\u00f6m","twitter_card":"summary","twitter_misc":{"Skriven av":"Elin Bergstr\u00f6m","Ber\u00e4knad l\u00e4stid":"2 minuter"},"schema":{"@context":"https:\/\/schema.org","@graph":[{"@type":"WebPage","@id":"https:\/\/blogg.atl.nu\/nysater\/2026\/09\/02\/korv-var-det-har\/","url":"https:\/\/blogg.atl.nu\/nysater\/2026\/09\/02\/korv-var-det-har\/","name":"Korv var det h\u00e4r - Nys\u00e4ter lantbruk","isPartOf":{"@id":"https:\/\/blogg.atl.nu\/nysater\/#website"},"datePublished":"2026-09-02T20:10:28+00:00","dateModified":"2026-09-02T20:11:55+00:00","author":{"@id":"https:\/\/blogg.atl.nu\/nysater\/#\/schema\/person\/44ec87efb92df15b0f3b0c68a84c7c0f"},"breadcrumb":{"@id":"https:\/\/blogg.atl.nu\/nysater\/2026\/09\/02\/korv-var-det-har\/#breadcrumb"},"inLanguage":"sv-SE","potentialAction":[{"@type":"ReadAction","target":["https:\/\/blogg.atl.nu\/nysater\/2026\/09\/02\/korv-var-det-har\/"]}]},{"@type":"BreadcrumbList","@id":"https:\/\/blogg.atl.nu\/nysater\/2026\/09\/02\/korv-var-det-har\/#breadcrumb","itemListElement":[{"@type":"ListItem","position":1,"name":"Hem","item":"https:\/\/blogg.atl.nu\/nysater\/"},{"@type":"ListItem","position":2,"name":"Korv var det h\u00e4r"}]},{"@type":"WebSite","@id":"https:\/\/blogg.atl.nu\/nysater\/#website","url":"https:\/\/blogg.atl.nu\/nysater\/","name":"Nys\u00e4ter lantbruk","description":"Elin Bergstr\u00f6m","potentialAction":[{"@type":"SearchAction","target":{"@type":"EntryPoint","urlTemplate":"https:\/\/blogg.atl.nu\/nysater\/?s={search_term_string}"},"query-input":"required name=search_term_string"}],"inLanguage":"sv-SE"},{"@type":"Person","@id":"https:\/\/blogg.atl.nu\/nysater\/#\/schema\/person\/44ec87efb92df15b0f3b0c68a84c7c0f","name":"Elin Bergstr\u00f6m","image":{"@type":"ImageObject","inLanguage":"sv-SE","@id":"https:\/\/blogg.atl.nu\/nysater\/#\/schema\/person\/image\/","url":"https:\/\/secure.gravatar.com\/avatar\/c68fea4c0b5b10e41c5a9ecd1fb1b3c0?s=96&d=mm&r=g","contentUrl":"https:\/\/secure.gravatar.com\/avatar\/c68fea4c0b5b10e41c5a9ecd1fb1b3c0?s=96&d=mm&r=g","caption":"Elin Bergstr\u00f6m"},"url":"https:\/\/blogg.atl.nu\/nysater\/author\/elin\/"}]}},"_links":{"self":[{"href":"https:\/\/blogg.atl.nu\/nysater\/wp-json\/wp\/v2\/posts\/241745"}],"collection":[{"href":"https:\/\/blogg.atl.nu\/nysater\/wp-json\/wp\/v2\/posts"}],"about":[{"href":"https:\/\/blogg.atl.nu\/nysater\/wp-json\/wp\/v2\/types\/post"}],"author":[{"embeddable":true,"href":"https:\/\/blogg.atl.nu\/nysater\/wp-json\/wp\/v2\/users\/338"}],"replies":[{"embeddable":true,"href":"https:\/\/blogg.atl.nu\/nysater\/wp-json\/wp\/v2\/comments?post=241745"}],"version-history":[{"count":2,"href":"https:\/\/blogg.atl.nu\/nysater\/wp-json\/wp\/v2\/posts\/241745\/revisions"}],"predecessor-version":[{"id":241750,"href":"https:\/\/blogg.atl.nu\/nysater\/wp-json\/wp\/v2\/posts\/241745\/revisions\/241750"}],"wp:featuredmedia":[{"embeddable":true,"href":"https:\/\/blogg.atl.nu\/nysater\/wp-json\/wp\/v2\/media\/241747"}],"wp:attachment":[{"href":"https:\/\/blogg.atl.nu\/nysater\/wp-json\/wp\/v2\/media?parent=241745"}],"wp:term":[{"taxonomy":"category","embeddable":true,"href":"https:\/\/blogg.atl.nu\/nysater\/wp-json\/wp\/v2\/categories?post=241745"},{"taxonomy":"post_tag","embeddable":true,"href":"https:\/\/blogg.atl.nu\/nysater\/wp-json\/wp\/v2\/tags?post=241745"}],"curies":[{"name":"wp","href":"https:\/\/api.w.org\/{rel}","templated":true}]}}