{"id":1014,"date":"2019-09-10T17:25:36","date_gmt":"2019-09-10T15:25:36","guid":{"rendered":"https:\/\/blogg.atl.nu\/sodradylta\/?p=1014"},"modified":"2019-09-10T17:25:36","modified_gmt":"2019-09-10T15:25:36","slug":"polis-pa-garden","status":"publish","type":"post","link":"https:\/\/blogg.atl.nu\/sodradylta\/2019\/09\/10\/polis-pa-garden\/","title":{"rendered":"Polis p\u00e5 g\u00e5rden"},"content":{"rendered":"<p>Vi bor tillr\u00e4ckligt n\u00e4ra en st\u00f6rre stad f\u00f6r att polisen ska komma n\u00e4r det beh\u00f6vs. I g\u00e5r kv\u00e4ll var det en s\u00e5dan kv\u00e4ll. Det visade sig n\u00e4mligen att n\u00e5gon idiot av stora m\u00e5tt \u00e4gnat sig \u00e5t illegal jakt genom att skjuta en dovhjort, oklart vilket k\u00f6n vilket g\u00f6r att den kanske inte var lovlig, \u00a0p\u00e5 annans mark.<\/p>\n<p>&nbsp;<\/p>\n<p>Det b\u00f6rjade som s\u00e5 vanligt med ett samtal p\u00e5 kv\u00e4llen om en mystisk slaktkropp som l\u00e5g p\u00e5 skogen. V\u00e4l p\u00e5 plats visade det sig att det var hos grannen och inte hos mig. Efter kontakt med granne och jaktr\u00e4ttsinnehavare ombads jag att l\u00f6sa problemet.<\/p>\n<p><img loading=\"lazy\" class=\"alignnone size-large wp-image-1017\" src=\"https:\/\/blogg.atl.nu\/sodradylta\/wp-content\/uploads\/sites\/33\/2019\/09\/IMG_9791-1024x768.jpg\" alt=\"\" width=\"1024\" height=\"768\" \/><\/p>\n<p>Jag uppr\u00e4ttade en polisanm\u00e4lan och fick klart f\u00f6r mig att polisen ville se bedr\u00f6velsen. Det jag tror h\u00e4nt \u00e4r att n\u00e5gon idiot skjutit hjorten fr\u00e5n bil p\u00e5 natten. Kroppen l\u00e5g endast 20 meter fr\u00e5n grusv\u00e4g. Man har sen styckat kroppen p\u00e5 plats genom att s\u00e5ga av stekarna samt plockat ur fil\u00e9n. Ut\u00f6ver detta har de kapat av huvudet och tagit med sig det.<\/p>\n<p>&nbsp;<\/p>\n<p>V\u00e4rdet p\u00e5 denna dovhjort \u00e4r sv\u00e5rt att s\u00e4ga. Det var nog inte en f\u00f6r aveln viktig tjur. Men k\u00f6ttv\u00e4rde, jaktv\u00e4rdet och v\u00e4rde av eventuellt trof\u00e9 kan mycket v\u00e4l vara 15\u00a0000 kronor. <span>\u00a0<\/span><\/p>\n<p>&nbsp;<\/p>\n<p>Det \u00e4r ju trevligt att polisen kommer. Men faktum kvarst\u00e5r, det \u00e4r trevligare n\u00e4r polisen lagf\u00f6r n\u00e5gon f\u00f6r brottet. I bygden \u00e4r vi nu p\u00e5 t\u00e5 om de kommer tillbaka p\u00e5 sina r\u00f6varstr\u00e5t.<\/p>\n<p>&nbsp;<\/p>\n<figure id=\"attachment_4\" aria-describedby=\"caption-attachment-4\" style=\"width: 1024px\" class=\"wp-caption alignnone\"><img loading=\"lazy\" class=\"size-large wp-image-4\" src=\"https:\/\/blogg.atl.nu\/sodradylta\/wp-content\/uploads\/sites\/33\/2018\/10\/rickard-axdorff-blogg01-1024x234.jpg\" alt=\"\" width=\"1024\" height=\"234\" srcset=\"https:\/\/blogg.atl.nu\/sodradylta\/wp-content\/uploads\/sites\/33\/2018\/10\/rickard-axdorff-blogg01-1024x234.jpg 1024w, https:\/\/blogg.atl.nu\/sodradylta\/wp-content\/uploads\/sites\/33\/2018\/10\/rickard-axdorff-blogg01-300x69.jpg 300w, https:\/\/blogg.atl.nu\/sodradylta\/wp-content\/uploads\/sites\/33\/2018\/10\/rickard-axdorff-blogg01-768x176.jpg 768w, https:\/\/blogg.atl.nu\/sodradylta\/wp-content\/uploads\/sites\/33\/2018\/10\/rickard-axdorff-blogg01.jpg 2048w\" sizes=\"(max-width: 1024px) 100vw, 1024px\" \/><figcaption id=\"caption-attachment-4\" class=\"wp-caption-text\">Jag heter Rickard Axdorff, tack!<\/figcaption><\/figure>\n","protected":false},"excerpt":{"rendered":"<p>Vi bor tillr\u00e4ckligt n\u00e4ra en st\u00f6rre stad f\u00f6r att polisen ska komma n\u00e4r det beh\u00f6vs. I g\u00e5r kv\u00e4ll var det en s\u00e5dan kv\u00e4ll. Det visade sig n\u00e4mligen att n\u00e5gon idiot av stora m\u00e5tt \u00e4gnat sig \u00e5t illegal jakt genom att skjuta en dovhjort, oklart vilket k\u00f6n vilket g\u00f6r att den kanske inte var lovlig, \u00a0p\u00e5&#8230;<\/p>\n","protected":false},"author":351,"featured_media":1016,"comment_status":"open","ping_status":"open","sticky":false,"template":"","format":"standard","meta":[],"categories":[1],"tags":[73,74],"yoast_head":"<!-- This site is optimized with the Yoast SEO plugin v19.6 - https:\/\/yoast.com\/wordpress\/plugins\/seo\/ -->\n<title>Polis p\u00e5 g\u00e5rden - S\u00f6dra Dylta<\/title>\n<meta name=\"robots\" content=\"index, follow, max-snippet:-1, max-image-preview:large, max-video-preview:-1\" \/>\n<link rel=\"canonical\" href=\"https:\/\/blogg.atl.nu\/sodradylta\/2019\/09\/10\/polis-pa-garden\/\" \/>\n<meta property=\"og:locale\" content=\"sv_SE\" \/>\n<meta property=\"og:type\" content=\"article\" \/>\n<meta property=\"og:title\" content=\"Polis p\u00e5 g\u00e5rden - S\u00f6dra Dylta\" \/>\n<meta property=\"og:description\" content=\"Vi bor tillr\u00e4ckligt n\u00e4ra en st\u00f6rre stad f\u00f6r att polisen ska komma n\u00e4r det beh\u00f6vs. I g\u00e5r kv\u00e4ll var det en s\u00e5dan kv\u00e4ll. Det visade sig n\u00e4mligen att n\u00e5gon idiot av stora m\u00e5tt \u00e4gnat sig \u00e5t illegal jakt genom att skjuta en dovhjort, oklart vilket k\u00f6n vilket g\u00f6r att den kanske inte var lovlig, \u00a0p\u00e5...\" \/>\n<meta property=\"og:url\" content=\"https:\/\/blogg.atl.nu\/sodradylta\/2019\/09\/10\/polis-pa-garden\/\" \/>\n<meta property=\"og:site_name\" content=\"S\u00f6dra Dylta\" \/>\n<meta property=\"article:published_time\" content=\"2019-09-10T15:25:36+00:00\" \/>\n<meta property=\"og:image\" content=\"https:\/\/blogg.atl.nu\/sodradylta\/wp-content\/uploads\/sites\/33\/2019\/09\/IMG_9803-e1568128827938.jpg\" \/>\n\t<meta property=\"og:image:width\" content=\"1040\" \/>\n\t<meta property=\"og:image:height\" content=\"780\" \/>\n\t<meta property=\"og:image:type\" content=\"image\/jpeg\" \/>\n<meta name=\"author\" content=\"axdorff\" \/>\n<meta name=\"twitter:card\" content=\"summary_large_image\" \/>\n<meta name=\"twitter:creator\" content=\"@twitter.com\/axdorff\" \/>\n<meta name=\"twitter:label1\" content=\"Skriven av\" \/>\n\t<meta name=\"twitter:data1\" content=\"axdorff\" \/>\n\t<meta name=\"twitter:label2\" content=\"Ber\u00e4knad l\u00e4stid\" \/>\n\t<meta name=\"twitter:data2\" content=\"1 minut\" \/>\n<script type=\"application\/ld+json\" class=\"yoast-schema-graph\">{\"@context\":\"https:\/\/schema.org\",\"@graph\":[{\"@type\":\"WebPage\",\"@id\":\"https:\/\/blogg.atl.nu\/sodradylta\/2019\/09\/10\/polis-pa-garden\/\",\"url\":\"https:\/\/blogg.atl.nu\/sodradylta\/2019\/09\/10\/polis-pa-garden\/\",\"name\":\"Polis p\u00e5 g\u00e5rden - S\u00f6dra Dylta\",\"isPartOf\":{\"@id\":\"https:\/\/blogg.atl.nu\/sodradylta\/#website\"},\"datePublished\":\"2019-09-10T15:25:36+00:00\",\"dateModified\":\"2019-09-10T15:25:36+00:00\",\"author\":{\"@id\":\"https:\/\/blogg.atl.nu\/sodradylta\/#\/schema\/person\/59a4fd29cbd68a48f24b75a54342d61a\"},\"breadcrumb\":{\"@id\":\"https:\/\/blogg.atl.nu\/sodradylta\/2019\/09\/10\/polis-pa-garden\/#breadcrumb\"},\"inLanguage\":\"sv-SE\",\"potentialAction\":[{\"@type\":\"ReadAction\",\"target\":[\"https:\/\/blogg.atl.nu\/sodradylta\/2019\/09\/10\/polis-pa-garden\/\"]}]},{\"@type\":\"BreadcrumbList\",\"@id\":\"https:\/\/blogg.atl.nu\/sodradylta\/2019\/09\/10\/polis-pa-garden\/#breadcrumb\",\"itemListElement\":[{\"@type\":\"ListItem\",\"position\":1,\"name\":\"Home\",\"item\":\"https:\/\/blogg.atl.nu\/sodradylta\/\"},{\"@type\":\"ListItem\",\"position\":2,\"name\":\"Polis p\u00e5 g\u00e5rden\"}]},{\"@type\":\"WebSite\",\"@id\":\"https:\/\/blogg.atl.nu\/sodradylta\/#website\",\"url\":\"https:\/\/blogg.atl.nu\/sodradylta\/\",\"name\":\"S\u00f6dra Dylta\",\"description\":\"Rickard Axdorff\",\"potentialAction\":[{\"@type\":\"SearchAction\",\"target\":{\"@type\":\"EntryPoint\",\"urlTemplate\":\"https:\/\/blogg.atl.nu\/sodradylta\/?s={search_term_string}\"},\"query-input\":\"required name=search_term_string\"}],\"inLanguage\":\"sv-SE\"},{\"@type\":\"Person\",\"@id\":\"https:\/\/blogg.atl.nu\/sodradylta\/#\/schema\/person\/59a4fd29cbd68a48f24b75a54342d61a\",\"name\":\"axdorff\",\"image\":{\"@type\":\"ImageObject\",\"inLanguage\":\"sv-SE\",\"@id\":\"https:\/\/blogg.atl.nu\/sodradylta\/#\/schema\/person\/image\/\",\"url\":\"https:\/\/secure.gravatar.com\/avatar\/a55462fcd070ebf65dd9b95bfe9c5d29?s=96&d=mm&r=g\",\"contentUrl\":\"https:\/\/secure.gravatar.com\/avatar\/a55462fcd070ebf65dd9b95bfe9c5d29?s=96&d=mm&r=g\",\"caption\":\"axdorff\"},\"description\":\"Driver p\u00e5 deltid g\u00e5rden S\u00f6dra Dylta. Utbildad j\u00e4gm\u00e4stare och ekonom. Initiativtagare till projekt Egendomligt, grundare av Naturbrukarna, ledamot i f\u00f6rbundsstyrelsen f\u00f6r J\u00e4garef\u00f6rbundet, skriver f\u00f6r Svenska Nyhetsbyr\u00e5n och lite annat sm\u00e5tt och gott.\",\"sameAs\":[\"https:\/\/twitter.com\/twitter.com\/axdorff\"],\"url\":\"https:\/\/blogg.atl.nu\/sodradylta\/author\/axdorff\/\"}]}<\/script>\n<!-- \/ Yoast SEO plugin. -->","yoast_head_json":{"title":"Polis p\u00e5 g\u00e5rden - S\u00f6dra Dylta","robots":{"index":"index","follow":"follow","max-snippet":"max-snippet:-1","max-image-preview":"max-image-preview:large","max-video-preview":"max-video-preview:-1"},"canonical":"https:\/\/blogg.atl.nu\/sodradylta\/2019\/09\/10\/polis-pa-garden\/","og_locale":"sv_SE","og_type":"article","og_title":"Polis p\u00e5 g\u00e5rden - S\u00f6dra Dylta","og_description":"Vi bor tillr\u00e4ckligt n\u00e4ra en st\u00f6rre stad f\u00f6r att polisen ska komma n\u00e4r det beh\u00f6vs. I g\u00e5r kv\u00e4ll var det en s\u00e5dan kv\u00e4ll. Det visade sig n\u00e4mligen att n\u00e5gon idiot av stora m\u00e5tt \u00e4gnat sig \u00e5t illegal jakt genom att skjuta en dovhjort, oklart vilket k\u00f6n vilket g\u00f6r att den kanske inte var lovlig, \u00a0p\u00e5...","og_url":"https:\/\/blogg.atl.nu\/sodradylta\/2019\/09\/10\/polis-pa-garden\/","og_site_name":"S\u00f6dra Dylta","article_published_time":"2019-09-10T15:25:36+00:00","og_image":[{"width":1040,"height":780,"url":"https:\/\/blogg.atl.nu\/sodradylta\/wp-content\/uploads\/sites\/33\/2019\/09\/IMG_9803-e1568128827938.jpg","type":"image\/jpeg"}],"author":"axdorff","twitter_card":"summary_large_image","twitter_creator":"@twitter.com\/axdorff","twitter_misc":{"Skriven av":"axdorff","Ber\u00e4knad l\u00e4stid":"1 minut"},"schema":{"@context":"https:\/\/schema.org","@graph":[{"@type":"WebPage","@id":"https:\/\/blogg.atl.nu\/sodradylta\/2019\/09\/10\/polis-pa-garden\/","url":"https:\/\/blogg.atl.nu\/sodradylta\/2019\/09\/10\/polis-pa-garden\/","name":"Polis p\u00e5 g\u00e5rden - S\u00f6dra Dylta","isPartOf":{"@id":"https:\/\/blogg.atl.nu\/sodradylta\/#website"},"datePublished":"2019-09-10T15:25:36+00:00","dateModified":"2019-09-10T15:25:36+00:00","author":{"@id":"https:\/\/blogg.atl.nu\/sodradylta\/#\/schema\/person\/59a4fd29cbd68a48f24b75a54342d61a"},"breadcrumb":{"@id":"https:\/\/blogg.atl.nu\/sodradylta\/2019\/09\/10\/polis-pa-garden\/#breadcrumb"},"inLanguage":"sv-SE","potentialAction":[{"@type":"ReadAction","target":["https:\/\/blogg.atl.nu\/sodradylta\/2019\/09\/10\/polis-pa-garden\/"]}]},{"@type":"BreadcrumbList","@id":"https:\/\/blogg.atl.nu\/sodradylta\/2019\/09\/10\/polis-pa-garden\/#breadcrumb","itemListElement":[{"@type":"ListItem","position":1,"name":"Home","item":"https:\/\/blogg.atl.nu\/sodradylta\/"},{"@type":"ListItem","position":2,"name":"Polis p\u00e5 g\u00e5rden"}]},{"@type":"WebSite","@id":"https:\/\/blogg.atl.nu\/sodradylta\/#website","url":"https:\/\/blogg.atl.nu\/sodradylta\/","name":"S\u00f6dra Dylta","description":"Rickard Axdorff","potentialAction":[{"@type":"SearchAction","target":{"@type":"EntryPoint","urlTemplate":"https:\/\/blogg.atl.nu\/sodradylta\/?s={search_term_string}"},"query-input":"required name=search_term_string"}],"inLanguage":"sv-SE"},{"@type":"Person","@id":"https:\/\/blogg.atl.nu\/sodradylta\/#\/schema\/person\/59a4fd29cbd68a48f24b75a54342d61a","name":"axdorff","image":{"@type":"ImageObject","inLanguage":"sv-SE","@id":"https:\/\/blogg.atl.nu\/sodradylta\/#\/schema\/person\/image\/","url":"https:\/\/secure.gravatar.com\/avatar\/a55462fcd070ebf65dd9b95bfe9c5d29?s=96&d=mm&r=g","contentUrl":"https:\/\/secure.gravatar.com\/avatar\/a55462fcd070ebf65dd9b95bfe9c5d29?s=96&d=mm&r=g","caption":"axdorff"},"description":"Driver p\u00e5 deltid g\u00e5rden S\u00f6dra Dylta. Utbildad j\u00e4gm\u00e4stare och ekonom. Initiativtagare till projekt Egendomligt, grundare av Naturbrukarna, ledamot i f\u00f6rbundsstyrelsen f\u00f6r J\u00e4garef\u00f6rbundet, skriver f\u00f6r Svenska Nyhetsbyr\u00e5n och lite annat sm\u00e5tt och gott.","sameAs":["https:\/\/twitter.com\/twitter.com\/axdorff"],"url":"https:\/\/blogg.atl.nu\/sodradylta\/author\/axdorff\/"}]}},"_links":{"self":[{"href":"https:\/\/blogg.atl.nu\/sodradylta\/wp-json\/wp\/v2\/posts\/1014"}],"collection":[{"href":"https:\/\/blogg.atl.nu\/sodradylta\/wp-json\/wp\/v2\/posts"}],"about":[{"href":"https:\/\/blogg.atl.nu\/sodradylta\/wp-json\/wp\/v2\/types\/post"}],"author":[{"embeddable":true,"href":"https:\/\/blogg.atl.nu\/sodradylta\/wp-json\/wp\/v2\/users\/351"}],"replies":[{"embeddable":true,"href":"https:\/\/blogg.atl.nu\/sodradylta\/wp-json\/wp\/v2\/comments?post=1014"}],"version-history":[{"count":4,"href":"https:\/\/blogg.atl.nu\/sodradylta\/wp-json\/wp\/v2\/posts\/1014\/revisions"}],"predecessor-version":[{"id":1020,"href":"https:\/\/blogg.atl.nu\/sodradylta\/wp-json\/wp\/v2\/posts\/1014\/revisions\/1020"}],"wp:featuredmedia":[{"embeddable":true,"href":"https:\/\/blogg.atl.nu\/sodradylta\/wp-json\/wp\/v2\/media\/1016"}],"wp:attachment":[{"href":"https:\/\/blogg.atl.nu\/sodradylta\/wp-json\/wp\/v2\/media?parent=1014"}],"wp:term":[{"taxonomy":"category","embeddable":true,"href":"https:\/\/blogg.atl.nu\/sodradylta\/wp-json\/wp\/v2\/categories?post=1014"},{"taxonomy":"post_tag","embeddable":true,"href":"https:\/\/blogg.atl.nu\/sodradylta\/wp-json\/wp\/v2\/tags?post=1014"}],"curies":[{"name":"wp","href":"https:\/\/api.w.org\/{rel}","templated":true}]}}