{"id":1274,"date":"2019-12-16T08:35:13","date_gmt":"2019-12-16T07:35:13","guid":{"rendered":"https:\/\/blogg.atl.nu\/sodradylta\/?p=1274"},"modified":"2019-12-16T17:02:02","modified_gmt":"2019-12-16T16:02:02","slug":"jag-ar-drabba-av-klimatet","status":"publish","type":"post","link":"https:\/\/blogg.atl.nu\/sodradylta\/2019\/12\/16\/jag-ar-drabba-av-klimatet\/","title":{"rendered":"Jag \u00e4r drabbad av klimatet"},"content":{"rendered":"<p>Nu \u00e4r det \u00f6versv\u00e4mning. V\u00e4gen vid Ervallastation \u00e4r avst\u00e4ngd.<span>\u00a0<\/span>Klimathotet visar sitt verkliga ansikte. Skyfall som leder till verkliga problem. Eller har det i alla tider h\u00e4nt att v\u00e4gen varit avst\u00e4ngd p\u00e5 grund av \u00f6versv\u00e4mningar?<\/p>\n<p>&nbsp;<\/p>\n<p>Det \u00e4r faktiskt s\u00e5 att v\u00e4gen titt som t\u00e4tt \u00e4r avst\u00e4ngd. Skillnaden \u00e4r att det nu lokalt talas om att orsaken \u00e4r klimatet. I morse intervjuade en klimatreporter en klimatforskare och en klimatpolitiker p\u00e5 radion. Utifr\u00e5n detta verkar man sen dra egna slutsater.<\/p>\n<p>&nbsp;<\/p>\n<p>Jag kommer ih\u00e5g en sensommar f\u00f6r cirka 10 \u00e5r sedan n\u00e4r det var s\u00e5 mycket vatten att vi var tvungna att r\u00e4dda v\u00e5ra f\u00e5r, som betar d\u00e4r vattnet nu \u00e4r, fr\u00e5n att flyta bort. Krondikena gick inte och se varp\u00e5 min d\u00e5varande granne, professorn, ramlade i ett dike. Resultatet var en trasig n\u00e4sa och n\u00e5gra stygn.<\/p>\n<p>&nbsp;<\/p>\n<p>Jag kommer ih\u00e5g min barndom d\u00e5 jag som 12 \u00e5ring h\u00f6ll p\u00e5 att f\u00f6rfrysa mig f\u00f6r att jag vadade genom vattnet p\u00e5 v\u00e4gen. Benen domnade bort totalt. Jag och en kompis tog oss inte hem utan r\u00e4ddades av en granne.<\/p>\n<p>&nbsp;<\/p>\n<p>Jag kommer ih\u00e5g hur j\u00e4rnv\u00e4gen st\u00e4ngdes av n\u00e4r vattnet var s\u00e5 h\u00f6gt att t\u00e5gen inte kunde k\u00f6ra f\u00f6ra att banvallen blev underminerad. Och s\u00e5 h\u00e4r kan vi h\u00e5lla p\u00e5 r\u00e4tt l\u00e4nge.<\/p>\n<p>&nbsp;<\/p>\n<p>I alla tider och alla \u00e5rstider har det varit \u00f6versv\u00e4mningar h\u00e4r hos oss. Har vi tur kommer det bli kallt snart och d\u00e5 kommer vi f\u00e5 en fantastisk skridskois mitt i byn!<\/p>\n<p>&nbsp;<\/p>\n<figure id=\"attachment_4\" aria-describedby=\"caption-attachment-4\" style=\"width: 1024px\" class=\"wp-caption alignnone\"><img loading=\"lazy\" class=\"size-large wp-image-4\" src=\"https:\/\/blogg.atl.nu\/sodradylta\/wp-content\/uploads\/sites\/33\/2018\/10\/rickard-axdorff-blogg01-1024x234.jpg\" alt=\"\" width=\"1024\" height=\"234\" srcset=\"https:\/\/blogg.atl.nu\/sodradylta\/wp-content\/uploads\/sites\/33\/2018\/10\/rickard-axdorff-blogg01-1024x234.jpg 1024w, https:\/\/blogg.atl.nu\/sodradylta\/wp-content\/uploads\/sites\/33\/2018\/10\/rickard-axdorff-blogg01-300x69.jpg 300w, https:\/\/blogg.atl.nu\/sodradylta\/wp-content\/uploads\/sites\/33\/2018\/10\/rickard-axdorff-blogg01-768x176.jpg 768w, https:\/\/blogg.atl.nu\/sodradylta\/wp-content\/uploads\/sites\/33\/2018\/10\/rickard-axdorff-blogg01.jpg 2048w\" sizes=\"(max-width: 1024px) 100vw, 1024px\" \/><figcaption id=\"caption-attachment-4\" class=\"wp-caption-text\">Jag heter Rickard Axdorff, tack!<\/figcaption><\/figure>\n","protected":false},"excerpt":{"rendered":"<p>Nu \u00e4r det \u00f6versv\u00e4mning. V\u00e4gen vid Ervallastation \u00e4r avst\u00e4ngd.\u00a0Klimathotet visar sitt verkliga ansikte. Skyfall som leder till verkliga problem. Eller har det i alla tider h\u00e4nt att v\u00e4gen varit avst\u00e4ngd p\u00e5 grund av \u00f6versv\u00e4mningar? &nbsp; Det \u00e4r faktiskt s\u00e5 att v\u00e4gen titt som t\u00e4tt \u00e4r avst\u00e4ngd. Skillnaden \u00e4r att det nu lokalt talas om att&#8230;<\/p>\n","protected":false},"author":351,"featured_media":1278,"comment_status":"open","ping_status":"open","sticky":false,"template":"","format":"standard","meta":[],"categories":[1],"tags":[7,40],"yoast_head":"<!-- This site is optimized with the Yoast SEO plugin v19.6 - https:\/\/yoast.com\/wordpress\/plugins\/seo\/ -->\n<title>Jag \u00e4r drabbad av klimatet - S\u00f6dra Dylta<\/title>\n<meta name=\"robots\" content=\"index, follow, max-snippet:-1, max-image-preview:large, max-video-preview:-1\" \/>\n<link rel=\"canonical\" href=\"https:\/\/blogg.atl.nu\/sodradylta\/2019\/12\/16\/jag-ar-drabba-av-klimatet\/\" \/>\n<meta property=\"og:locale\" content=\"sv_SE\" \/>\n<meta property=\"og:type\" content=\"article\" \/>\n<meta property=\"og:title\" content=\"Jag \u00e4r drabbad av klimatet - S\u00f6dra Dylta\" \/>\n<meta property=\"og:description\" content=\"Nu \u00e4r det \u00f6versv\u00e4mning. V\u00e4gen vid Ervallastation \u00e4r avst\u00e4ngd.\u00a0Klimathotet visar sitt verkliga ansikte. Skyfall som leder till verkliga problem. Eller har det i alla tider h\u00e4nt att v\u00e4gen varit avst\u00e4ngd p\u00e5 grund av \u00f6versv\u00e4mningar? &nbsp; Det \u00e4r faktiskt s\u00e5 att v\u00e4gen titt som t\u00e4tt \u00e4r avst\u00e4ngd. Skillnaden \u00e4r att det nu lokalt talas om att...\" \/>\n<meta property=\"og:url\" content=\"https:\/\/blogg.atl.nu\/sodradylta\/2019\/12\/16\/jag-ar-drabba-av-klimatet\/\" \/>\n<meta property=\"og:site_name\" content=\"S\u00f6dra Dylta\" \/>\n<meta property=\"article:published_time\" content=\"2019-12-16T07:35:13+00:00\" \/>\n<meta property=\"article:modified_time\" content=\"2019-12-16T16:02:02+00:00\" \/>\n<meta property=\"og:image\" content=\"https:\/\/blogg.atl.nu\/sodradylta\/wp-content\/uploads\/sites\/33\/2019\/12\/IMG_0150.jpg\" \/>\n\t<meta property=\"og:image:width\" content=\"1024\" \/>\n\t<meta property=\"og:image:height\" content=\"768\" \/>\n\t<meta property=\"og:image:type\" content=\"image\/jpeg\" \/>\n<meta name=\"author\" content=\"axdorff\" \/>\n<meta name=\"twitter:card\" content=\"summary_large_image\" \/>\n<meta name=\"twitter:creator\" content=\"@twitter.com\/axdorff\" \/>\n<meta name=\"twitter:label1\" content=\"Skriven av\" \/>\n\t<meta name=\"twitter:data1\" content=\"axdorff\" \/>\n\t<meta name=\"twitter:label2\" content=\"Ber\u00e4knad l\u00e4stid\" \/>\n\t<meta name=\"twitter:data2\" content=\"1 minut\" \/>\n<script type=\"application\/ld+json\" class=\"yoast-schema-graph\">{\"@context\":\"https:\/\/schema.org\",\"@graph\":[{\"@type\":\"WebPage\",\"@id\":\"https:\/\/blogg.atl.nu\/sodradylta\/2019\/12\/16\/jag-ar-drabba-av-klimatet\/\",\"url\":\"https:\/\/blogg.atl.nu\/sodradylta\/2019\/12\/16\/jag-ar-drabba-av-klimatet\/\",\"name\":\"Jag \u00e4r drabbad av klimatet - S\u00f6dra Dylta\",\"isPartOf\":{\"@id\":\"https:\/\/blogg.atl.nu\/sodradylta\/#website\"},\"datePublished\":\"2019-12-16T07:35:13+00:00\",\"dateModified\":\"2019-12-16T16:02:02+00:00\",\"author\":{\"@id\":\"https:\/\/blogg.atl.nu\/sodradylta\/#\/schema\/person\/59a4fd29cbd68a48f24b75a54342d61a\"},\"breadcrumb\":{\"@id\":\"https:\/\/blogg.atl.nu\/sodradylta\/2019\/12\/16\/jag-ar-drabba-av-klimatet\/#breadcrumb\"},\"inLanguage\":\"sv-SE\",\"potentialAction\":[{\"@type\":\"ReadAction\",\"target\":[\"https:\/\/blogg.atl.nu\/sodradylta\/2019\/12\/16\/jag-ar-drabba-av-klimatet\/\"]}]},{\"@type\":\"BreadcrumbList\",\"@id\":\"https:\/\/blogg.atl.nu\/sodradylta\/2019\/12\/16\/jag-ar-drabba-av-klimatet\/#breadcrumb\",\"itemListElement\":[{\"@type\":\"ListItem\",\"position\":1,\"name\":\"Home\",\"item\":\"https:\/\/blogg.atl.nu\/sodradylta\/\"},{\"@type\":\"ListItem\",\"position\":2,\"name\":\"Jag \u00e4r drabbad av klimatet\"}]},{\"@type\":\"WebSite\",\"@id\":\"https:\/\/blogg.atl.nu\/sodradylta\/#website\",\"url\":\"https:\/\/blogg.atl.nu\/sodradylta\/\",\"name\":\"S\u00f6dra Dylta\",\"description\":\"Rickard Axdorff\",\"potentialAction\":[{\"@type\":\"SearchAction\",\"target\":{\"@type\":\"EntryPoint\",\"urlTemplate\":\"https:\/\/blogg.atl.nu\/sodradylta\/?s={search_term_string}\"},\"query-input\":\"required name=search_term_string\"}],\"inLanguage\":\"sv-SE\"},{\"@type\":\"Person\",\"@id\":\"https:\/\/blogg.atl.nu\/sodradylta\/#\/schema\/person\/59a4fd29cbd68a48f24b75a54342d61a\",\"name\":\"axdorff\",\"image\":{\"@type\":\"ImageObject\",\"inLanguage\":\"sv-SE\",\"@id\":\"https:\/\/blogg.atl.nu\/sodradylta\/#\/schema\/person\/image\/\",\"url\":\"https:\/\/secure.gravatar.com\/avatar\/a55462fcd070ebf65dd9b95bfe9c5d29?s=96&d=mm&r=g\",\"contentUrl\":\"https:\/\/secure.gravatar.com\/avatar\/a55462fcd070ebf65dd9b95bfe9c5d29?s=96&d=mm&r=g\",\"caption\":\"axdorff\"},\"description\":\"Driver p\u00e5 deltid g\u00e5rden S\u00f6dra Dylta. Utbildad j\u00e4gm\u00e4stare och ekonom. Initiativtagare till projekt Egendomligt, grundare av Naturbrukarna, ledamot i f\u00f6rbundsstyrelsen f\u00f6r J\u00e4garef\u00f6rbundet, skriver f\u00f6r Svenska Nyhetsbyr\u00e5n och lite annat sm\u00e5tt och gott.\",\"sameAs\":[\"https:\/\/twitter.com\/twitter.com\/axdorff\"],\"url\":\"https:\/\/blogg.atl.nu\/sodradylta\/author\/axdorff\/\"}]}<\/script>\n<!-- \/ Yoast SEO plugin. -->","yoast_head_json":{"title":"Jag \u00e4r drabbad av klimatet - S\u00f6dra Dylta","robots":{"index":"index","follow":"follow","max-snippet":"max-snippet:-1","max-image-preview":"max-image-preview:large","max-video-preview":"max-video-preview:-1"},"canonical":"https:\/\/blogg.atl.nu\/sodradylta\/2019\/12\/16\/jag-ar-drabba-av-klimatet\/","og_locale":"sv_SE","og_type":"article","og_title":"Jag \u00e4r drabbad av klimatet - S\u00f6dra Dylta","og_description":"Nu \u00e4r det \u00f6versv\u00e4mning. V\u00e4gen vid Ervallastation \u00e4r avst\u00e4ngd.\u00a0Klimathotet visar sitt verkliga ansikte. Skyfall som leder till verkliga problem. Eller har det i alla tider h\u00e4nt att v\u00e4gen varit avst\u00e4ngd p\u00e5 grund av \u00f6versv\u00e4mningar? &nbsp; Det \u00e4r faktiskt s\u00e5 att v\u00e4gen titt som t\u00e4tt \u00e4r avst\u00e4ngd. Skillnaden \u00e4r att det nu lokalt talas om att...","og_url":"https:\/\/blogg.atl.nu\/sodradylta\/2019\/12\/16\/jag-ar-drabba-av-klimatet\/","og_site_name":"S\u00f6dra Dylta","article_published_time":"2019-12-16T07:35:13+00:00","article_modified_time":"2019-12-16T16:02:02+00:00","og_image":[{"width":1024,"height":768,"url":"https:\/\/blogg.atl.nu\/sodradylta\/wp-content\/uploads\/sites\/33\/2019\/12\/IMG_0150.jpg","type":"image\/jpeg"}],"author":"axdorff","twitter_card":"summary_large_image","twitter_creator":"@twitter.com\/axdorff","twitter_misc":{"Skriven av":"axdorff","Ber\u00e4knad l\u00e4stid":"1 minut"},"schema":{"@context":"https:\/\/schema.org","@graph":[{"@type":"WebPage","@id":"https:\/\/blogg.atl.nu\/sodradylta\/2019\/12\/16\/jag-ar-drabba-av-klimatet\/","url":"https:\/\/blogg.atl.nu\/sodradylta\/2019\/12\/16\/jag-ar-drabba-av-klimatet\/","name":"Jag \u00e4r drabbad av klimatet - S\u00f6dra Dylta","isPartOf":{"@id":"https:\/\/blogg.atl.nu\/sodradylta\/#website"},"datePublished":"2019-12-16T07:35:13+00:00","dateModified":"2019-12-16T16:02:02+00:00","author":{"@id":"https:\/\/blogg.atl.nu\/sodradylta\/#\/schema\/person\/59a4fd29cbd68a48f24b75a54342d61a"},"breadcrumb":{"@id":"https:\/\/blogg.atl.nu\/sodradylta\/2019\/12\/16\/jag-ar-drabba-av-klimatet\/#breadcrumb"},"inLanguage":"sv-SE","potentialAction":[{"@type":"ReadAction","target":["https:\/\/blogg.atl.nu\/sodradylta\/2019\/12\/16\/jag-ar-drabba-av-klimatet\/"]}]},{"@type":"BreadcrumbList","@id":"https:\/\/blogg.atl.nu\/sodradylta\/2019\/12\/16\/jag-ar-drabba-av-klimatet\/#breadcrumb","itemListElement":[{"@type":"ListItem","position":1,"name":"Home","item":"https:\/\/blogg.atl.nu\/sodradylta\/"},{"@type":"ListItem","position":2,"name":"Jag \u00e4r drabbad av klimatet"}]},{"@type":"WebSite","@id":"https:\/\/blogg.atl.nu\/sodradylta\/#website","url":"https:\/\/blogg.atl.nu\/sodradylta\/","name":"S\u00f6dra Dylta","description":"Rickard Axdorff","potentialAction":[{"@type":"SearchAction","target":{"@type":"EntryPoint","urlTemplate":"https:\/\/blogg.atl.nu\/sodradylta\/?s={search_term_string}"},"query-input":"required name=search_term_string"}],"inLanguage":"sv-SE"},{"@type":"Person","@id":"https:\/\/blogg.atl.nu\/sodradylta\/#\/schema\/person\/59a4fd29cbd68a48f24b75a54342d61a","name":"axdorff","image":{"@type":"ImageObject","inLanguage":"sv-SE","@id":"https:\/\/blogg.atl.nu\/sodradylta\/#\/schema\/person\/image\/","url":"https:\/\/secure.gravatar.com\/avatar\/a55462fcd070ebf65dd9b95bfe9c5d29?s=96&d=mm&r=g","contentUrl":"https:\/\/secure.gravatar.com\/avatar\/a55462fcd070ebf65dd9b95bfe9c5d29?s=96&d=mm&r=g","caption":"axdorff"},"description":"Driver p\u00e5 deltid g\u00e5rden S\u00f6dra Dylta. Utbildad j\u00e4gm\u00e4stare och ekonom. Initiativtagare till projekt Egendomligt, grundare av Naturbrukarna, ledamot i f\u00f6rbundsstyrelsen f\u00f6r J\u00e4garef\u00f6rbundet, skriver f\u00f6r Svenska Nyhetsbyr\u00e5n och lite annat sm\u00e5tt och gott.","sameAs":["https:\/\/twitter.com\/twitter.com\/axdorff"],"url":"https:\/\/blogg.atl.nu\/sodradylta\/author\/axdorff\/"}]}},"_links":{"self":[{"href":"https:\/\/blogg.atl.nu\/sodradylta\/wp-json\/wp\/v2\/posts\/1274"}],"collection":[{"href":"https:\/\/blogg.atl.nu\/sodradylta\/wp-json\/wp\/v2\/posts"}],"about":[{"href":"https:\/\/blogg.atl.nu\/sodradylta\/wp-json\/wp\/v2\/types\/post"}],"author":[{"embeddable":true,"href":"https:\/\/blogg.atl.nu\/sodradylta\/wp-json\/wp\/v2\/users\/351"}],"replies":[{"embeddable":true,"href":"https:\/\/blogg.atl.nu\/sodradylta\/wp-json\/wp\/v2\/comments?post=1274"}],"version-history":[{"count":10,"href":"https:\/\/blogg.atl.nu\/sodradylta\/wp-json\/wp\/v2\/posts\/1274\/revisions"}],"predecessor-version":[{"id":1289,"href":"https:\/\/blogg.atl.nu\/sodradylta\/wp-json\/wp\/v2\/posts\/1274\/revisions\/1289"}],"wp:featuredmedia":[{"embeddable":true,"href":"https:\/\/blogg.atl.nu\/sodradylta\/wp-json\/wp\/v2\/media\/1278"}],"wp:attachment":[{"href":"https:\/\/blogg.atl.nu\/sodradylta\/wp-json\/wp\/v2\/media?parent=1274"}],"wp:term":[{"taxonomy":"category","embeddable":true,"href":"https:\/\/blogg.atl.nu\/sodradylta\/wp-json\/wp\/v2\/categories?post=1274"},{"taxonomy":"post_tag","embeddable":true,"href":"https:\/\/blogg.atl.nu\/sodradylta\/wp-json\/wp\/v2\/tags?post=1274"}],"curies":[{"name":"wp","href":"https:\/\/api.w.org\/{rel}","templated":true}]}}