{"id":1301,"date":"2019-12-22T17:33:00","date_gmt":"2019-12-22T16:33:00","guid":{"rendered":"https:\/\/blogg.atl.nu\/sodradylta\/?p=1301"},"modified":"2019-12-22T17:33:00","modified_gmt":"2019-12-22T16:33:00","slug":"nu-kan-tomten-komma","status":"publish","type":"post","link":"https:\/\/blogg.atl.nu\/sodradylta\/2019\/12\/22\/nu-kan-tomten-komma\/","title":{"rendered":"Nu kan tomten komma"},"content":{"rendered":"<p>N\u00e4r det lackar mot jul \u00e4r det viktigt att man har tagit hand om djuren lite extra. Det ska fixas och fejas \u00e4ven f\u00f6r v\u00e5ra djur. F\u00e5ren f\u00e5r en gran som de \u00e4ter upp. Den saknar dekorationer s\u00e5 det \u00e4r helt ofarligt. Och det ska str\u00f6s med extra mycket halm s\u00e5 att djuren f\u00e5r lite extra mys. <span>\u00a0<\/span><span>\u00a0<\/span><span>\u00a0<\/span><\/p>\n<p>&nbsp;<\/p>\n<p>F\u00f6r ni vet v\u00e4l att den tuffaste djurskyddsinspekt\u00f6ren, om \u00e4n aningen mer resonabel, \u00e4r g\u00e5rdstomten. \u00c4r det s\u00e5 att man slarvar s\u00e5 kommer det att h\u00e4nda massa m\u00e4rkliga och inte s\u00e4llan dyra saker.<\/p>\n<p>&nbsp;<\/p>\n<p>N\u00e4r det \u00e4r klart hos djuren b\u00f6rjar vi st\u00e4da inne. Som alltid, djuren f\u00f6rst.<\/p>\n<p>&nbsp;<\/p>\n<figure id=\"attachment_4\" aria-describedby=\"caption-attachment-4\" style=\"width: 1024px\" class=\"wp-caption alignnone\"><img loading=\"lazy\" class=\"size-large wp-image-4\" src=\"https:\/\/blogg.atl.nu\/sodradylta\/wp-content\/uploads\/sites\/33\/2018\/10\/rickard-axdorff-blogg01-1024x234.jpg\" alt=\"\" width=\"1024\" height=\"234\" srcset=\"https:\/\/blogg.atl.nu\/sodradylta\/wp-content\/uploads\/sites\/33\/2018\/10\/rickard-axdorff-blogg01-1024x234.jpg 1024w, https:\/\/blogg.atl.nu\/sodradylta\/wp-content\/uploads\/sites\/33\/2018\/10\/rickard-axdorff-blogg01-300x69.jpg 300w, https:\/\/blogg.atl.nu\/sodradylta\/wp-content\/uploads\/sites\/33\/2018\/10\/rickard-axdorff-blogg01-768x176.jpg 768w, https:\/\/blogg.atl.nu\/sodradylta\/wp-content\/uploads\/sites\/33\/2018\/10\/rickard-axdorff-blogg01.jpg 2048w\" sizes=\"(max-width: 1024px) 100vw, 1024px\" \/><figcaption id=\"caption-attachment-4\" class=\"wp-caption-text\">Jag heter Rickard Axdorff, tack.<\/figcaption><\/figure>\n","protected":false},"excerpt":{"rendered":"<p>N\u00e4r det lackar mot jul \u00e4r det viktigt att man har tagit hand om djuren lite extra. Det ska fixas och fejas \u00e4ven f\u00f6r v\u00e5ra djur. F\u00e5ren f\u00e5r en gran som de \u00e4ter upp. Den saknar dekorationer s\u00e5 det \u00e4r helt ofarligt. Och det ska str\u00f6s med extra mycket halm s\u00e5 att djuren f\u00e5r lite&#8230;<\/p>\n","protected":false},"author":351,"featured_media":1304,"comment_status":"open","ping_status":"open","sticky":false,"template":"","format":"standard","meta":[],"categories":[1],"tags":[],"yoast_head":"<!-- This site is optimized with the Yoast SEO plugin v19.6 - https:\/\/yoast.com\/wordpress\/plugins\/seo\/ -->\n<title>Nu kan tomten komma - S\u00f6dra Dylta<\/title>\n<meta name=\"robots\" content=\"index, follow, max-snippet:-1, max-image-preview:large, max-video-preview:-1\" \/>\n<link rel=\"canonical\" href=\"https:\/\/blogg.atl.nu\/sodradylta\/2019\/12\/22\/nu-kan-tomten-komma\/\" \/>\n<meta property=\"og:locale\" content=\"sv_SE\" \/>\n<meta property=\"og:type\" content=\"article\" \/>\n<meta property=\"og:title\" content=\"Nu kan tomten komma - S\u00f6dra Dylta\" \/>\n<meta property=\"og:description\" content=\"N\u00e4r det lackar mot jul \u00e4r det viktigt att man har tagit hand om djuren lite extra. Det ska fixas och fejas \u00e4ven f\u00f6r v\u00e5ra djur. F\u00e5ren f\u00e5r en gran som de \u00e4ter upp. Den saknar dekorationer s\u00e5 det \u00e4r helt ofarligt. Och det ska str\u00f6s med extra mycket halm s\u00e5 att djuren f\u00e5r lite...\" \/>\n<meta property=\"og:url\" content=\"https:\/\/blogg.atl.nu\/sodradylta\/2019\/12\/22\/nu-kan-tomten-komma\/\" \/>\n<meta property=\"og:site_name\" content=\"S\u00f6dra Dylta\" \/>\n<meta property=\"article:published_time\" content=\"2019-12-22T16:33:00+00:00\" \/>\n<meta property=\"og:image\" content=\"https:\/\/blogg.atl.nu\/sodradylta\/wp-content\/uploads\/sites\/33\/2019\/12\/IMG_0213-e1577032248361.jpg\" \/>\n\t<meta property=\"og:image:width\" content=\"1040\" \/>\n\t<meta property=\"og:image:height\" content=\"780\" \/>\n\t<meta property=\"og:image:type\" content=\"image\/jpeg\" \/>\n<meta name=\"author\" content=\"axdorff\" \/>\n<meta name=\"twitter:card\" content=\"summary_large_image\" \/>\n<meta name=\"twitter:creator\" content=\"@twitter.com\/axdorff\" \/>\n<meta name=\"twitter:label1\" content=\"Skriven av\" \/>\n\t<meta name=\"twitter:data1\" content=\"axdorff\" \/>\n\t<meta name=\"twitter:label2\" content=\"Ber\u00e4knad l\u00e4stid\" \/>\n\t<meta name=\"twitter:data2\" content=\"1 minut\" \/>\n<script type=\"application\/ld+json\" class=\"yoast-schema-graph\">{\"@context\":\"https:\/\/schema.org\",\"@graph\":[{\"@type\":\"WebPage\",\"@id\":\"https:\/\/blogg.atl.nu\/sodradylta\/2019\/12\/22\/nu-kan-tomten-komma\/\",\"url\":\"https:\/\/blogg.atl.nu\/sodradylta\/2019\/12\/22\/nu-kan-tomten-komma\/\",\"name\":\"Nu kan tomten komma - S\u00f6dra Dylta\",\"isPartOf\":{\"@id\":\"https:\/\/blogg.atl.nu\/sodradylta\/#website\"},\"datePublished\":\"2019-12-22T16:33:00+00:00\",\"dateModified\":\"2019-12-22T16:33:00+00:00\",\"author\":{\"@id\":\"https:\/\/blogg.atl.nu\/sodradylta\/#\/schema\/person\/59a4fd29cbd68a48f24b75a54342d61a\"},\"breadcrumb\":{\"@id\":\"https:\/\/blogg.atl.nu\/sodradylta\/2019\/12\/22\/nu-kan-tomten-komma\/#breadcrumb\"},\"inLanguage\":\"sv-SE\",\"potentialAction\":[{\"@type\":\"ReadAction\",\"target\":[\"https:\/\/blogg.atl.nu\/sodradylta\/2019\/12\/22\/nu-kan-tomten-komma\/\"]}]},{\"@type\":\"BreadcrumbList\",\"@id\":\"https:\/\/blogg.atl.nu\/sodradylta\/2019\/12\/22\/nu-kan-tomten-komma\/#breadcrumb\",\"itemListElement\":[{\"@type\":\"ListItem\",\"position\":1,\"name\":\"Home\",\"item\":\"https:\/\/blogg.atl.nu\/sodradylta\/\"},{\"@type\":\"ListItem\",\"position\":2,\"name\":\"Nu kan tomten komma\"}]},{\"@type\":\"WebSite\",\"@id\":\"https:\/\/blogg.atl.nu\/sodradylta\/#website\",\"url\":\"https:\/\/blogg.atl.nu\/sodradylta\/\",\"name\":\"S\u00f6dra Dylta\",\"description\":\"Rickard Axdorff\",\"potentialAction\":[{\"@type\":\"SearchAction\",\"target\":{\"@type\":\"EntryPoint\",\"urlTemplate\":\"https:\/\/blogg.atl.nu\/sodradylta\/?s={search_term_string}\"},\"query-input\":\"required name=search_term_string\"}],\"inLanguage\":\"sv-SE\"},{\"@type\":\"Person\",\"@id\":\"https:\/\/blogg.atl.nu\/sodradylta\/#\/schema\/person\/59a4fd29cbd68a48f24b75a54342d61a\",\"name\":\"axdorff\",\"image\":{\"@type\":\"ImageObject\",\"inLanguage\":\"sv-SE\",\"@id\":\"https:\/\/blogg.atl.nu\/sodradylta\/#\/schema\/person\/image\/\",\"url\":\"https:\/\/secure.gravatar.com\/avatar\/a55462fcd070ebf65dd9b95bfe9c5d29?s=96&d=mm&r=g\",\"contentUrl\":\"https:\/\/secure.gravatar.com\/avatar\/a55462fcd070ebf65dd9b95bfe9c5d29?s=96&d=mm&r=g\",\"caption\":\"axdorff\"},\"description\":\"Driver p\u00e5 deltid g\u00e5rden S\u00f6dra Dylta. Utbildad j\u00e4gm\u00e4stare och ekonom. Initiativtagare till projekt Egendomligt, grundare av Naturbrukarna, ledamot i f\u00f6rbundsstyrelsen f\u00f6r J\u00e4garef\u00f6rbundet, skriver f\u00f6r Svenska Nyhetsbyr\u00e5n och lite annat sm\u00e5tt och gott.\",\"sameAs\":[\"https:\/\/twitter.com\/twitter.com\/axdorff\"],\"url\":\"https:\/\/blogg.atl.nu\/sodradylta\/author\/axdorff\/\"}]}<\/script>\n<!-- \/ Yoast SEO plugin. -->","yoast_head_json":{"title":"Nu kan tomten komma - S\u00f6dra Dylta","robots":{"index":"index","follow":"follow","max-snippet":"max-snippet:-1","max-image-preview":"max-image-preview:large","max-video-preview":"max-video-preview:-1"},"canonical":"https:\/\/blogg.atl.nu\/sodradylta\/2019\/12\/22\/nu-kan-tomten-komma\/","og_locale":"sv_SE","og_type":"article","og_title":"Nu kan tomten komma - S\u00f6dra Dylta","og_description":"N\u00e4r det lackar mot jul \u00e4r det viktigt att man har tagit hand om djuren lite extra. Det ska fixas och fejas \u00e4ven f\u00f6r v\u00e5ra djur. F\u00e5ren f\u00e5r en gran som de \u00e4ter upp. Den saknar dekorationer s\u00e5 det \u00e4r helt ofarligt. Och det ska str\u00f6s med extra mycket halm s\u00e5 att djuren f\u00e5r lite...","og_url":"https:\/\/blogg.atl.nu\/sodradylta\/2019\/12\/22\/nu-kan-tomten-komma\/","og_site_name":"S\u00f6dra Dylta","article_published_time":"2019-12-22T16:33:00+00:00","og_image":[{"width":1040,"height":780,"url":"https:\/\/blogg.atl.nu\/sodradylta\/wp-content\/uploads\/sites\/33\/2019\/12\/IMG_0213-e1577032248361.jpg","type":"image\/jpeg"}],"author":"axdorff","twitter_card":"summary_large_image","twitter_creator":"@twitter.com\/axdorff","twitter_misc":{"Skriven av":"axdorff","Ber\u00e4knad l\u00e4stid":"1 minut"},"schema":{"@context":"https:\/\/schema.org","@graph":[{"@type":"WebPage","@id":"https:\/\/blogg.atl.nu\/sodradylta\/2019\/12\/22\/nu-kan-tomten-komma\/","url":"https:\/\/blogg.atl.nu\/sodradylta\/2019\/12\/22\/nu-kan-tomten-komma\/","name":"Nu kan tomten komma - S\u00f6dra Dylta","isPartOf":{"@id":"https:\/\/blogg.atl.nu\/sodradylta\/#website"},"datePublished":"2019-12-22T16:33:00+00:00","dateModified":"2019-12-22T16:33:00+00:00","author":{"@id":"https:\/\/blogg.atl.nu\/sodradylta\/#\/schema\/person\/59a4fd29cbd68a48f24b75a54342d61a"},"breadcrumb":{"@id":"https:\/\/blogg.atl.nu\/sodradylta\/2019\/12\/22\/nu-kan-tomten-komma\/#breadcrumb"},"inLanguage":"sv-SE","potentialAction":[{"@type":"ReadAction","target":["https:\/\/blogg.atl.nu\/sodradylta\/2019\/12\/22\/nu-kan-tomten-komma\/"]}]},{"@type":"BreadcrumbList","@id":"https:\/\/blogg.atl.nu\/sodradylta\/2019\/12\/22\/nu-kan-tomten-komma\/#breadcrumb","itemListElement":[{"@type":"ListItem","position":1,"name":"Home","item":"https:\/\/blogg.atl.nu\/sodradylta\/"},{"@type":"ListItem","position":2,"name":"Nu kan tomten komma"}]},{"@type":"WebSite","@id":"https:\/\/blogg.atl.nu\/sodradylta\/#website","url":"https:\/\/blogg.atl.nu\/sodradylta\/","name":"S\u00f6dra Dylta","description":"Rickard Axdorff","potentialAction":[{"@type":"SearchAction","target":{"@type":"EntryPoint","urlTemplate":"https:\/\/blogg.atl.nu\/sodradylta\/?s={search_term_string}"},"query-input":"required name=search_term_string"}],"inLanguage":"sv-SE"},{"@type":"Person","@id":"https:\/\/blogg.atl.nu\/sodradylta\/#\/schema\/person\/59a4fd29cbd68a48f24b75a54342d61a","name":"axdorff","image":{"@type":"ImageObject","inLanguage":"sv-SE","@id":"https:\/\/blogg.atl.nu\/sodradylta\/#\/schema\/person\/image\/","url":"https:\/\/secure.gravatar.com\/avatar\/a55462fcd070ebf65dd9b95bfe9c5d29?s=96&d=mm&r=g","contentUrl":"https:\/\/secure.gravatar.com\/avatar\/a55462fcd070ebf65dd9b95bfe9c5d29?s=96&d=mm&r=g","caption":"axdorff"},"description":"Driver p\u00e5 deltid g\u00e5rden S\u00f6dra Dylta. Utbildad j\u00e4gm\u00e4stare och ekonom. Initiativtagare till projekt Egendomligt, grundare av Naturbrukarna, ledamot i f\u00f6rbundsstyrelsen f\u00f6r J\u00e4garef\u00f6rbundet, skriver f\u00f6r Svenska Nyhetsbyr\u00e5n och lite annat sm\u00e5tt och gott.","sameAs":["https:\/\/twitter.com\/twitter.com\/axdorff"],"url":"https:\/\/blogg.atl.nu\/sodradylta\/author\/axdorff\/"}]}},"_links":{"self":[{"href":"https:\/\/blogg.atl.nu\/sodradylta\/wp-json\/wp\/v2\/posts\/1301"}],"collection":[{"href":"https:\/\/blogg.atl.nu\/sodradylta\/wp-json\/wp\/v2\/posts"}],"about":[{"href":"https:\/\/blogg.atl.nu\/sodradylta\/wp-json\/wp\/v2\/types\/post"}],"author":[{"embeddable":true,"href":"https:\/\/blogg.atl.nu\/sodradylta\/wp-json\/wp\/v2\/users\/351"}],"replies":[{"embeddable":true,"href":"https:\/\/blogg.atl.nu\/sodradylta\/wp-json\/wp\/v2\/comments?post=1301"}],"version-history":[{"count":4,"href":"https:\/\/blogg.atl.nu\/sodradylta\/wp-json\/wp\/v2\/posts\/1301\/revisions"}],"predecessor-version":[{"id":1306,"href":"https:\/\/blogg.atl.nu\/sodradylta\/wp-json\/wp\/v2\/posts\/1301\/revisions\/1306"}],"wp:featuredmedia":[{"embeddable":true,"href":"https:\/\/blogg.atl.nu\/sodradylta\/wp-json\/wp\/v2\/media\/1304"}],"wp:attachment":[{"href":"https:\/\/blogg.atl.nu\/sodradylta\/wp-json\/wp\/v2\/media?parent=1301"}],"wp:term":[{"taxonomy":"category","embeddable":true,"href":"https:\/\/blogg.atl.nu\/sodradylta\/wp-json\/wp\/v2\/categories?post=1301"},{"taxonomy":"post_tag","embeddable":true,"href":"https:\/\/blogg.atl.nu\/sodradylta\/wp-json\/wp\/v2\/tags?post=1301"}],"curies":[{"name":"wp","href":"https:\/\/api.w.org\/{rel}","templated":true}]}}