{"id":1307,"date":"2019-12-30T16:05:44","date_gmt":"2019-12-30T15:05:44","guid":{"rendered":"https:\/\/blogg.atl.nu\/sodradylta\/?p=1307"},"modified":"2019-12-30T16:24:56","modified_gmt":"2019-12-30T15:24:56","slug":"jag-slutar-blogga-pa-atl","status":"publish","type":"post","link":"https:\/\/blogg.atl.nu\/sodradylta\/2019\/12\/30\/jag-slutar-blogga-pa-atl\/","title":{"rendered":"Jag slutar blogga p\u00e5 ATL"},"content":{"rendered":"<p>F\u00f6r drygt ett \u00e5r sedan b\u00f6rjade jag att blogga h\u00e4r p\u00e5 ATL. Ni har f\u00e5tt f\u00f6lja med mig p\u00e5 g\u00e5rden man kanske framf\u00f6r allt har ni f\u00e5tt f\u00f6lja med mig i mina olika tankebanor som r\u00f6r lantbruk och landsbygd. Efter ny\u00e5r kommer jag f\u00f6rs\u00f6ka starta upp ett nytt underfinansierad projekt, <a href=\"http:\/\/magasinetlandsbygd.se\">Magasinet Landsbygd<\/a>. Ett digitalt magasin d\u00e4r f\u00f6rsvaret f\u00f6r landsbygden kommer att forts\u00e4tta. H\u00e5ll g\u00e4rna en tumme f\u00f6r att det kommer g\u00e5 bra eller h\u00f6r av dig om du vill hj\u00e4lpa till.<\/p>\n<p>&nbsp;<\/p>\n<h2>Har du en spade s\u00e5 gr\u00e4v<\/h2>\n<p>Under detta \u00e5r har jag f\u00f6rs\u00f6kt att beskriva lantbrukets m\u00f6jligheter och problem. Ibland har det uppfattats som kampanjliknande nedslag och ibland har det kr\u00e4vts ett tydligt spr\u00e5k. I den dyngh\u00f6g jag har l\u00e5tit kalla #tjuvsamh\u00e4llet finns det mycket skit att gr\u00e4va i f\u00f6r den som vill och kan.\u00a0Rekordet p\u00e5 denna blogg blev drygt 2\u00a0500 delningar av ett inl\u00e4gg. Men inget g\u00f6r sig sj\u00e4lv och m\u00e5nga har, halvorganiserat, hj\u00e4lps \u00e5t f\u00f6r att g\u00f6ra skillnad n\u00e4r angreppen p\u00e5 lantbrukssektorn och landsbygden slagit till.<\/p>\n<h4><\/h4>\n<h2>Tre exempel<\/h2>\n<p>MAX: Ett av dessa <a href=\"https:\/\/blogg.atl.nu\/sodradylta\/2019\/03\/07\/om-moral-och-hamburgare\/\">blogginl\u00e4gg<\/a> \u00a0handlade om att restaurangkedjan MAX ingick ett avtal med Djurens r\u00e4tt. Detta i en tid n\u00e4r hot och hat mot k\u00f6ttproducenter fr\u00e5n dessa typer av organisationer beskrevs som terrorliknande handlingar. N\u00e5gra dagar efter blogginl\u00e4gget skrevs avslutade Max motvilligt samarbetet.<\/p>\n<p>EON: Ett annat liknande\u00a0<a href=\"https:\/\/blogg.atl.nu\/sodradylta\/2019\/06\/04\/eon-attackerar-svenskt-lantbruk\/\">blogginl\u00e4gg<\/a> var n\u00e4r EON gick till attack mot b\u00f6nderna via en digital kampanj mot k\u00f6tt\u00e4tande.\u00a0Efter n\u00e5gra dagar fick jag ett samtal fr\u00e5n ledningen p\u00e5 EON som bad om urs\u00e4kt och meddelade att de drog tillbaka hela sin kampanj. All heder till dem.<\/p>\n<p>KRONF\u00c5GEL: Ett sista <a href=\"https:\/\/blogg.atl.nu\/sodradylta\/2019\/09\/16\/kronfagel-har-gjort-en-oatly\/\">blogginl\u00e4gg<\/a> jag vill lyfta var n\u00e4r Kronf\u00e5gel genom \u201dnegative campaign\u201d anv\u00e4nde k\u00e4nsloargument f\u00f6r att \u00f6ka f\u00f6rs\u00e4ljningen av kyckling och minska f\u00f6rs\u00e4ljningen av n\u00f6tk\u00f6tt. Det blev en hel del skriverier i olika medier d\u00e4r bloggen n\u00e4mndes. Kronf\u00e5gel taggade efter en tid ner.<\/p>\n<p>&nbsp;<\/p>\n<h2>Varf\u00f6r har lantbruk och landsbygd problem?<\/h2>\n<p><img loading=\"lazy\" class=\"alignnone size-large wp-image-697\" src=\"https:\/\/blogg.atl.nu\/sodradylta\/wp-content\/uploads\/sites\/33\/2019\/05\/IMG_8377-e1557642304846-1024x576.jpg\" alt=\"\" width=\"1024\" height=\"576\" srcset=\"https:\/\/blogg.atl.nu\/sodradylta\/wp-content\/uploads\/sites\/33\/2019\/05\/IMG_8377-e1557642304846-1024x576.jpg 1024w, https:\/\/blogg.atl.nu\/sodradylta\/wp-content\/uploads\/sites\/33\/2019\/05\/IMG_8377-e1557642304846-300x169.jpg 300w, https:\/\/blogg.atl.nu\/sodradylta\/wp-content\/uploads\/sites\/33\/2019\/05\/IMG_8377-e1557642304846-768x432.jpg 768w, https:\/\/blogg.atl.nu\/sodradylta\/wp-content\/uploads\/sites\/33\/2019\/05\/IMG_8377-e1557642304846.jpg 1040w\" sizes=\"(max-width: 1024px) 100vw, 1024px\" \/><\/p>\n<p>Det \u00e4r nog ganska enkelt. N\u00e4r allt kommer till kritan har media havererat inte minst n\u00e4r det det g\u00e4ller att beskriva landsbygden. H\u00e4lften av alla journalister bor i Stockholm, medias \u00e4garkoncentrationer \u00f6kar, int\u00e4kterna minskar och bevakningen av landsbygden <a href=\"https:\/\/mediestudier.se\/wp-content\/uploads\/2018\/11\/Mediestudier_arsbok_2018_webb.pdf\">minskar<\/a>. Ut\u00f6ver detta sker en vridning mot &#8221;allm\u00e4nreportrar&#8221;. Journalister som oftast inte vet n\u00e5got ut\u00f6ver sj\u00e4lva hantverket att skriva. F\u00f6ljdeffekten \u00e4r att media enligt mig ofta blir till okritiska megafoner f\u00f6r de som intervjuas.<\/p>\n<h4>Bilden av landsbygden<\/h4>\n<p>Bilden av landsbygden \u00e4r en av storstadsmedia h\u00e5rt beskuren bild. Vardagsm\u00e4nniskan, politiker och beslutsfattare har via den f\u00e5tt en skev uppfattning och fattar beslut utifr\u00e5n bilden som ges. Bilden beh\u00f6ver besk\u00e4ras p\u00e5 ett nytt s\u00e4tt. Anledningen till att de tre blogg-exemplen ovan gjorde skillnad var att bilden av saken blev en annan.<\/p>\n<p>Det p\u00e5g\u00e5r en kamp om ord och just nu skriver n\u00e5gon annan v\u00e5r historia. Under 2020 kommer jag med hj\u00e4lp av mina v\u00e4nner f\u00f6rs\u00f6ka att servera vardagsm\u00e4nniskan en annan bild av oss p\u00e5 landsbygden<\/p>\n<p>&nbsp;<\/p>\n<figure id=\"attachment_4\" aria-describedby=\"caption-attachment-4\" style=\"width: 1024px\" class=\"wp-caption alignnone\"><img loading=\"lazy\" class=\"size-large wp-image-4\" src=\"https:\/\/blogg.atl.nu\/sodradylta\/wp-content\/uploads\/sites\/33\/2018\/10\/rickard-axdorff-blogg01-1024x234.jpg\" alt=\"\" width=\"1024\" height=\"234\" srcset=\"https:\/\/blogg.atl.nu\/sodradylta\/wp-content\/uploads\/sites\/33\/2018\/10\/rickard-axdorff-blogg01-1024x234.jpg 1024w, https:\/\/blogg.atl.nu\/sodradylta\/wp-content\/uploads\/sites\/33\/2018\/10\/rickard-axdorff-blogg01-300x69.jpg 300w, https:\/\/blogg.atl.nu\/sodradylta\/wp-content\/uploads\/sites\/33\/2018\/10\/rickard-axdorff-blogg01-768x176.jpg 768w, https:\/\/blogg.atl.nu\/sodradylta\/wp-content\/uploads\/sites\/33\/2018\/10\/rickard-axdorff-blogg01.jpg 2048w\" sizes=\"(max-width: 1024px) 100vw, 1024px\" \/><figcaption id=\"caption-attachment-4\" class=\"wp-caption-text\">Jag heter Rickard Axdorff, \u00a0tack f\u00f6r mig! axdorff@yahoo.com 070 &#8211; 678 96 000<\/figcaption><\/figure>\n","protected":false},"excerpt":{"rendered":"<p>F\u00f6r drygt ett \u00e5r sedan b\u00f6rjade jag att blogga h\u00e4r p\u00e5 ATL. Ni har f\u00e5tt f\u00f6lja med mig p\u00e5 g\u00e5rden man kanske framf\u00f6r allt har ni f\u00e5tt f\u00f6lja med mig i mina olika tankebanor som r\u00f6r lantbruk och landsbygd. Efter ny\u00e5r kommer jag f\u00f6rs\u00f6ka starta upp ett nytt underfinansierad projekt, Magasinet Landsbygd. Ett digitalt magasin&#8230;<\/p>\n","protected":false},"author":351,"featured_media":25,"comment_status":"open","ping_status":"open","sticky":false,"template":"","format":"standard","meta":[],"categories":[1],"tags":[7,96,94,5],"yoast_head":"<!-- This site is optimized with the Yoast SEO plugin v19.6 - https:\/\/yoast.com\/wordpress\/plugins\/seo\/ -->\n<title>Jag slutar blogga p\u00e5 ATL - S\u00f6dra Dylta<\/title>\n<meta name=\"robots\" content=\"index, follow, max-snippet:-1, max-image-preview:large, max-video-preview:-1\" \/>\n<link rel=\"canonical\" href=\"https:\/\/blogg.atl.nu\/sodradylta\/2019\/12\/30\/jag-slutar-blogga-pa-atl\/\" \/>\n<meta property=\"og:locale\" content=\"sv_SE\" \/>\n<meta property=\"og:type\" content=\"article\" \/>\n<meta property=\"og:title\" content=\"Jag slutar blogga p\u00e5 ATL - S\u00f6dra Dylta\" \/>\n<meta property=\"og:description\" content=\"F\u00f6r drygt ett \u00e5r sedan b\u00f6rjade jag att blogga h\u00e4r p\u00e5 ATL. Ni har f\u00e5tt f\u00f6lja med mig p\u00e5 g\u00e5rden man kanske framf\u00f6r allt har ni f\u00e5tt f\u00f6lja med mig i mina olika tankebanor som r\u00f6r lantbruk och landsbygd. Efter ny\u00e5r kommer jag f\u00f6rs\u00f6ka starta upp ett nytt underfinansierad projekt, Magasinet Landsbygd. Ett digitalt magasin...\" \/>\n<meta property=\"og:url\" content=\"https:\/\/blogg.atl.nu\/sodradylta\/2019\/12\/30\/jag-slutar-blogga-pa-atl\/\" \/>\n<meta property=\"og:site_name\" content=\"S\u00f6dra Dylta\" \/>\n<meta property=\"article:published_time\" content=\"2019-12-30T15:05:44+00:00\" \/>\n<meta property=\"article:modified_time\" content=\"2019-12-30T15:24:56+00:00\" \/>\n<meta property=\"og:image\" content=\"https:\/\/blogg.atl.nu\/sodradylta\/wp-content\/uploads\/sites\/33\/2018\/11\/Rickard-Axdorff-Lemmy-e1542185594799.jpg\" \/>\n\t<meta property=\"og:image:width\" content=\"1025\" \/>\n\t<meta property=\"og:image:height\" content=\"684\" \/>\n\t<meta property=\"og:image:type\" content=\"image\/jpeg\" \/>\n<meta name=\"author\" content=\"axdorff\" \/>\n<meta name=\"twitter:card\" content=\"summary_large_image\" \/>\n<meta name=\"twitter:creator\" content=\"@twitter.com\/axdorff\" \/>\n<meta name=\"twitter:label1\" content=\"Skriven av\" \/>\n\t<meta name=\"twitter:data1\" content=\"axdorff\" \/>\n\t<meta name=\"twitter:label2\" content=\"Ber\u00e4knad l\u00e4stid\" \/>\n\t<meta name=\"twitter:data2\" content=\"3 minuter\" \/>\n<script type=\"application\/ld+json\" class=\"yoast-schema-graph\">{\"@context\":\"https:\/\/schema.org\",\"@graph\":[{\"@type\":\"WebPage\",\"@id\":\"https:\/\/blogg.atl.nu\/sodradylta\/2019\/12\/30\/jag-slutar-blogga-pa-atl\/\",\"url\":\"https:\/\/blogg.atl.nu\/sodradylta\/2019\/12\/30\/jag-slutar-blogga-pa-atl\/\",\"name\":\"Jag slutar blogga p\u00e5 ATL - S\u00f6dra Dylta\",\"isPartOf\":{\"@id\":\"https:\/\/blogg.atl.nu\/sodradylta\/#website\"},\"datePublished\":\"2019-12-30T15:05:44+00:00\",\"dateModified\":\"2019-12-30T15:24:56+00:00\",\"author\":{\"@id\":\"https:\/\/blogg.atl.nu\/sodradylta\/#\/schema\/person\/59a4fd29cbd68a48f24b75a54342d61a\"},\"breadcrumb\":{\"@id\":\"https:\/\/blogg.atl.nu\/sodradylta\/2019\/12\/30\/jag-slutar-blogga-pa-atl\/#breadcrumb\"},\"inLanguage\":\"sv-SE\",\"potentialAction\":[{\"@type\":\"ReadAction\",\"target\":[\"https:\/\/blogg.atl.nu\/sodradylta\/2019\/12\/30\/jag-slutar-blogga-pa-atl\/\"]}]},{\"@type\":\"BreadcrumbList\",\"@id\":\"https:\/\/blogg.atl.nu\/sodradylta\/2019\/12\/30\/jag-slutar-blogga-pa-atl\/#breadcrumb\",\"itemListElement\":[{\"@type\":\"ListItem\",\"position\":1,\"name\":\"Home\",\"item\":\"https:\/\/blogg.atl.nu\/sodradylta\/\"},{\"@type\":\"ListItem\",\"position\":2,\"name\":\"Jag slutar blogga p\u00e5 ATL\"}]},{\"@type\":\"WebSite\",\"@id\":\"https:\/\/blogg.atl.nu\/sodradylta\/#website\",\"url\":\"https:\/\/blogg.atl.nu\/sodradylta\/\",\"name\":\"S\u00f6dra Dylta\",\"description\":\"Rickard Axdorff\",\"potentialAction\":[{\"@type\":\"SearchAction\",\"target\":{\"@type\":\"EntryPoint\",\"urlTemplate\":\"https:\/\/blogg.atl.nu\/sodradylta\/?s={search_term_string}\"},\"query-input\":\"required name=search_term_string\"}],\"inLanguage\":\"sv-SE\"},{\"@type\":\"Person\",\"@id\":\"https:\/\/blogg.atl.nu\/sodradylta\/#\/schema\/person\/59a4fd29cbd68a48f24b75a54342d61a\",\"name\":\"axdorff\",\"image\":{\"@type\":\"ImageObject\",\"inLanguage\":\"sv-SE\",\"@id\":\"https:\/\/blogg.atl.nu\/sodradylta\/#\/schema\/person\/image\/\",\"url\":\"https:\/\/secure.gravatar.com\/avatar\/a55462fcd070ebf65dd9b95bfe9c5d29?s=96&d=mm&r=g\",\"contentUrl\":\"https:\/\/secure.gravatar.com\/avatar\/a55462fcd070ebf65dd9b95bfe9c5d29?s=96&d=mm&r=g\",\"caption\":\"axdorff\"},\"description\":\"Driver p\u00e5 deltid g\u00e5rden S\u00f6dra Dylta. Utbildad j\u00e4gm\u00e4stare och ekonom. Initiativtagare till projekt Egendomligt, grundare av Naturbrukarna, ledamot i f\u00f6rbundsstyrelsen f\u00f6r J\u00e4garef\u00f6rbundet, skriver f\u00f6r Svenska Nyhetsbyr\u00e5n och lite annat sm\u00e5tt och gott.\",\"sameAs\":[\"https:\/\/twitter.com\/twitter.com\/axdorff\"],\"url\":\"https:\/\/blogg.atl.nu\/sodradylta\/author\/axdorff\/\"}]}<\/script>\n<!-- \/ Yoast SEO plugin. -->","yoast_head_json":{"title":"Jag slutar blogga p\u00e5 ATL - S\u00f6dra Dylta","robots":{"index":"index","follow":"follow","max-snippet":"max-snippet:-1","max-image-preview":"max-image-preview:large","max-video-preview":"max-video-preview:-1"},"canonical":"https:\/\/blogg.atl.nu\/sodradylta\/2019\/12\/30\/jag-slutar-blogga-pa-atl\/","og_locale":"sv_SE","og_type":"article","og_title":"Jag slutar blogga p\u00e5 ATL - S\u00f6dra Dylta","og_description":"F\u00f6r drygt ett \u00e5r sedan b\u00f6rjade jag att blogga h\u00e4r p\u00e5 ATL. Ni har f\u00e5tt f\u00f6lja med mig p\u00e5 g\u00e5rden man kanske framf\u00f6r allt har ni f\u00e5tt f\u00f6lja med mig i mina olika tankebanor som r\u00f6r lantbruk och landsbygd. Efter ny\u00e5r kommer jag f\u00f6rs\u00f6ka starta upp ett nytt underfinansierad projekt, Magasinet Landsbygd. Ett digitalt magasin...","og_url":"https:\/\/blogg.atl.nu\/sodradylta\/2019\/12\/30\/jag-slutar-blogga-pa-atl\/","og_site_name":"S\u00f6dra Dylta","article_published_time":"2019-12-30T15:05:44+00:00","article_modified_time":"2019-12-30T15:24:56+00:00","og_image":[{"width":1025,"height":684,"url":"https:\/\/blogg.atl.nu\/sodradylta\/wp-content\/uploads\/sites\/33\/2018\/11\/Rickard-Axdorff-Lemmy-e1542185594799.jpg","type":"image\/jpeg"}],"author":"axdorff","twitter_card":"summary_large_image","twitter_creator":"@twitter.com\/axdorff","twitter_misc":{"Skriven av":"axdorff","Ber\u00e4knad l\u00e4stid":"3 minuter"},"schema":{"@context":"https:\/\/schema.org","@graph":[{"@type":"WebPage","@id":"https:\/\/blogg.atl.nu\/sodradylta\/2019\/12\/30\/jag-slutar-blogga-pa-atl\/","url":"https:\/\/blogg.atl.nu\/sodradylta\/2019\/12\/30\/jag-slutar-blogga-pa-atl\/","name":"Jag slutar blogga p\u00e5 ATL - S\u00f6dra Dylta","isPartOf":{"@id":"https:\/\/blogg.atl.nu\/sodradylta\/#website"},"datePublished":"2019-12-30T15:05:44+00:00","dateModified":"2019-12-30T15:24:56+00:00","author":{"@id":"https:\/\/blogg.atl.nu\/sodradylta\/#\/schema\/person\/59a4fd29cbd68a48f24b75a54342d61a"},"breadcrumb":{"@id":"https:\/\/blogg.atl.nu\/sodradylta\/2019\/12\/30\/jag-slutar-blogga-pa-atl\/#breadcrumb"},"inLanguage":"sv-SE","potentialAction":[{"@type":"ReadAction","target":["https:\/\/blogg.atl.nu\/sodradylta\/2019\/12\/30\/jag-slutar-blogga-pa-atl\/"]}]},{"@type":"BreadcrumbList","@id":"https:\/\/blogg.atl.nu\/sodradylta\/2019\/12\/30\/jag-slutar-blogga-pa-atl\/#breadcrumb","itemListElement":[{"@type":"ListItem","position":1,"name":"Home","item":"https:\/\/blogg.atl.nu\/sodradylta\/"},{"@type":"ListItem","position":2,"name":"Jag slutar blogga p\u00e5 ATL"}]},{"@type":"WebSite","@id":"https:\/\/blogg.atl.nu\/sodradylta\/#website","url":"https:\/\/blogg.atl.nu\/sodradylta\/","name":"S\u00f6dra Dylta","description":"Rickard Axdorff","potentialAction":[{"@type":"SearchAction","target":{"@type":"EntryPoint","urlTemplate":"https:\/\/blogg.atl.nu\/sodradylta\/?s={search_term_string}"},"query-input":"required name=search_term_string"}],"inLanguage":"sv-SE"},{"@type":"Person","@id":"https:\/\/blogg.atl.nu\/sodradylta\/#\/schema\/person\/59a4fd29cbd68a48f24b75a54342d61a","name":"axdorff","image":{"@type":"ImageObject","inLanguage":"sv-SE","@id":"https:\/\/blogg.atl.nu\/sodradylta\/#\/schema\/person\/image\/","url":"https:\/\/secure.gravatar.com\/avatar\/a55462fcd070ebf65dd9b95bfe9c5d29?s=96&d=mm&r=g","contentUrl":"https:\/\/secure.gravatar.com\/avatar\/a55462fcd070ebf65dd9b95bfe9c5d29?s=96&d=mm&r=g","caption":"axdorff"},"description":"Driver p\u00e5 deltid g\u00e5rden S\u00f6dra Dylta. Utbildad j\u00e4gm\u00e4stare och ekonom. Initiativtagare till projekt Egendomligt, grundare av Naturbrukarna, ledamot i f\u00f6rbundsstyrelsen f\u00f6r J\u00e4garef\u00f6rbundet, skriver f\u00f6r Svenska Nyhetsbyr\u00e5n och lite annat sm\u00e5tt och gott.","sameAs":["https:\/\/twitter.com\/twitter.com\/axdorff"],"url":"https:\/\/blogg.atl.nu\/sodradylta\/author\/axdorff\/"}]}},"_links":{"self":[{"href":"https:\/\/blogg.atl.nu\/sodradylta\/wp-json\/wp\/v2\/posts\/1307"}],"collection":[{"href":"https:\/\/blogg.atl.nu\/sodradylta\/wp-json\/wp\/v2\/posts"}],"about":[{"href":"https:\/\/blogg.atl.nu\/sodradylta\/wp-json\/wp\/v2\/types\/post"}],"author":[{"embeddable":true,"href":"https:\/\/blogg.atl.nu\/sodradylta\/wp-json\/wp\/v2\/users\/351"}],"replies":[{"embeddable":true,"href":"https:\/\/blogg.atl.nu\/sodradylta\/wp-json\/wp\/v2\/comments?post=1307"}],"version-history":[{"count":28,"href":"https:\/\/blogg.atl.nu\/sodradylta\/wp-json\/wp\/v2\/posts\/1307\/revisions"}],"predecessor-version":[{"id":1337,"href":"https:\/\/blogg.atl.nu\/sodradylta\/wp-json\/wp\/v2\/posts\/1307\/revisions\/1337"}],"wp:featuredmedia":[{"embeddable":true,"href":"https:\/\/blogg.atl.nu\/sodradylta\/wp-json\/wp\/v2\/media\/25"}],"wp:attachment":[{"href":"https:\/\/blogg.atl.nu\/sodradylta\/wp-json\/wp\/v2\/media?parent=1307"}],"wp:term":[{"taxonomy":"category","embeddable":true,"href":"https:\/\/blogg.atl.nu\/sodradylta\/wp-json\/wp\/v2\/categories?post=1307"},{"taxonomy":"post_tag","embeddable":true,"href":"https:\/\/blogg.atl.nu\/sodradylta\/wp-json\/wp\/v2\/tags?post=1307"}],"curies":[{"name":"wp","href":"https:\/\/api.w.org\/{rel}","templated":true}]}}