{"id":162,"date":"2018-11-27T10:40:15","date_gmt":"2018-11-27T09:40:15","guid":{"rendered":"https:\/\/blogg.atl.nu\/sodradylta\/?p=162"},"modified":"2018-12-15T10:09:28","modified_gmt":"2018-12-15T09:09:28","slug":"lat-inte-myndigheterna-krossa-dig","status":"publish","type":"post","link":"https:\/\/blogg.atl.nu\/sodradylta\/2018\/11\/27\/lat-inte-myndigheterna-krossa-dig\/","title":{"rendered":"L\u00e5t inte myndigheterna krossa dig"},"content":{"rendered":"<p><span>I g\u00e5r satt jag n\u00e4stan hela dagen framf\u00f6r datorn f\u00f6r att \u00e5terigen f\u00f6rsvara min r\u00e4tt mot myndigheterna. Mina motparter \u00e4r ytterst chefen f\u00f6r Enhet f\u00f6r vatten- och naturmilj\u00f6 p\u00e5 L\u00e4nsstyrelsen samt Trafikverket.<\/span><\/p>\n<p><span>Det \u00e4r minst sagt bekymmersamt att L\u00e4nsstyrelsen i mitt l\u00e4n, en myndighet som \u00e4r satta att kontrollera att b\u00f6nder h\u00e5ller sig inom lagens ramar, medvetet struntat i att f\u00f6lja lagen sj\u00e4lv. Deras agerande gynnar en intern ide och missgynnar lantbrukarna.\u00a0<\/span><\/p>\n<h2><span>Ingen ers\u00e4ttning<\/span><\/h2>\n<p><span>Detta \u00e4rende har kostat mig mycket pengar som jag aldrig f\u00e5r tillbaka. Systemet \u00e4r egendomligt nog riggat s\u00e5. Att om du ska f\u00f6rsvara dig mot statsapparaten i f\u00f6rvaltningsdomstol n\u00e4r de g\u00f6r lag\u00f6vertr\u00e4delser som ger dig f\u00f6rm\u00f6genhetsskador f\u00e5r du som regel ingen ers\u00e4ttning \u00e4ven n\u00e4r du vinner. <\/span><\/p>\n<p><span>Det tragiska \u00e4r att tack vare att jag har f\u00f6rm\u00e5ga och m\u00f6jlighet att bestrida lagvidriga beslut fr\u00e5n dem som ska uppr\u00e4tth\u00e5lla lagen kommer jag troligen \u00e4ven i framtiden kunna bruka min mark. Men det \u00e4r m\u00e5nga som inte orkar eller kan h\u00e4vda sin r\u00e4tt och de \u00e4r k\u00f6rda p\u00e5 f\u00f6rhand.<\/span><\/p>\n<p>&nbsp;<\/p>\n<h2><span>Kort beskrivning\u00a0<\/span><\/h2>\n<p><span>Jag ska kort beskriva det beslut, ett av m\u00e5nga myndighets\u00f6vertramp, som denna g\u00e5ng drabbade mig. Resultatet av beslutet som jag tempor\u00e4rt f\u00e5tt stopp p\u00e5 skulle i grova drag blivit att Trafikverket genom h\u00f6jning av befintlig v\u00e4g f\u00e5tt den underh\u00e5llsfri, L\u00e4nsstyrelsen f\u00e5tt en gratis v\u00e5tmark och jag, mark\u00e4garen, skulle f\u00e5tt obrukbara marker utan ers\u00e4ttning!<\/span><\/p>\n<p><span>\u00a0<img loading=\"lazy\" class=\"alignnone size-large wp-image-165\" src=\"https:\/\/blogg.atl.nu\/sodradylta\/wp-content\/uploads\/sites\/33\/2018\/11\/IMG_2330-1024x768.jpg\" alt=\"\" width=\"1024\" height=\"768\" \/><\/span><\/p>\n<h2><\/h2>\n<h2><span>Bakgrunden \u00e4r denna<\/span><\/h2>\n<p><span>Trafikverket vill h\u00f6ja en liten befintlig v\u00e4g avsev\u00e4rt f\u00f6r att den inte ska fungera som breddavlopp vid h\u00f6ga vattenfl\u00f6den. N\u00e4r v\u00e4gen h\u00f6js kommer den att fungera som en dammvall. Detta f\u00e5r till f\u00f6ljd att tidsf\u00f6nstret f\u00f6r sk\u00f6tseln av mina \u00e4ngsmarker uppstr\u00f6ms f\u00f6rkortas avsev\u00e4rt. Marken \u00e4r en s\u00e5 kallad starrmad som \u00f6versv\u00e4mmas \u00e5rligen och det sker b\u00e5de bete och sl\u00e5tter d\u00e4r. Vissa \u00e5r, n\u00e4r det \u00e4r h\u00f6ga vattenfl\u00f6den, rinner vattnet fr\u00e5n \u00e4ngarna \u00f6ver v\u00e4gen och ut i \u00e5n. Detta \u00e4r traditionell ekologisk kunskap som vi kulturb\u00e4rare\u00a0vetat om i alla tider.\u00a0<\/span><\/p>\n<p><span>\u00a0<\/span><\/p>\n<p><span>Men L\u00e4nsstyrelsen och Trafikverket kommer fram till en och samma sensationella slutsats. De anser att h\u00f6jningen av v\u00e4gen inte att betrakta som vattenreglerande vattenverksamhet i v\u00e5tmarksomr\u00e5de. Enligt dem \u00e4r det uppenbart att varken allm\u00e4nna eller enskilda intressen skadats genom vattenverksamhetens inverkan p\u00e5 vattenf\u00f6rh\u00e5llandena. Fritt fram att h\u00f6ja v\u00e4gen s\u00e5ledes. Den myndighetsut\u00f6vande parten kan naturligtvis Milj\u00f6balken och vet att uppenbarhetskriterierna ovan inte st\u00e4mmer. Men de b\u00e5da verkar hoppas p\u00e5 att mark\u00e4garna inte orkar eller har r\u00e5d att \u00f6verklaga deras beslutet. <\/span><\/p>\n<p><span>\u00a0<img loading=\"lazy\" class=\"alignnone size-large wp-image-166\" src=\"https:\/\/blogg.atl.nu\/sodradylta\/wp-content\/uploads\/sites\/33\/2018\/11\/IMG_5598-1024x768.jpg\" alt=\"\" width=\"1024\" height=\"768\" \/><\/span><\/p>\n<h2><span>Vann i domstolen<\/span><\/h2>\n<p><span>Jag har naturligtvis \u00f6verklagat beslutet till Mark- och milj\u00f6domstolen. Domstolen ger mig r\u00e4tt i att myndigheterna feltolkat Milj\u00f6balken till sin egen f\u00f6rdel. Nu \u00e4r vi inne i en ny v\u00e4nda d\u00e4r Trafikverket gjort ytterligare unders\u00f6kningar som snarare st\u00e4rker \u00e4n f\u00f6rsvagar mina st\u00e5ndpunkter. <\/span><\/p>\n<p>&nbsp;<\/p>\n<h2>Fasansfullt<\/h2>\n<p><span>Jag tycker systemet \u00e4r fasansfullt och det verkar utnyttjas p\u00e5 flera h\u00e5ll. Det tycks dessutom finnas en r\u00e4dsla, troligen befogad, f\u00f6r\u00a0repressalier\u00a0bland oss som brukar naturen n\u00e4r vi f\u00f6rsvara v\u00e5ra r\u00e4ttigheter gentemot myndigheter. I ett st\u00f6rre perspektiv skr\u00e4mmer den r\u00e4dslan mig mer \u00e4n\u00a0\u00f6vertr\u00e4delserna.<\/span><\/p>\n<p>&nbsp;<\/p>\n<figure id=\"attachment_4\" aria-describedby=\"caption-attachment-4\" style=\"width: 1024px\" class=\"wp-caption alignnone\"><img loading=\"lazy\" class=\"size-large wp-image-4\" src=\"https:\/\/blogg.atl.nu\/sodradylta\/wp-content\/uploads\/sites\/33\/2018\/10\/rickard-axdorff-blogg01-1024x234.jpg\" alt=\"\" width=\"1024\" height=\"234\" srcset=\"https:\/\/blogg.atl.nu\/sodradylta\/wp-content\/uploads\/sites\/33\/2018\/10\/rickard-axdorff-blogg01-1024x234.jpg 1024w, https:\/\/blogg.atl.nu\/sodradylta\/wp-content\/uploads\/sites\/33\/2018\/10\/rickard-axdorff-blogg01-300x69.jpg 300w, https:\/\/blogg.atl.nu\/sodradylta\/wp-content\/uploads\/sites\/33\/2018\/10\/rickard-axdorff-blogg01-768x176.jpg 768w, https:\/\/blogg.atl.nu\/sodradylta\/wp-content\/uploads\/sites\/33\/2018\/10\/rickard-axdorff-blogg01.jpg 2048w\" sizes=\"(max-width: 1024px) 100vw, 1024px\" \/><figcaption id=\"caption-attachment-4\" class=\"wp-caption-text\">Jag heter Rickard Axdorff, tack! twitter.com\/axdorff<\/figcaption><\/figure>\n","protected":false},"excerpt":{"rendered":"<p>I g\u00e5r satt jag n\u00e4stan hela dagen framf\u00f6r datorn f\u00f6r att \u00e5terigen f\u00f6rsvara min r\u00e4tt mot myndigheterna. Mina motparter \u00e4r ytterst chefen f\u00f6r Enhet f\u00f6r vatten- och naturmilj\u00f6 p\u00e5 L\u00e4nsstyrelsen samt Trafikverket. Det \u00e4r minst sagt bekymmersamt att L\u00e4nsstyrelsen i mitt l\u00e4n, en myndighet som \u00e4r satta att kontrollera att b\u00f6nder h\u00e5ller sig inom lagens&#8230;<\/p>\n","protected":false},"author":351,"featured_media":164,"comment_status":"open","ping_status":"open","sticky":false,"template":"","format":"standard","meta":[],"categories":[1],"tags":[7,14,15],"yoast_head":"<!-- This site is optimized with the Yoast SEO plugin v19.6 - https:\/\/yoast.com\/wordpress\/plugins\/seo\/ -->\n<title>L\u00e5t inte myndigheterna krossa dig - S\u00f6dra Dylta<\/title>\n<meta name=\"robots\" content=\"index, follow, max-snippet:-1, max-image-preview:large, max-video-preview:-1\" \/>\n<link rel=\"canonical\" href=\"https:\/\/blogg.atl.nu\/sodradylta\/2018\/11\/27\/lat-inte-myndigheterna-krossa-dig\/\" \/>\n<meta property=\"og:locale\" content=\"sv_SE\" \/>\n<meta property=\"og:type\" content=\"article\" \/>\n<meta property=\"og:title\" content=\"L\u00e5t inte myndigheterna krossa dig - S\u00f6dra Dylta\" \/>\n<meta property=\"og:description\" content=\"I g\u00e5r satt jag n\u00e4stan hela dagen framf\u00f6r datorn f\u00f6r att \u00e5terigen f\u00f6rsvara min r\u00e4tt mot myndigheterna. Mina motparter \u00e4r ytterst chefen f\u00f6r Enhet f\u00f6r vatten- och naturmilj\u00f6 p\u00e5 L\u00e4nsstyrelsen samt Trafikverket. Det \u00e4r minst sagt bekymmersamt att L\u00e4nsstyrelsen i mitt l\u00e4n, en myndighet som \u00e4r satta att kontrollera att b\u00f6nder h\u00e5ller sig inom lagens...\" \/>\n<meta property=\"og:url\" content=\"https:\/\/blogg.atl.nu\/sodradylta\/2018\/11\/27\/lat-inte-myndigheterna-krossa-dig\/\" \/>\n<meta property=\"og:site_name\" content=\"S\u00f6dra Dylta\" \/>\n<meta property=\"article:published_time\" content=\"2018-11-27T09:40:15+00:00\" \/>\n<meta property=\"article:modified_time\" content=\"2018-12-15T09:09:28+00:00\" \/>\n<meta property=\"og:image\" content=\"https:\/\/blogg.atl.nu\/sodradylta\/wp-content\/uploads\/sites\/33\/2018\/11\/IMG_7155-e1543310490820.jpg\" \/>\n\t<meta property=\"og:image:width\" content=\"960\" \/>\n\t<meta property=\"og:image:height\" content=\"960\" \/>\n\t<meta property=\"og:image:type\" content=\"image\/jpeg\" \/>\n<meta name=\"author\" content=\"axdorff\" \/>\n<meta name=\"twitter:card\" content=\"summary_large_image\" \/>\n<meta name=\"twitter:creator\" content=\"@twitter.com\/axdorff\" \/>\n<meta name=\"twitter:label1\" content=\"Skriven av\" \/>\n\t<meta name=\"twitter:data1\" content=\"axdorff\" \/>\n\t<meta name=\"twitter:label2\" content=\"Ber\u00e4knad l\u00e4stid\" \/>\n\t<meta name=\"twitter:data2\" content=\"3 minuter\" \/>\n<script type=\"application\/ld+json\" class=\"yoast-schema-graph\">{\"@context\":\"https:\/\/schema.org\",\"@graph\":[{\"@type\":\"WebPage\",\"@id\":\"https:\/\/blogg.atl.nu\/sodradylta\/2018\/11\/27\/lat-inte-myndigheterna-krossa-dig\/\",\"url\":\"https:\/\/blogg.atl.nu\/sodradylta\/2018\/11\/27\/lat-inte-myndigheterna-krossa-dig\/\",\"name\":\"L\u00e5t inte myndigheterna krossa dig - S\u00f6dra Dylta\",\"isPartOf\":{\"@id\":\"https:\/\/blogg.atl.nu\/sodradylta\/#website\"},\"datePublished\":\"2018-11-27T09:40:15+00:00\",\"dateModified\":\"2018-12-15T09:09:28+00:00\",\"author\":{\"@id\":\"https:\/\/blogg.atl.nu\/sodradylta\/#\/schema\/person\/59a4fd29cbd68a48f24b75a54342d61a\"},\"breadcrumb\":{\"@id\":\"https:\/\/blogg.atl.nu\/sodradylta\/2018\/11\/27\/lat-inte-myndigheterna-krossa-dig\/#breadcrumb\"},\"inLanguage\":\"sv-SE\",\"potentialAction\":[{\"@type\":\"ReadAction\",\"target\":[\"https:\/\/blogg.atl.nu\/sodradylta\/2018\/11\/27\/lat-inte-myndigheterna-krossa-dig\/\"]}]},{\"@type\":\"BreadcrumbList\",\"@id\":\"https:\/\/blogg.atl.nu\/sodradylta\/2018\/11\/27\/lat-inte-myndigheterna-krossa-dig\/#breadcrumb\",\"itemListElement\":[{\"@type\":\"ListItem\",\"position\":1,\"name\":\"Home\",\"item\":\"https:\/\/blogg.atl.nu\/sodradylta\/\"},{\"@type\":\"ListItem\",\"position\":2,\"name\":\"L\u00e5t inte myndigheterna krossa dig\"}]},{\"@type\":\"WebSite\",\"@id\":\"https:\/\/blogg.atl.nu\/sodradylta\/#website\",\"url\":\"https:\/\/blogg.atl.nu\/sodradylta\/\",\"name\":\"S\u00f6dra Dylta\",\"description\":\"Rickard Axdorff\",\"potentialAction\":[{\"@type\":\"SearchAction\",\"target\":{\"@type\":\"EntryPoint\",\"urlTemplate\":\"https:\/\/blogg.atl.nu\/sodradylta\/?s={search_term_string}\"},\"query-input\":\"required name=search_term_string\"}],\"inLanguage\":\"sv-SE\"},{\"@type\":\"Person\",\"@id\":\"https:\/\/blogg.atl.nu\/sodradylta\/#\/schema\/person\/59a4fd29cbd68a48f24b75a54342d61a\",\"name\":\"axdorff\",\"image\":{\"@type\":\"ImageObject\",\"inLanguage\":\"sv-SE\",\"@id\":\"https:\/\/blogg.atl.nu\/sodradylta\/#\/schema\/person\/image\/\",\"url\":\"https:\/\/secure.gravatar.com\/avatar\/a55462fcd070ebf65dd9b95bfe9c5d29?s=96&d=mm&r=g\",\"contentUrl\":\"https:\/\/secure.gravatar.com\/avatar\/a55462fcd070ebf65dd9b95bfe9c5d29?s=96&d=mm&r=g\",\"caption\":\"axdorff\"},\"description\":\"Driver p\u00e5 deltid g\u00e5rden S\u00f6dra Dylta. Utbildad j\u00e4gm\u00e4stare och ekonom. Initiativtagare till projekt Egendomligt, grundare av Naturbrukarna, ledamot i f\u00f6rbundsstyrelsen f\u00f6r J\u00e4garef\u00f6rbundet, skriver f\u00f6r Svenska Nyhetsbyr\u00e5n och lite annat sm\u00e5tt och gott.\",\"sameAs\":[\"https:\/\/twitter.com\/twitter.com\/axdorff\"],\"url\":\"https:\/\/blogg.atl.nu\/sodradylta\/author\/axdorff\/\"}]}<\/script>\n<!-- \/ Yoast SEO plugin. -->","yoast_head_json":{"title":"L\u00e5t inte myndigheterna krossa dig - S\u00f6dra Dylta","robots":{"index":"index","follow":"follow","max-snippet":"max-snippet:-1","max-image-preview":"max-image-preview:large","max-video-preview":"max-video-preview:-1"},"canonical":"https:\/\/blogg.atl.nu\/sodradylta\/2018\/11\/27\/lat-inte-myndigheterna-krossa-dig\/","og_locale":"sv_SE","og_type":"article","og_title":"L\u00e5t inte myndigheterna krossa dig - S\u00f6dra Dylta","og_description":"I g\u00e5r satt jag n\u00e4stan hela dagen framf\u00f6r datorn f\u00f6r att \u00e5terigen f\u00f6rsvara min r\u00e4tt mot myndigheterna. Mina motparter \u00e4r ytterst chefen f\u00f6r Enhet f\u00f6r vatten- och naturmilj\u00f6 p\u00e5 L\u00e4nsstyrelsen samt Trafikverket. Det \u00e4r minst sagt bekymmersamt att L\u00e4nsstyrelsen i mitt l\u00e4n, en myndighet som \u00e4r satta att kontrollera att b\u00f6nder h\u00e5ller sig inom lagens...","og_url":"https:\/\/blogg.atl.nu\/sodradylta\/2018\/11\/27\/lat-inte-myndigheterna-krossa-dig\/","og_site_name":"S\u00f6dra Dylta","article_published_time":"2018-11-27T09:40:15+00:00","article_modified_time":"2018-12-15T09:09:28+00:00","og_image":[{"width":960,"height":960,"url":"https:\/\/blogg.atl.nu\/sodradylta\/wp-content\/uploads\/sites\/33\/2018\/11\/IMG_7155-e1543310490820.jpg","type":"image\/jpeg"}],"author":"axdorff","twitter_card":"summary_large_image","twitter_creator":"@twitter.com\/axdorff","twitter_misc":{"Skriven av":"axdorff","Ber\u00e4knad l\u00e4stid":"3 minuter"},"schema":{"@context":"https:\/\/schema.org","@graph":[{"@type":"WebPage","@id":"https:\/\/blogg.atl.nu\/sodradylta\/2018\/11\/27\/lat-inte-myndigheterna-krossa-dig\/","url":"https:\/\/blogg.atl.nu\/sodradylta\/2018\/11\/27\/lat-inte-myndigheterna-krossa-dig\/","name":"L\u00e5t inte myndigheterna krossa dig - S\u00f6dra Dylta","isPartOf":{"@id":"https:\/\/blogg.atl.nu\/sodradylta\/#website"},"datePublished":"2018-11-27T09:40:15+00:00","dateModified":"2018-12-15T09:09:28+00:00","author":{"@id":"https:\/\/blogg.atl.nu\/sodradylta\/#\/schema\/person\/59a4fd29cbd68a48f24b75a54342d61a"},"breadcrumb":{"@id":"https:\/\/blogg.atl.nu\/sodradylta\/2018\/11\/27\/lat-inte-myndigheterna-krossa-dig\/#breadcrumb"},"inLanguage":"sv-SE","potentialAction":[{"@type":"ReadAction","target":["https:\/\/blogg.atl.nu\/sodradylta\/2018\/11\/27\/lat-inte-myndigheterna-krossa-dig\/"]}]},{"@type":"BreadcrumbList","@id":"https:\/\/blogg.atl.nu\/sodradylta\/2018\/11\/27\/lat-inte-myndigheterna-krossa-dig\/#breadcrumb","itemListElement":[{"@type":"ListItem","position":1,"name":"Home","item":"https:\/\/blogg.atl.nu\/sodradylta\/"},{"@type":"ListItem","position":2,"name":"L\u00e5t inte myndigheterna krossa dig"}]},{"@type":"WebSite","@id":"https:\/\/blogg.atl.nu\/sodradylta\/#website","url":"https:\/\/blogg.atl.nu\/sodradylta\/","name":"S\u00f6dra Dylta","description":"Rickard Axdorff","potentialAction":[{"@type":"SearchAction","target":{"@type":"EntryPoint","urlTemplate":"https:\/\/blogg.atl.nu\/sodradylta\/?s={search_term_string}"},"query-input":"required name=search_term_string"}],"inLanguage":"sv-SE"},{"@type":"Person","@id":"https:\/\/blogg.atl.nu\/sodradylta\/#\/schema\/person\/59a4fd29cbd68a48f24b75a54342d61a","name":"axdorff","image":{"@type":"ImageObject","inLanguage":"sv-SE","@id":"https:\/\/blogg.atl.nu\/sodradylta\/#\/schema\/person\/image\/","url":"https:\/\/secure.gravatar.com\/avatar\/a55462fcd070ebf65dd9b95bfe9c5d29?s=96&d=mm&r=g","contentUrl":"https:\/\/secure.gravatar.com\/avatar\/a55462fcd070ebf65dd9b95bfe9c5d29?s=96&d=mm&r=g","caption":"axdorff"},"description":"Driver p\u00e5 deltid g\u00e5rden S\u00f6dra Dylta. Utbildad j\u00e4gm\u00e4stare och ekonom. Initiativtagare till projekt Egendomligt, grundare av Naturbrukarna, ledamot i f\u00f6rbundsstyrelsen f\u00f6r J\u00e4garef\u00f6rbundet, skriver f\u00f6r Svenska Nyhetsbyr\u00e5n och lite annat sm\u00e5tt och gott.","sameAs":["https:\/\/twitter.com\/twitter.com\/axdorff"],"url":"https:\/\/blogg.atl.nu\/sodradylta\/author\/axdorff\/"}]}},"_links":{"self":[{"href":"https:\/\/blogg.atl.nu\/sodradylta\/wp-json\/wp\/v2\/posts\/162"}],"collection":[{"href":"https:\/\/blogg.atl.nu\/sodradylta\/wp-json\/wp\/v2\/posts"}],"about":[{"href":"https:\/\/blogg.atl.nu\/sodradylta\/wp-json\/wp\/v2\/types\/post"}],"author":[{"embeddable":true,"href":"https:\/\/blogg.atl.nu\/sodradylta\/wp-json\/wp\/v2\/users\/351"}],"replies":[{"embeddable":true,"href":"https:\/\/blogg.atl.nu\/sodradylta\/wp-json\/wp\/v2\/comments?post=162"}],"version-history":[{"count":12,"href":"https:\/\/blogg.atl.nu\/sodradylta\/wp-json\/wp\/v2\/posts\/162\/revisions"}],"predecessor-version":[{"id":229,"href":"https:\/\/blogg.atl.nu\/sodradylta\/wp-json\/wp\/v2\/posts\/162\/revisions\/229"}],"wp:featuredmedia":[{"embeddable":true,"href":"https:\/\/blogg.atl.nu\/sodradylta\/wp-json\/wp\/v2\/media\/164"}],"wp:attachment":[{"href":"https:\/\/blogg.atl.nu\/sodradylta\/wp-json\/wp\/v2\/media?parent=162"}],"wp:term":[{"taxonomy":"category","embeddable":true,"href":"https:\/\/blogg.atl.nu\/sodradylta\/wp-json\/wp\/v2\/categories?post=162"},{"taxonomy":"post_tag","embeddable":true,"href":"https:\/\/blogg.atl.nu\/sodradylta\/wp-json\/wp\/v2\/tags?post=162"}],"curies":[{"name":"wp","href":"https:\/\/api.w.org\/{rel}","templated":true}]}}