{"id":493,"date":"2019-02-27T08:47:57","date_gmt":"2019-02-27T07:47:57","guid":{"rendered":"https:\/\/blogg.atl.nu\/sodradylta\/?p=493"},"modified":"2019-02-27T08:47:57","modified_gmt":"2019-02-27T07:47:57","slug":"njut-av-rekordvarmen","status":"publish","type":"post","link":"https:\/\/blogg.atl.nu\/sodradylta\/2019\/02\/27\/njut-av-rekordvarmen\/","title":{"rendered":"Njut av rekordv\u00e4rmen"},"content":{"rendered":"<p>Jag kan bara h\u00e5lla med det lokala nyhetsankaret p\u00e5 morgonen. Idag kommer det att bli en underbar dag. Passa p\u00e5 att njut och ladda batterierna. Solen kommer skina och det kommer vara varmt i luften. Men tv\u00e4rt om s\u00e5 kommer m\u00e5nga i st\u00e4llet ha klimat\u00e5ngest.<\/p>\n<p>&nbsp;<\/p>\n<p>Tyv\u00e4rr kommer dagens v\u00e4rme och sol, enligt vad experterna best\u00e4mmer f\u00f6r oss, resultera i att m\u00e4nniskor i st\u00e4llet f\u00f6r att njuta f\u00e5r \u00e5ngest. De finns en utbredd klimat\u00e5ngest eller klimatpanik p\u00e5st\u00e5s det. Jag m\u00e4rker inte s\u00e5 mycket av den p\u00e5 g\u00e5rden. Tv\u00e4rt om s\u00e5 \u00e4r det en gl\u00e4dje \u00f6ver att vintern b\u00f6rjar sl\u00e4ppa sitt grepp.<\/p>\n<p>&nbsp;<\/p>\n<p>P\u00e5 mina \u00e4ngsmarker \u00e4r det nu, som sig b\u00f6r, \u00f6versv\u00e4mning och p\u00e5 vattnet ligger n\u00e5gra svanar och g\u00e4ss och guppar. R\u00e5djuren har klivit ut p\u00e5 h\u00f6stvetet och mumsar in livet i sina kroppar. Larsson och J\u00f6nsson, g\u00e5rdens halvtama gr\u00e5sparv och pilfink, v\u00e4ntas snart tillbaka fr\u00e5n sin semester och jag som inte har bakat n\u00e5gra bullar \u00e5t dem.<\/p>\n<p>&nbsp;<\/p>\n<p>Jag funderar p\u00e5 hur det kommer bli n\u00e4r folk under den m\u00f6rka perioden g\u00e5r och deppar f\u00f6r att det inte \u00e4r n\u00e5gon sol och sen n\u00e4r solen v\u00e4l kommer s\u00e5 f\u00e5r de klimat\u00e5ngest. N\u00e4, ryck nu upp er och njut n\u00e4r v\u00e4rmen och solen sk\u00f6ljer \u00f6ver v\u00e5ra stela kroppar.<\/p>\n<p>&nbsp;<\/p>\n<p>Och vet ni, i n\u00e4sta vecka kommer det bli minusgrader igen.<\/p>\n<p>&nbsp;<\/p>\n<figure id=\"attachment_4\" aria-describedby=\"caption-attachment-4\" style=\"width: 1024px\" class=\"wp-caption alignnone\"><img loading=\"lazy\" class=\"size-large wp-image-4\" src=\"https:\/\/blogg.atl.nu\/sodradylta\/wp-content\/uploads\/sites\/33\/2018\/10\/rickard-axdorff-blogg01-1024x234.jpg\" alt=\"\" width=\"1024\" height=\"234\" srcset=\"https:\/\/blogg.atl.nu\/sodradylta\/wp-content\/uploads\/sites\/33\/2018\/10\/rickard-axdorff-blogg01-1024x234.jpg 1024w, https:\/\/blogg.atl.nu\/sodradylta\/wp-content\/uploads\/sites\/33\/2018\/10\/rickard-axdorff-blogg01-300x69.jpg 300w, https:\/\/blogg.atl.nu\/sodradylta\/wp-content\/uploads\/sites\/33\/2018\/10\/rickard-axdorff-blogg01-768x176.jpg 768w, https:\/\/blogg.atl.nu\/sodradylta\/wp-content\/uploads\/sites\/33\/2018\/10\/rickard-axdorff-blogg01.jpg 2048w\" sizes=\"(max-width: 1024px) 100vw, 1024px\" \/><figcaption id=\"caption-attachment-4\" class=\"wp-caption-text\">Jag heter Rickard Axdorff, tack!<\/figcaption><\/figure>\n","protected":false},"excerpt":{"rendered":"<p>Jag kan bara h\u00e5lla med det lokala nyhetsankaret p\u00e5 morgonen. Idag kommer det att bli en underbar dag. Passa p\u00e5 att njut och ladda batterierna. Solen kommer skina och det kommer vara varmt i luften. Men tv\u00e4rt om s\u00e5 kommer m\u00e5nga i st\u00e4llet ha klimat\u00e5ngest. &nbsp; Tyv\u00e4rr kommer dagens v\u00e4rme och sol, enligt vad experterna&#8230;<\/p>\n","protected":false},"author":351,"featured_media":495,"comment_status":"open","ping_status":"open","sticky":false,"template":"","format":"standard","meta":[],"categories":[1],"tags":[7,41,42,40],"yoast_head":"<!-- This site is optimized with the Yoast SEO plugin v19.6 - https:\/\/yoast.com\/wordpress\/plugins\/seo\/ -->\n<title>Njut av rekordv\u00e4rmen - S\u00f6dra Dylta<\/title>\n<meta name=\"robots\" content=\"index, follow, max-snippet:-1, max-image-preview:large, max-video-preview:-1\" \/>\n<link rel=\"canonical\" href=\"https:\/\/blogg.atl.nu\/sodradylta\/2019\/02\/27\/njut-av-rekordvarmen\/\" \/>\n<meta property=\"og:locale\" content=\"sv_SE\" \/>\n<meta property=\"og:type\" content=\"article\" \/>\n<meta property=\"og:title\" content=\"Njut av rekordv\u00e4rmen - S\u00f6dra Dylta\" \/>\n<meta property=\"og:description\" content=\"Jag kan bara h\u00e5lla med det lokala nyhetsankaret p\u00e5 morgonen. Idag kommer det att bli en underbar dag. Passa p\u00e5 att njut och ladda batterierna. Solen kommer skina och det kommer vara varmt i luften. Men tv\u00e4rt om s\u00e5 kommer m\u00e5nga i st\u00e4llet ha klimat\u00e5ngest. &nbsp; Tyv\u00e4rr kommer dagens v\u00e4rme och sol, enligt vad experterna...\" \/>\n<meta property=\"og:url\" content=\"https:\/\/blogg.atl.nu\/sodradylta\/2019\/02\/27\/njut-av-rekordvarmen\/\" \/>\n<meta property=\"og:site_name\" content=\"S\u00f6dra Dylta\" \/>\n<meta property=\"article:published_time\" content=\"2019-02-27T07:47:57+00:00\" \/>\n<meta property=\"og:image\" content=\"https:\/\/blogg.atl.nu\/sodradylta\/wp-content\/uploads\/sites\/33\/2019\/02\/IMG_7857-e1551252775386.jpg\" \/>\n\t<meta property=\"og:image:width\" content=\"1024\" \/>\n\t<meta property=\"og:image:height\" content=\"768\" \/>\n\t<meta property=\"og:image:type\" content=\"image\/jpeg\" \/>\n<meta name=\"author\" content=\"axdorff\" \/>\n<meta name=\"twitter:card\" content=\"summary_large_image\" \/>\n<meta name=\"twitter:creator\" content=\"@twitter.com\/axdorff\" \/>\n<meta name=\"twitter:label1\" content=\"Skriven av\" \/>\n\t<meta name=\"twitter:data1\" content=\"axdorff\" \/>\n\t<meta name=\"twitter:label2\" content=\"Ber\u00e4knad l\u00e4stid\" \/>\n\t<meta name=\"twitter:data2\" content=\"1 minut\" \/>\n<script type=\"application\/ld+json\" class=\"yoast-schema-graph\">{\"@context\":\"https:\/\/schema.org\",\"@graph\":[{\"@type\":\"WebPage\",\"@id\":\"https:\/\/blogg.atl.nu\/sodradylta\/2019\/02\/27\/njut-av-rekordvarmen\/\",\"url\":\"https:\/\/blogg.atl.nu\/sodradylta\/2019\/02\/27\/njut-av-rekordvarmen\/\",\"name\":\"Njut av rekordv\u00e4rmen - S\u00f6dra Dylta\",\"isPartOf\":{\"@id\":\"https:\/\/blogg.atl.nu\/sodradylta\/#website\"},\"datePublished\":\"2019-02-27T07:47:57+00:00\",\"dateModified\":\"2019-02-27T07:47:57+00:00\",\"author\":{\"@id\":\"https:\/\/blogg.atl.nu\/sodradylta\/#\/schema\/person\/59a4fd29cbd68a48f24b75a54342d61a\"},\"breadcrumb\":{\"@id\":\"https:\/\/blogg.atl.nu\/sodradylta\/2019\/02\/27\/njut-av-rekordvarmen\/#breadcrumb\"},\"inLanguage\":\"sv-SE\",\"potentialAction\":[{\"@type\":\"ReadAction\",\"target\":[\"https:\/\/blogg.atl.nu\/sodradylta\/2019\/02\/27\/njut-av-rekordvarmen\/\"]}]},{\"@type\":\"BreadcrumbList\",\"@id\":\"https:\/\/blogg.atl.nu\/sodradylta\/2019\/02\/27\/njut-av-rekordvarmen\/#breadcrumb\",\"itemListElement\":[{\"@type\":\"ListItem\",\"position\":1,\"name\":\"Home\",\"item\":\"https:\/\/blogg.atl.nu\/sodradylta\/\"},{\"@type\":\"ListItem\",\"position\":2,\"name\":\"Njut av rekordv\u00e4rmen\"}]},{\"@type\":\"WebSite\",\"@id\":\"https:\/\/blogg.atl.nu\/sodradylta\/#website\",\"url\":\"https:\/\/blogg.atl.nu\/sodradylta\/\",\"name\":\"S\u00f6dra Dylta\",\"description\":\"Rickard Axdorff\",\"potentialAction\":[{\"@type\":\"SearchAction\",\"target\":{\"@type\":\"EntryPoint\",\"urlTemplate\":\"https:\/\/blogg.atl.nu\/sodradylta\/?s={search_term_string}\"},\"query-input\":\"required name=search_term_string\"}],\"inLanguage\":\"sv-SE\"},{\"@type\":\"Person\",\"@id\":\"https:\/\/blogg.atl.nu\/sodradylta\/#\/schema\/person\/59a4fd29cbd68a48f24b75a54342d61a\",\"name\":\"axdorff\",\"image\":{\"@type\":\"ImageObject\",\"inLanguage\":\"sv-SE\",\"@id\":\"https:\/\/blogg.atl.nu\/sodradylta\/#\/schema\/person\/image\/\",\"url\":\"https:\/\/secure.gravatar.com\/avatar\/a55462fcd070ebf65dd9b95bfe9c5d29?s=96&d=mm&r=g\",\"contentUrl\":\"https:\/\/secure.gravatar.com\/avatar\/a55462fcd070ebf65dd9b95bfe9c5d29?s=96&d=mm&r=g\",\"caption\":\"axdorff\"},\"description\":\"Driver p\u00e5 deltid g\u00e5rden S\u00f6dra Dylta. Utbildad j\u00e4gm\u00e4stare och ekonom. Initiativtagare till projekt Egendomligt, grundare av Naturbrukarna, ledamot i f\u00f6rbundsstyrelsen f\u00f6r J\u00e4garef\u00f6rbundet, skriver f\u00f6r Svenska Nyhetsbyr\u00e5n och lite annat sm\u00e5tt och gott.\",\"sameAs\":[\"https:\/\/twitter.com\/twitter.com\/axdorff\"],\"url\":\"https:\/\/blogg.atl.nu\/sodradylta\/author\/axdorff\/\"}]}<\/script>\n<!-- \/ Yoast SEO plugin. -->","yoast_head_json":{"title":"Njut av rekordv\u00e4rmen - S\u00f6dra Dylta","robots":{"index":"index","follow":"follow","max-snippet":"max-snippet:-1","max-image-preview":"max-image-preview:large","max-video-preview":"max-video-preview:-1"},"canonical":"https:\/\/blogg.atl.nu\/sodradylta\/2019\/02\/27\/njut-av-rekordvarmen\/","og_locale":"sv_SE","og_type":"article","og_title":"Njut av rekordv\u00e4rmen - S\u00f6dra Dylta","og_description":"Jag kan bara h\u00e5lla med det lokala nyhetsankaret p\u00e5 morgonen. Idag kommer det att bli en underbar dag. Passa p\u00e5 att njut och ladda batterierna. Solen kommer skina och det kommer vara varmt i luften. Men tv\u00e4rt om s\u00e5 kommer m\u00e5nga i st\u00e4llet ha klimat\u00e5ngest. &nbsp; Tyv\u00e4rr kommer dagens v\u00e4rme och sol, enligt vad experterna...","og_url":"https:\/\/blogg.atl.nu\/sodradylta\/2019\/02\/27\/njut-av-rekordvarmen\/","og_site_name":"S\u00f6dra Dylta","article_published_time":"2019-02-27T07:47:57+00:00","og_image":[{"width":1024,"height":768,"url":"https:\/\/blogg.atl.nu\/sodradylta\/wp-content\/uploads\/sites\/33\/2019\/02\/IMG_7857-e1551252775386.jpg","type":"image\/jpeg"}],"author":"axdorff","twitter_card":"summary_large_image","twitter_creator":"@twitter.com\/axdorff","twitter_misc":{"Skriven av":"axdorff","Ber\u00e4knad l\u00e4stid":"1 minut"},"schema":{"@context":"https:\/\/schema.org","@graph":[{"@type":"WebPage","@id":"https:\/\/blogg.atl.nu\/sodradylta\/2019\/02\/27\/njut-av-rekordvarmen\/","url":"https:\/\/blogg.atl.nu\/sodradylta\/2019\/02\/27\/njut-av-rekordvarmen\/","name":"Njut av rekordv\u00e4rmen - S\u00f6dra Dylta","isPartOf":{"@id":"https:\/\/blogg.atl.nu\/sodradylta\/#website"},"datePublished":"2019-02-27T07:47:57+00:00","dateModified":"2019-02-27T07:47:57+00:00","author":{"@id":"https:\/\/blogg.atl.nu\/sodradylta\/#\/schema\/person\/59a4fd29cbd68a48f24b75a54342d61a"},"breadcrumb":{"@id":"https:\/\/blogg.atl.nu\/sodradylta\/2019\/02\/27\/njut-av-rekordvarmen\/#breadcrumb"},"inLanguage":"sv-SE","potentialAction":[{"@type":"ReadAction","target":["https:\/\/blogg.atl.nu\/sodradylta\/2019\/02\/27\/njut-av-rekordvarmen\/"]}]},{"@type":"BreadcrumbList","@id":"https:\/\/blogg.atl.nu\/sodradylta\/2019\/02\/27\/njut-av-rekordvarmen\/#breadcrumb","itemListElement":[{"@type":"ListItem","position":1,"name":"Home","item":"https:\/\/blogg.atl.nu\/sodradylta\/"},{"@type":"ListItem","position":2,"name":"Njut av rekordv\u00e4rmen"}]},{"@type":"WebSite","@id":"https:\/\/blogg.atl.nu\/sodradylta\/#website","url":"https:\/\/blogg.atl.nu\/sodradylta\/","name":"S\u00f6dra Dylta","description":"Rickard Axdorff","potentialAction":[{"@type":"SearchAction","target":{"@type":"EntryPoint","urlTemplate":"https:\/\/blogg.atl.nu\/sodradylta\/?s={search_term_string}"},"query-input":"required name=search_term_string"}],"inLanguage":"sv-SE"},{"@type":"Person","@id":"https:\/\/blogg.atl.nu\/sodradylta\/#\/schema\/person\/59a4fd29cbd68a48f24b75a54342d61a","name":"axdorff","image":{"@type":"ImageObject","inLanguage":"sv-SE","@id":"https:\/\/blogg.atl.nu\/sodradylta\/#\/schema\/person\/image\/","url":"https:\/\/secure.gravatar.com\/avatar\/a55462fcd070ebf65dd9b95bfe9c5d29?s=96&d=mm&r=g","contentUrl":"https:\/\/secure.gravatar.com\/avatar\/a55462fcd070ebf65dd9b95bfe9c5d29?s=96&d=mm&r=g","caption":"axdorff"},"description":"Driver p\u00e5 deltid g\u00e5rden S\u00f6dra Dylta. Utbildad j\u00e4gm\u00e4stare och ekonom. Initiativtagare till projekt Egendomligt, grundare av Naturbrukarna, ledamot i f\u00f6rbundsstyrelsen f\u00f6r J\u00e4garef\u00f6rbundet, skriver f\u00f6r Svenska Nyhetsbyr\u00e5n och lite annat sm\u00e5tt och gott.","sameAs":["https:\/\/twitter.com\/twitter.com\/axdorff"],"url":"https:\/\/blogg.atl.nu\/sodradylta\/author\/axdorff\/"}]}},"_links":{"self":[{"href":"https:\/\/blogg.atl.nu\/sodradylta\/wp-json\/wp\/v2\/posts\/493"}],"collection":[{"href":"https:\/\/blogg.atl.nu\/sodradylta\/wp-json\/wp\/v2\/posts"}],"about":[{"href":"https:\/\/blogg.atl.nu\/sodradylta\/wp-json\/wp\/v2\/types\/post"}],"author":[{"embeddable":true,"href":"https:\/\/blogg.atl.nu\/sodradylta\/wp-json\/wp\/v2\/users\/351"}],"replies":[{"embeddable":true,"href":"https:\/\/blogg.atl.nu\/sodradylta\/wp-json\/wp\/v2\/comments?post=493"}],"version-history":[{"count":10,"href":"https:\/\/blogg.atl.nu\/sodradylta\/wp-json\/wp\/v2\/posts\/493\/revisions"}],"predecessor-version":[{"id":505,"href":"https:\/\/blogg.atl.nu\/sodradylta\/wp-json\/wp\/v2\/posts\/493\/revisions\/505"}],"wp:featuredmedia":[{"embeddable":true,"href":"https:\/\/blogg.atl.nu\/sodradylta\/wp-json\/wp\/v2\/media\/495"}],"wp:attachment":[{"href":"https:\/\/blogg.atl.nu\/sodradylta\/wp-json\/wp\/v2\/media?parent=493"}],"wp:term":[{"taxonomy":"category","embeddable":true,"href":"https:\/\/blogg.atl.nu\/sodradylta\/wp-json\/wp\/v2\/categories?post=493"},{"taxonomy":"post_tag","embeddable":true,"href":"https:\/\/blogg.atl.nu\/sodradylta\/wp-json\/wp\/v2\/tags?post=493"}],"curies":[{"name":"wp","href":"https:\/\/api.w.org\/{rel}","templated":true}]}}