{"id":512,"date":"2019-03-06T08:54:01","date_gmt":"2019-03-06T07:54:01","guid":{"rendered":"https:\/\/blogg.atl.nu\/sodradylta\/?p=512"},"modified":"2019-03-06T08:56:31","modified_gmt":"2019-03-06T07:56:31","slug":"lammskinn-till-salu","status":"publish","type":"post","link":"https:\/\/blogg.atl.nu\/sodradylta\/2019\/03\/06\/lammskinn-till-salu\/","title":{"rendered":"Lammskinn till salu"},"content":{"rendered":"<p>Idag har jag s\u00e4nt iv\u00e4g lammskinn till beredning. Att s\u00e4lja lammskinn \u00e4r en av m\u00e5nga sm\u00e5 b\u00e4ckar som s\u00e4tter maten p\u00e5 bordet i min familj. Men ska det bli mat p\u00e5 bordet m\u00e5ste man v\u00e5ga ta betalt.<\/p>\n<p>&nbsp;<\/p>\n<p>Lammskinn \u00e4r lite av en restprodukt. Efter att jag har slaktat lammen brukar jag ta tillr\u00e4tta p\u00e5 ett antal skinn. I st\u00e4llet f\u00f6r att bara sl\u00e4nga dem s\u00e5 f\u00f6r\u00e4dlas de och kommer till nytta. De blir till fina tv\u00e4ttbara skinn som g\u00f6r sig bra i m\u00f6bler eller i barnvagnar. <span>\u00a0<\/span><\/p>\n<p>&nbsp;<\/p>\n<p>F\u00f6r att f\u00e5 fram ett par bra skinn \u00e4r den direkta kostnaden i storleksordningen 950 kronor under f\u00f6ruts\u00e4ttning att skinnet inte ska bidra n\u00e5got till f\u00e5rets egna produktionskostnader och att jag inte r\u00e4knar med eget arbete. Eftersom vi inte vill slita p\u00e5 milj\u00f6 anv\u00e4nder vi de b\u00e4sta och lokala f\u00f6r\u00e4dlarna.<\/p>\n<p>&nbsp;<\/p>\n<p>Konkurrensen om marknaden s\u00e4tter dock prispress vad man kan ta f\u00f6r ett skinn. P\u00e5 Granng\u00e5rden, b\u00f6ndernas egna butik, s\u00e4ljer de lammskinn f\u00f6r 699 kronor och p\u00e5 Ikea kan man k\u00f6pa lammskinnet Ludde f\u00f6r 279 kronor.<\/p>\n<p>&nbsp;<\/p>\n<p>Mina lamm kostar fr\u00e5n 1 200 kronor och upp\u00e5t. Det \u00e4r egentligen p\u00e5 tok f\u00f6r billigt. Min slutsats \u00e4r att det egentligen inte handlar om att v\u00e5ga ta betalt \u2013 det handlar snarare om kundens vilja att betala. <span>\u00a0<\/span><\/p>\n<p>&nbsp;<\/p>\n<figure id=\"attachment_4\" aria-describedby=\"caption-attachment-4\" style=\"width: 1024px\" class=\"wp-caption alignnone\"><img loading=\"lazy\" class=\"size-large wp-image-4\" src=\"https:\/\/blogg.atl.nu\/sodradylta\/wp-content\/uploads\/sites\/33\/2018\/10\/rickard-axdorff-blogg01-1024x234.jpg\" alt=\"\" width=\"1024\" height=\"234\" srcset=\"https:\/\/blogg.atl.nu\/sodradylta\/wp-content\/uploads\/sites\/33\/2018\/10\/rickard-axdorff-blogg01-1024x234.jpg 1024w, https:\/\/blogg.atl.nu\/sodradylta\/wp-content\/uploads\/sites\/33\/2018\/10\/rickard-axdorff-blogg01-300x69.jpg 300w, https:\/\/blogg.atl.nu\/sodradylta\/wp-content\/uploads\/sites\/33\/2018\/10\/rickard-axdorff-blogg01-768x176.jpg 768w, https:\/\/blogg.atl.nu\/sodradylta\/wp-content\/uploads\/sites\/33\/2018\/10\/rickard-axdorff-blogg01.jpg 2048w\" sizes=\"(max-width: 1024px) 100vw, 1024px\" \/><figcaption id=\"caption-attachment-4\" class=\"wp-caption-text\">Jag heter Rickard Axdorff, tack. .<\/figcaption><\/figure>\n","protected":false},"excerpt":{"rendered":"<p>Idag har jag s\u00e4nt iv\u00e4g lammskinn till beredning. Att s\u00e4lja lammskinn \u00e4r en av m\u00e5nga sm\u00e5 b\u00e4ckar som s\u00e4tter maten p\u00e5 bordet i min familj. Men ska det bli mat p\u00e5 bordet m\u00e5ste man v\u00e5ga ta betalt. &nbsp; Lammskinn \u00e4r lite av en restprodukt. Efter att jag har slaktat lammen brukar jag ta tillr\u00e4tta p\u00e5&#8230;<\/p>\n","protected":false},"author":351,"featured_media":515,"comment_status":"open","ping_status":"open","sticky":false,"template":"","format":"standard","meta":[],"categories":[1],"tags":[43,22,5],"yoast_head":"<!-- This site is optimized with the Yoast SEO plugin v19.6 - https:\/\/yoast.com\/wordpress\/plugins\/seo\/ -->\n<title>Lammskinn till salu - S\u00f6dra Dylta<\/title>\n<meta name=\"robots\" content=\"index, follow, max-snippet:-1, max-image-preview:large, max-video-preview:-1\" \/>\n<link rel=\"canonical\" href=\"https:\/\/blogg.atl.nu\/sodradylta\/2019\/03\/06\/lammskinn-till-salu\/\" \/>\n<meta property=\"og:locale\" content=\"sv_SE\" \/>\n<meta property=\"og:type\" content=\"article\" \/>\n<meta property=\"og:title\" content=\"Lammskinn till salu - S\u00f6dra Dylta\" \/>\n<meta property=\"og:description\" content=\"Idag har jag s\u00e4nt iv\u00e4g lammskinn till beredning. Att s\u00e4lja lammskinn \u00e4r en av m\u00e5nga sm\u00e5 b\u00e4ckar som s\u00e4tter maten p\u00e5 bordet i min familj. Men ska det bli mat p\u00e5 bordet m\u00e5ste man v\u00e5ga ta betalt. &nbsp; Lammskinn \u00e4r lite av en restprodukt. Efter att jag har slaktat lammen brukar jag ta tillr\u00e4tta p\u00e5...\" \/>\n<meta property=\"og:url\" content=\"https:\/\/blogg.atl.nu\/sodradylta\/2019\/03\/06\/lammskinn-till-salu\/\" \/>\n<meta property=\"og:site_name\" content=\"S\u00f6dra Dylta\" \/>\n<meta property=\"article:published_time\" content=\"2019-03-06T07:54:01+00:00\" \/>\n<meta property=\"article:modified_time\" content=\"2019-03-06T07:56:31+00:00\" \/>\n<meta property=\"og:image\" content=\"https:\/\/blogg.atl.nu\/sodradylta\/wp-content\/uploads\/sites\/33\/2019\/03\/IMG_7882-e1551858578973.jpg\" \/>\n\t<meta property=\"og:image:width\" content=\"1024\" \/>\n\t<meta property=\"og:image:height\" content=\"768\" \/>\n\t<meta property=\"og:image:type\" content=\"image\/jpeg\" \/>\n<meta name=\"author\" content=\"axdorff\" \/>\n<meta name=\"twitter:card\" content=\"summary_large_image\" \/>\n<meta name=\"twitter:creator\" content=\"@twitter.com\/axdorff\" \/>\n<meta name=\"twitter:label1\" content=\"Skriven av\" \/>\n\t<meta name=\"twitter:data1\" content=\"axdorff\" \/>\n\t<meta name=\"twitter:label2\" content=\"Ber\u00e4knad l\u00e4stid\" \/>\n\t<meta name=\"twitter:data2\" content=\"1 minut\" \/>\n<script type=\"application\/ld+json\" class=\"yoast-schema-graph\">{\"@context\":\"https:\/\/schema.org\",\"@graph\":[{\"@type\":\"WebPage\",\"@id\":\"https:\/\/blogg.atl.nu\/sodradylta\/2019\/03\/06\/lammskinn-till-salu\/\",\"url\":\"https:\/\/blogg.atl.nu\/sodradylta\/2019\/03\/06\/lammskinn-till-salu\/\",\"name\":\"Lammskinn till salu - S\u00f6dra Dylta\",\"isPartOf\":{\"@id\":\"https:\/\/blogg.atl.nu\/sodradylta\/#website\"},\"datePublished\":\"2019-03-06T07:54:01+00:00\",\"dateModified\":\"2019-03-06T07:56:31+00:00\",\"author\":{\"@id\":\"https:\/\/blogg.atl.nu\/sodradylta\/#\/schema\/person\/59a4fd29cbd68a48f24b75a54342d61a\"},\"breadcrumb\":{\"@id\":\"https:\/\/blogg.atl.nu\/sodradylta\/2019\/03\/06\/lammskinn-till-salu\/#breadcrumb\"},\"inLanguage\":\"sv-SE\",\"potentialAction\":[{\"@type\":\"ReadAction\",\"target\":[\"https:\/\/blogg.atl.nu\/sodradylta\/2019\/03\/06\/lammskinn-till-salu\/\"]}]},{\"@type\":\"BreadcrumbList\",\"@id\":\"https:\/\/blogg.atl.nu\/sodradylta\/2019\/03\/06\/lammskinn-till-salu\/#breadcrumb\",\"itemListElement\":[{\"@type\":\"ListItem\",\"position\":1,\"name\":\"Home\",\"item\":\"https:\/\/blogg.atl.nu\/sodradylta\/\"},{\"@type\":\"ListItem\",\"position\":2,\"name\":\"Lammskinn till salu\"}]},{\"@type\":\"WebSite\",\"@id\":\"https:\/\/blogg.atl.nu\/sodradylta\/#website\",\"url\":\"https:\/\/blogg.atl.nu\/sodradylta\/\",\"name\":\"S\u00f6dra Dylta\",\"description\":\"Rickard Axdorff\",\"potentialAction\":[{\"@type\":\"SearchAction\",\"target\":{\"@type\":\"EntryPoint\",\"urlTemplate\":\"https:\/\/blogg.atl.nu\/sodradylta\/?s={search_term_string}\"},\"query-input\":\"required name=search_term_string\"}],\"inLanguage\":\"sv-SE\"},{\"@type\":\"Person\",\"@id\":\"https:\/\/blogg.atl.nu\/sodradylta\/#\/schema\/person\/59a4fd29cbd68a48f24b75a54342d61a\",\"name\":\"axdorff\",\"image\":{\"@type\":\"ImageObject\",\"inLanguage\":\"sv-SE\",\"@id\":\"https:\/\/blogg.atl.nu\/sodradylta\/#\/schema\/person\/image\/\",\"url\":\"https:\/\/secure.gravatar.com\/avatar\/a55462fcd070ebf65dd9b95bfe9c5d29?s=96&d=mm&r=g\",\"contentUrl\":\"https:\/\/secure.gravatar.com\/avatar\/a55462fcd070ebf65dd9b95bfe9c5d29?s=96&d=mm&r=g\",\"caption\":\"axdorff\"},\"description\":\"Driver p\u00e5 deltid g\u00e5rden S\u00f6dra Dylta. Utbildad j\u00e4gm\u00e4stare och ekonom. Initiativtagare till projekt Egendomligt, grundare av Naturbrukarna, ledamot i f\u00f6rbundsstyrelsen f\u00f6r J\u00e4garef\u00f6rbundet, skriver f\u00f6r Svenska Nyhetsbyr\u00e5n och lite annat sm\u00e5tt och gott.\",\"sameAs\":[\"https:\/\/twitter.com\/twitter.com\/axdorff\"],\"url\":\"https:\/\/blogg.atl.nu\/sodradylta\/author\/axdorff\/\"}]}<\/script>\n<!-- \/ Yoast SEO plugin. -->","yoast_head_json":{"title":"Lammskinn till salu - S\u00f6dra Dylta","robots":{"index":"index","follow":"follow","max-snippet":"max-snippet:-1","max-image-preview":"max-image-preview:large","max-video-preview":"max-video-preview:-1"},"canonical":"https:\/\/blogg.atl.nu\/sodradylta\/2019\/03\/06\/lammskinn-till-salu\/","og_locale":"sv_SE","og_type":"article","og_title":"Lammskinn till salu - S\u00f6dra Dylta","og_description":"Idag har jag s\u00e4nt iv\u00e4g lammskinn till beredning. Att s\u00e4lja lammskinn \u00e4r en av m\u00e5nga sm\u00e5 b\u00e4ckar som s\u00e4tter maten p\u00e5 bordet i min familj. Men ska det bli mat p\u00e5 bordet m\u00e5ste man v\u00e5ga ta betalt. &nbsp; Lammskinn \u00e4r lite av en restprodukt. Efter att jag har slaktat lammen brukar jag ta tillr\u00e4tta p\u00e5...","og_url":"https:\/\/blogg.atl.nu\/sodradylta\/2019\/03\/06\/lammskinn-till-salu\/","og_site_name":"S\u00f6dra Dylta","article_published_time":"2019-03-06T07:54:01+00:00","article_modified_time":"2019-03-06T07:56:31+00:00","og_image":[{"width":1024,"height":768,"url":"https:\/\/blogg.atl.nu\/sodradylta\/wp-content\/uploads\/sites\/33\/2019\/03\/IMG_7882-e1551858578973.jpg","type":"image\/jpeg"}],"author":"axdorff","twitter_card":"summary_large_image","twitter_creator":"@twitter.com\/axdorff","twitter_misc":{"Skriven av":"axdorff","Ber\u00e4knad l\u00e4stid":"1 minut"},"schema":{"@context":"https:\/\/schema.org","@graph":[{"@type":"WebPage","@id":"https:\/\/blogg.atl.nu\/sodradylta\/2019\/03\/06\/lammskinn-till-salu\/","url":"https:\/\/blogg.atl.nu\/sodradylta\/2019\/03\/06\/lammskinn-till-salu\/","name":"Lammskinn till salu - S\u00f6dra Dylta","isPartOf":{"@id":"https:\/\/blogg.atl.nu\/sodradylta\/#website"},"datePublished":"2019-03-06T07:54:01+00:00","dateModified":"2019-03-06T07:56:31+00:00","author":{"@id":"https:\/\/blogg.atl.nu\/sodradylta\/#\/schema\/person\/59a4fd29cbd68a48f24b75a54342d61a"},"breadcrumb":{"@id":"https:\/\/blogg.atl.nu\/sodradylta\/2019\/03\/06\/lammskinn-till-salu\/#breadcrumb"},"inLanguage":"sv-SE","potentialAction":[{"@type":"ReadAction","target":["https:\/\/blogg.atl.nu\/sodradylta\/2019\/03\/06\/lammskinn-till-salu\/"]}]},{"@type":"BreadcrumbList","@id":"https:\/\/blogg.atl.nu\/sodradylta\/2019\/03\/06\/lammskinn-till-salu\/#breadcrumb","itemListElement":[{"@type":"ListItem","position":1,"name":"Home","item":"https:\/\/blogg.atl.nu\/sodradylta\/"},{"@type":"ListItem","position":2,"name":"Lammskinn till salu"}]},{"@type":"WebSite","@id":"https:\/\/blogg.atl.nu\/sodradylta\/#website","url":"https:\/\/blogg.atl.nu\/sodradylta\/","name":"S\u00f6dra Dylta","description":"Rickard Axdorff","potentialAction":[{"@type":"SearchAction","target":{"@type":"EntryPoint","urlTemplate":"https:\/\/blogg.atl.nu\/sodradylta\/?s={search_term_string}"},"query-input":"required name=search_term_string"}],"inLanguage":"sv-SE"},{"@type":"Person","@id":"https:\/\/blogg.atl.nu\/sodradylta\/#\/schema\/person\/59a4fd29cbd68a48f24b75a54342d61a","name":"axdorff","image":{"@type":"ImageObject","inLanguage":"sv-SE","@id":"https:\/\/blogg.atl.nu\/sodradylta\/#\/schema\/person\/image\/","url":"https:\/\/secure.gravatar.com\/avatar\/a55462fcd070ebf65dd9b95bfe9c5d29?s=96&d=mm&r=g","contentUrl":"https:\/\/secure.gravatar.com\/avatar\/a55462fcd070ebf65dd9b95bfe9c5d29?s=96&d=mm&r=g","caption":"axdorff"},"description":"Driver p\u00e5 deltid g\u00e5rden S\u00f6dra Dylta. Utbildad j\u00e4gm\u00e4stare och ekonom. Initiativtagare till projekt Egendomligt, grundare av Naturbrukarna, ledamot i f\u00f6rbundsstyrelsen f\u00f6r J\u00e4garef\u00f6rbundet, skriver f\u00f6r Svenska Nyhetsbyr\u00e5n och lite annat sm\u00e5tt och gott.","sameAs":["https:\/\/twitter.com\/twitter.com\/axdorff"],"url":"https:\/\/blogg.atl.nu\/sodradylta\/author\/axdorff\/"}]}},"_links":{"self":[{"href":"https:\/\/blogg.atl.nu\/sodradylta\/wp-json\/wp\/v2\/posts\/512"}],"collection":[{"href":"https:\/\/blogg.atl.nu\/sodradylta\/wp-json\/wp\/v2\/posts"}],"about":[{"href":"https:\/\/blogg.atl.nu\/sodradylta\/wp-json\/wp\/v2\/types\/post"}],"author":[{"embeddable":true,"href":"https:\/\/blogg.atl.nu\/sodradylta\/wp-json\/wp\/v2\/users\/351"}],"replies":[{"embeddable":true,"href":"https:\/\/blogg.atl.nu\/sodradylta\/wp-json\/wp\/v2\/comments?post=512"}],"version-history":[{"count":2,"href":"https:\/\/blogg.atl.nu\/sodradylta\/wp-json\/wp\/v2\/posts\/512\/revisions"}],"predecessor-version":[{"id":516,"href":"https:\/\/blogg.atl.nu\/sodradylta\/wp-json\/wp\/v2\/posts\/512\/revisions\/516"}],"wp:featuredmedia":[{"embeddable":true,"href":"https:\/\/blogg.atl.nu\/sodradylta\/wp-json\/wp\/v2\/media\/515"}],"wp:attachment":[{"href":"https:\/\/blogg.atl.nu\/sodradylta\/wp-json\/wp\/v2\/media?parent=512"}],"wp:term":[{"taxonomy":"category","embeddable":true,"href":"https:\/\/blogg.atl.nu\/sodradylta\/wp-json\/wp\/v2\/categories?post=512"},{"taxonomy":"post_tag","embeddable":true,"href":"https:\/\/blogg.atl.nu\/sodradylta\/wp-json\/wp\/v2\/tags?post=512"}],"curies":[{"name":"wp","href":"https:\/\/api.w.org\/{rel}","templated":true}]}}