{"id":526,"date":"2019-03-08T11:05:36","date_gmt":"2019-03-08T10:05:36","guid":{"rendered":"https:\/\/blogg.atl.nu\/sodradylta\/?p=526"},"modified":"2019-03-12T09:23:12","modified_gmt":"2019-03-12T08:23:12","slug":"max-burgers-kommer-bonderna-agera","status":"publish","type":"post","link":"https:\/\/blogg.atl.nu\/sodradylta\/2019\/03\/08\/max-burgers-kommer-bonderna-agera\/","title":{"rendered":"Max-Burgers, kommer b\u00f6nderna agera?"},"content":{"rendered":"<p>&nbsp;<\/p>\n<p>G\u00e5r hemma och funderar om vad som st\u00e5r p\u00e5 spel. Jag har alltid f\u00f6rs\u00f6kt att agera enligt min inre moraliska kompass. Jag anser att det finns ett r\u00e4tt och att det finns ett fel och att varje generation beh\u00f6ver st\u00e5 upp f\u00f6r dessa sina v\u00e4rderingar. Att Max-Burgers gick med i<span>\u00a0&#8221;R\u00e4dda djuren klubben&#8221; \u00e4r f\u00f6rkastligt.<\/span><\/p>\n<p>\u00c4r det moraliskt r\u00e4tt att leverera sitt k\u00f6tt till en restaurangkedja som aktivt st\u00f6djer en organisation som hatar k\u00f6ttproduktion? I exempelvis Frankrike hade parkeringarna utanf\u00f6r MAX-restaurangerna varit ockuperade av b\u00f6nder med g\u00f6dselspridare f\u00f6r l\u00e4nge sen. <span>\u00a0<\/span><span>\u00a0<\/span><\/p>\n<p>&nbsp;<\/p>\n<p>Det som h\u00e4nt \u00e4r att restaurangkedjan Max-burgers har gift sig med f\u00f6reningen Djurens R\u00e4tt genom att betala dem f\u00f6r anv\u00e4ndningen av deras veggo-m\u00e4rkning i kampen f\u00f6r k\u00f6ttfri mat. Restaurangkedjan st\u00f6djer allts\u00e5 k\u00f6ttproducenternas h\u00e5rdf\u00f6raste motst\u00e5ndare.<\/p>\n<p>&nbsp;<\/p>\n<p><img loading=\"lazy\" class=\"alignnone wp-image-530 size-large\" src=\"https:\/\/blogg.atl.nu\/sodradylta\/wp-content\/uploads\/sites\/33\/2019\/03\/Sk\u00e4rmavbild-2019-03-08-kl.-10.34.02-1024x583.png\" alt=\"\" width=\"1024\" height=\"583\" \/><\/p>\n<p>&nbsp;<\/p>\n<h2>Relativisering &amp; affischer<\/h2>\n<p>Vad h\u00e4nder om leveranserna inte bojkottas av k\u00f6ttproducenterna? Som jag ser det relativiserar man d\u00e5 djurr\u00e4ttsr\u00f6relsen. Man ger f\u00f6reningen acceptans f\u00f6r sitt arbete, man talar om f\u00f6r kunderna i restaurangen att djurr\u00e4ttsaktivisterna har bra st\u00e5ndpunkter och man talar om f\u00f6r andra restauranger att det \u00e4r l\u00f6nsamt att st\u00f6dja utomparlamentariska organisationer som vill st\u00e4nga ner svensk landsbygd.<\/p>\n<p>&nbsp;<\/p>\n<p>Vem vet vilka informationsblad och kampanjer (affischer om att k\u00f6tt \u00e4r mord etc) som m\u00f6ter matg\u00e4sterna p\u00e5 resturangen i framtiden.\u00a0Mycket st\u00e5r p\u00e5 spel men kommer k\u00f6ttproducenterna anv\u00e4nda sin joker och hota med att st\u00e4lla in k\u00f6ttleveranserna om inte samarbetet upph\u00f6r?\u00a0Jag g\u00e5r upp till mina k\u00f6ttrasf\u00e5r och t\u00e4nker, den som k\u00f6ttproducent som \u00f6verlever f\u00e5r se&#8230;<\/p>\n<p>&nbsp;<\/p>\n<figure id=\"attachment_4\" aria-describedby=\"caption-attachment-4\" style=\"width: 1024px\" class=\"wp-caption alignnone\"><img loading=\"lazy\" class=\"size-large wp-image-4\" src=\"https:\/\/blogg.atl.nu\/sodradylta\/wp-content\/uploads\/sites\/33\/2018\/10\/rickard-axdorff-blogg01-1024x234.jpg\" alt=\"\" width=\"1024\" height=\"234\" srcset=\"https:\/\/blogg.atl.nu\/sodradylta\/wp-content\/uploads\/sites\/33\/2018\/10\/rickard-axdorff-blogg01-1024x234.jpg 1024w, https:\/\/blogg.atl.nu\/sodradylta\/wp-content\/uploads\/sites\/33\/2018\/10\/rickard-axdorff-blogg01-300x69.jpg 300w, https:\/\/blogg.atl.nu\/sodradylta\/wp-content\/uploads\/sites\/33\/2018\/10\/rickard-axdorff-blogg01-768x176.jpg 768w, https:\/\/blogg.atl.nu\/sodradylta\/wp-content\/uploads\/sites\/33\/2018\/10\/rickard-axdorff-blogg01.jpg 2048w\" sizes=\"(max-width: 1024px) 100vw, 1024px\" \/><figcaption id=\"caption-attachment-4\" class=\"wp-caption-text\">Jag heter Rickard Axdorff, tack. twitter.com\/axdorff axdorff@yahoo.com<\/figcaption><\/figure>\n<p>&nbsp;<\/p>\n","protected":false},"excerpt":{"rendered":"<p>&nbsp; G\u00e5r hemma och funderar om vad som st\u00e5r p\u00e5 spel. Jag har alltid f\u00f6rs\u00f6kt att agera enligt min inre moraliska kompass. Jag anser att det finns ett r\u00e4tt och att det finns ett fel och att varje generation beh\u00f6ver st\u00e5 upp f\u00f6r dessa sina v\u00e4rderingar. Att Max-Burgers gick med i\u00a0&#8221;R\u00e4dda djuren klubben&#8221; \u00e4r f\u00f6rkastligt&#8230;.<\/p>\n","protected":false},"author":351,"featured_media":549,"comment_status":"open","ping_status":"open","sticky":false,"template":"","format":"standard","meta":[],"categories":[1],"tags":[],"yoast_head":"<!-- This site is optimized with the Yoast SEO plugin v19.6 - https:\/\/yoast.com\/wordpress\/plugins\/seo\/ -->\n<title>Max-Burgers, kommer b\u00f6nderna agera? - S\u00f6dra Dylta<\/title>\n<meta name=\"robots\" content=\"index, follow, max-snippet:-1, max-image-preview:large, max-video-preview:-1\" \/>\n<link rel=\"canonical\" href=\"https:\/\/blogg.atl.nu\/sodradylta\/2019\/03\/08\/max-burgers-kommer-bonderna-agera\/\" \/>\n<meta property=\"og:locale\" content=\"sv_SE\" \/>\n<meta property=\"og:type\" content=\"article\" \/>\n<meta property=\"og:title\" content=\"Max-Burgers, kommer b\u00f6nderna agera? - S\u00f6dra Dylta\" \/>\n<meta property=\"og:description\" content=\"&nbsp; G\u00e5r hemma och funderar om vad som st\u00e5r p\u00e5 spel. Jag har alltid f\u00f6rs\u00f6kt att agera enligt min inre moraliska kompass. Jag anser att det finns ett r\u00e4tt och att det finns ett fel och att varje generation beh\u00f6ver st\u00e5 upp f\u00f6r dessa sina v\u00e4rderingar. Att Max-Burgers gick med i\u00a0&#8221;R\u00e4dda djuren klubben&#8221; \u00e4r f\u00f6rkastligt....\" \/>\n<meta property=\"og:url\" content=\"https:\/\/blogg.atl.nu\/sodradylta\/2019\/03\/08\/max-burgers-kommer-bonderna-agera\/\" \/>\n<meta property=\"og:site_name\" content=\"S\u00f6dra Dylta\" \/>\n<meta property=\"article:published_time\" content=\"2019-03-08T10:05:36+00:00\" \/>\n<meta property=\"article:modified_time\" content=\"2019-03-12T08:23:12+00:00\" \/>\n<meta property=\"og:image\" content=\"https:\/\/blogg.atl.nu\/sodradylta\/wp-content\/uploads\/sites\/33\/2019\/03\/Sk\u00e4rmavbild-2019-03-12-kl.-09.20.36-e1552378924857.png\" \/>\n\t<meta property=\"og:image:width\" content=\"1024\" \/>\n\t<meta property=\"og:image:height\" content=\"618\" \/>\n\t<meta property=\"og:image:type\" content=\"image\/png\" \/>\n<meta name=\"author\" content=\"axdorff\" \/>\n<meta name=\"twitter:card\" content=\"summary_large_image\" \/>\n<meta name=\"twitter:creator\" content=\"@twitter.com\/axdorff\" \/>\n<meta name=\"twitter:label1\" content=\"Skriven av\" \/>\n\t<meta name=\"twitter:data1\" content=\"axdorff\" \/>\n\t<meta name=\"twitter:label2\" content=\"Ber\u00e4knad l\u00e4stid\" \/>\n\t<meta name=\"twitter:data2\" content=\"2 minuter\" \/>\n<script type=\"application\/ld+json\" class=\"yoast-schema-graph\">{\"@context\":\"https:\/\/schema.org\",\"@graph\":[{\"@type\":\"WebPage\",\"@id\":\"https:\/\/blogg.atl.nu\/sodradylta\/2019\/03\/08\/max-burgers-kommer-bonderna-agera\/\",\"url\":\"https:\/\/blogg.atl.nu\/sodradylta\/2019\/03\/08\/max-burgers-kommer-bonderna-agera\/\",\"name\":\"Max-Burgers, kommer b\u00f6nderna agera? - S\u00f6dra Dylta\",\"isPartOf\":{\"@id\":\"https:\/\/blogg.atl.nu\/sodradylta\/#website\"},\"datePublished\":\"2019-03-08T10:05:36+00:00\",\"dateModified\":\"2019-03-12T08:23:12+00:00\",\"author\":{\"@id\":\"https:\/\/blogg.atl.nu\/sodradylta\/#\/schema\/person\/59a4fd29cbd68a48f24b75a54342d61a\"},\"breadcrumb\":{\"@id\":\"https:\/\/blogg.atl.nu\/sodradylta\/2019\/03\/08\/max-burgers-kommer-bonderna-agera\/#breadcrumb\"},\"inLanguage\":\"sv-SE\",\"potentialAction\":[{\"@type\":\"ReadAction\",\"target\":[\"https:\/\/blogg.atl.nu\/sodradylta\/2019\/03\/08\/max-burgers-kommer-bonderna-agera\/\"]}]},{\"@type\":\"BreadcrumbList\",\"@id\":\"https:\/\/blogg.atl.nu\/sodradylta\/2019\/03\/08\/max-burgers-kommer-bonderna-agera\/#breadcrumb\",\"itemListElement\":[{\"@type\":\"ListItem\",\"position\":1,\"name\":\"Home\",\"item\":\"https:\/\/blogg.atl.nu\/sodradylta\/\"},{\"@type\":\"ListItem\",\"position\":2,\"name\":\"Max-Burgers, kommer b\u00f6nderna agera?\"}]},{\"@type\":\"WebSite\",\"@id\":\"https:\/\/blogg.atl.nu\/sodradylta\/#website\",\"url\":\"https:\/\/blogg.atl.nu\/sodradylta\/\",\"name\":\"S\u00f6dra Dylta\",\"description\":\"Rickard Axdorff\",\"potentialAction\":[{\"@type\":\"SearchAction\",\"target\":{\"@type\":\"EntryPoint\",\"urlTemplate\":\"https:\/\/blogg.atl.nu\/sodradylta\/?s={search_term_string}\"},\"query-input\":\"required name=search_term_string\"}],\"inLanguage\":\"sv-SE\"},{\"@type\":\"Person\",\"@id\":\"https:\/\/blogg.atl.nu\/sodradylta\/#\/schema\/person\/59a4fd29cbd68a48f24b75a54342d61a\",\"name\":\"axdorff\",\"image\":{\"@type\":\"ImageObject\",\"inLanguage\":\"sv-SE\",\"@id\":\"https:\/\/blogg.atl.nu\/sodradylta\/#\/schema\/person\/image\/\",\"url\":\"https:\/\/secure.gravatar.com\/avatar\/a55462fcd070ebf65dd9b95bfe9c5d29?s=96&d=mm&r=g\",\"contentUrl\":\"https:\/\/secure.gravatar.com\/avatar\/a55462fcd070ebf65dd9b95bfe9c5d29?s=96&d=mm&r=g\",\"caption\":\"axdorff\"},\"description\":\"Driver p\u00e5 deltid g\u00e5rden S\u00f6dra Dylta. Utbildad j\u00e4gm\u00e4stare och ekonom. Initiativtagare till projekt Egendomligt, grundare av Naturbrukarna, ledamot i f\u00f6rbundsstyrelsen f\u00f6r J\u00e4garef\u00f6rbundet, skriver f\u00f6r Svenska Nyhetsbyr\u00e5n och lite annat sm\u00e5tt och gott.\",\"sameAs\":[\"https:\/\/twitter.com\/twitter.com\/axdorff\"],\"url\":\"https:\/\/blogg.atl.nu\/sodradylta\/author\/axdorff\/\"}]}<\/script>\n<!-- \/ Yoast SEO plugin. -->","yoast_head_json":{"title":"Max-Burgers, kommer b\u00f6nderna agera? - S\u00f6dra Dylta","robots":{"index":"index","follow":"follow","max-snippet":"max-snippet:-1","max-image-preview":"max-image-preview:large","max-video-preview":"max-video-preview:-1"},"canonical":"https:\/\/blogg.atl.nu\/sodradylta\/2019\/03\/08\/max-burgers-kommer-bonderna-agera\/","og_locale":"sv_SE","og_type":"article","og_title":"Max-Burgers, kommer b\u00f6nderna agera? - S\u00f6dra Dylta","og_description":"&nbsp; G\u00e5r hemma och funderar om vad som st\u00e5r p\u00e5 spel. Jag har alltid f\u00f6rs\u00f6kt att agera enligt min inre moraliska kompass. Jag anser att det finns ett r\u00e4tt och att det finns ett fel och att varje generation beh\u00f6ver st\u00e5 upp f\u00f6r dessa sina v\u00e4rderingar. Att Max-Burgers gick med i\u00a0&#8221;R\u00e4dda djuren klubben&#8221; \u00e4r f\u00f6rkastligt....","og_url":"https:\/\/blogg.atl.nu\/sodradylta\/2019\/03\/08\/max-burgers-kommer-bonderna-agera\/","og_site_name":"S\u00f6dra Dylta","article_published_time":"2019-03-08T10:05:36+00:00","article_modified_time":"2019-03-12T08:23:12+00:00","og_image":[{"width":1024,"height":618,"url":"https:\/\/blogg.atl.nu\/sodradylta\/wp-content\/uploads\/sites\/33\/2019\/03\/Sk\u00e4rmavbild-2019-03-12-kl.-09.20.36-e1552378924857.png","type":"image\/png"}],"author":"axdorff","twitter_card":"summary_large_image","twitter_creator":"@twitter.com\/axdorff","twitter_misc":{"Skriven av":"axdorff","Ber\u00e4knad l\u00e4stid":"2 minuter"},"schema":{"@context":"https:\/\/schema.org","@graph":[{"@type":"WebPage","@id":"https:\/\/blogg.atl.nu\/sodradylta\/2019\/03\/08\/max-burgers-kommer-bonderna-agera\/","url":"https:\/\/blogg.atl.nu\/sodradylta\/2019\/03\/08\/max-burgers-kommer-bonderna-agera\/","name":"Max-Burgers, kommer b\u00f6nderna agera? - S\u00f6dra Dylta","isPartOf":{"@id":"https:\/\/blogg.atl.nu\/sodradylta\/#website"},"datePublished":"2019-03-08T10:05:36+00:00","dateModified":"2019-03-12T08:23:12+00:00","author":{"@id":"https:\/\/blogg.atl.nu\/sodradylta\/#\/schema\/person\/59a4fd29cbd68a48f24b75a54342d61a"},"breadcrumb":{"@id":"https:\/\/blogg.atl.nu\/sodradylta\/2019\/03\/08\/max-burgers-kommer-bonderna-agera\/#breadcrumb"},"inLanguage":"sv-SE","potentialAction":[{"@type":"ReadAction","target":["https:\/\/blogg.atl.nu\/sodradylta\/2019\/03\/08\/max-burgers-kommer-bonderna-agera\/"]}]},{"@type":"BreadcrumbList","@id":"https:\/\/blogg.atl.nu\/sodradylta\/2019\/03\/08\/max-burgers-kommer-bonderna-agera\/#breadcrumb","itemListElement":[{"@type":"ListItem","position":1,"name":"Home","item":"https:\/\/blogg.atl.nu\/sodradylta\/"},{"@type":"ListItem","position":2,"name":"Max-Burgers, kommer b\u00f6nderna agera?"}]},{"@type":"WebSite","@id":"https:\/\/blogg.atl.nu\/sodradylta\/#website","url":"https:\/\/blogg.atl.nu\/sodradylta\/","name":"S\u00f6dra Dylta","description":"Rickard Axdorff","potentialAction":[{"@type":"SearchAction","target":{"@type":"EntryPoint","urlTemplate":"https:\/\/blogg.atl.nu\/sodradylta\/?s={search_term_string}"},"query-input":"required name=search_term_string"}],"inLanguage":"sv-SE"},{"@type":"Person","@id":"https:\/\/blogg.atl.nu\/sodradylta\/#\/schema\/person\/59a4fd29cbd68a48f24b75a54342d61a","name":"axdorff","image":{"@type":"ImageObject","inLanguage":"sv-SE","@id":"https:\/\/blogg.atl.nu\/sodradylta\/#\/schema\/person\/image\/","url":"https:\/\/secure.gravatar.com\/avatar\/a55462fcd070ebf65dd9b95bfe9c5d29?s=96&d=mm&r=g","contentUrl":"https:\/\/secure.gravatar.com\/avatar\/a55462fcd070ebf65dd9b95bfe9c5d29?s=96&d=mm&r=g","caption":"axdorff"},"description":"Driver p\u00e5 deltid g\u00e5rden S\u00f6dra Dylta. Utbildad j\u00e4gm\u00e4stare och ekonom. Initiativtagare till projekt Egendomligt, grundare av Naturbrukarna, ledamot i f\u00f6rbundsstyrelsen f\u00f6r J\u00e4garef\u00f6rbundet, skriver f\u00f6r Svenska Nyhetsbyr\u00e5n och lite annat sm\u00e5tt och gott.","sameAs":["https:\/\/twitter.com\/twitter.com\/axdorff"],"url":"https:\/\/blogg.atl.nu\/sodradylta\/author\/axdorff\/"}]}},"_links":{"self":[{"href":"https:\/\/blogg.atl.nu\/sodradylta\/wp-json\/wp\/v2\/posts\/526"}],"collection":[{"href":"https:\/\/blogg.atl.nu\/sodradylta\/wp-json\/wp\/v2\/posts"}],"about":[{"href":"https:\/\/blogg.atl.nu\/sodradylta\/wp-json\/wp\/v2\/types\/post"}],"author":[{"embeddable":true,"href":"https:\/\/blogg.atl.nu\/sodradylta\/wp-json\/wp\/v2\/users\/351"}],"replies":[{"embeddable":true,"href":"https:\/\/blogg.atl.nu\/sodradylta\/wp-json\/wp\/v2\/comments?post=526"}],"version-history":[{"count":20,"href":"https:\/\/blogg.atl.nu\/sodradylta\/wp-json\/wp\/v2\/posts\/526\/revisions"}],"predecessor-version":[{"id":550,"href":"https:\/\/blogg.atl.nu\/sodradylta\/wp-json\/wp\/v2\/posts\/526\/revisions\/550"}],"wp:featuredmedia":[{"embeddable":true,"href":"https:\/\/blogg.atl.nu\/sodradylta\/wp-json\/wp\/v2\/media\/549"}],"wp:attachment":[{"href":"https:\/\/blogg.atl.nu\/sodradylta\/wp-json\/wp\/v2\/media?parent=526"}],"wp:term":[{"taxonomy":"category","embeddable":true,"href":"https:\/\/blogg.atl.nu\/sodradylta\/wp-json\/wp\/v2\/categories?post=526"},{"taxonomy":"post_tag","embeddable":true,"href":"https:\/\/blogg.atl.nu\/sodradylta\/wp-json\/wp\/v2\/tags?post=526"}],"curies":[{"name":"wp","href":"https:\/\/api.w.org\/{rel}","templated":true}]}}