{"id":589,"date":"2019-03-29T12:50:59","date_gmt":"2019-03-29T11:50:59","guid":{"rendered":"https:\/\/blogg.atl.nu\/sodradylta\/?p=589"},"modified":"2019-03-29T12:50:59","modified_gmt":"2019-03-29T11:50:59","slug":"avverkar-barkborreskadade-granar","status":"publish","type":"post","link":"https:\/\/blogg.atl.nu\/sodradylta\/2019\/03\/29\/avverkar-barkborreskadade-granar\/","title":{"rendered":"Avverkar barkborreskadade granar"},"content":{"rendered":"<p>Sk\u00f6rdaren g\u00e5r f\u00f6r fullt och skotaren kommer t\u00e4tt efter. Jag hade tur. Min granne som avverkar \u00e5t Sydved hade n\u00e5gra dagar \u00f6ver. De b\u00f6rjar n\u00e4rma sig slutet f\u00f6r denna g\u00e5ng.<\/p>\n<p>&nbsp;<\/p>\n<p>Som s\u00e5 vanligt var skadan v\u00e4rre \u00e4n befarat. Man ska alltid tro det v\u00e4rsta. P\u00e5 ett omr\u00e5de d\u00e4r vi bara skulle plocka n\u00e5gra enstaka skadade tr\u00e4d blev det v\u00e4ldigt tomt p\u00e5 tr\u00e4d och h\u00f6stplanering \u00e4r inbokad.<\/p>\n<p><img loading=\"lazy\" class=\"alignnone size-large wp-image-592\" src=\"https:\/\/blogg.atl.nu\/sodradylta\/wp-content\/uploads\/sites\/33\/2019\/03\/IMG_8090-1024x768.jpg\" alt=\"\" width=\"1024\" height=\"768\" \/> <img loading=\"lazy\" class=\"alignnone size-large wp-image-593\" src=\"https:\/\/blogg.atl.nu\/sodradylta\/wp-content\/uploads\/sites\/33\/2019\/03\/IMG_8089-1024x768.jpg\" alt=\"\" width=\"1024\" height=\"768\" \/><\/p>\n<p>-Rickard, alla tr\u00e4d jag greppar med sk\u00f6rdaren tappar barken fick jag h\u00f6ra i telefonen av sk\u00f6rdarf\u00f6raren.<\/p>\n<p>&nbsp;<\/p>\n<p>Uppskattningsvis landar jag p\u00e5 cirka 200 kubik timmer, 50 kubik kubb, 150 kubik massa och 150 kubik br\u00e4nsleved. <span>\u00a0<\/span>Tids\u00e5tg\u00e5ngen f\u00f6r denna volym kommer troligen ta bort det mesta av nettot. L\u00e4gger man sen till tillv\u00e4xtf\u00f6rlusten p\u00e5 grund av f\u00f6rtida avverkning blir barkborrarna en d\u00e5lig aff\u00e4r. Men, det kunde vara v\u00e4rre. Det kunde blivit en Nyckelbiotop. D\u00e5 \u00e4r all tillv\u00e4xt f\u00f6r all framtid f\u00f6rlorad.<\/p>\n<figure id=\"attachment_4\" aria-describedby=\"caption-attachment-4\" style=\"width: 1024px\" class=\"wp-caption alignnone\"><img loading=\"lazy\" class=\"size-large wp-image-4\" src=\"https:\/\/blogg.atl.nu\/sodradylta\/wp-content\/uploads\/sites\/33\/2018\/10\/rickard-axdorff-blogg01-1024x234.jpg\" alt=\"\" width=\"1024\" height=\"234\" srcset=\"https:\/\/blogg.atl.nu\/sodradylta\/wp-content\/uploads\/sites\/33\/2018\/10\/rickard-axdorff-blogg01-1024x234.jpg 1024w, https:\/\/blogg.atl.nu\/sodradylta\/wp-content\/uploads\/sites\/33\/2018\/10\/rickard-axdorff-blogg01-300x69.jpg 300w, https:\/\/blogg.atl.nu\/sodradylta\/wp-content\/uploads\/sites\/33\/2018\/10\/rickard-axdorff-blogg01-768x176.jpg 768w, https:\/\/blogg.atl.nu\/sodradylta\/wp-content\/uploads\/sites\/33\/2018\/10\/rickard-axdorff-blogg01.jpg 2048w\" sizes=\"(max-width: 1024px) 100vw, 1024px\" \/><figcaption id=\"caption-attachment-4\" class=\"wp-caption-text\">Jag heter Rickard Axdorff, tack! .<\/figcaption><\/figure>\n","protected":false},"excerpt":{"rendered":"<p>Sk\u00f6rdaren g\u00e5r f\u00f6r fullt och skotaren kommer t\u00e4tt efter. Jag hade tur. Min granne som avverkar \u00e5t Sydved hade n\u00e5gra dagar \u00f6ver. De b\u00f6rjar n\u00e4rma sig slutet f\u00f6r denna g\u00e5ng. &nbsp; Som s\u00e5 vanligt var skadan v\u00e4rre \u00e4n befarat. Man ska alltid tro det v\u00e4rsta. P\u00e5 ett omr\u00e5de d\u00e4r vi bara skulle plocka n\u00e5gra enstaka&#8230;<\/p>\n","protected":false},"author":351,"featured_media":591,"comment_status":"open","ping_status":"open","sticky":false,"template":"","format":"standard","meta":[],"categories":[1],"tags":[7,47],"yoast_head":"<!-- This site is optimized with the Yoast SEO plugin v19.6 - https:\/\/yoast.com\/wordpress\/plugins\/seo\/ -->\n<title>Avverkar barkborreskadade granar - S\u00f6dra Dylta<\/title>\n<meta name=\"robots\" content=\"index, follow, max-snippet:-1, max-image-preview:large, max-video-preview:-1\" \/>\n<link rel=\"canonical\" href=\"https:\/\/blogg.atl.nu\/sodradylta\/2019\/03\/29\/avverkar-barkborreskadade-granar\/\" \/>\n<meta property=\"og:locale\" content=\"sv_SE\" \/>\n<meta property=\"og:type\" content=\"article\" \/>\n<meta property=\"og:title\" content=\"Avverkar barkborreskadade granar - S\u00f6dra Dylta\" \/>\n<meta property=\"og:description\" content=\"Sk\u00f6rdaren g\u00e5r f\u00f6r fullt och skotaren kommer t\u00e4tt efter. Jag hade tur. Min granne som avverkar \u00e5t Sydved hade n\u00e5gra dagar \u00f6ver. De b\u00f6rjar n\u00e4rma sig slutet f\u00f6r denna g\u00e5ng. &nbsp; Som s\u00e5 vanligt var skadan v\u00e4rre \u00e4n befarat. Man ska alltid tro det v\u00e4rsta. P\u00e5 ett omr\u00e5de d\u00e4r vi bara skulle plocka n\u00e5gra enstaka...\" \/>\n<meta property=\"og:url\" content=\"https:\/\/blogg.atl.nu\/sodradylta\/2019\/03\/29\/avverkar-barkborreskadade-granar\/\" \/>\n<meta property=\"og:site_name\" content=\"S\u00f6dra Dylta\" \/>\n<meta property=\"article:published_time\" content=\"2019-03-29T11:50:59+00:00\" \/>\n<meta property=\"og:image\" content=\"https:\/\/blogg.atl.nu\/sodradylta\/wp-content\/uploads\/sites\/33\/2019\/03\/IMG_8064-e1553859868634.jpg\" \/>\n\t<meta property=\"og:image:width\" content=\"1024\" \/>\n\t<meta property=\"og:image:height\" content=\"768\" \/>\n\t<meta property=\"og:image:type\" content=\"image\/jpeg\" \/>\n<meta name=\"author\" content=\"axdorff\" \/>\n<meta name=\"twitter:card\" content=\"summary_large_image\" \/>\n<meta name=\"twitter:creator\" content=\"@twitter.com\/axdorff\" \/>\n<meta name=\"twitter:label1\" content=\"Skriven av\" \/>\n\t<meta name=\"twitter:data1\" content=\"axdorff\" \/>\n\t<meta name=\"twitter:label2\" content=\"Ber\u00e4knad l\u00e4stid\" \/>\n\t<meta name=\"twitter:data2\" content=\"1 minut\" \/>\n<script type=\"application\/ld+json\" class=\"yoast-schema-graph\">{\"@context\":\"https:\/\/schema.org\",\"@graph\":[{\"@type\":\"WebPage\",\"@id\":\"https:\/\/blogg.atl.nu\/sodradylta\/2019\/03\/29\/avverkar-barkborreskadade-granar\/\",\"url\":\"https:\/\/blogg.atl.nu\/sodradylta\/2019\/03\/29\/avverkar-barkborreskadade-granar\/\",\"name\":\"Avverkar barkborreskadade granar - S\u00f6dra Dylta\",\"isPartOf\":{\"@id\":\"https:\/\/blogg.atl.nu\/sodradylta\/#website\"},\"datePublished\":\"2019-03-29T11:50:59+00:00\",\"dateModified\":\"2019-03-29T11:50:59+00:00\",\"author\":{\"@id\":\"https:\/\/blogg.atl.nu\/sodradylta\/#\/schema\/person\/59a4fd29cbd68a48f24b75a54342d61a\"},\"breadcrumb\":{\"@id\":\"https:\/\/blogg.atl.nu\/sodradylta\/2019\/03\/29\/avverkar-barkborreskadade-granar\/#breadcrumb\"},\"inLanguage\":\"sv-SE\",\"potentialAction\":[{\"@type\":\"ReadAction\",\"target\":[\"https:\/\/blogg.atl.nu\/sodradylta\/2019\/03\/29\/avverkar-barkborreskadade-granar\/\"]}]},{\"@type\":\"BreadcrumbList\",\"@id\":\"https:\/\/blogg.atl.nu\/sodradylta\/2019\/03\/29\/avverkar-barkborreskadade-granar\/#breadcrumb\",\"itemListElement\":[{\"@type\":\"ListItem\",\"position\":1,\"name\":\"Home\",\"item\":\"https:\/\/blogg.atl.nu\/sodradylta\/\"},{\"@type\":\"ListItem\",\"position\":2,\"name\":\"Avverkar barkborreskadade granar\"}]},{\"@type\":\"WebSite\",\"@id\":\"https:\/\/blogg.atl.nu\/sodradylta\/#website\",\"url\":\"https:\/\/blogg.atl.nu\/sodradylta\/\",\"name\":\"S\u00f6dra Dylta\",\"description\":\"Rickard Axdorff\",\"potentialAction\":[{\"@type\":\"SearchAction\",\"target\":{\"@type\":\"EntryPoint\",\"urlTemplate\":\"https:\/\/blogg.atl.nu\/sodradylta\/?s={search_term_string}\"},\"query-input\":\"required name=search_term_string\"}],\"inLanguage\":\"sv-SE\"},{\"@type\":\"Person\",\"@id\":\"https:\/\/blogg.atl.nu\/sodradylta\/#\/schema\/person\/59a4fd29cbd68a48f24b75a54342d61a\",\"name\":\"axdorff\",\"image\":{\"@type\":\"ImageObject\",\"inLanguage\":\"sv-SE\",\"@id\":\"https:\/\/blogg.atl.nu\/sodradylta\/#\/schema\/person\/image\/\",\"url\":\"https:\/\/secure.gravatar.com\/avatar\/a55462fcd070ebf65dd9b95bfe9c5d29?s=96&d=mm&r=g\",\"contentUrl\":\"https:\/\/secure.gravatar.com\/avatar\/a55462fcd070ebf65dd9b95bfe9c5d29?s=96&d=mm&r=g\",\"caption\":\"axdorff\"},\"description\":\"Driver p\u00e5 deltid g\u00e5rden S\u00f6dra Dylta. Utbildad j\u00e4gm\u00e4stare och ekonom. Initiativtagare till projekt Egendomligt, grundare av Naturbrukarna, ledamot i f\u00f6rbundsstyrelsen f\u00f6r J\u00e4garef\u00f6rbundet, skriver f\u00f6r Svenska Nyhetsbyr\u00e5n och lite annat sm\u00e5tt och gott.\",\"sameAs\":[\"https:\/\/twitter.com\/twitter.com\/axdorff\"],\"url\":\"https:\/\/blogg.atl.nu\/sodradylta\/author\/axdorff\/\"}]}<\/script>\n<!-- \/ Yoast SEO plugin. -->","yoast_head_json":{"title":"Avverkar barkborreskadade granar - S\u00f6dra Dylta","robots":{"index":"index","follow":"follow","max-snippet":"max-snippet:-1","max-image-preview":"max-image-preview:large","max-video-preview":"max-video-preview:-1"},"canonical":"https:\/\/blogg.atl.nu\/sodradylta\/2019\/03\/29\/avverkar-barkborreskadade-granar\/","og_locale":"sv_SE","og_type":"article","og_title":"Avverkar barkborreskadade granar - S\u00f6dra Dylta","og_description":"Sk\u00f6rdaren g\u00e5r f\u00f6r fullt och skotaren kommer t\u00e4tt efter. Jag hade tur. Min granne som avverkar \u00e5t Sydved hade n\u00e5gra dagar \u00f6ver. De b\u00f6rjar n\u00e4rma sig slutet f\u00f6r denna g\u00e5ng. &nbsp; Som s\u00e5 vanligt var skadan v\u00e4rre \u00e4n befarat. Man ska alltid tro det v\u00e4rsta. P\u00e5 ett omr\u00e5de d\u00e4r vi bara skulle plocka n\u00e5gra enstaka...","og_url":"https:\/\/blogg.atl.nu\/sodradylta\/2019\/03\/29\/avverkar-barkborreskadade-granar\/","og_site_name":"S\u00f6dra Dylta","article_published_time":"2019-03-29T11:50:59+00:00","og_image":[{"width":1024,"height":768,"url":"https:\/\/blogg.atl.nu\/sodradylta\/wp-content\/uploads\/sites\/33\/2019\/03\/IMG_8064-e1553859868634.jpg","type":"image\/jpeg"}],"author":"axdorff","twitter_card":"summary_large_image","twitter_creator":"@twitter.com\/axdorff","twitter_misc":{"Skriven av":"axdorff","Ber\u00e4knad l\u00e4stid":"1 minut"},"schema":{"@context":"https:\/\/schema.org","@graph":[{"@type":"WebPage","@id":"https:\/\/blogg.atl.nu\/sodradylta\/2019\/03\/29\/avverkar-barkborreskadade-granar\/","url":"https:\/\/blogg.atl.nu\/sodradylta\/2019\/03\/29\/avverkar-barkborreskadade-granar\/","name":"Avverkar barkborreskadade granar - S\u00f6dra Dylta","isPartOf":{"@id":"https:\/\/blogg.atl.nu\/sodradylta\/#website"},"datePublished":"2019-03-29T11:50:59+00:00","dateModified":"2019-03-29T11:50:59+00:00","author":{"@id":"https:\/\/blogg.atl.nu\/sodradylta\/#\/schema\/person\/59a4fd29cbd68a48f24b75a54342d61a"},"breadcrumb":{"@id":"https:\/\/blogg.atl.nu\/sodradylta\/2019\/03\/29\/avverkar-barkborreskadade-granar\/#breadcrumb"},"inLanguage":"sv-SE","potentialAction":[{"@type":"ReadAction","target":["https:\/\/blogg.atl.nu\/sodradylta\/2019\/03\/29\/avverkar-barkborreskadade-granar\/"]}]},{"@type":"BreadcrumbList","@id":"https:\/\/blogg.atl.nu\/sodradylta\/2019\/03\/29\/avverkar-barkborreskadade-granar\/#breadcrumb","itemListElement":[{"@type":"ListItem","position":1,"name":"Home","item":"https:\/\/blogg.atl.nu\/sodradylta\/"},{"@type":"ListItem","position":2,"name":"Avverkar barkborreskadade granar"}]},{"@type":"WebSite","@id":"https:\/\/blogg.atl.nu\/sodradylta\/#website","url":"https:\/\/blogg.atl.nu\/sodradylta\/","name":"S\u00f6dra Dylta","description":"Rickard Axdorff","potentialAction":[{"@type":"SearchAction","target":{"@type":"EntryPoint","urlTemplate":"https:\/\/blogg.atl.nu\/sodradylta\/?s={search_term_string}"},"query-input":"required name=search_term_string"}],"inLanguage":"sv-SE"},{"@type":"Person","@id":"https:\/\/blogg.atl.nu\/sodradylta\/#\/schema\/person\/59a4fd29cbd68a48f24b75a54342d61a","name":"axdorff","image":{"@type":"ImageObject","inLanguage":"sv-SE","@id":"https:\/\/blogg.atl.nu\/sodradylta\/#\/schema\/person\/image\/","url":"https:\/\/secure.gravatar.com\/avatar\/a55462fcd070ebf65dd9b95bfe9c5d29?s=96&d=mm&r=g","contentUrl":"https:\/\/secure.gravatar.com\/avatar\/a55462fcd070ebf65dd9b95bfe9c5d29?s=96&d=mm&r=g","caption":"axdorff"},"description":"Driver p\u00e5 deltid g\u00e5rden S\u00f6dra Dylta. Utbildad j\u00e4gm\u00e4stare och ekonom. Initiativtagare till projekt Egendomligt, grundare av Naturbrukarna, ledamot i f\u00f6rbundsstyrelsen f\u00f6r J\u00e4garef\u00f6rbundet, skriver f\u00f6r Svenska Nyhetsbyr\u00e5n och lite annat sm\u00e5tt och gott.","sameAs":["https:\/\/twitter.com\/twitter.com\/axdorff"],"url":"https:\/\/blogg.atl.nu\/sodradylta\/author\/axdorff\/"}]}},"_links":{"self":[{"href":"https:\/\/blogg.atl.nu\/sodradylta\/wp-json\/wp\/v2\/posts\/589"}],"collection":[{"href":"https:\/\/blogg.atl.nu\/sodradylta\/wp-json\/wp\/v2\/posts"}],"about":[{"href":"https:\/\/blogg.atl.nu\/sodradylta\/wp-json\/wp\/v2\/types\/post"}],"author":[{"embeddable":true,"href":"https:\/\/blogg.atl.nu\/sodradylta\/wp-json\/wp\/v2\/users\/351"}],"replies":[{"embeddable":true,"href":"https:\/\/blogg.atl.nu\/sodradylta\/wp-json\/wp\/v2\/comments?post=589"}],"version-history":[{"count":3,"href":"https:\/\/blogg.atl.nu\/sodradylta\/wp-json\/wp\/v2\/posts\/589\/revisions"}],"predecessor-version":[{"id":595,"href":"https:\/\/blogg.atl.nu\/sodradylta\/wp-json\/wp\/v2\/posts\/589\/revisions\/595"}],"wp:featuredmedia":[{"embeddable":true,"href":"https:\/\/blogg.atl.nu\/sodradylta\/wp-json\/wp\/v2\/media\/591"}],"wp:attachment":[{"href":"https:\/\/blogg.atl.nu\/sodradylta\/wp-json\/wp\/v2\/media?parent=589"}],"wp:term":[{"taxonomy":"category","embeddable":true,"href":"https:\/\/blogg.atl.nu\/sodradylta\/wp-json\/wp\/v2\/categories?post=589"},{"taxonomy":"post_tag","embeddable":true,"href":"https:\/\/blogg.atl.nu\/sodradylta\/wp-json\/wp\/v2\/tags?post=589"}],"curies":[{"name":"wp","href":"https:\/\/api.w.org\/{rel}","templated":true}]}}