{"id":752,"date":"2019-05-27T09:32:17","date_gmt":"2019-05-27T07:32:17","guid":{"rendered":"https:\/\/blogg.atl.nu\/sodradylta\/?p=752"},"modified":"2019-05-27T10:14:23","modified_gmt":"2019-05-27T08:14:23","slug":"en-viktig-kulturhistorisk-garning","status":"publish","type":"post","link":"https:\/\/blogg.atl.nu\/sodradylta\/2019\/05\/27\/en-viktig-kulturhistorisk-garning\/","title":{"rendered":"En viktig kulturhistorisk g\u00e4rning"},"content":{"rendered":"<p>P\u00e5 lediga stunder kan man v\u00e4lja att g\u00f6ra olika saker. Jag har den senaste tiden, mellan granplantor och lamm, \u00e4gnat mig \u00e5t kultur genom att samla in pengar till en viktig kulturhistoriskt projekt.<\/p>\n<p>Jag har samlat in pengar f\u00f6r att g\u00f6ra boken \u00d6verstens snapsvisor till en ljudbok som ska bli tillg\u00e4nglig f\u00f6r alla. Denna mycket viktiga bok, f\u00f6rfattad av \u00f6verste Einar Lyth, \u00e4r en smakfull blandning av svensk milit\u00e4r- och kulturhistoria blandat med texten till s\u00e5v\u00e4l gamla anrika snapsvisor som nymodiga dito. Ljudboken m\u00f6jligg\u00f6r nu att vi f\u00e5r texten uppl\u00e4st och s\u00e5ngerna besjungna.<\/p>\n<p>Vi beh\u00f6vde 35\u00a0000 kronor f\u00f6r att t\u00e4cka v\u00e5ra kostnader och det har vi nu fixat. Stort tack till de 17 personer som sk\u00e4nkt allt fr\u00e5n sm\u00e5 till mycket stora belopp. Ni godhj\u00e4rtade personer f\u00f6rtj\u00e4nar en extra appl\u00e5d.<span>\u00a0<\/span><span>\u00a0<\/span><\/p>\n<h2>Saften fr\u00e5n en planka, 100 \u00e5rs jubileum<\/h2>\n<p>Visste du att f\u00f6r exakt 100 \u00e5r sedan till\u00e4ts f\u00f6rs\u00e4ljning f\u00f6r f\u00f6rsta g\u00e5ngen av sprit baserad p\u00e5 cellulosa fr\u00e5n skogen. N\u00f6d\u00e5ret 1918 var det n\u00e4mligen s\u00e5 illa st\u00e4llt att varken s\u00e4d eller potatis r\u00e4ckte till b\u00e5de fast och flytande. Samtidigt var importen stoppad. Riksdagen saknande d\u00e5 ingalunda handlingskraft och provbr\u00e4nning av cellulosasprit f\u00f6r humandryck startades upp. Vid 1919 \u00e5rs f\u00f6rs\u00f6k p\u00e5 m\u00e4n och kaniner fann man visserligen att kaninerna dog men att m\u00e4nnen \u00f6verlevde \u00e5tta m\u00e5naders h\u00e4ftigt cellulosasupande. Med l\u00e5gt pris och stiliga namn p\u00e5 cellulosa-drycken kunde s\u00e5ledes ett folk skyddats fr\u00e5n torka.<\/p>\n<p>Jag hoppas att vi \u00e4r klara innan sommaren men kan inget lova. Till kr\u00e4ftan ska avsjungas med snaps kanske \u00e4r rimligare.<\/p>\n<p>&nbsp;<\/p>\n<figure id=\"attachment_4\" aria-describedby=\"caption-attachment-4\" style=\"width: 1024px\" class=\"wp-caption alignnone\"><img loading=\"lazy\" class=\"size-large wp-image-4\" src=\"https:\/\/blogg.atl.nu\/sodradylta\/wp-content\/uploads\/sites\/33\/2018\/10\/rickard-axdorff-blogg01-1024x234.jpg\" alt=\"\" width=\"1024\" height=\"234\" srcset=\"https:\/\/blogg.atl.nu\/sodradylta\/wp-content\/uploads\/sites\/33\/2018\/10\/rickard-axdorff-blogg01-1024x234.jpg 1024w, https:\/\/blogg.atl.nu\/sodradylta\/wp-content\/uploads\/sites\/33\/2018\/10\/rickard-axdorff-blogg01-300x69.jpg 300w, https:\/\/blogg.atl.nu\/sodradylta\/wp-content\/uploads\/sites\/33\/2018\/10\/rickard-axdorff-blogg01-768x176.jpg 768w, https:\/\/blogg.atl.nu\/sodradylta\/wp-content\/uploads\/sites\/33\/2018\/10\/rickard-axdorff-blogg01.jpg 2048w\" sizes=\"(max-width: 1024px) 100vw, 1024px\" \/><figcaption id=\"caption-attachment-4\" class=\"wp-caption-text\">Jag heter Rickard Axdorff, tack!<\/figcaption><\/figure>\n<p>&nbsp;<\/p>\n<p>&nbsp;<\/p>\n<p>&nbsp;<\/p>\n<p>&nbsp;<\/p>\n<p>&nbsp;<\/p>\n","protected":false},"excerpt":{"rendered":"<p>P\u00e5 lediga stunder kan man v\u00e4lja att g\u00f6ra olika saker. Jag har den senaste tiden, mellan granplantor och lamm, \u00e4gnat mig \u00e5t kultur genom att samla in pengar till en viktig kulturhistoriskt projekt. Jag har samlat in pengar f\u00f6r att g\u00f6ra boken \u00d6verstens snapsvisor till en ljudbok som ska bli tillg\u00e4nglig f\u00f6r alla. Denna mycket&#8230;<\/p>\n","protected":false},"author":351,"featured_media":762,"comment_status":"open","ping_status":"open","sticky":false,"template":"","format":"standard","meta":[],"categories":[1],"tags":[7,53],"yoast_head":"<!-- This site is optimized with the Yoast SEO plugin v19.6 - https:\/\/yoast.com\/wordpress\/plugins\/seo\/ -->\n<title>En viktig kulturhistorisk g\u00e4rning - S\u00f6dra Dylta<\/title>\n<meta name=\"robots\" content=\"index, follow, max-snippet:-1, max-image-preview:large, max-video-preview:-1\" \/>\n<link rel=\"canonical\" href=\"https:\/\/blogg.atl.nu\/sodradylta\/2019\/05\/27\/en-viktig-kulturhistorisk-garning\/\" \/>\n<meta property=\"og:locale\" content=\"sv_SE\" \/>\n<meta property=\"og:type\" content=\"article\" \/>\n<meta property=\"og:title\" content=\"En viktig kulturhistorisk g\u00e4rning - S\u00f6dra Dylta\" \/>\n<meta property=\"og:description\" content=\"P\u00e5 lediga stunder kan man v\u00e4lja att g\u00f6ra olika saker. Jag har den senaste tiden, mellan granplantor och lamm, \u00e4gnat mig \u00e5t kultur genom att samla in pengar till en viktig kulturhistoriskt projekt. Jag har samlat in pengar f\u00f6r att g\u00f6ra boken \u00d6verstens snapsvisor till en ljudbok som ska bli tillg\u00e4nglig f\u00f6r alla. Denna mycket...\" \/>\n<meta property=\"og:url\" content=\"https:\/\/blogg.atl.nu\/sodradylta\/2019\/05\/27\/en-viktig-kulturhistorisk-garning\/\" \/>\n<meta property=\"og:site_name\" content=\"S\u00f6dra Dylta\" \/>\n<meta property=\"article:published_time\" content=\"2019-05-27T07:32:17+00:00\" \/>\n<meta property=\"article:modified_time\" content=\"2019-05-27T08:14:23+00:00\" \/>\n<meta property=\"og:image\" content=\"https:\/\/blogg.atl.nu\/sodradylta\/wp-content\/uploads\/sites\/33\/2019\/05\/Sk\u00e4rmavbild-2019-05-27-kl.-10.13.12.png\" \/>\n\t<meta property=\"og:image:width\" content=\"938\" \/>\n\t<meta property=\"og:image:height\" content=\"668\" \/>\n\t<meta property=\"og:image:type\" content=\"image\/png\" \/>\n<meta name=\"author\" content=\"axdorff\" \/>\n<meta name=\"twitter:card\" content=\"summary_large_image\" \/>\n<meta name=\"twitter:creator\" content=\"@twitter.com\/axdorff\" \/>\n<meta name=\"twitter:label1\" content=\"Skriven av\" \/>\n\t<meta name=\"twitter:data1\" content=\"axdorff\" \/>\n\t<meta name=\"twitter:label2\" content=\"Ber\u00e4knad l\u00e4stid\" \/>\n\t<meta name=\"twitter:data2\" content=\"2 minuter\" \/>\n<script type=\"application\/ld+json\" class=\"yoast-schema-graph\">{\"@context\":\"https:\/\/schema.org\",\"@graph\":[{\"@type\":\"WebPage\",\"@id\":\"https:\/\/blogg.atl.nu\/sodradylta\/2019\/05\/27\/en-viktig-kulturhistorisk-garning\/\",\"url\":\"https:\/\/blogg.atl.nu\/sodradylta\/2019\/05\/27\/en-viktig-kulturhistorisk-garning\/\",\"name\":\"En viktig kulturhistorisk g\u00e4rning - S\u00f6dra Dylta\",\"isPartOf\":{\"@id\":\"https:\/\/blogg.atl.nu\/sodradylta\/#website\"},\"datePublished\":\"2019-05-27T07:32:17+00:00\",\"dateModified\":\"2019-05-27T08:14:23+00:00\",\"author\":{\"@id\":\"https:\/\/blogg.atl.nu\/sodradylta\/#\/schema\/person\/59a4fd29cbd68a48f24b75a54342d61a\"},\"breadcrumb\":{\"@id\":\"https:\/\/blogg.atl.nu\/sodradylta\/2019\/05\/27\/en-viktig-kulturhistorisk-garning\/#breadcrumb\"},\"inLanguage\":\"sv-SE\",\"potentialAction\":[{\"@type\":\"ReadAction\",\"target\":[\"https:\/\/blogg.atl.nu\/sodradylta\/2019\/05\/27\/en-viktig-kulturhistorisk-garning\/\"]}]},{\"@type\":\"BreadcrumbList\",\"@id\":\"https:\/\/blogg.atl.nu\/sodradylta\/2019\/05\/27\/en-viktig-kulturhistorisk-garning\/#breadcrumb\",\"itemListElement\":[{\"@type\":\"ListItem\",\"position\":1,\"name\":\"Home\",\"item\":\"https:\/\/blogg.atl.nu\/sodradylta\/\"},{\"@type\":\"ListItem\",\"position\":2,\"name\":\"En viktig kulturhistorisk g\u00e4rning\"}]},{\"@type\":\"WebSite\",\"@id\":\"https:\/\/blogg.atl.nu\/sodradylta\/#website\",\"url\":\"https:\/\/blogg.atl.nu\/sodradylta\/\",\"name\":\"S\u00f6dra Dylta\",\"description\":\"Rickard Axdorff\",\"potentialAction\":[{\"@type\":\"SearchAction\",\"target\":{\"@type\":\"EntryPoint\",\"urlTemplate\":\"https:\/\/blogg.atl.nu\/sodradylta\/?s={search_term_string}\"},\"query-input\":\"required name=search_term_string\"}],\"inLanguage\":\"sv-SE\"},{\"@type\":\"Person\",\"@id\":\"https:\/\/blogg.atl.nu\/sodradylta\/#\/schema\/person\/59a4fd29cbd68a48f24b75a54342d61a\",\"name\":\"axdorff\",\"image\":{\"@type\":\"ImageObject\",\"inLanguage\":\"sv-SE\",\"@id\":\"https:\/\/blogg.atl.nu\/sodradylta\/#\/schema\/person\/image\/\",\"url\":\"https:\/\/secure.gravatar.com\/avatar\/a55462fcd070ebf65dd9b95bfe9c5d29?s=96&d=mm&r=g\",\"contentUrl\":\"https:\/\/secure.gravatar.com\/avatar\/a55462fcd070ebf65dd9b95bfe9c5d29?s=96&d=mm&r=g\",\"caption\":\"axdorff\"},\"description\":\"Driver p\u00e5 deltid g\u00e5rden S\u00f6dra Dylta. Utbildad j\u00e4gm\u00e4stare och ekonom. Initiativtagare till projekt Egendomligt, grundare av Naturbrukarna, ledamot i f\u00f6rbundsstyrelsen f\u00f6r J\u00e4garef\u00f6rbundet, skriver f\u00f6r Svenska Nyhetsbyr\u00e5n och lite annat sm\u00e5tt och gott.\",\"sameAs\":[\"https:\/\/twitter.com\/twitter.com\/axdorff\"],\"url\":\"https:\/\/blogg.atl.nu\/sodradylta\/author\/axdorff\/\"}]}<\/script>\n<!-- \/ Yoast SEO plugin. -->","yoast_head_json":{"title":"En viktig kulturhistorisk g\u00e4rning - S\u00f6dra Dylta","robots":{"index":"index","follow":"follow","max-snippet":"max-snippet:-1","max-image-preview":"max-image-preview:large","max-video-preview":"max-video-preview:-1"},"canonical":"https:\/\/blogg.atl.nu\/sodradylta\/2019\/05\/27\/en-viktig-kulturhistorisk-garning\/","og_locale":"sv_SE","og_type":"article","og_title":"En viktig kulturhistorisk g\u00e4rning - S\u00f6dra Dylta","og_description":"P\u00e5 lediga stunder kan man v\u00e4lja att g\u00f6ra olika saker. Jag har den senaste tiden, mellan granplantor och lamm, \u00e4gnat mig \u00e5t kultur genom att samla in pengar till en viktig kulturhistoriskt projekt. Jag har samlat in pengar f\u00f6r att g\u00f6ra boken \u00d6verstens snapsvisor till en ljudbok som ska bli tillg\u00e4nglig f\u00f6r alla. Denna mycket...","og_url":"https:\/\/blogg.atl.nu\/sodradylta\/2019\/05\/27\/en-viktig-kulturhistorisk-garning\/","og_site_name":"S\u00f6dra Dylta","article_published_time":"2019-05-27T07:32:17+00:00","article_modified_time":"2019-05-27T08:14:23+00:00","og_image":[{"width":938,"height":668,"url":"https:\/\/blogg.atl.nu\/sodradylta\/wp-content\/uploads\/sites\/33\/2019\/05\/Sk\u00e4rmavbild-2019-05-27-kl.-10.13.12.png","type":"image\/png"}],"author":"axdorff","twitter_card":"summary_large_image","twitter_creator":"@twitter.com\/axdorff","twitter_misc":{"Skriven av":"axdorff","Ber\u00e4knad l\u00e4stid":"2 minuter"},"schema":{"@context":"https:\/\/schema.org","@graph":[{"@type":"WebPage","@id":"https:\/\/blogg.atl.nu\/sodradylta\/2019\/05\/27\/en-viktig-kulturhistorisk-garning\/","url":"https:\/\/blogg.atl.nu\/sodradylta\/2019\/05\/27\/en-viktig-kulturhistorisk-garning\/","name":"En viktig kulturhistorisk g\u00e4rning - S\u00f6dra Dylta","isPartOf":{"@id":"https:\/\/blogg.atl.nu\/sodradylta\/#website"},"datePublished":"2019-05-27T07:32:17+00:00","dateModified":"2019-05-27T08:14:23+00:00","author":{"@id":"https:\/\/blogg.atl.nu\/sodradylta\/#\/schema\/person\/59a4fd29cbd68a48f24b75a54342d61a"},"breadcrumb":{"@id":"https:\/\/blogg.atl.nu\/sodradylta\/2019\/05\/27\/en-viktig-kulturhistorisk-garning\/#breadcrumb"},"inLanguage":"sv-SE","potentialAction":[{"@type":"ReadAction","target":["https:\/\/blogg.atl.nu\/sodradylta\/2019\/05\/27\/en-viktig-kulturhistorisk-garning\/"]}]},{"@type":"BreadcrumbList","@id":"https:\/\/blogg.atl.nu\/sodradylta\/2019\/05\/27\/en-viktig-kulturhistorisk-garning\/#breadcrumb","itemListElement":[{"@type":"ListItem","position":1,"name":"Home","item":"https:\/\/blogg.atl.nu\/sodradylta\/"},{"@type":"ListItem","position":2,"name":"En viktig kulturhistorisk g\u00e4rning"}]},{"@type":"WebSite","@id":"https:\/\/blogg.atl.nu\/sodradylta\/#website","url":"https:\/\/blogg.atl.nu\/sodradylta\/","name":"S\u00f6dra Dylta","description":"Rickard Axdorff","potentialAction":[{"@type":"SearchAction","target":{"@type":"EntryPoint","urlTemplate":"https:\/\/blogg.atl.nu\/sodradylta\/?s={search_term_string}"},"query-input":"required name=search_term_string"}],"inLanguage":"sv-SE"},{"@type":"Person","@id":"https:\/\/blogg.atl.nu\/sodradylta\/#\/schema\/person\/59a4fd29cbd68a48f24b75a54342d61a","name":"axdorff","image":{"@type":"ImageObject","inLanguage":"sv-SE","@id":"https:\/\/blogg.atl.nu\/sodradylta\/#\/schema\/person\/image\/","url":"https:\/\/secure.gravatar.com\/avatar\/a55462fcd070ebf65dd9b95bfe9c5d29?s=96&d=mm&r=g","contentUrl":"https:\/\/secure.gravatar.com\/avatar\/a55462fcd070ebf65dd9b95bfe9c5d29?s=96&d=mm&r=g","caption":"axdorff"},"description":"Driver p\u00e5 deltid g\u00e5rden S\u00f6dra Dylta. Utbildad j\u00e4gm\u00e4stare och ekonom. Initiativtagare till projekt Egendomligt, grundare av Naturbrukarna, ledamot i f\u00f6rbundsstyrelsen f\u00f6r J\u00e4garef\u00f6rbundet, skriver f\u00f6r Svenska Nyhetsbyr\u00e5n och lite annat sm\u00e5tt och gott.","sameAs":["https:\/\/twitter.com\/twitter.com\/axdorff"],"url":"https:\/\/blogg.atl.nu\/sodradylta\/author\/axdorff\/"}]}},"_links":{"self":[{"href":"https:\/\/blogg.atl.nu\/sodradylta\/wp-json\/wp\/v2\/posts\/752"}],"collection":[{"href":"https:\/\/blogg.atl.nu\/sodradylta\/wp-json\/wp\/v2\/posts"}],"about":[{"href":"https:\/\/blogg.atl.nu\/sodradylta\/wp-json\/wp\/v2\/types\/post"}],"author":[{"embeddable":true,"href":"https:\/\/blogg.atl.nu\/sodradylta\/wp-json\/wp\/v2\/users\/351"}],"replies":[{"embeddable":true,"href":"https:\/\/blogg.atl.nu\/sodradylta\/wp-json\/wp\/v2\/comments?post=752"}],"version-history":[{"count":6,"href":"https:\/\/blogg.atl.nu\/sodradylta\/wp-json\/wp\/v2\/posts\/752\/revisions"}],"predecessor-version":[{"id":760,"href":"https:\/\/blogg.atl.nu\/sodradylta\/wp-json\/wp\/v2\/posts\/752\/revisions\/760"}],"wp:featuredmedia":[{"embeddable":true,"href":"https:\/\/blogg.atl.nu\/sodradylta\/wp-json\/wp\/v2\/media\/762"}],"wp:attachment":[{"href":"https:\/\/blogg.atl.nu\/sodradylta\/wp-json\/wp\/v2\/media?parent=752"}],"wp:term":[{"taxonomy":"category","embeddable":true,"href":"https:\/\/blogg.atl.nu\/sodradylta\/wp-json\/wp\/v2\/categories?post=752"},{"taxonomy":"post_tag","embeddable":true,"href":"https:\/\/blogg.atl.nu\/sodradylta\/wp-json\/wp\/v2\/tags?post=752"}],"curies":[{"name":"wp","href":"https:\/\/api.w.org\/{rel}","templated":true}]}}