{"id":785,"date":"2019-06-04T08:09:23","date_gmt":"2019-06-04T06:09:23","guid":{"rendered":"https:\/\/blogg.atl.nu\/sodradylta\/?p=785"},"modified":"2019-06-04T08:09:36","modified_gmt":"2019-06-04T06:09:36","slug":"eon-attackerar-svenskt-lantbruk","status":"publish","type":"post","link":"https:\/\/blogg.atl.nu\/sodradylta\/2019\/06\/04\/eon-attackerar-svenskt-lantbruk\/","title":{"rendered":"EON attackerar mitt lantbruk"},"content":{"rendered":"<p>Jag har ett mark\u00e4garavtal liggandes om ers\u00e4ttning f\u00f6r markintr\u00e5ng fr\u00e5n EON. De erbjuder mig en mindre summa pengar f\u00f6r att f\u00e5 gr\u00e4va p\u00e5 min mark. Jag kunde tidigare st\u00e5 ut med att de betalar uselt f\u00f6r intr\u00e5nget eftersom f\u00f6retaget g\u00f6r n\u00e5got som &#8221;gynnar&#8221; landsbygden. Men nu k\u00f6r de digitala reklamkampanjer som utpekar mig som milj\u00f6bov. De uppmanar m\u00e4nniskor att inte k\u00f6pa mina produkter. De har f\u00f6r\u00e4ndrat spelplanen totalt genom att motarbeta min, och m\u00e4ngder med b\u00f6nders, aff\u00e4rsid\u00e9. Det kommer att kosta.<\/p>\n<p>D\u00e4r sitter jag p\u00e5 mitt lilla kontor och studerar kontraktet som reglerar mitt och EONs f\u00f6rehavanden. De ska gr\u00e4va p\u00e5 min mark och har s\u00e4nt mig ett kontrakt vilket ska reglera markintr\u00e5nget. Trots 50-procentiga h\u00f6jningar av eln\u00e4tsavgifterna de senaste \u00e5ren och miljardvinster s\u00e5 betalas det uselt till mark\u00e4garna t\u00e4nker jag. D\u00e5 och d\u00e4r, som av en slump, l\u00e4ser jag DN p\u00e5 n\u00e4tet. I ansiktet p\u00e5 mig dyker en klimatkampanj fr\u00e5n EON upp som enligt mig rakt ut attackerar min verksamhet och alla andra k\u00f6ttproducenters verksamhet.<\/p>\n<h2><\/h2>\n<h2>Frostig aff\u00e4rsrelation<\/h2>\n<p>Klimatkampanjen g\u00e5r bland annat ut p\u00e5 att alla m\u00e5ste \u00e4ta mindre k\u00f6tt och g\u00e4rna flera k\u00f6ttfria dagar i veckan. Om man nu trilskas med att vilja \u00e4ta k\u00f6tt s\u00e5 f\u00f6resl\u00e5r EON att vi \u00e4ter mer f\u00e5gel och fisk i st\u00e4llet f\u00f6r det f\u00f6rhatliga n\u00f6tk\u00f6ttet som hotar jordens existens. <span>\u00a0<\/span>De l\u00e4gger allts\u00e5 stora summor i kampanjer p\u00e5 att motverka k\u00f6ttproducenters m\u00f6jlighet att bo och verka p\u00e5 landet. Deras syn p\u00e5 oss lantbrukare \u00e4r att v\u00e5r produktion \u00e4r n\u00e5got som b\u00f6r stoppas eller \u00e5tminstone begr\u00e4nsas s\u00e5 g\u00e5tt det g\u00e5r. Det kommer bli lite frostigt i v\u00e5r aff\u00e4rsrelation \u00e4r jag r\u00e4dd f\u00f6r nu och troligen kommer fler lantbrukare och bondev\u00e4nner haka p\u00e5. <span>\u00a0<\/span><\/p>\n<p>Jag har kontaktat EON utan vettig \u00e5terkoppling. Som jag ser det nu har de valt att f\u00f6r\u00e4ndra spelplanen i grunden genom attacken p\u00e5 svenskt lantbruk. N\u00e4r flera andra f\u00f6retag st\u00f6ttar svenska lantbrukares idoga arbete s\u00e5 v\u00e4ljer EON allts\u00e5 att g\u00e5 \u00e5t andra h\u00e5llet. Det f\u00e5r de naturligtvis g\u00f6ra. Men det kommer med konsekvenser att \u00e4ndra spelplanen och det r\u00e4cker inte med att skylla p\u00e5 att man r\u00e5dfr\u00e5gat den \u00e4ngsliga storstadsv\u00e4nsterns mediebyr\u00e5er om hur man kan tj\u00e4na mer pengar. <span>\u00a0<\/span><span>\u00a0<\/span><\/p>\n<p>&nbsp;<\/p>\n<h2>De har tv\u00e5 val nu<\/h2>\n<p>Jag lever delvis av vad min g\u00e5rd avkastar och k\u00f6ttproduktion \u00e4r en del av detta. Eftersom jag nu f\u00e5r problem med att s\u00e4lja mina produkter beh\u00f6ver jag ta hem det p\u00e5 \u201dgungorna\u201d. Skador uppkomna p\u00e5 min egendom till f\u00f6ljd av ledning\u00e4garens agerande beh\u00f6ver reglerars. Och en av mina gungor \u00e4r olika typer av arrenden och uppl\u00e5telser. S\u00e5 som den med EON.<\/p>\n<p>EON har nu har tv\u00e5 val<\/p>\n<ol>\n<li>Ers\u00e4tta mig f\u00f6r det inkomstbortfall jag anser mig ha. Jag bed\u00f6mer det till 40\u00a0000 kronor per \u00e5r f\u00f6r all framtid i en eng\u00e5ngsers\u00e4ttning.<\/li>\n<li>G\u00e5 ut i en rikst\u00e4ckande kampanj med budskapet \u201d\u00e4t s\u00e5 mycket k\u00f6tt du vill och g\u00e4rna n\u00f6tk\u00f6tt fr\u00e5n Sveriges alla duktiga k\u00f6ttproducenter.&#8221;<\/li>\n<\/ol>\n<p>Hur andra lantbrukare reagerar och agerar \u00e4r upp till dem. Jag hoppas dock verkligen att alla lantbrukare funderar \u00f6ver sina kontrakt och att EON \u00e5terkommer som de lovat. Jag tycker det \u00e4r skamligt att de f\u00f6rst betalar uselt f\u00f6r intr\u00e5nget och sen bedriver pr-kampanjer som attackerar mitt f\u00f6retag.\u00a0<span>\u00a0<\/span><\/p>\n<p><span>\u00a0<\/span><\/p>\n<figure id=\"attachment_4\" aria-describedby=\"caption-attachment-4\" style=\"width: 1024px\" class=\"wp-caption alignnone\"><img loading=\"lazy\" class=\"size-large wp-image-4\" src=\"https:\/\/blogg.atl.nu\/sodradylta\/wp-content\/uploads\/sites\/33\/2018\/10\/rickard-axdorff-blogg01-1024x234.jpg\" alt=\"\" width=\"1024\" height=\"234\" srcset=\"https:\/\/blogg.atl.nu\/sodradylta\/wp-content\/uploads\/sites\/33\/2018\/10\/rickard-axdorff-blogg01-1024x234.jpg 1024w, https:\/\/blogg.atl.nu\/sodradylta\/wp-content\/uploads\/sites\/33\/2018\/10\/rickard-axdorff-blogg01-300x69.jpg 300w, https:\/\/blogg.atl.nu\/sodradylta\/wp-content\/uploads\/sites\/33\/2018\/10\/rickard-axdorff-blogg01-768x176.jpg 768w, https:\/\/blogg.atl.nu\/sodradylta\/wp-content\/uploads\/sites\/33\/2018\/10\/rickard-axdorff-blogg01.jpg 2048w\" sizes=\"(max-width: 1024px) 100vw, 1024px\" \/><figcaption id=\"caption-attachment-4\" class=\"wp-caption-text\">Jag heter Rickard Axdorff, tack!<\/figcaption><\/figure>\n","protected":false},"excerpt":{"rendered":"<p>Jag har ett mark\u00e4garavtal liggandes om ers\u00e4ttning f\u00f6r markintr\u00e5ng fr\u00e5n EON. De erbjuder mig en mindre summa pengar f\u00f6r att f\u00e5 gr\u00e4va p\u00e5 min mark. Jag kunde tidigare st\u00e5 ut med att de betalar uselt f\u00f6r intr\u00e5nget eftersom f\u00f6retaget g\u00f6r n\u00e5got som &#8221;gynnar&#8221; landsbygden. Men nu k\u00f6r de digitala reklamkampanjer som utpekar mig som milj\u00f6bov&#8230;.<\/p>\n","protected":false},"author":351,"featured_media":788,"comment_status":"open","ping_status":"open","sticky":false,"template":"","format":"standard","meta":[],"categories":[1],"tags":[57,56,7,55],"yoast_head":"<!-- This site is optimized with the Yoast SEO plugin v19.6 - https:\/\/yoast.com\/wordpress\/plugins\/seo\/ -->\n<title>EON attackerar mitt lantbruk - S\u00f6dra Dylta<\/title>\n<meta name=\"robots\" content=\"index, follow, max-snippet:-1, max-image-preview:large, max-video-preview:-1\" \/>\n<link rel=\"canonical\" href=\"https:\/\/blogg.atl.nu\/sodradylta\/2019\/06\/04\/eon-attackerar-svenskt-lantbruk\/\" \/>\n<meta property=\"og:locale\" content=\"sv_SE\" \/>\n<meta property=\"og:type\" content=\"article\" \/>\n<meta property=\"og:title\" content=\"EON attackerar mitt lantbruk - S\u00f6dra Dylta\" \/>\n<meta property=\"og:description\" content=\"Jag har ett mark\u00e4garavtal liggandes om ers\u00e4ttning f\u00f6r markintr\u00e5ng fr\u00e5n EON. De erbjuder mig en mindre summa pengar f\u00f6r att f\u00e5 gr\u00e4va p\u00e5 min mark. Jag kunde tidigare st\u00e5 ut med att de betalar uselt f\u00f6r intr\u00e5nget eftersom f\u00f6retaget g\u00f6r n\u00e5got som &#8221;gynnar&#8221; landsbygden. Men nu k\u00f6r de digitala reklamkampanjer som utpekar mig som milj\u00f6bov....\" \/>\n<meta property=\"og:url\" content=\"https:\/\/blogg.atl.nu\/sodradylta\/2019\/06\/04\/eon-attackerar-svenskt-lantbruk\/\" \/>\n<meta property=\"og:site_name\" content=\"S\u00f6dra Dylta\" \/>\n<meta property=\"article:published_time\" content=\"2019-06-04T06:09:23+00:00\" \/>\n<meta property=\"article:modified_time\" content=\"2019-06-04T06:09:36+00:00\" \/>\n<meta property=\"og:image\" content=\"https:\/\/blogg.atl.nu\/sodradylta\/wp-content\/uploads\/sites\/33\/2019\/06\/Sk\u00e4rmavbild-2019-05-28-kl.-17.49.46-e1559627893967.png\" \/>\n\t<meta property=\"og:image:width\" content=\"1040\" \/>\n\t<meta property=\"og:image:height\" content=\"828\" \/>\n\t<meta property=\"og:image:type\" content=\"image\/png\" \/>\n<meta name=\"author\" content=\"axdorff\" \/>\n<meta name=\"twitter:card\" content=\"summary_large_image\" \/>\n<meta name=\"twitter:creator\" content=\"@twitter.com\/axdorff\" \/>\n<meta name=\"twitter:label1\" content=\"Skriven av\" \/>\n\t<meta name=\"twitter:data1\" content=\"axdorff\" \/>\n\t<meta name=\"twitter:label2\" content=\"Ber\u00e4knad l\u00e4stid\" \/>\n\t<meta name=\"twitter:data2\" content=\"3 minuter\" \/>\n<script type=\"application\/ld+json\" class=\"yoast-schema-graph\">{\"@context\":\"https:\/\/schema.org\",\"@graph\":[{\"@type\":\"WebPage\",\"@id\":\"https:\/\/blogg.atl.nu\/sodradylta\/2019\/06\/04\/eon-attackerar-svenskt-lantbruk\/\",\"url\":\"https:\/\/blogg.atl.nu\/sodradylta\/2019\/06\/04\/eon-attackerar-svenskt-lantbruk\/\",\"name\":\"EON attackerar mitt lantbruk - S\u00f6dra Dylta\",\"isPartOf\":{\"@id\":\"https:\/\/blogg.atl.nu\/sodradylta\/#website\"},\"datePublished\":\"2019-06-04T06:09:23+00:00\",\"dateModified\":\"2019-06-04T06:09:36+00:00\",\"author\":{\"@id\":\"https:\/\/blogg.atl.nu\/sodradylta\/#\/schema\/person\/59a4fd29cbd68a48f24b75a54342d61a\"},\"breadcrumb\":{\"@id\":\"https:\/\/blogg.atl.nu\/sodradylta\/2019\/06\/04\/eon-attackerar-svenskt-lantbruk\/#breadcrumb\"},\"inLanguage\":\"sv-SE\",\"potentialAction\":[{\"@type\":\"ReadAction\",\"target\":[\"https:\/\/blogg.atl.nu\/sodradylta\/2019\/06\/04\/eon-attackerar-svenskt-lantbruk\/\"]}]},{\"@type\":\"BreadcrumbList\",\"@id\":\"https:\/\/blogg.atl.nu\/sodradylta\/2019\/06\/04\/eon-attackerar-svenskt-lantbruk\/#breadcrumb\",\"itemListElement\":[{\"@type\":\"ListItem\",\"position\":1,\"name\":\"Home\",\"item\":\"https:\/\/blogg.atl.nu\/sodradylta\/\"},{\"@type\":\"ListItem\",\"position\":2,\"name\":\"EON attackerar mitt lantbruk\"}]},{\"@type\":\"WebSite\",\"@id\":\"https:\/\/blogg.atl.nu\/sodradylta\/#website\",\"url\":\"https:\/\/blogg.atl.nu\/sodradylta\/\",\"name\":\"S\u00f6dra Dylta\",\"description\":\"Rickard Axdorff\",\"potentialAction\":[{\"@type\":\"SearchAction\",\"target\":{\"@type\":\"EntryPoint\",\"urlTemplate\":\"https:\/\/blogg.atl.nu\/sodradylta\/?s={search_term_string}\"},\"query-input\":\"required name=search_term_string\"}],\"inLanguage\":\"sv-SE\"},{\"@type\":\"Person\",\"@id\":\"https:\/\/blogg.atl.nu\/sodradylta\/#\/schema\/person\/59a4fd29cbd68a48f24b75a54342d61a\",\"name\":\"axdorff\",\"image\":{\"@type\":\"ImageObject\",\"inLanguage\":\"sv-SE\",\"@id\":\"https:\/\/blogg.atl.nu\/sodradylta\/#\/schema\/person\/image\/\",\"url\":\"https:\/\/secure.gravatar.com\/avatar\/a55462fcd070ebf65dd9b95bfe9c5d29?s=96&d=mm&r=g\",\"contentUrl\":\"https:\/\/secure.gravatar.com\/avatar\/a55462fcd070ebf65dd9b95bfe9c5d29?s=96&d=mm&r=g\",\"caption\":\"axdorff\"},\"description\":\"Driver p\u00e5 deltid g\u00e5rden S\u00f6dra Dylta. Utbildad j\u00e4gm\u00e4stare och ekonom. Initiativtagare till projekt Egendomligt, grundare av Naturbrukarna, ledamot i f\u00f6rbundsstyrelsen f\u00f6r J\u00e4garef\u00f6rbundet, skriver f\u00f6r Svenska Nyhetsbyr\u00e5n och lite annat sm\u00e5tt och gott.\",\"sameAs\":[\"https:\/\/twitter.com\/twitter.com\/axdorff\"],\"url\":\"https:\/\/blogg.atl.nu\/sodradylta\/author\/axdorff\/\"}]}<\/script>\n<!-- \/ Yoast SEO plugin. -->","yoast_head_json":{"title":"EON attackerar mitt lantbruk - S\u00f6dra Dylta","robots":{"index":"index","follow":"follow","max-snippet":"max-snippet:-1","max-image-preview":"max-image-preview:large","max-video-preview":"max-video-preview:-1"},"canonical":"https:\/\/blogg.atl.nu\/sodradylta\/2019\/06\/04\/eon-attackerar-svenskt-lantbruk\/","og_locale":"sv_SE","og_type":"article","og_title":"EON attackerar mitt lantbruk - S\u00f6dra Dylta","og_description":"Jag har ett mark\u00e4garavtal liggandes om ers\u00e4ttning f\u00f6r markintr\u00e5ng fr\u00e5n EON. De erbjuder mig en mindre summa pengar f\u00f6r att f\u00e5 gr\u00e4va p\u00e5 min mark. Jag kunde tidigare st\u00e5 ut med att de betalar uselt f\u00f6r intr\u00e5nget eftersom f\u00f6retaget g\u00f6r n\u00e5got som &#8221;gynnar&#8221; landsbygden. Men nu k\u00f6r de digitala reklamkampanjer som utpekar mig som milj\u00f6bov....","og_url":"https:\/\/blogg.atl.nu\/sodradylta\/2019\/06\/04\/eon-attackerar-svenskt-lantbruk\/","og_site_name":"S\u00f6dra Dylta","article_published_time":"2019-06-04T06:09:23+00:00","article_modified_time":"2019-06-04T06:09:36+00:00","og_image":[{"width":1040,"height":828,"url":"https:\/\/blogg.atl.nu\/sodradylta\/wp-content\/uploads\/sites\/33\/2019\/06\/Sk\u00e4rmavbild-2019-05-28-kl.-17.49.46-e1559627893967.png","type":"image\/png"}],"author":"axdorff","twitter_card":"summary_large_image","twitter_creator":"@twitter.com\/axdorff","twitter_misc":{"Skriven av":"axdorff","Ber\u00e4knad l\u00e4stid":"3 minuter"},"schema":{"@context":"https:\/\/schema.org","@graph":[{"@type":"WebPage","@id":"https:\/\/blogg.atl.nu\/sodradylta\/2019\/06\/04\/eon-attackerar-svenskt-lantbruk\/","url":"https:\/\/blogg.atl.nu\/sodradylta\/2019\/06\/04\/eon-attackerar-svenskt-lantbruk\/","name":"EON attackerar mitt lantbruk - S\u00f6dra Dylta","isPartOf":{"@id":"https:\/\/blogg.atl.nu\/sodradylta\/#website"},"datePublished":"2019-06-04T06:09:23+00:00","dateModified":"2019-06-04T06:09:36+00:00","author":{"@id":"https:\/\/blogg.atl.nu\/sodradylta\/#\/schema\/person\/59a4fd29cbd68a48f24b75a54342d61a"},"breadcrumb":{"@id":"https:\/\/blogg.atl.nu\/sodradylta\/2019\/06\/04\/eon-attackerar-svenskt-lantbruk\/#breadcrumb"},"inLanguage":"sv-SE","potentialAction":[{"@type":"ReadAction","target":["https:\/\/blogg.atl.nu\/sodradylta\/2019\/06\/04\/eon-attackerar-svenskt-lantbruk\/"]}]},{"@type":"BreadcrumbList","@id":"https:\/\/blogg.atl.nu\/sodradylta\/2019\/06\/04\/eon-attackerar-svenskt-lantbruk\/#breadcrumb","itemListElement":[{"@type":"ListItem","position":1,"name":"Home","item":"https:\/\/blogg.atl.nu\/sodradylta\/"},{"@type":"ListItem","position":2,"name":"EON attackerar mitt lantbruk"}]},{"@type":"WebSite","@id":"https:\/\/blogg.atl.nu\/sodradylta\/#website","url":"https:\/\/blogg.atl.nu\/sodradylta\/","name":"S\u00f6dra Dylta","description":"Rickard Axdorff","potentialAction":[{"@type":"SearchAction","target":{"@type":"EntryPoint","urlTemplate":"https:\/\/blogg.atl.nu\/sodradylta\/?s={search_term_string}"},"query-input":"required name=search_term_string"}],"inLanguage":"sv-SE"},{"@type":"Person","@id":"https:\/\/blogg.atl.nu\/sodradylta\/#\/schema\/person\/59a4fd29cbd68a48f24b75a54342d61a","name":"axdorff","image":{"@type":"ImageObject","inLanguage":"sv-SE","@id":"https:\/\/blogg.atl.nu\/sodradylta\/#\/schema\/person\/image\/","url":"https:\/\/secure.gravatar.com\/avatar\/a55462fcd070ebf65dd9b95bfe9c5d29?s=96&d=mm&r=g","contentUrl":"https:\/\/secure.gravatar.com\/avatar\/a55462fcd070ebf65dd9b95bfe9c5d29?s=96&d=mm&r=g","caption":"axdorff"},"description":"Driver p\u00e5 deltid g\u00e5rden S\u00f6dra Dylta. Utbildad j\u00e4gm\u00e4stare och ekonom. Initiativtagare till projekt Egendomligt, grundare av Naturbrukarna, ledamot i f\u00f6rbundsstyrelsen f\u00f6r J\u00e4garef\u00f6rbundet, skriver f\u00f6r Svenska Nyhetsbyr\u00e5n och lite annat sm\u00e5tt och gott.","sameAs":["https:\/\/twitter.com\/twitter.com\/axdorff"],"url":"https:\/\/blogg.atl.nu\/sodradylta\/author\/axdorff\/"}]}},"_links":{"self":[{"href":"https:\/\/blogg.atl.nu\/sodradylta\/wp-json\/wp\/v2\/posts\/785"}],"collection":[{"href":"https:\/\/blogg.atl.nu\/sodradylta\/wp-json\/wp\/v2\/posts"}],"about":[{"href":"https:\/\/blogg.atl.nu\/sodradylta\/wp-json\/wp\/v2\/types\/post"}],"author":[{"embeddable":true,"href":"https:\/\/blogg.atl.nu\/sodradylta\/wp-json\/wp\/v2\/users\/351"}],"replies":[{"embeddable":true,"href":"https:\/\/blogg.atl.nu\/sodradylta\/wp-json\/wp\/v2\/comments?post=785"}],"version-history":[{"count":7,"href":"https:\/\/blogg.atl.nu\/sodradylta\/wp-json\/wp\/v2\/posts\/785\/revisions"}],"predecessor-version":[{"id":793,"href":"https:\/\/blogg.atl.nu\/sodradylta\/wp-json\/wp\/v2\/posts\/785\/revisions\/793"}],"wp:featuredmedia":[{"embeddable":true,"href":"https:\/\/blogg.atl.nu\/sodradylta\/wp-json\/wp\/v2\/media\/788"}],"wp:attachment":[{"href":"https:\/\/blogg.atl.nu\/sodradylta\/wp-json\/wp\/v2\/media?parent=785"}],"wp:term":[{"taxonomy":"category","embeddable":true,"href":"https:\/\/blogg.atl.nu\/sodradylta\/wp-json\/wp\/v2\/categories?post=785"},{"taxonomy":"post_tag","embeddable":true,"href":"https:\/\/blogg.atl.nu\/sodradylta\/wp-json\/wp\/v2\/tags?post=785"}],"curies":[{"name":"wp","href":"https:\/\/api.w.org\/{rel}","templated":true}]}}