{"id":794,"date":"2019-06-07T16:04:36","date_gmt":"2019-06-07T14:04:36","guid":{"rendered":"https:\/\/blogg.atl.nu\/sodradylta\/?p=794"},"modified":"2019-06-07T16:32:29","modified_gmt":"2019-06-07T14:32:29","slug":"eon-vi-gjorde-fel","status":"publish","type":"post","link":"https:\/\/blogg.atl.nu\/sodradylta\/2019\/06\/07\/eon-vi-gjorde-fel\/","title":{"rendered":"EON backar och backar svenska b\u00f6nder!"},"content":{"rendered":"<p>Efter mitt senast blogginl\u00e4gg meddelar EON mig nu att det \u00e4r skillnad p\u00e5 k\u00f6tt och k\u00f6tt och drar d\u00e4rf\u00f6r tillbaka hela sin kampanj i vilken de uppmanade alla att \u00e4ta mindre n\u00f6tk\u00f6tt. Samtidigt \u00f6ppnar de upp f\u00f6r att tillsammans med svenskt lantbruk gemensamt se \u00f6ver ers\u00e4ttningarna f\u00f6r markingtr\u00e5ng. <span>\u00a0<\/span><\/p>\n<h2>Livet p\u00e5 landet<\/h2>\n<p>N\u00e4r jag stod i verkstaden och k\u00f6rde med vinkelslipen kom min k\u00e4ra fru och petade p\u00e5 mig med en stav i rumpan. Det \u00e4r n\u00e5gon fr\u00e5n EON som s\u00f6ker dig p\u00e5 fasta telefonen sa hon. Killen som ringde var en h\u00f6g chef p\u00e5 EON Eldistribution AB och vi hade ett mycket givande och hyggligt fram\u00e5tsiktande samtal. <span>\u00a0<\/span><\/p>\n<h2>Kund- och producentp\u00e5verkan<\/h2>\n<p>Essensen av mitt tidigare blogginl\u00e4gg var att EON sj\u00e4lva skrivit om spelplanen f\u00f6r ers\u00e4ttning till mark\u00e4gare f\u00f6r markintr\u00e5ng eftersom de genom en reklamkampanj motarbetar mitt och alla andra svenska lantbruk. Jag p\u00e5talade i inl\u00e4gget att de hade tv\u00e5 val. Antingen f\u00e5r de betala avsev\u00e4rt mycket mer i markers\u00e4ttning eller s\u00e5 f\u00e5r de g\u00e5 ut med en dementi p\u00e5 tidigare kampanj. Blogginl\u00e4gget ber\u00f6rde och uppr\u00f6rde s\u00e5v\u00e4l b\u00f6nder som k\u00f6tt\u00e4tare. Det delades och l\u00e4stes i massor p\u00e5 ett n\u00e4rmast kampanjliknande s\u00e4tt.<\/p>\n<h2>Gl\u00e4djande besked<\/h2>\n<p>Eftersom s\u00e5 m\u00e5nga nu har uppm\u00e4rksammat EON p\u00e5 att det blev lite fel s\u00e5 har de dragit tillbaka sin kampanj i samtliga medier vilket naturligtvis \u00e4r gl\u00e4djande \u00e4ven om stor skada redan \u00e4r skedd. De kommer dessutom fundera \u00f6ver hur en ny kampanj kan utformas. Under samtalet diskuterade vi \u00e4ven den ers\u00e4ttning som EON \u201derbjuder\u201d oss mark\u00e4gare. Den ligger p\u00e5 en mycket l\u00e5g niv\u00e5 och om man verkligen vill vara ett f\u00f6retag som st\u00f6ttar svenskt lantbruk \u00e4r en h\u00f6jning av ers\u00e4ttningen ett steg i r\u00e4tt riktning. Regleringen av ers\u00e4ttningen, om man nu verkligen menar allvar med att man vill st\u00f6tta svenska lantbruk, kommer i s\u00e5dant fall bli ett trepartssamtal mellan EON, mark\u00e4garna och staten.<\/p>\n<p>Det hedrar EON att de hanterat en avvikelse i arbetet p\u00e5 ett bra s\u00e4tt. S\u00e5 nu n\u00e4r n\u00e4stan alla \u00e4r p\u00e5 bana tycker jag att vi st\u00f6ttar v\u00e5ra b\u00f6nder och \u00e4ter svenskt k\u00f6tt av den enkla anledningen att vi d\u00e5 vet vad vi f\u00e5r p\u00e5 v\u00e5ra tallrikar.<\/p>\n<p><img loading=\"lazy\" class=\"size-large wp-image-4\" src=\"https:\/\/blogg.atl.nu\/sodradylta\/wp-content\/uploads\/sites\/33\/2018\/10\/rickard-axdorff-blogg01-1024x234.jpg\" alt=\"\" width=\"1024\" height=\"234\" srcset=\"https:\/\/blogg.atl.nu\/sodradylta\/wp-content\/uploads\/sites\/33\/2018\/10\/rickard-axdorff-blogg01-1024x234.jpg 1024w, https:\/\/blogg.atl.nu\/sodradylta\/wp-content\/uploads\/sites\/33\/2018\/10\/rickard-axdorff-blogg01-300x69.jpg 300w, https:\/\/blogg.atl.nu\/sodradylta\/wp-content\/uploads\/sites\/33\/2018\/10\/rickard-axdorff-blogg01-768x176.jpg 768w, https:\/\/blogg.atl.nu\/sodradylta\/wp-content\/uploads\/sites\/33\/2018\/10\/rickard-axdorff-blogg01.jpg 2048w\" sizes=\"(max-width: 1024px) 100vw, 1024px\" \/><\/p>\n<p><span>\u00a0<\/span><\/p>\n","protected":false},"excerpt":{"rendered":"<p>Efter mitt senast blogginl\u00e4gg meddelar EON mig nu att det \u00e4r skillnad p\u00e5 k\u00f6tt och k\u00f6tt och drar d\u00e4rf\u00f6r tillbaka hela sin kampanj i vilken de uppmanade alla att \u00e4ta mindre n\u00f6tk\u00f6tt. Samtidigt \u00f6ppnar de upp f\u00f6r att tillsammans med svenskt lantbruk gemensamt se \u00f6ver ers\u00e4ttningarna f\u00f6r markingtr\u00e5ng. \u00a0 Livet p\u00e5 landet N\u00e4r jag stod&#8230;<\/p>\n","protected":false},"author":351,"featured_media":797,"comment_status":"open","ping_status":"open","sticky":false,"template":"","format":"standard","meta":[],"categories":[1],"tags":[],"yoast_head":"<!-- This site is optimized with the Yoast SEO plugin v19.6 - https:\/\/yoast.com\/wordpress\/plugins\/seo\/ -->\n<title>EON backar och backar svenska b\u00f6nder! - S\u00f6dra Dylta<\/title>\n<meta name=\"robots\" content=\"index, follow, max-snippet:-1, max-image-preview:large, max-video-preview:-1\" \/>\n<link rel=\"canonical\" href=\"https:\/\/blogg.atl.nu\/sodradylta\/2019\/06\/07\/eon-vi-gjorde-fel\/\" \/>\n<meta property=\"og:locale\" content=\"sv_SE\" \/>\n<meta property=\"og:type\" content=\"article\" \/>\n<meta property=\"og:title\" content=\"EON backar och backar svenska b\u00f6nder! - S\u00f6dra Dylta\" \/>\n<meta property=\"og:description\" content=\"Efter mitt senast blogginl\u00e4gg meddelar EON mig nu att det \u00e4r skillnad p\u00e5 k\u00f6tt och k\u00f6tt och drar d\u00e4rf\u00f6r tillbaka hela sin kampanj i vilken de uppmanade alla att \u00e4ta mindre n\u00f6tk\u00f6tt. Samtidigt \u00f6ppnar de upp f\u00f6r att tillsammans med svenskt lantbruk gemensamt se \u00f6ver ers\u00e4ttningarna f\u00f6r markingtr\u00e5ng. \u00a0 Livet p\u00e5 landet N\u00e4r jag stod...\" \/>\n<meta property=\"og:url\" content=\"https:\/\/blogg.atl.nu\/sodradylta\/2019\/06\/07\/eon-vi-gjorde-fel\/\" \/>\n<meta property=\"og:site_name\" content=\"S\u00f6dra Dylta\" \/>\n<meta property=\"article:published_time\" content=\"2019-06-07T14:04:36+00:00\" \/>\n<meta property=\"article:modified_time\" content=\"2019-06-07T14:32:29+00:00\" \/>\n<meta property=\"og:image\" content=\"https:\/\/blogg.atl.nu\/sodradylta\/wp-content\/uploads\/sites\/33\/2019\/06\/El-e1559915804724.jpg\" \/>\n\t<meta property=\"og:image:width\" content=\"1040\" \/>\n\t<meta property=\"og:image:height\" content=\"583\" \/>\n\t<meta property=\"og:image:type\" content=\"image\/jpeg\" \/>\n<meta name=\"author\" content=\"axdorff\" \/>\n<meta name=\"twitter:card\" content=\"summary_large_image\" \/>\n<meta name=\"twitter:creator\" content=\"@twitter.com\/axdorff\" \/>\n<meta name=\"twitter:label1\" content=\"Skriven av\" \/>\n\t<meta name=\"twitter:data1\" content=\"axdorff\" \/>\n\t<meta name=\"twitter:label2\" content=\"Ber\u00e4knad l\u00e4stid\" \/>\n\t<meta name=\"twitter:data2\" content=\"2 minuter\" \/>\n<script type=\"application\/ld+json\" class=\"yoast-schema-graph\">{\"@context\":\"https:\/\/schema.org\",\"@graph\":[{\"@type\":\"WebPage\",\"@id\":\"https:\/\/blogg.atl.nu\/sodradylta\/2019\/06\/07\/eon-vi-gjorde-fel\/\",\"url\":\"https:\/\/blogg.atl.nu\/sodradylta\/2019\/06\/07\/eon-vi-gjorde-fel\/\",\"name\":\"EON backar och backar svenska b\u00f6nder! - S\u00f6dra Dylta\",\"isPartOf\":{\"@id\":\"https:\/\/blogg.atl.nu\/sodradylta\/#website\"},\"datePublished\":\"2019-06-07T14:04:36+00:00\",\"dateModified\":\"2019-06-07T14:32:29+00:00\",\"author\":{\"@id\":\"https:\/\/blogg.atl.nu\/sodradylta\/#\/schema\/person\/59a4fd29cbd68a48f24b75a54342d61a\"},\"breadcrumb\":{\"@id\":\"https:\/\/blogg.atl.nu\/sodradylta\/2019\/06\/07\/eon-vi-gjorde-fel\/#breadcrumb\"},\"inLanguage\":\"sv-SE\",\"potentialAction\":[{\"@type\":\"ReadAction\",\"target\":[\"https:\/\/blogg.atl.nu\/sodradylta\/2019\/06\/07\/eon-vi-gjorde-fel\/\"]}]},{\"@type\":\"BreadcrumbList\",\"@id\":\"https:\/\/blogg.atl.nu\/sodradylta\/2019\/06\/07\/eon-vi-gjorde-fel\/#breadcrumb\",\"itemListElement\":[{\"@type\":\"ListItem\",\"position\":1,\"name\":\"Home\",\"item\":\"https:\/\/blogg.atl.nu\/sodradylta\/\"},{\"@type\":\"ListItem\",\"position\":2,\"name\":\"EON backar och backar svenska b\u00f6nder!\"}]},{\"@type\":\"WebSite\",\"@id\":\"https:\/\/blogg.atl.nu\/sodradylta\/#website\",\"url\":\"https:\/\/blogg.atl.nu\/sodradylta\/\",\"name\":\"S\u00f6dra Dylta\",\"description\":\"Rickard Axdorff\",\"potentialAction\":[{\"@type\":\"SearchAction\",\"target\":{\"@type\":\"EntryPoint\",\"urlTemplate\":\"https:\/\/blogg.atl.nu\/sodradylta\/?s={search_term_string}\"},\"query-input\":\"required name=search_term_string\"}],\"inLanguage\":\"sv-SE\"},{\"@type\":\"Person\",\"@id\":\"https:\/\/blogg.atl.nu\/sodradylta\/#\/schema\/person\/59a4fd29cbd68a48f24b75a54342d61a\",\"name\":\"axdorff\",\"image\":{\"@type\":\"ImageObject\",\"inLanguage\":\"sv-SE\",\"@id\":\"https:\/\/blogg.atl.nu\/sodradylta\/#\/schema\/person\/image\/\",\"url\":\"https:\/\/secure.gravatar.com\/avatar\/a55462fcd070ebf65dd9b95bfe9c5d29?s=96&d=mm&r=g\",\"contentUrl\":\"https:\/\/secure.gravatar.com\/avatar\/a55462fcd070ebf65dd9b95bfe9c5d29?s=96&d=mm&r=g\",\"caption\":\"axdorff\"},\"description\":\"Driver p\u00e5 deltid g\u00e5rden S\u00f6dra Dylta. Utbildad j\u00e4gm\u00e4stare och ekonom. Initiativtagare till projekt Egendomligt, grundare av Naturbrukarna, ledamot i f\u00f6rbundsstyrelsen f\u00f6r J\u00e4garef\u00f6rbundet, skriver f\u00f6r Svenska Nyhetsbyr\u00e5n och lite annat sm\u00e5tt och gott.\",\"sameAs\":[\"https:\/\/twitter.com\/twitter.com\/axdorff\"],\"url\":\"https:\/\/blogg.atl.nu\/sodradylta\/author\/axdorff\/\"}]}<\/script>\n<!-- \/ Yoast SEO plugin. -->","yoast_head_json":{"title":"EON backar och backar svenska b\u00f6nder! - S\u00f6dra Dylta","robots":{"index":"index","follow":"follow","max-snippet":"max-snippet:-1","max-image-preview":"max-image-preview:large","max-video-preview":"max-video-preview:-1"},"canonical":"https:\/\/blogg.atl.nu\/sodradylta\/2019\/06\/07\/eon-vi-gjorde-fel\/","og_locale":"sv_SE","og_type":"article","og_title":"EON backar och backar svenska b\u00f6nder! - S\u00f6dra Dylta","og_description":"Efter mitt senast blogginl\u00e4gg meddelar EON mig nu att det \u00e4r skillnad p\u00e5 k\u00f6tt och k\u00f6tt och drar d\u00e4rf\u00f6r tillbaka hela sin kampanj i vilken de uppmanade alla att \u00e4ta mindre n\u00f6tk\u00f6tt. Samtidigt \u00f6ppnar de upp f\u00f6r att tillsammans med svenskt lantbruk gemensamt se \u00f6ver ers\u00e4ttningarna f\u00f6r markingtr\u00e5ng. \u00a0 Livet p\u00e5 landet N\u00e4r jag stod...","og_url":"https:\/\/blogg.atl.nu\/sodradylta\/2019\/06\/07\/eon-vi-gjorde-fel\/","og_site_name":"S\u00f6dra Dylta","article_published_time":"2019-06-07T14:04:36+00:00","article_modified_time":"2019-06-07T14:32:29+00:00","og_image":[{"width":1040,"height":583,"url":"https:\/\/blogg.atl.nu\/sodradylta\/wp-content\/uploads\/sites\/33\/2019\/06\/El-e1559915804724.jpg","type":"image\/jpeg"}],"author":"axdorff","twitter_card":"summary_large_image","twitter_creator":"@twitter.com\/axdorff","twitter_misc":{"Skriven av":"axdorff","Ber\u00e4knad l\u00e4stid":"2 minuter"},"schema":{"@context":"https:\/\/schema.org","@graph":[{"@type":"WebPage","@id":"https:\/\/blogg.atl.nu\/sodradylta\/2019\/06\/07\/eon-vi-gjorde-fel\/","url":"https:\/\/blogg.atl.nu\/sodradylta\/2019\/06\/07\/eon-vi-gjorde-fel\/","name":"EON backar och backar svenska b\u00f6nder! - S\u00f6dra Dylta","isPartOf":{"@id":"https:\/\/blogg.atl.nu\/sodradylta\/#website"},"datePublished":"2019-06-07T14:04:36+00:00","dateModified":"2019-06-07T14:32:29+00:00","author":{"@id":"https:\/\/blogg.atl.nu\/sodradylta\/#\/schema\/person\/59a4fd29cbd68a48f24b75a54342d61a"},"breadcrumb":{"@id":"https:\/\/blogg.atl.nu\/sodradylta\/2019\/06\/07\/eon-vi-gjorde-fel\/#breadcrumb"},"inLanguage":"sv-SE","potentialAction":[{"@type":"ReadAction","target":["https:\/\/blogg.atl.nu\/sodradylta\/2019\/06\/07\/eon-vi-gjorde-fel\/"]}]},{"@type":"BreadcrumbList","@id":"https:\/\/blogg.atl.nu\/sodradylta\/2019\/06\/07\/eon-vi-gjorde-fel\/#breadcrumb","itemListElement":[{"@type":"ListItem","position":1,"name":"Home","item":"https:\/\/blogg.atl.nu\/sodradylta\/"},{"@type":"ListItem","position":2,"name":"EON backar och backar svenska b\u00f6nder!"}]},{"@type":"WebSite","@id":"https:\/\/blogg.atl.nu\/sodradylta\/#website","url":"https:\/\/blogg.atl.nu\/sodradylta\/","name":"S\u00f6dra Dylta","description":"Rickard Axdorff","potentialAction":[{"@type":"SearchAction","target":{"@type":"EntryPoint","urlTemplate":"https:\/\/blogg.atl.nu\/sodradylta\/?s={search_term_string}"},"query-input":"required name=search_term_string"}],"inLanguage":"sv-SE"},{"@type":"Person","@id":"https:\/\/blogg.atl.nu\/sodradylta\/#\/schema\/person\/59a4fd29cbd68a48f24b75a54342d61a","name":"axdorff","image":{"@type":"ImageObject","inLanguage":"sv-SE","@id":"https:\/\/blogg.atl.nu\/sodradylta\/#\/schema\/person\/image\/","url":"https:\/\/secure.gravatar.com\/avatar\/a55462fcd070ebf65dd9b95bfe9c5d29?s=96&d=mm&r=g","contentUrl":"https:\/\/secure.gravatar.com\/avatar\/a55462fcd070ebf65dd9b95bfe9c5d29?s=96&d=mm&r=g","caption":"axdorff"},"description":"Driver p\u00e5 deltid g\u00e5rden S\u00f6dra Dylta. Utbildad j\u00e4gm\u00e4stare och ekonom. Initiativtagare till projekt Egendomligt, grundare av Naturbrukarna, ledamot i f\u00f6rbundsstyrelsen f\u00f6r J\u00e4garef\u00f6rbundet, skriver f\u00f6r Svenska Nyhetsbyr\u00e5n och lite annat sm\u00e5tt och gott.","sameAs":["https:\/\/twitter.com\/twitter.com\/axdorff"],"url":"https:\/\/blogg.atl.nu\/sodradylta\/author\/axdorff\/"}]}},"_links":{"self":[{"href":"https:\/\/blogg.atl.nu\/sodradylta\/wp-json\/wp\/v2\/posts\/794"}],"collection":[{"href":"https:\/\/blogg.atl.nu\/sodradylta\/wp-json\/wp\/v2\/posts"}],"about":[{"href":"https:\/\/blogg.atl.nu\/sodradylta\/wp-json\/wp\/v2\/types\/post"}],"author":[{"embeddable":true,"href":"https:\/\/blogg.atl.nu\/sodradylta\/wp-json\/wp\/v2\/users\/351"}],"replies":[{"embeddable":true,"href":"https:\/\/blogg.atl.nu\/sodradylta\/wp-json\/wp\/v2\/comments?post=794"}],"version-history":[{"count":8,"href":"https:\/\/blogg.atl.nu\/sodradylta\/wp-json\/wp\/v2\/posts\/794\/revisions"}],"predecessor-version":[{"id":803,"href":"https:\/\/blogg.atl.nu\/sodradylta\/wp-json\/wp\/v2\/posts\/794\/revisions\/803"}],"wp:featuredmedia":[{"embeddable":true,"href":"https:\/\/blogg.atl.nu\/sodradylta\/wp-json\/wp\/v2\/media\/797"}],"wp:attachment":[{"href":"https:\/\/blogg.atl.nu\/sodradylta\/wp-json\/wp\/v2\/media?parent=794"}],"wp:term":[{"taxonomy":"category","embeddable":true,"href":"https:\/\/blogg.atl.nu\/sodradylta\/wp-json\/wp\/v2\/categories?post=794"},{"taxonomy":"post_tag","embeddable":true,"href":"https:\/\/blogg.atl.nu\/sodradylta\/wp-json\/wp\/v2\/tags?post=794"}],"curies":[{"name":"wp","href":"https:\/\/api.w.org\/{rel}","templated":true}]}}