{"id":81,"date":"2018-11-12T09:50:52","date_gmt":"2018-11-12T08:50:52","guid":{"rendered":"https:\/\/blogg.atl.nu\/sodradylta\/?p=81"},"modified":"2018-11-13T11:44:36","modified_gmt":"2018-11-13T10:44:36","slug":"var-bor-jultomten","status":"publish","type":"post","link":"https:\/\/blogg.atl.nu\/sodradylta\/2018\/11\/12\/var-bor-jultomten\/","title":{"rendered":"Var bor jultomten?"},"content":{"rendered":"<p>Ibland \u00e4r det folkvandring ut p\u00e5 landet. I helgen var det en s\u00e5dan helg i min del av v\u00e4rlden. Det n\u00e4rmar sig jul och d\u00e5 \u00e4r det julmarknadernas tid.<\/p>\n<p><img loading=\"lazy\" class=\"alignnone wp-image-83 size-large\" src=\"https:\/\/blogg.atl.nu\/sodradylta\/wp-content\/uploads\/sites\/33\/2018\/11\/IMG_7025-1024x768.jpg\" alt=\"\" width=\"1024\" height=\"768\" srcset=\"https:\/\/blogg.atl.nu\/sodradylta\/wp-content\/uploads\/sites\/33\/2018\/11\/IMG_7025-1024x768.jpg 1024w, https:\/\/blogg.atl.nu\/sodradylta\/wp-content\/uploads\/sites\/33\/2018\/11\/IMG_7025-300x225.jpg 300w, https:\/\/blogg.atl.nu\/sodradylta\/wp-content\/uploads\/sites\/33\/2018\/11\/IMG_7025-768x576.jpg 768w, https:\/\/blogg.atl.nu\/sodradylta\/wp-content\/uploads\/sites\/33\/2018\/11\/IMG_7025.jpg 2048w\" sizes=\"(max-width: 1024px) 100vw, 1024px\" \/><\/p>\n<p>Jag bor granne med en anrikt gammal herrg\u00e5rd, Dylta Bruk, eller om de bor granne med mig? Som liten yngling jobbade jag d\u00e4r och blev med tiden god v\u00e4n med dess d\u00e5varande \u00e4gare, j\u00e4gm\u00e4stare Carl-Gustaf \u00c5kerhielm. Jag mins bland annat hur jag som dr\u00e4ng p\u00e5 g\u00e5rden blev inkallad till brukskontoret f\u00f6r att i 45 minuter lyssna till \u00c5kerhielms telefonsamtal. N\u00e4r samtalet var \u00f6ver sade han &#8211; d\u00e5 har du h\u00f6rt hur man \u00f6vertalar en politiker Rickard, nu kan du forts\u00e4tta med dins sysslor.<\/p>\n<p><img loading=\"lazy\" class=\"alignnone wp-image-82 size-large\" src=\"https:\/\/blogg.atl.nu\/sodradylta\/wp-content\/uploads\/sites\/33\/2018\/11\/IMG_7024-1024x768.jpg\" alt=\"\" width=\"1024\" height=\"768\" srcset=\"https:\/\/blogg.atl.nu\/sodradylta\/wp-content\/uploads\/sites\/33\/2018\/11\/IMG_7024-1024x768.jpg 1024w, https:\/\/blogg.atl.nu\/sodradylta\/wp-content\/uploads\/sites\/33\/2018\/11\/IMG_7024-300x225.jpg 300w, https:\/\/blogg.atl.nu\/sodradylta\/wp-content\/uploads\/sites\/33\/2018\/11\/IMG_7024-768x576.jpg 768w, https:\/\/blogg.atl.nu\/sodradylta\/wp-content\/uploads\/sites\/33\/2018\/11\/IMG_7024.jpg 2048w\" sizes=\"(max-width: 1024px) 100vw, 1024px\" \/><\/p>\n<h2><\/h2>\n<h2>Julmarknad<\/h2>\n<p>N\u00e5v\u00e4l. Dylta Bruk har nya \u00e4gare i form av systersonen till \u00c5kerhielm, som \u00e4ven de har blivit goda v\u00e4nner, och de har denna helg bjudit p\u00e5 en fantastisk julmarknad. V\u00e5r lilla del av v\u00e4rlden har f\u00e5tt massor av bes\u00f6kare. De har f\u00e5tt uppleva frisk luft, vacker natur, \u00f6ppna landskap, ljus, m\u00f6rker, djur och natur allt i en vacker milj\u00f6. S\u00e5dant som vi har p\u00e5 landet. <span>\u00a0<\/span>M\u00e4ngder av utst\u00e4llare s\u00e5lde produkter vilka n\u00e4sta alla \u00e4r producerade p\u00e5 landsbygden och fr\u00e5n v\u00e5r g\u00e5rd kunde man k\u00f6pa lammskinn hos en av utst\u00e4llarna.<\/p>\n<figure id=\"attachment_84\" aria-describedby=\"caption-attachment-84\" style=\"width: 768px\" class=\"wp-caption alignleft\"><img loading=\"lazy\" class=\"wp-image-84 size-large\" src=\"https:\/\/blogg.atl.nu\/sodradylta\/wp-content\/uploads\/sites\/33\/2018\/11\/IMG_7036-e1542012123860-768x1024.jpg\" alt=\"\" width=\"768\" height=\"1024\" srcset=\"https:\/\/blogg.atl.nu\/sodradylta\/wp-content\/uploads\/sites\/33\/2018\/11\/IMG_7036-e1542012123860-768x1024.jpg 768w, https:\/\/blogg.atl.nu\/sodradylta\/wp-content\/uploads\/sites\/33\/2018\/11\/IMG_7036-e1542012123860-225x300.jpg 225w, https:\/\/blogg.atl.nu\/sodradylta\/wp-content\/uploads\/sites\/33\/2018\/11\/IMG_7036-e1542012123860.jpg 1536w\" sizes=\"(max-width: 768px) 100vw, 768px\" \/><figcaption id=\"caption-attachment-84\" class=\"wp-caption-text\">Axel och Christine Roos, nya \u00e4gare av Dylta Bruk.<\/figcaption><\/figure>\n<p>&nbsp;<\/p>\n<p>Det \u00e4r viktigt att vi lantisar och landsbygdsf\u00f6retagare oftare hj\u00e4lps \u00e5t att locka fler m\u00e4nniskor ut till landsbygden. Om vi inte klarar av att visa upp allt fantastiskt som finns p\u00e5 landsbygden \u00e5ret om kommer vi f\u00e5 \u00e4n sv\u00e5rare att h\u00e4vda v\u00e5r sj\u00e4lvklara del av samh\u00e4llskontraktet. <span>\u00a0<\/span><\/p>\n<p>&nbsp;<\/p>\n<p>Och kom ih\u00e5g nu alla barn och alla ni andra att vara st\u00f6tta landsbygden f\u00f6r d\u00e4r bor n\u00e4mligen jultomten. Annars, no santa for you!<\/p>\n<p>&nbsp;<\/p>\n<p><img loading=\"lazy\" class=\"alignnone wp-image-4 size-large\" src=\"https:\/\/blogg.atl.nu\/sodradylta\/wp-content\/uploads\/sites\/33\/2018\/10\/rickard-axdorff-blogg01-1024x234.jpg\" alt=\"\" width=\"1024\" height=\"234\" srcset=\"https:\/\/blogg.atl.nu\/sodradylta\/wp-content\/uploads\/sites\/33\/2018\/10\/rickard-axdorff-blogg01-1024x234.jpg 1024w, https:\/\/blogg.atl.nu\/sodradylta\/wp-content\/uploads\/sites\/33\/2018\/10\/rickard-axdorff-blogg01-300x69.jpg 300w, https:\/\/blogg.atl.nu\/sodradylta\/wp-content\/uploads\/sites\/33\/2018\/10\/rickard-axdorff-blogg01-768x176.jpg 768w, https:\/\/blogg.atl.nu\/sodradylta\/wp-content\/uploads\/sites\/33\/2018\/10\/rickard-axdorff-blogg01.jpg 2048w\" sizes=\"(max-width: 1024px) 100vw, 1024px\" \/><\/p>\n<p>Jag heter Rickard Axdorff, tack!<\/p>\n<p>twitter.com\/axdorff<\/p>\n","protected":false},"excerpt":{"rendered":"<p>Ibland \u00e4r det folkvandring ut p\u00e5 landet. I helgen var det en s\u00e5dan helg i min del av v\u00e4rlden. Det n\u00e4rmar sig jul och d\u00e5 \u00e4r det julmarknadernas tid. Jag bor granne med en anrikt gammal herrg\u00e5rd, Dylta Bruk, eller om de bor granne med mig? Som liten yngling jobbade jag d\u00e4r och blev med&#8230;<\/p>\n","protected":false},"author":351,"featured_media":103,"comment_status":"open","ping_status":"open","sticky":false,"template":"","format":"standard","meta":[],"categories":[1],"tags":[7,8,6],"yoast_head":"<!-- This site is optimized with the Yoast SEO plugin v19.6 - https:\/\/yoast.com\/wordpress\/plugins\/seo\/ -->\n<title>Var bor jultomten? - S\u00f6dra Dylta<\/title>\n<meta name=\"robots\" content=\"index, follow, max-snippet:-1, max-image-preview:large, max-video-preview:-1\" \/>\n<link rel=\"canonical\" href=\"https:\/\/blogg.atl.nu\/sodradylta\/2018\/11\/12\/var-bor-jultomten\/\" \/>\n<meta property=\"og:locale\" content=\"sv_SE\" \/>\n<meta property=\"og:type\" content=\"article\" \/>\n<meta property=\"og:title\" content=\"Var bor jultomten? - S\u00f6dra Dylta\" \/>\n<meta property=\"og:description\" content=\"Ibland \u00e4r det folkvandring ut p\u00e5 landet. I helgen var det en s\u00e5dan helg i min del av v\u00e4rlden. Det n\u00e4rmar sig jul och d\u00e5 \u00e4r det julmarknadernas tid. Jag bor granne med en anrikt gammal herrg\u00e5rd, Dylta Bruk, eller om de bor granne med mig? Som liten yngling jobbade jag d\u00e4r och blev med...\" \/>\n<meta property=\"og:url\" content=\"https:\/\/blogg.atl.nu\/sodradylta\/2018\/11\/12\/var-bor-jultomten\/\" \/>\n<meta property=\"og:site_name\" content=\"S\u00f6dra Dylta\" \/>\n<meta property=\"article:published_time\" content=\"2018-11-12T08:50:52+00:00\" \/>\n<meta property=\"article:modified_time\" content=\"2018-11-13T10:44:36+00:00\" \/>\n<meta property=\"og:image\" content=\"https:\/\/blogg.atl.nu\/sodradylta\/wp-content\/uploads\/sites\/33\/2018\/11\/IMG_7031-1-e1542105833823.jpg\" \/>\n\t<meta property=\"og:image:width\" content=\"1024\" \/>\n\t<meta property=\"og:image:height\" content=\"768\" \/>\n\t<meta property=\"og:image:type\" content=\"image\/jpeg\" \/>\n<meta name=\"author\" content=\"axdorff\" \/>\n<meta name=\"twitter:card\" content=\"summary_large_image\" \/>\n<meta name=\"twitter:creator\" content=\"@twitter.com\/axdorff\" \/>\n<meta name=\"twitter:label1\" content=\"Skriven av\" \/>\n\t<meta name=\"twitter:data1\" content=\"axdorff\" \/>\n\t<meta name=\"twitter:label2\" content=\"Ber\u00e4knad l\u00e4stid\" \/>\n\t<meta name=\"twitter:data2\" content=\"2 minuter\" \/>\n<script type=\"application\/ld+json\" class=\"yoast-schema-graph\">{\"@context\":\"https:\/\/schema.org\",\"@graph\":[{\"@type\":\"WebPage\",\"@id\":\"https:\/\/blogg.atl.nu\/sodradylta\/2018\/11\/12\/var-bor-jultomten\/\",\"url\":\"https:\/\/blogg.atl.nu\/sodradylta\/2018\/11\/12\/var-bor-jultomten\/\",\"name\":\"Var bor jultomten? - S\u00f6dra Dylta\",\"isPartOf\":{\"@id\":\"https:\/\/blogg.atl.nu\/sodradylta\/#website\"},\"datePublished\":\"2018-11-12T08:50:52+00:00\",\"dateModified\":\"2018-11-13T10:44:36+00:00\",\"author\":{\"@id\":\"https:\/\/blogg.atl.nu\/sodradylta\/#\/schema\/person\/59a4fd29cbd68a48f24b75a54342d61a\"},\"breadcrumb\":{\"@id\":\"https:\/\/blogg.atl.nu\/sodradylta\/2018\/11\/12\/var-bor-jultomten\/#breadcrumb\"},\"inLanguage\":\"sv-SE\",\"potentialAction\":[{\"@type\":\"ReadAction\",\"target\":[\"https:\/\/blogg.atl.nu\/sodradylta\/2018\/11\/12\/var-bor-jultomten\/\"]}]},{\"@type\":\"BreadcrumbList\",\"@id\":\"https:\/\/blogg.atl.nu\/sodradylta\/2018\/11\/12\/var-bor-jultomten\/#breadcrumb\",\"itemListElement\":[{\"@type\":\"ListItem\",\"position\":1,\"name\":\"Home\",\"item\":\"https:\/\/blogg.atl.nu\/sodradylta\/\"},{\"@type\":\"ListItem\",\"position\":2,\"name\":\"Var bor jultomten?\"}]},{\"@type\":\"WebSite\",\"@id\":\"https:\/\/blogg.atl.nu\/sodradylta\/#website\",\"url\":\"https:\/\/blogg.atl.nu\/sodradylta\/\",\"name\":\"S\u00f6dra Dylta\",\"description\":\"Rickard Axdorff\",\"potentialAction\":[{\"@type\":\"SearchAction\",\"target\":{\"@type\":\"EntryPoint\",\"urlTemplate\":\"https:\/\/blogg.atl.nu\/sodradylta\/?s={search_term_string}\"},\"query-input\":\"required name=search_term_string\"}],\"inLanguage\":\"sv-SE\"},{\"@type\":\"Person\",\"@id\":\"https:\/\/blogg.atl.nu\/sodradylta\/#\/schema\/person\/59a4fd29cbd68a48f24b75a54342d61a\",\"name\":\"axdorff\",\"image\":{\"@type\":\"ImageObject\",\"inLanguage\":\"sv-SE\",\"@id\":\"https:\/\/blogg.atl.nu\/sodradylta\/#\/schema\/person\/image\/\",\"url\":\"https:\/\/secure.gravatar.com\/avatar\/a55462fcd070ebf65dd9b95bfe9c5d29?s=96&d=mm&r=g\",\"contentUrl\":\"https:\/\/secure.gravatar.com\/avatar\/a55462fcd070ebf65dd9b95bfe9c5d29?s=96&d=mm&r=g\",\"caption\":\"axdorff\"},\"description\":\"Driver p\u00e5 deltid g\u00e5rden S\u00f6dra Dylta. Utbildad j\u00e4gm\u00e4stare och ekonom. Initiativtagare till projekt Egendomligt, grundare av Naturbrukarna, ledamot i f\u00f6rbundsstyrelsen f\u00f6r J\u00e4garef\u00f6rbundet, skriver f\u00f6r Svenska Nyhetsbyr\u00e5n och lite annat sm\u00e5tt och gott.\",\"sameAs\":[\"https:\/\/twitter.com\/twitter.com\/axdorff\"],\"url\":\"https:\/\/blogg.atl.nu\/sodradylta\/author\/axdorff\/\"}]}<\/script>\n<!-- \/ Yoast SEO plugin. -->","yoast_head_json":{"title":"Var bor jultomten? - S\u00f6dra Dylta","robots":{"index":"index","follow":"follow","max-snippet":"max-snippet:-1","max-image-preview":"max-image-preview:large","max-video-preview":"max-video-preview:-1"},"canonical":"https:\/\/blogg.atl.nu\/sodradylta\/2018\/11\/12\/var-bor-jultomten\/","og_locale":"sv_SE","og_type":"article","og_title":"Var bor jultomten? - S\u00f6dra Dylta","og_description":"Ibland \u00e4r det folkvandring ut p\u00e5 landet. I helgen var det en s\u00e5dan helg i min del av v\u00e4rlden. Det n\u00e4rmar sig jul och d\u00e5 \u00e4r det julmarknadernas tid. Jag bor granne med en anrikt gammal herrg\u00e5rd, Dylta Bruk, eller om de bor granne med mig? Som liten yngling jobbade jag d\u00e4r och blev med...","og_url":"https:\/\/blogg.atl.nu\/sodradylta\/2018\/11\/12\/var-bor-jultomten\/","og_site_name":"S\u00f6dra Dylta","article_published_time":"2018-11-12T08:50:52+00:00","article_modified_time":"2018-11-13T10:44:36+00:00","og_image":[{"width":1024,"height":768,"url":"https:\/\/blogg.atl.nu\/sodradylta\/wp-content\/uploads\/sites\/33\/2018\/11\/IMG_7031-1-e1542105833823.jpg","type":"image\/jpeg"}],"author":"axdorff","twitter_card":"summary_large_image","twitter_creator":"@twitter.com\/axdorff","twitter_misc":{"Skriven av":"axdorff","Ber\u00e4knad l\u00e4stid":"2 minuter"},"schema":{"@context":"https:\/\/schema.org","@graph":[{"@type":"WebPage","@id":"https:\/\/blogg.atl.nu\/sodradylta\/2018\/11\/12\/var-bor-jultomten\/","url":"https:\/\/blogg.atl.nu\/sodradylta\/2018\/11\/12\/var-bor-jultomten\/","name":"Var bor jultomten? - S\u00f6dra Dylta","isPartOf":{"@id":"https:\/\/blogg.atl.nu\/sodradylta\/#website"},"datePublished":"2018-11-12T08:50:52+00:00","dateModified":"2018-11-13T10:44:36+00:00","author":{"@id":"https:\/\/blogg.atl.nu\/sodradylta\/#\/schema\/person\/59a4fd29cbd68a48f24b75a54342d61a"},"breadcrumb":{"@id":"https:\/\/blogg.atl.nu\/sodradylta\/2018\/11\/12\/var-bor-jultomten\/#breadcrumb"},"inLanguage":"sv-SE","potentialAction":[{"@type":"ReadAction","target":["https:\/\/blogg.atl.nu\/sodradylta\/2018\/11\/12\/var-bor-jultomten\/"]}]},{"@type":"BreadcrumbList","@id":"https:\/\/blogg.atl.nu\/sodradylta\/2018\/11\/12\/var-bor-jultomten\/#breadcrumb","itemListElement":[{"@type":"ListItem","position":1,"name":"Home","item":"https:\/\/blogg.atl.nu\/sodradylta\/"},{"@type":"ListItem","position":2,"name":"Var bor jultomten?"}]},{"@type":"WebSite","@id":"https:\/\/blogg.atl.nu\/sodradylta\/#website","url":"https:\/\/blogg.atl.nu\/sodradylta\/","name":"S\u00f6dra Dylta","description":"Rickard Axdorff","potentialAction":[{"@type":"SearchAction","target":{"@type":"EntryPoint","urlTemplate":"https:\/\/blogg.atl.nu\/sodradylta\/?s={search_term_string}"},"query-input":"required name=search_term_string"}],"inLanguage":"sv-SE"},{"@type":"Person","@id":"https:\/\/blogg.atl.nu\/sodradylta\/#\/schema\/person\/59a4fd29cbd68a48f24b75a54342d61a","name":"axdorff","image":{"@type":"ImageObject","inLanguage":"sv-SE","@id":"https:\/\/blogg.atl.nu\/sodradylta\/#\/schema\/person\/image\/","url":"https:\/\/secure.gravatar.com\/avatar\/a55462fcd070ebf65dd9b95bfe9c5d29?s=96&d=mm&r=g","contentUrl":"https:\/\/secure.gravatar.com\/avatar\/a55462fcd070ebf65dd9b95bfe9c5d29?s=96&d=mm&r=g","caption":"axdorff"},"description":"Driver p\u00e5 deltid g\u00e5rden S\u00f6dra Dylta. Utbildad j\u00e4gm\u00e4stare och ekonom. Initiativtagare till projekt Egendomligt, grundare av Naturbrukarna, ledamot i f\u00f6rbundsstyrelsen f\u00f6r J\u00e4garef\u00f6rbundet, skriver f\u00f6r Svenska Nyhetsbyr\u00e5n och lite annat sm\u00e5tt och gott.","sameAs":["https:\/\/twitter.com\/twitter.com\/axdorff"],"url":"https:\/\/blogg.atl.nu\/sodradylta\/author\/axdorff\/"}]}},"_links":{"self":[{"href":"https:\/\/blogg.atl.nu\/sodradylta\/wp-json\/wp\/v2\/posts\/81"}],"collection":[{"href":"https:\/\/blogg.atl.nu\/sodradylta\/wp-json\/wp\/v2\/posts"}],"about":[{"href":"https:\/\/blogg.atl.nu\/sodradylta\/wp-json\/wp\/v2\/types\/post"}],"author":[{"embeddable":true,"href":"https:\/\/blogg.atl.nu\/sodradylta\/wp-json\/wp\/v2\/users\/351"}],"replies":[{"embeddable":true,"href":"https:\/\/blogg.atl.nu\/sodradylta\/wp-json\/wp\/v2\/comments?post=81"}],"version-history":[{"count":15,"href":"https:\/\/blogg.atl.nu\/sodradylta\/wp-json\/wp\/v2\/posts\/81\/revisions"}],"predecessor-version":[{"id":102,"href":"https:\/\/blogg.atl.nu\/sodradylta\/wp-json\/wp\/v2\/posts\/81\/revisions\/102"}],"wp:featuredmedia":[{"embeddable":true,"href":"https:\/\/blogg.atl.nu\/sodradylta\/wp-json\/wp\/v2\/media\/103"}],"wp:attachment":[{"href":"https:\/\/blogg.atl.nu\/sodradylta\/wp-json\/wp\/v2\/media?parent=81"}],"wp:term":[{"taxonomy":"category","embeddable":true,"href":"https:\/\/blogg.atl.nu\/sodradylta\/wp-json\/wp\/v2\/categories?post=81"},{"taxonomy":"post_tag","embeddable":true,"href":"https:\/\/blogg.atl.nu\/sodradylta\/wp-json\/wp\/v2\/tags?post=81"}],"curies":[{"name":"wp","href":"https:\/\/api.w.org\/{rel}","templated":true}]}}