{"id":1200,"date":"2022-06-17T18:03:41","date_gmt":"2022-06-17T16:03:41","guid":{"rendered":"https:\/\/blogg.atl.nu\/utbobloggen\/?p=1200"},"modified":"2022-06-17T18:39:40","modified_gmt":"2022-06-17T16:39:40","slug":"smekmanaden-ar-over-anna-caren","status":"publish","type":"post","link":"https:\/\/blogg.atl.nu\/utbobloggen\/2022\/06\/17\/smekmanaden-ar-over-anna-caren\/","title":{"rendered":"Smekm\u00e5naden \u00e4r \u00f6ver Anna-Caren!"},"content":{"rendered":"<p>\u201d\u00c4ntligen en landsbygdsminister!\u201d, utropade jag <em><a href=\"https:\/\/blogg.atl.nu\/utbobloggen\/2021\/11\/30\/antligen-en-landsbygdsminister\/\">p\u00e5 denna blogg <\/a><\/em>n\u00e4r Anna-Caren S\u00e4therberg uts\u00e5gs till landsbygdsminister i slutet av november 2021.<\/p>\n<p><img src=\"https:\/\/www.regeringen.se\/contentassets\/1d696f74b47e4af787419b1ed0b4d40a\/anna-caren-satherberg_3.jpg?width=400&amp;quality=85\" alt=\"Portr\u00e4tt av Anna-Caren S\u00e4therberg\" \/><span><\/span><\/p>\n<p><em><span class=\"figcaption__photocred rs_skip\">Foto: Kristian Pohl\/Regeringskansliet<\/span><\/em><\/p>\n<p>F\u00f6r det var p\u00e5 tiden. Under en l\u00e4ngre tid hade Sveriges landsbygd ju knappt haft en landsbygdsminister. Ena taget hette ministern Jennie N, sedan Ibrahim B och ibland kanske rent av Stefan L. N\u00e5got prioriterat omr\u00e5de inom regeringskansliet verkade det i alla fall inte vara, mera n\u00e5gon sorts bisyssla ihop med andra uppdrag.<\/p>\n<p>S\u00e5 n\u00e4r vi d\u00e5 \u00e4ntligen fick en landsbygdsminister, tyckte jag det fanns sk\u00e4l att hurra lite. Och jag skrev att jag f\u00f6r dagen inte skulle s\u00e4ga ett enda kritiskt ord och att det var upp till bevis.<\/p>\n<p>I politiska sammanhang brukar man ge politiker 100 dagar som smekm\u00e5nad. Jag har gett Anna-Caren mer \u00e4n s\u00e5 \u2013 drygt 160 dagar.<\/p>\n<p>Men nu \u00e4r smekm\u00e5naden \u00f6ver.<\/p>\n<p>Dags f\u00f6r utv\u00e4rdering. Och Anna-Caren kanske inte \u00e4r det statsr\u00e5d man f\u00e5r allra mest tr\u00e4ffar p\u00e5 n\u00e4r man googlar p\u00e5 statsr\u00e5den i regeringen. Men heller inte minst.<\/p>\n<p>Samtidigt som man ju ska vara klar \u00f6ver att det varit en minst sagt turbulent tid det senaste halv\u00e5ret med krig och inflation f\u00f6r att nu bara n\u00e4mna tv\u00e5 saker.<\/p>\n<p>Ett lite ovetenskapligt att m\u00e4ta p\u00e5 \u00e4r att g\u00e5 in p\u00e5 statsr\u00e5dets hemsida och kolla p\u00e5 pressmeddelanden om vad hon gjort.<\/p>\n<p>Och det \u00e4r inte s\u00e5 pj\u00e5kigt. 119 pressmeddelanden t o m i dag (om \u00e4n att de tv\u00e5 f\u00f6rsta handlar om hennes utn\u00e4mning). Och h\u00e4r finns f\u00f6rst\u00e5s ett g\u00e4ng informat\u00f6rer som g\u00f6r sitt b\u00e4sta f\u00f6r att se till att landsbygdsministern ska synas positivt (och d\u00e4rf\u00f6r ska man l\u00e4sa pressmeddelandena kritiskt).<\/p>\n<p>M\u00e5nga handlar om vem hon tr\u00e4ffat och vad hon ska g\u00f6ra och vart hon \u00e5ker \u2013 hon invigde Elmia Wood! \u2013 och om utv\u00e4rderingar och utredningar som ska g\u00f6ras.<\/p>\n<p>N\u00e5gra grejer som utm\u00e4rker sig h\u00e4r \u00e4r dock:<\/p>\n<ul>\n<li>\u201d<em><a href=\"https:\/\/www.regeringen.se\/pressmeddelanden\/2022\/06\/regeringen-satsar-pa-vagar-pa-landsbygde\/\">Regeringen satsar p\u00e5 v\u00e4gar p\u00e5 landsbygden\u201d (9 juni)<\/a><\/em><\/li>\n<li><em><a href=\"https:\/\/www.regeringen.se\/pressmeddelanden\/2022\/06\/regeringsuppdrag-for-att-starka-aganderatten-i-skogen-oka-incitamenten-for-naturvard-och-framja-flexibla-skyddsformer\/\">\u201dRegeringsuppdrag f\u00f6r att st\u00e4rka \u00e4gander\u00e4tten i skogen, \u00f6ka incitamenten f\u00f6r naturv\u00e5rd och fr\u00e4mja flexibla skyddsformer\u201d (3 juni)<\/a><\/em><\/li>\n<li><em><a href=\"https:\/\/www.regeringen.se\/pressmeddelanden\/2022\/05\/anna-caren-satherberg-besoker-blekinge\/\">\u201dSverigeresan\u201d hon g\u00f6r\/gjort (flera nedslag p\u00e5 alla m\u00f6jliga st\u00e4llen i landet t ex Blekinge)<\/a><\/em><\/li>\n<li><em><a href=\"https:\/\/www.regeringen.se\/pressmeddelanden\/2022\/04\/sveriges-livsmedelsberedskap-ska-starkas\/\">&#8221;Sveriges livsmedelsberedskap ska st\u00e4rkas\u201d (29 april)<\/a><\/em><\/li>\n<li><em><a href=\"https:\/\/www.regeringen.se\/artiklar\/2022\/03\/stod-till-drivmedelsstationer\/\">&#8221;St\u00f6d till drivmedelsstationer p\u00e5 landsbygden&#8221; (23 mars)<\/a><\/em><\/li>\n<\/ul>\n<p>Och s\u00e5 vidare.<\/p>\n<p>L\u00e5ter fint.\u00a0 M\u00e5nga l\u00f6ften. Och jag vet att politiken och beslutsprocesserna tar sin tid.<\/p>\n<p>S\u00e5 jag avvaktar med att s\u00e4tta betyg.<\/p>\n<p>Men smekm\u00e5naden \u00e4r \u00f6ver nu, Anna-Caren.<\/p>\n<p>Nu g\u00e4ller det ju ocks\u00e5 att se till att det blir verkstad av det h\u00e4r.<\/p>\n<p>Upp till bevis! Kliv fram \u00e4nnu mer! Ta \u00e4nnu mera plats!<\/p>\n<p>&nbsp;<\/p>\n","protected":false},"excerpt":{"rendered":"<p>\u201d\u00c4ntligen en landsbygdsminister!\u201d, utropade jag p\u00e5 denna blogg n\u00e4r Anna-Caren S\u00e4therberg uts\u00e5gs till landsbygdsminister i slutet av november 2021. Foto: Kristian Pohl\/Regeringskansliet F\u00f6r det var p\u00e5 tiden. Under en l\u00e4ngre tid hade Sveriges landsbygd ju knappt haft en landsbygdsminister. Ena taget hette ministern Jennie N, sedan Ibrahim B och ibland kanske rent av Stefan L&#8230;.<\/p>\n","protected":false},"author":359,"featured_media":0,"comment_status":"open","ping_status":"open","sticky":false,"template":"","format":"standard","meta":[],"categories":[1],"tags":[],"yoast_head":"<!-- This site is optimized with the Yoast SEO plugin v19.6 - https:\/\/yoast.com\/wordpress\/plugins\/seo\/ -->\n<title>Smekm\u00e5naden \u00e4r \u00f6ver Anna-Caren! - Utbobloggen<\/title>\n<meta name=\"robots\" content=\"index, follow, max-snippet:-1, max-image-preview:large, max-video-preview:-1\" \/>\n<link rel=\"canonical\" href=\"https:\/\/blogg.atl.nu\/utbobloggen\/2022\/06\/17\/smekmanaden-ar-over-anna-caren\/\" \/>\n<meta property=\"og:locale\" content=\"sv_SE\" \/>\n<meta property=\"og:type\" content=\"article\" \/>\n<meta property=\"og:title\" content=\"Smekm\u00e5naden \u00e4r \u00f6ver Anna-Caren! - Utbobloggen\" \/>\n<meta property=\"og:description\" content=\"\u201d\u00c4ntligen en landsbygdsminister!\u201d, utropade jag p\u00e5 denna blogg n\u00e4r Anna-Caren S\u00e4therberg uts\u00e5gs till landsbygdsminister i slutet av november 2021. Foto: Kristian Pohl\/Regeringskansliet F\u00f6r det var p\u00e5 tiden. Under en l\u00e4ngre tid hade Sveriges landsbygd ju knappt haft en landsbygdsminister. Ena taget hette ministern Jennie N, sedan Ibrahim B och ibland kanske rent av Stefan L....\" \/>\n<meta property=\"og:url\" content=\"https:\/\/blogg.atl.nu\/utbobloggen\/2022\/06\/17\/smekmanaden-ar-over-anna-caren\/\" \/>\n<meta property=\"og:site_name\" content=\"Utbobloggen\" \/>\n<meta property=\"article:published_time\" content=\"2022-06-17T16:03:41+00:00\" \/>\n<meta property=\"article:modified_time\" content=\"2022-06-17T16:39:40+00:00\" \/>\n<meta property=\"og:image\" content=\"https:\/\/www.regeringen.se\/contentassets\/1d696f74b47e4af787419b1ed0b4d40a\/anna-caren-satherberg_3.jpg?width=400&amp;quality=85\" \/>\n<meta name=\"author\" content=\"Per Hulteng\u00e5rd\" \/>\n<meta name=\"twitter:card\" content=\"summary_large_image\" \/>\n<meta name=\"twitter:label1\" content=\"Skriven av\" \/>\n\t<meta name=\"twitter:data1\" content=\"Per Hulteng\u00e5rd\" \/>\n\t<meta name=\"twitter:label2\" content=\"Ber\u00e4knad l\u00e4stid\" \/>\n\t<meta name=\"twitter:data2\" content=\"2 minuter\" \/>\n<script type=\"application\/ld+json\" class=\"yoast-schema-graph\">{\"@context\":\"https:\/\/schema.org\",\"@graph\":[{\"@type\":\"WebPage\",\"@id\":\"https:\/\/blogg.atl.nu\/utbobloggen\/2022\/06\/17\/smekmanaden-ar-over-anna-caren\/\",\"url\":\"https:\/\/blogg.atl.nu\/utbobloggen\/2022\/06\/17\/smekmanaden-ar-over-anna-caren\/\",\"name\":\"Smekm\u00e5naden \u00e4r \u00f6ver Anna-Caren! - Utbobloggen\",\"isPartOf\":{\"@id\":\"https:\/\/blogg.atl.nu\/utbobloggen\/#website\"},\"datePublished\":\"2022-06-17T16:03:41+00:00\",\"dateModified\":\"2022-06-17T16:39:40+00:00\",\"author\":{\"@id\":\"https:\/\/blogg.atl.nu\/utbobloggen\/#\/schema\/person\/8c997704fc1787a2e8fa7f6cac4ad438\"},\"breadcrumb\":{\"@id\":\"https:\/\/blogg.atl.nu\/utbobloggen\/2022\/06\/17\/smekmanaden-ar-over-anna-caren\/#breadcrumb\"},\"inLanguage\":\"sv-SE\",\"potentialAction\":[{\"@type\":\"ReadAction\",\"target\":[\"https:\/\/blogg.atl.nu\/utbobloggen\/2022\/06\/17\/smekmanaden-ar-over-anna-caren\/\"]}]},{\"@type\":\"BreadcrumbList\",\"@id\":\"https:\/\/blogg.atl.nu\/utbobloggen\/2022\/06\/17\/smekmanaden-ar-over-anna-caren\/#breadcrumb\",\"itemListElement\":[{\"@type\":\"ListItem\",\"position\":1,\"name\":\"Home\",\"item\":\"https:\/\/blogg.atl.nu\/utbobloggen\/\"},{\"@type\":\"ListItem\",\"position\":2,\"name\":\"Smekm\u00e5naden \u00e4r \u00f6ver Anna-Caren!\"}]},{\"@type\":\"WebSite\",\"@id\":\"https:\/\/blogg.atl.nu\/utbobloggen\/#website\",\"url\":\"https:\/\/blogg.atl.nu\/utbobloggen\/\",\"name\":\"Utbobloggen\",\"description\":\"Per Hulteng\u00e5rd\",\"potentialAction\":[{\"@type\":\"SearchAction\",\"target\":{\"@type\":\"EntryPoint\",\"urlTemplate\":\"https:\/\/blogg.atl.nu\/utbobloggen\/?s={search_term_string}\"},\"query-input\":\"required name=search_term_string\"}],\"inLanguage\":\"sv-SE\"},{\"@type\":\"Person\",\"@id\":\"https:\/\/blogg.atl.nu\/utbobloggen\/#\/schema\/person\/8c997704fc1787a2e8fa7f6cac4ad438\",\"name\":\"Per Hulteng\u00e5rd\",\"image\":{\"@type\":\"ImageObject\",\"inLanguage\":\"sv-SE\",\"@id\":\"https:\/\/blogg.atl.nu\/utbobloggen\/#\/schema\/person\/image\/\",\"url\":\"https:\/\/secure.gravatar.com\/avatar\/191d7fa8b4b721bb6ebf14bc2d9024e7?s=96&d=mm&r=g\",\"contentUrl\":\"https:\/\/secure.gravatar.com\/avatar\/191d7fa8b4b721bb6ebf14bc2d9024e7?s=96&d=mm&r=g\",\"caption\":\"Per Hulteng\u00e5rd\"},\"url\":\"https:\/\/blogg.atl.nu\/utbobloggen\/author\/phultengard\/\"}]}<\/script>\n<!-- \/ Yoast SEO plugin. -->","yoast_head_json":{"title":"Smekm\u00e5naden \u00e4r \u00f6ver Anna-Caren! - Utbobloggen","robots":{"index":"index","follow":"follow","max-snippet":"max-snippet:-1","max-image-preview":"max-image-preview:large","max-video-preview":"max-video-preview:-1"},"canonical":"https:\/\/blogg.atl.nu\/utbobloggen\/2022\/06\/17\/smekmanaden-ar-over-anna-caren\/","og_locale":"sv_SE","og_type":"article","og_title":"Smekm\u00e5naden \u00e4r \u00f6ver Anna-Caren! - Utbobloggen","og_description":"\u201d\u00c4ntligen en landsbygdsminister!\u201d, utropade jag p\u00e5 denna blogg n\u00e4r Anna-Caren S\u00e4therberg uts\u00e5gs till landsbygdsminister i slutet av november 2021. Foto: Kristian Pohl\/Regeringskansliet F\u00f6r det var p\u00e5 tiden. Under en l\u00e4ngre tid hade Sveriges landsbygd ju knappt haft en landsbygdsminister. Ena taget hette ministern Jennie N, sedan Ibrahim B och ibland kanske rent av Stefan L....","og_url":"https:\/\/blogg.atl.nu\/utbobloggen\/2022\/06\/17\/smekmanaden-ar-over-anna-caren\/","og_site_name":"Utbobloggen","article_published_time":"2022-06-17T16:03:41+00:00","article_modified_time":"2022-06-17T16:39:40+00:00","og_image":[{"url":"https:\/\/www.regeringen.se\/contentassets\/1d696f74b47e4af787419b1ed0b4d40a\/anna-caren-satherberg_3.jpg?width=400&amp;quality=85"}],"author":"Per Hulteng\u00e5rd","twitter_card":"summary_large_image","twitter_misc":{"Skriven av":"Per Hulteng\u00e5rd","Ber\u00e4knad l\u00e4stid":"2 minuter"},"schema":{"@context":"https:\/\/schema.org","@graph":[{"@type":"WebPage","@id":"https:\/\/blogg.atl.nu\/utbobloggen\/2022\/06\/17\/smekmanaden-ar-over-anna-caren\/","url":"https:\/\/blogg.atl.nu\/utbobloggen\/2022\/06\/17\/smekmanaden-ar-over-anna-caren\/","name":"Smekm\u00e5naden \u00e4r \u00f6ver Anna-Caren! - Utbobloggen","isPartOf":{"@id":"https:\/\/blogg.atl.nu\/utbobloggen\/#website"},"datePublished":"2022-06-17T16:03:41+00:00","dateModified":"2022-06-17T16:39:40+00:00","author":{"@id":"https:\/\/blogg.atl.nu\/utbobloggen\/#\/schema\/person\/8c997704fc1787a2e8fa7f6cac4ad438"},"breadcrumb":{"@id":"https:\/\/blogg.atl.nu\/utbobloggen\/2022\/06\/17\/smekmanaden-ar-over-anna-caren\/#breadcrumb"},"inLanguage":"sv-SE","potentialAction":[{"@type":"ReadAction","target":["https:\/\/blogg.atl.nu\/utbobloggen\/2022\/06\/17\/smekmanaden-ar-over-anna-caren\/"]}]},{"@type":"BreadcrumbList","@id":"https:\/\/blogg.atl.nu\/utbobloggen\/2022\/06\/17\/smekmanaden-ar-over-anna-caren\/#breadcrumb","itemListElement":[{"@type":"ListItem","position":1,"name":"Home","item":"https:\/\/blogg.atl.nu\/utbobloggen\/"},{"@type":"ListItem","position":2,"name":"Smekm\u00e5naden \u00e4r \u00f6ver Anna-Caren!"}]},{"@type":"WebSite","@id":"https:\/\/blogg.atl.nu\/utbobloggen\/#website","url":"https:\/\/blogg.atl.nu\/utbobloggen\/","name":"Utbobloggen","description":"Per Hulteng\u00e5rd","potentialAction":[{"@type":"SearchAction","target":{"@type":"EntryPoint","urlTemplate":"https:\/\/blogg.atl.nu\/utbobloggen\/?s={search_term_string}"},"query-input":"required name=search_term_string"}],"inLanguage":"sv-SE"},{"@type":"Person","@id":"https:\/\/blogg.atl.nu\/utbobloggen\/#\/schema\/person\/8c997704fc1787a2e8fa7f6cac4ad438","name":"Per Hulteng\u00e5rd","image":{"@type":"ImageObject","inLanguage":"sv-SE","@id":"https:\/\/blogg.atl.nu\/utbobloggen\/#\/schema\/person\/image\/","url":"https:\/\/secure.gravatar.com\/avatar\/191d7fa8b4b721bb6ebf14bc2d9024e7?s=96&d=mm&r=g","contentUrl":"https:\/\/secure.gravatar.com\/avatar\/191d7fa8b4b721bb6ebf14bc2d9024e7?s=96&d=mm&r=g","caption":"Per Hulteng\u00e5rd"},"url":"https:\/\/blogg.atl.nu\/utbobloggen\/author\/phultengard\/"}]}},"_links":{"self":[{"href":"https:\/\/blogg.atl.nu\/utbobloggen\/wp-json\/wp\/v2\/posts\/1200"}],"collection":[{"href":"https:\/\/blogg.atl.nu\/utbobloggen\/wp-json\/wp\/v2\/posts"}],"about":[{"href":"https:\/\/blogg.atl.nu\/utbobloggen\/wp-json\/wp\/v2\/types\/post"}],"author":[{"embeddable":true,"href":"https:\/\/blogg.atl.nu\/utbobloggen\/wp-json\/wp\/v2\/users\/359"}],"replies":[{"embeddable":true,"href":"https:\/\/blogg.atl.nu\/utbobloggen\/wp-json\/wp\/v2\/comments?post=1200"}],"version-history":[{"count":9,"href":"https:\/\/blogg.atl.nu\/utbobloggen\/wp-json\/wp\/v2\/posts\/1200\/revisions"}],"predecessor-version":[{"id":1210,"href":"https:\/\/blogg.atl.nu\/utbobloggen\/wp-json\/wp\/v2\/posts\/1200\/revisions\/1210"}],"wp:attachment":[{"href":"https:\/\/blogg.atl.nu\/utbobloggen\/wp-json\/wp\/v2\/media?parent=1200"}],"wp:term":[{"taxonomy":"category","embeddable":true,"href":"https:\/\/blogg.atl.nu\/utbobloggen\/wp-json\/wp\/v2\/categories?post=1200"},{"taxonomy":"post_tag","embeddable":true,"href":"https:\/\/blogg.atl.nu\/utbobloggen\/wp-json\/wp\/v2\/tags?post=1200"}],"curies":[{"name":"wp","href":"https:\/\/api.w.org\/{rel}","templated":true}]}}