{"id":1860,"date":"2023-10-29T08:48:37","date_gmt":"2023-10-29T07:48:37","guid":{"rendered":"https:\/\/blogg.atl.nu\/utbobloggen\/?p=1860"},"modified":"2023-10-29T08:48:37","modified_gmt":"2023-10-29T07:48:37","slug":"kampen-mot-klockan","status":"publish","type":"post","link":"https:\/\/blogg.atl.nu\/utbobloggen\/2023\/10\/29\/kampen-mot-klockan\/","title":{"rendered":"Kampen mot klockan!"},"content":{"rendered":"<p>Sent ute med v\u00e4gsamf\u00e4llighetens sn\u00f6k\u00e4ppar p\u00e5 den drygt 3 km l\u00e5nga grusv\u00e4gen i \u00e5r.<\/p>\n<p><img loading=\"lazy\" class=\"alignnone size-medium wp-image-1862\" src=\"https:\/\/blogg.atl.nu\/utbobloggen\/wp-content\/uploads\/sites\/39\/2023\/10\/unnamed-11-225x300.jpg\" alt=\"\" width=\"225\" height=\"300\" srcset=\"https:\/\/blogg.atl.nu\/utbobloggen\/wp-content\/uploads\/sites\/39\/2023\/10\/unnamed-11-225x300.jpg 225w, https:\/\/blogg.atl.nu\/utbobloggen\/wp-content\/uploads\/sites\/39\/2023\/10\/unnamed-11-768x1024.jpg 768w, https:\/\/blogg.atl.nu\/utbobloggen\/wp-content\/uploads\/sites\/39\/2023\/10\/unnamed-11-1152x1536.jpg 1152w, https:\/\/blogg.atl.nu\/utbobloggen\/wp-content\/uploads\/sites\/39\/2023\/10\/unnamed-11.jpg 1512w\" sizes=\"(max-width: 225px) 100vw, 225px\" \/><\/p>\n<p>F\u00f6rr om \u00e5ren brukade f\u00f6rbipasserande svampplockare le lite v\u00e4nligt \u00e5t mig n\u00e4r jag \u2013 i den 15-gradiga v\u00e4rmen &#8211; satte ut sn\u00f6k\u00e4pparna redan i slutet av september:<\/p>\n<p>&#8211; Tror du att det ska sn\u00f6a?<\/p>\n<p>I \u00e5r l\u00e4t jag det dr\u00f6ja fram\u00e5t november.<\/p>\n<p>Varp\u00e5 SMHI f\u00f6rutskickade 22,2 mm nederb\u00f6rd i form av sn\u00f6 i dag s\u00f6ndag (f\u00f6r att sedan modifiera sin prognos lite), men nu blev det br\u00e5ttom f\u00f6r utbon och v\u00e4gsamf\u00e4llighetens arbetande styrelseordf\u00f6rande att fara ner till g\u00e5rden.<\/p>\n<p>En kamp mot klockan. S\u00e5 nu spettade jag ner exakt 111 sn\u00f6k\u00e4ppar utmed v\u00e4gen under l\u00f6rdagen och ska trycka ner ytterligare 50-55 under s\u00f6ndagsf\u00f6rmiddagen, s\u00e5 d\u00e5 \u00e4r det hela sedan klart.<\/p>\n<p><img loading=\"lazy\" class=\"alignnone size-medium wp-image-1863\" src=\"https:\/\/blogg.atl.nu\/utbobloggen\/wp-content\/uploads\/sites\/39\/2023\/10\/unnamed-12-225x300.jpg\" alt=\"\" width=\"225\" height=\"300\" srcset=\"https:\/\/blogg.atl.nu\/utbobloggen\/wp-content\/uploads\/sites\/39\/2023\/10\/unnamed-12-225x300.jpg 225w, https:\/\/blogg.atl.nu\/utbobloggen\/wp-content\/uploads\/sites\/39\/2023\/10\/unnamed-12-768x1024.jpg 768w, https:\/\/blogg.atl.nu\/utbobloggen\/wp-content\/uploads\/sites\/39\/2023\/10\/unnamed-12-1152x1536.jpg 1152w, https:\/\/blogg.atl.nu\/utbobloggen\/wp-content\/uploads\/sites\/39\/2023\/10\/unnamed-12.jpg 1512w\" sizes=\"(max-width: 225px) 100vw, 225px\" \/><\/p>\n<p><em>Det blir nog bra \u00e4ven det h\u00e4r.<\/em><\/p>\n<p>Till kv\u00e4llen kommer sn\u00f6n!<\/p>\n<p>Vi \u00e4r redo.<\/p>\n<p>Kom Kung Bore &#8211; kom!<\/p>\n<p>&nbsp;<\/p>\n<p>&nbsp;<\/p>\n<p>&nbsp;<\/p>\n","protected":false},"excerpt":{"rendered":"<p>Sent ute med v\u00e4gsamf\u00e4llighetens sn\u00f6k\u00e4ppar p\u00e5 den drygt 3 km l\u00e5nga grusv\u00e4gen i \u00e5r. F\u00f6rr om \u00e5ren brukade f\u00f6rbipasserande svampplockare le lite v\u00e4nligt \u00e5t mig n\u00e4r jag \u2013 i den 15-gradiga v\u00e4rmen &#8211; satte ut sn\u00f6k\u00e4pparna redan i slutet av september: &#8211; Tror du att det ska sn\u00f6a? I \u00e5r l\u00e4t jag det dr\u00f6ja fram\u00e5t&#8230;<\/p>\n","protected":false},"author":359,"featured_media":0,"comment_status":"open","ping_status":"open","sticky":false,"template":"","format":"standard","meta":[],"categories":[1],"tags":[],"yoast_head":"<!-- This site is optimized with the Yoast SEO plugin v19.6 - https:\/\/yoast.com\/wordpress\/plugins\/seo\/ -->\n<title>Kampen mot klockan! - Utbobloggen<\/title>\n<meta name=\"robots\" content=\"index, follow, max-snippet:-1, max-image-preview:large, max-video-preview:-1\" \/>\n<link rel=\"canonical\" href=\"https:\/\/blogg.atl.nu\/utbobloggen\/2023\/10\/29\/kampen-mot-klockan\/\" \/>\n<meta property=\"og:locale\" content=\"sv_SE\" \/>\n<meta property=\"og:type\" content=\"article\" \/>\n<meta property=\"og:title\" content=\"Kampen mot klockan! - Utbobloggen\" \/>\n<meta property=\"og:description\" content=\"Sent ute med v\u00e4gsamf\u00e4llighetens sn\u00f6k\u00e4ppar p\u00e5 den drygt 3 km l\u00e5nga grusv\u00e4gen i \u00e5r. F\u00f6rr om \u00e5ren brukade f\u00f6rbipasserande svampplockare le lite v\u00e4nligt \u00e5t mig n\u00e4r jag \u2013 i den 15-gradiga v\u00e4rmen &#8211; satte ut sn\u00f6k\u00e4pparna redan i slutet av september: &#8211; Tror du att det ska sn\u00f6a? I \u00e5r l\u00e4t jag det dr\u00f6ja fram\u00e5t...\" \/>\n<meta property=\"og:url\" content=\"https:\/\/blogg.atl.nu\/utbobloggen\/2023\/10\/29\/kampen-mot-klockan\/\" \/>\n<meta property=\"og:site_name\" content=\"Utbobloggen\" \/>\n<meta property=\"article:published_time\" content=\"2023-10-29T07:48:37+00:00\" \/>\n<meta property=\"og:image\" content=\"https:\/\/blogg.atl.nu\/utbobloggen\/wp-content\/uploads\/sites\/39\/2023\/10\/unnamed-11-225x300.jpg\" \/>\n<meta name=\"author\" content=\"Per Hulteng\u00e5rd\" \/>\n<meta name=\"twitter:card\" content=\"summary_large_image\" \/>\n<meta name=\"twitter:label1\" content=\"Skriven av\" \/>\n\t<meta name=\"twitter:data1\" content=\"Per Hulteng\u00e5rd\" \/>\n\t<meta name=\"twitter:label2\" content=\"Ber\u00e4knad l\u00e4stid\" \/>\n\t<meta name=\"twitter:data2\" content=\"2 minuter\" \/>\n<script type=\"application\/ld+json\" class=\"yoast-schema-graph\">{\"@context\":\"https:\/\/schema.org\",\"@graph\":[{\"@type\":\"WebPage\",\"@id\":\"https:\/\/blogg.atl.nu\/utbobloggen\/2023\/10\/29\/kampen-mot-klockan\/\",\"url\":\"https:\/\/blogg.atl.nu\/utbobloggen\/2023\/10\/29\/kampen-mot-klockan\/\",\"name\":\"Kampen mot klockan! - Utbobloggen\",\"isPartOf\":{\"@id\":\"https:\/\/blogg.atl.nu\/utbobloggen\/#website\"},\"datePublished\":\"2023-10-29T07:48:37+00:00\",\"dateModified\":\"2023-10-29T07:48:37+00:00\",\"author\":{\"@id\":\"https:\/\/blogg.atl.nu\/utbobloggen\/#\/schema\/person\/8c997704fc1787a2e8fa7f6cac4ad438\"},\"breadcrumb\":{\"@id\":\"https:\/\/blogg.atl.nu\/utbobloggen\/2023\/10\/29\/kampen-mot-klockan\/#breadcrumb\"},\"inLanguage\":\"sv-SE\",\"potentialAction\":[{\"@type\":\"ReadAction\",\"target\":[\"https:\/\/blogg.atl.nu\/utbobloggen\/2023\/10\/29\/kampen-mot-klockan\/\"]}]},{\"@type\":\"BreadcrumbList\",\"@id\":\"https:\/\/blogg.atl.nu\/utbobloggen\/2023\/10\/29\/kampen-mot-klockan\/#breadcrumb\",\"itemListElement\":[{\"@type\":\"ListItem\",\"position\":1,\"name\":\"Home\",\"item\":\"https:\/\/blogg.atl.nu\/utbobloggen\/\"},{\"@type\":\"ListItem\",\"position\":2,\"name\":\"Kampen mot klockan!\"}]},{\"@type\":\"WebSite\",\"@id\":\"https:\/\/blogg.atl.nu\/utbobloggen\/#website\",\"url\":\"https:\/\/blogg.atl.nu\/utbobloggen\/\",\"name\":\"Utbobloggen\",\"description\":\"Per Hulteng\u00e5rd\",\"potentialAction\":[{\"@type\":\"SearchAction\",\"target\":{\"@type\":\"EntryPoint\",\"urlTemplate\":\"https:\/\/blogg.atl.nu\/utbobloggen\/?s={search_term_string}\"},\"query-input\":\"required name=search_term_string\"}],\"inLanguage\":\"sv-SE\"},{\"@type\":\"Person\",\"@id\":\"https:\/\/blogg.atl.nu\/utbobloggen\/#\/schema\/person\/8c997704fc1787a2e8fa7f6cac4ad438\",\"name\":\"Per Hulteng\u00e5rd\",\"image\":{\"@type\":\"ImageObject\",\"inLanguage\":\"sv-SE\",\"@id\":\"https:\/\/blogg.atl.nu\/utbobloggen\/#\/schema\/person\/image\/\",\"url\":\"https:\/\/secure.gravatar.com\/avatar\/191d7fa8b4b721bb6ebf14bc2d9024e7?s=96&d=mm&r=g\",\"contentUrl\":\"https:\/\/secure.gravatar.com\/avatar\/191d7fa8b4b721bb6ebf14bc2d9024e7?s=96&d=mm&r=g\",\"caption\":\"Per Hulteng\u00e5rd\"},\"url\":\"https:\/\/blogg.atl.nu\/utbobloggen\/author\/phultengard\/\"}]}<\/script>\n<!-- \/ Yoast SEO plugin. -->","yoast_head_json":{"title":"Kampen mot klockan! - Utbobloggen","robots":{"index":"index","follow":"follow","max-snippet":"max-snippet:-1","max-image-preview":"max-image-preview:large","max-video-preview":"max-video-preview:-1"},"canonical":"https:\/\/blogg.atl.nu\/utbobloggen\/2023\/10\/29\/kampen-mot-klockan\/","og_locale":"sv_SE","og_type":"article","og_title":"Kampen mot klockan! - Utbobloggen","og_description":"Sent ute med v\u00e4gsamf\u00e4llighetens sn\u00f6k\u00e4ppar p\u00e5 den drygt 3 km l\u00e5nga grusv\u00e4gen i \u00e5r. F\u00f6rr om \u00e5ren brukade f\u00f6rbipasserande svampplockare le lite v\u00e4nligt \u00e5t mig n\u00e4r jag \u2013 i den 15-gradiga v\u00e4rmen &#8211; satte ut sn\u00f6k\u00e4pparna redan i slutet av september: &#8211; Tror du att det ska sn\u00f6a? I \u00e5r l\u00e4t jag det dr\u00f6ja fram\u00e5t...","og_url":"https:\/\/blogg.atl.nu\/utbobloggen\/2023\/10\/29\/kampen-mot-klockan\/","og_site_name":"Utbobloggen","article_published_time":"2023-10-29T07:48:37+00:00","og_image":[{"url":"https:\/\/blogg.atl.nu\/utbobloggen\/wp-content\/uploads\/sites\/39\/2023\/10\/unnamed-11-225x300.jpg"}],"author":"Per Hulteng\u00e5rd","twitter_card":"summary_large_image","twitter_misc":{"Skriven av":"Per Hulteng\u00e5rd","Ber\u00e4knad l\u00e4stid":"2 minuter"},"schema":{"@context":"https:\/\/schema.org","@graph":[{"@type":"WebPage","@id":"https:\/\/blogg.atl.nu\/utbobloggen\/2023\/10\/29\/kampen-mot-klockan\/","url":"https:\/\/blogg.atl.nu\/utbobloggen\/2023\/10\/29\/kampen-mot-klockan\/","name":"Kampen mot klockan! - Utbobloggen","isPartOf":{"@id":"https:\/\/blogg.atl.nu\/utbobloggen\/#website"},"datePublished":"2023-10-29T07:48:37+00:00","dateModified":"2023-10-29T07:48:37+00:00","author":{"@id":"https:\/\/blogg.atl.nu\/utbobloggen\/#\/schema\/person\/8c997704fc1787a2e8fa7f6cac4ad438"},"breadcrumb":{"@id":"https:\/\/blogg.atl.nu\/utbobloggen\/2023\/10\/29\/kampen-mot-klockan\/#breadcrumb"},"inLanguage":"sv-SE","potentialAction":[{"@type":"ReadAction","target":["https:\/\/blogg.atl.nu\/utbobloggen\/2023\/10\/29\/kampen-mot-klockan\/"]}]},{"@type":"BreadcrumbList","@id":"https:\/\/blogg.atl.nu\/utbobloggen\/2023\/10\/29\/kampen-mot-klockan\/#breadcrumb","itemListElement":[{"@type":"ListItem","position":1,"name":"Home","item":"https:\/\/blogg.atl.nu\/utbobloggen\/"},{"@type":"ListItem","position":2,"name":"Kampen mot klockan!"}]},{"@type":"WebSite","@id":"https:\/\/blogg.atl.nu\/utbobloggen\/#website","url":"https:\/\/blogg.atl.nu\/utbobloggen\/","name":"Utbobloggen","description":"Per Hulteng\u00e5rd","potentialAction":[{"@type":"SearchAction","target":{"@type":"EntryPoint","urlTemplate":"https:\/\/blogg.atl.nu\/utbobloggen\/?s={search_term_string}"},"query-input":"required name=search_term_string"}],"inLanguage":"sv-SE"},{"@type":"Person","@id":"https:\/\/blogg.atl.nu\/utbobloggen\/#\/schema\/person\/8c997704fc1787a2e8fa7f6cac4ad438","name":"Per Hulteng\u00e5rd","image":{"@type":"ImageObject","inLanguage":"sv-SE","@id":"https:\/\/blogg.atl.nu\/utbobloggen\/#\/schema\/person\/image\/","url":"https:\/\/secure.gravatar.com\/avatar\/191d7fa8b4b721bb6ebf14bc2d9024e7?s=96&d=mm&r=g","contentUrl":"https:\/\/secure.gravatar.com\/avatar\/191d7fa8b4b721bb6ebf14bc2d9024e7?s=96&d=mm&r=g","caption":"Per Hulteng\u00e5rd"},"url":"https:\/\/blogg.atl.nu\/utbobloggen\/author\/phultengard\/"}]}},"_links":{"self":[{"href":"https:\/\/blogg.atl.nu\/utbobloggen\/wp-json\/wp\/v2\/posts\/1860"}],"collection":[{"href":"https:\/\/blogg.atl.nu\/utbobloggen\/wp-json\/wp\/v2\/posts"}],"about":[{"href":"https:\/\/blogg.atl.nu\/utbobloggen\/wp-json\/wp\/v2\/types\/post"}],"author":[{"embeddable":true,"href":"https:\/\/blogg.atl.nu\/utbobloggen\/wp-json\/wp\/v2\/users\/359"}],"replies":[{"embeddable":true,"href":"https:\/\/blogg.atl.nu\/utbobloggen\/wp-json\/wp\/v2\/comments?post=1860"}],"version-history":[{"count":6,"href":"https:\/\/blogg.atl.nu\/utbobloggen\/wp-json\/wp\/v2\/posts\/1860\/revisions"}],"predecessor-version":[{"id":1869,"href":"https:\/\/blogg.atl.nu\/utbobloggen\/wp-json\/wp\/v2\/posts\/1860\/revisions\/1869"}],"wp:attachment":[{"href":"https:\/\/blogg.atl.nu\/utbobloggen\/wp-json\/wp\/v2\/media?parent=1860"}],"wp:term":[{"taxonomy":"category","embeddable":true,"href":"https:\/\/blogg.atl.nu\/utbobloggen\/wp-json\/wp\/v2\/categories?post=1860"},{"taxonomy":"post_tag","embeddable":true,"href":"https:\/\/blogg.atl.nu\/utbobloggen\/wp-json\/wp\/v2\/tags?post=1860"}],"curies":[{"name":"wp","href":"https:\/\/api.w.org\/{rel}","templated":true}]}}