{"id":2130,"date":"2024-06-18T19:28:48","date_gmt":"2024-06-18T17:28:48","guid":{"rendered":"https:\/\/blogg.atl.nu\/utbobloggen\/?p=2130"},"modified":"2024-06-18T19:40:50","modified_gmt":"2024-06-18T17:40:50","slug":"hur-ska-man-straffa-mig-om-jag-inte-aterrestaurerar-naturen","status":"publish","type":"post","link":"https:\/\/blogg.atl.nu\/utbobloggen\/2024\/06\/18\/hur-ska-man-straffa-mig-om-jag-inte-aterrestaurerar-naturen\/","title":{"rendered":"Hur ska man straffa mig om jag inte \u201d\u00e5terrestaurerar\u201d naturen?"},"content":{"rendered":"<p>Ja, det blev \u00e4nnu en v\u00e4nda i det h\u00e4r med EU:s f\u00f6rordning om \u00e5terst\u00e4llande av natur \u2013 som nu i veckan antagits. <span style=\"text-decoration: underline\"><em><a href=\"https:\/\/www.atl.nu\/lag-om-aterstallande-av-natur-antagen\">Sara Johansson beskriver utf\u00f6rligt alla turer som varit i ATL (17\/6).<\/a><\/em><\/span><\/p>\n<p>Den biologiska m\u00e5ngfalden ska \u00f6ka och minst 30 procent av \u201d<em>listade habitattyper i d\u00e5lig kondition till ska \u00e5terst\u00e4llas till 2030, minst 60 procent \u00a0till 2040 och minst 90 procent till 2050.\u201d<\/em><\/p>\n<p>Jag fattar bara inte vad \u00e4r det jag f\u00f6rv\u00e4ntas \u201d\u00e5terrestaurera\u201d till?<\/p>\n<p>Ett n\u00e4rmast f\u00f6r-industriellt landsbygds-Sverige med h\u00e4st, oxe och plog, ungdjur p\u00e5 skogsbeten och d\u00e4r de flesta bor p\u00e5, och har sin utkomst fr\u00e5n landsbygden? D\u00e4r vi sl\u00e5r minsta in\u00e4ga med lie och alla barn i Bullerbyn \u00e5ker h\u00f6lass bakom h\u00e4sten dagarna i \u00e4nda?<\/p>\n<p>Jag \u00e4r ju inte dummare \u00e4n att jag ser rester av gamla stenmurar, diken och skogsmark som uppenbarligen varit, om inte odlad mark s\u00e5 gammal betesmark. Och jag f\u00f6rundras och k\u00e4nner djup respekt f\u00f6r alla dem som m\u00e5ste ha slitit h\u00e4r.<\/p>\n<p><img loading=\"lazy\" class=\"alignnone size-medium wp-image-2131\" src=\"https:\/\/blogg.atl.nu\/utbobloggen\/wp-content\/uploads\/sites\/39\/2024\/06\/unnamed-3-300x225.jpg\" alt=\"\" width=\"300\" height=\"225\" srcset=\"https:\/\/blogg.atl.nu\/utbobloggen\/wp-content\/uploads\/sites\/39\/2024\/06\/unnamed-3-300x225.jpg 300w, https:\/\/blogg.atl.nu\/utbobloggen\/wp-content\/uploads\/sites\/39\/2024\/06\/unnamed-3-1024x768.jpg 1024w, https:\/\/blogg.atl.nu\/utbobloggen\/wp-content\/uploads\/sites\/39\/2024\/06\/unnamed-3-768x576.jpg 768w, https:\/\/blogg.atl.nu\/utbobloggen\/wp-content\/uploads\/sites\/39\/2024\/06\/unnamed-3-1536x1152.jpg 1536w, https:\/\/blogg.atl.nu\/utbobloggen\/wp-content\/uploads\/sites\/39\/2024\/06\/unnamed-3.jpg 2016w\" sizes=\"(max-width: 300px) 100vw, 300px\" \/><\/p>\n<p><em>\u00c5terrestaurera h\u00e4r? Till vad?<\/em><\/p>\n<p>Men tiden har ju \u00e4nd\u00e5 haft sin g\u00e5ng.<\/p>\n<p>Jag l\u00e5ter betesputsa de sm\u00e5skiften som i mina skogsbygder \u00e4r direkt ol\u00f6nsamma att odla. Mest f\u00f6r att h\u00e5lla landskapet \u00f6ppet. Och kanske kommer det \u00e5ter en dag \u00e4ven f\u00f6r dem.<\/p>\n<p><img loading=\"lazy\" class=\"alignnone size-medium wp-image-2132\" src=\"https:\/\/blogg.atl.nu\/utbobloggen\/wp-content\/uploads\/sites\/39\/2024\/06\/unnamed-4-225x300.jpg\" alt=\"\" width=\"225\" height=\"300\" srcset=\"https:\/\/blogg.atl.nu\/utbobloggen\/wp-content\/uploads\/sites\/39\/2024\/06\/unnamed-4-225x300.jpg 225w, https:\/\/blogg.atl.nu\/utbobloggen\/wp-content\/uploads\/sites\/39\/2024\/06\/unnamed-4-768x1024.jpg 768w, https:\/\/blogg.atl.nu\/utbobloggen\/wp-content\/uploads\/sites\/39\/2024\/06\/unnamed-4-1152x1536.jpg 1152w, https:\/\/blogg.atl.nu\/utbobloggen\/wp-content\/uploads\/sites\/39\/2024\/06\/unnamed-4.jpg 1512w\" sizes=\"(max-width: 225px) 100vw, 225px\" \/><\/p>\n<p>Men att \u201d\u00e5terst\u00e4lla\u201d \u00e4r n\u00e5got annat.<\/p>\n<p>\u00c5terst\u00e4lla till vad? Vem ska betala? Att det h\u00e4r kommer att f\u00e5 konsekvenser f\u00f6r jord- och skogsbruk \u00e4r uppenbart.<\/p>\n<p>Och visst, det betonas att kraven inte g\u00e5r ner p\u00e5 individniv\u00e5 (som enskild mark\u00e4gare), s\u00e5 jag kanske inte kommer att f\u00e4ngslas om jag inte \u201d\u00e5terrestaurerar\u201d. Men man kan ju straffas p\u00e5 andra s\u00e4tt; ska staten genomf\u00f6ra det h\u00e4r s\u00e5 kommer det ju \u00e4nd\u00e5 att kr\u00e4va administrativa tv\u00e5ngs\u00e5tg\u00e4rder mot den som inte lyder.<\/p>\n<p>Jag bara undrar hur det ska g\u00e5 till?<\/p>\n<p>Och vart tog \u00e4gander\u00e4tten v\u00e4gen i det h\u00e4r?<\/p>\n<p>Brussels at its worst.<\/p>\n<p>&nbsp;<\/p>\n","protected":false},"excerpt":{"rendered":"<p>Ja, det blev \u00e4nnu en v\u00e4nda i det h\u00e4r med EU:s f\u00f6rordning om \u00e5terst\u00e4llande av natur \u2013 som nu i veckan antagits. Sara Johansson beskriver utf\u00f6rligt alla turer som varit i ATL (17\/6). Den biologiska m\u00e5ngfalden ska \u00f6ka och minst 30 procent av \u201dlistade habitattyper i d\u00e5lig kondition till ska \u00e5terst\u00e4llas till 2030, minst 60&#8230;<\/p>\n","protected":false},"author":359,"featured_media":0,"comment_status":"open","ping_status":"open","sticky":false,"template":"","format":"standard","meta":[],"categories":[1],"tags":[],"yoast_head":"<!-- This site is optimized with the Yoast SEO plugin v19.6 - https:\/\/yoast.com\/wordpress\/plugins\/seo\/ -->\n<title>Hur ska man straffa mig om jag inte \u201d\u00e5terrestaurerar\u201d naturen? - Utbobloggen<\/title>\n<meta name=\"robots\" content=\"index, follow, max-snippet:-1, max-image-preview:large, max-video-preview:-1\" \/>\n<link rel=\"canonical\" href=\"https:\/\/blogg.atl.nu\/utbobloggen\/2024\/06\/18\/hur-ska-man-straffa-mig-om-jag-inte-aterrestaurerar-naturen\/\" \/>\n<meta property=\"og:locale\" content=\"sv_SE\" \/>\n<meta property=\"og:type\" content=\"article\" \/>\n<meta property=\"og:title\" content=\"Hur ska man straffa mig om jag inte \u201d\u00e5terrestaurerar\u201d naturen? - Utbobloggen\" \/>\n<meta property=\"og:description\" content=\"Ja, det blev \u00e4nnu en v\u00e4nda i det h\u00e4r med EU:s f\u00f6rordning om \u00e5terst\u00e4llande av natur \u2013 som nu i veckan antagits. Sara Johansson beskriver utf\u00f6rligt alla turer som varit i ATL (17\/6). Den biologiska m\u00e5ngfalden ska \u00f6ka och minst 30 procent av \u201dlistade habitattyper i d\u00e5lig kondition till ska \u00e5terst\u00e4llas till 2030, minst 60...\" \/>\n<meta property=\"og:url\" content=\"https:\/\/blogg.atl.nu\/utbobloggen\/2024\/06\/18\/hur-ska-man-straffa-mig-om-jag-inte-aterrestaurerar-naturen\/\" \/>\n<meta property=\"og:site_name\" content=\"Utbobloggen\" \/>\n<meta property=\"article:published_time\" content=\"2024-06-18T17:28:48+00:00\" \/>\n<meta property=\"article:modified_time\" content=\"2024-06-18T17:40:50+00:00\" \/>\n<meta property=\"og:image\" content=\"https:\/\/blogg.atl.nu\/utbobloggen\/wp-content\/uploads\/sites\/39\/2024\/06\/unnamed-3-300x225.jpg\" \/>\n<meta name=\"author\" content=\"Per Hulteng\u00e5rd\" \/>\n<meta name=\"twitter:card\" content=\"summary_large_image\" \/>\n<meta name=\"twitter:label1\" content=\"Skriven av\" \/>\n\t<meta name=\"twitter:data1\" content=\"Per Hulteng\u00e5rd\" \/>\n\t<meta name=\"twitter:label2\" content=\"Ber\u00e4knad l\u00e4stid\" \/>\n\t<meta name=\"twitter:data2\" content=\"2 minuter\" \/>\n<script type=\"application\/ld+json\" class=\"yoast-schema-graph\">{\"@context\":\"https:\/\/schema.org\",\"@graph\":[{\"@type\":\"WebPage\",\"@id\":\"https:\/\/blogg.atl.nu\/utbobloggen\/2024\/06\/18\/hur-ska-man-straffa-mig-om-jag-inte-aterrestaurerar-naturen\/\",\"url\":\"https:\/\/blogg.atl.nu\/utbobloggen\/2024\/06\/18\/hur-ska-man-straffa-mig-om-jag-inte-aterrestaurerar-naturen\/\",\"name\":\"Hur ska man straffa mig om jag inte \u201d\u00e5terrestaurerar\u201d naturen? - Utbobloggen\",\"isPartOf\":{\"@id\":\"https:\/\/blogg.atl.nu\/utbobloggen\/#website\"},\"datePublished\":\"2024-06-18T17:28:48+00:00\",\"dateModified\":\"2024-06-18T17:40:50+00:00\",\"author\":{\"@id\":\"https:\/\/blogg.atl.nu\/utbobloggen\/#\/schema\/person\/8c997704fc1787a2e8fa7f6cac4ad438\"},\"breadcrumb\":{\"@id\":\"https:\/\/blogg.atl.nu\/utbobloggen\/2024\/06\/18\/hur-ska-man-straffa-mig-om-jag-inte-aterrestaurerar-naturen\/#breadcrumb\"},\"inLanguage\":\"sv-SE\",\"potentialAction\":[{\"@type\":\"ReadAction\",\"target\":[\"https:\/\/blogg.atl.nu\/utbobloggen\/2024\/06\/18\/hur-ska-man-straffa-mig-om-jag-inte-aterrestaurerar-naturen\/\"]}]},{\"@type\":\"BreadcrumbList\",\"@id\":\"https:\/\/blogg.atl.nu\/utbobloggen\/2024\/06\/18\/hur-ska-man-straffa-mig-om-jag-inte-aterrestaurerar-naturen\/#breadcrumb\",\"itemListElement\":[{\"@type\":\"ListItem\",\"position\":1,\"name\":\"Home\",\"item\":\"https:\/\/blogg.atl.nu\/utbobloggen\/\"},{\"@type\":\"ListItem\",\"position\":2,\"name\":\"Hur ska man straffa mig om jag inte \u201d\u00e5terrestaurerar\u201d naturen?\"}]},{\"@type\":\"WebSite\",\"@id\":\"https:\/\/blogg.atl.nu\/utbobloggen\/#website\",\"url\":\"https:\/\/blogg.atl.nu\/utbobloggen\/\",\"name\":\"Utbobloggen\",\"description\":\"Per Hulteng\u00e5rd\",\"potentialAction\":[{\"@type\":\"SearchAction\",\"target\":{\"@type\":\"EntryPoint\",\"urlTemplate\":\"https:\/\/blogg.atl.nu\/utbobloggen\/?s={search_term_string}\"},\"query-input\":\"required name=search_term_string\"}],\"inLanguage\":\"sv-SE\"},{\"@type\":\"Person\",\"@id\":\"https:\/\/blogg.atl.nu\/utbobloggen\/#\/schema\/person\/8c997704fc1787a2e8fa7f6cac4ad438\",\"name\":\"Per Hulteng\u00e5rd\",\"image\":{\"@type\":\"ImageObject\",\"inLanguage\":\"sv-SE\",\"@id\":\"https:\/\/blogg.atl.nu\/utbobloggen\/#\/schema\/person\/image\/\",\"url\":\"https:\/\/secure.gravatar.com\/avatar\/191d7fa8b4b721bb6ebf14bc2d9024e7?s=96&d=mm&r=g\",\"contentUrl\":\"https:\/\/secure.gravatar.com\/avatar\/191d7fa8b4b721bb6ebf14bc2d9024e7?s=96&d=mm&r=g\",\"caption\":\"Per Hulteng\u00e5rd\"},\"url\":\"https:\/\/blogg.atl.nu\/utbobloggen\/author\/phultengard\/\"}]}<\/script>\n<!-- \/ Yoast SEO plugin. -->","yoast_head_json":{"title":"Hur ska man straffa mig om jag inte \u201d\u00e5terrestaurerar\u201d naturen? - Utbobloggen","robots":{"index":"index","follow":"follow","max-snippet":"max-snippet:-1","max-image-preview":"max-image-preview:large","max-video-preview":"max-video-preview:-1"},"canonical":"https:\/\/blogg.atl.nu\/utbobloggen\/2024\/06\/18\/hur-ska-man-straffa-mig-om-jag-inte-aterrestaurerar-naturen\/","og_locale":"sv_SE","og_type":"article","og_title":"Hur ska man straffa mig om jag inte \u201d\u00e5terrestaurerar\u201d naturen? - Utbobloggen","og_description":"Ja, det blev \u00e4nnu en v\u00e4nda i det h\u00e4r med EU:s f\u00f6rordning om \u00e5terst\u00e4llande av natur \u2013 som nu i veckan antagits. Sara Johansson beskriver utf\u00f6rligt alla turer som varit i ATL (17\/6). Den biologiska m\u00e5ngfalden ska \u00f6ka och minst 30 procent av \u201dlistade habitattyper i d\u00e5lig kondition till ska \u00e5terst\u00e4llas till 2030, minst 60...","og_url":"https:\/\/blogg.atl.nu\/utbobloggen\/2024\/06\/18\/hur-ska-man-straffa-mig-om-jag-inte-aterrestaurerar-naturen\/","og_site_name":"Utbobloggen","article_published_time":"2024-06-18T17:28:48+00:00","article_modified_time":"2024-06-18T17:40:50+00:00","og_image":[{"url":"https:\/\/blogg.atl.nu\/utbobloggen\/wp-content\/uploads\/sites\/39\/2024\/06\/unnamed-3-300x225.jpg"}],"author":"Per Hulteng\u00e5rd","twitter_card":"summary_large_image","twitter_misc":{"Skriven av":"Per Hulteng\u00e5rd","Ber\u00e4knad l\u00e4stid":"2 minuter"},"schema":{"@context":"https:\/\/schema.org","@graph":[{"@type":"WebPage","@id":"https:\/\/blogg.atl.nu\/utbobloggen\/2024\/06\/18\/hur-ska-man-straffa-mig-om-jag-inte-aterrestaurerar-naturen\/","url":"https:\/\/blogg.atl.nu\/utbobloggen\/2024\/06\/18\/hur-ska-man-straffa-mig-om-jag-inte-aterrestaurerar-naturen\/","name":"Hur ska man straffa mig om jag inte \u201d\u00e5terrestaurerar\u201d naturen? - Utbobloggen","isPartOf":{"@id":"https:\/\/blogg.atl.nu\/utbobloggen\/#website"},"datePublished":"2024-06-18T17:28:48+00:00","dateModified":"2024-06-18T17:40:50+00:00","author":{"@id":"https:\/\/blogg.atl.nu\/utbobloggen\/#\/schema\/person\/8c997704fc1787a2e8fa7f6cac4ad438"},"breadcrumb":{"@id":"https:\/\/blogg.atl.nu\/utbobloggen\/2024\/06\/18\/hur-ska-man-straffa-mig-om-jag-inte-aterrestaurerar-naturen\/#breadcrumb"},"inLanguage":"sv-SE","potentialAction":[{"@type":"ReadAction","target":["https:\/\/blogg.atl.nu\/utbobloggen\/2024\/06\/18\/hur-ska-man-straffa-mig-om-jag-inte-aterrestaurerar-naturen\/"]}]},{"@type":"BreadcrumbList","@id":"https:\/\/blogg.atl.nu\/utbobloggen\/2024\/06\/18\/hur-ska-man-straffa-mig-om-jag-inte-aterrestaurerar-naturen\/#breadcrumb","itemListElement":[{"@type":"ListItem","position":1,"name":"Home","item":"https:\/\/blogg.atl.nu\/utbobloggen\/"},{"@type":"ListItem","position":2,"name":"Hur ska man straffa mig om jag inte \u201d\u00e5terrestaurerar\u201d naturen?"}]},{"@type":"WebSite","@id":"https:\/\/blogg.atl.nu\/utbobloggen\/#website","url":"https:\/\/blogg.atl.nu\/utbobloggen\/","name":"Utbobloggen","description":"Per Hulteng\u00e5rd","potentialAction":[{"@type":"SearchAction","target":{"@type":"EntryPoint","urlTemplate":"https:\/\/blogg.atl.nu\/utbobloggen\/?s={search_term_string}"},"query-input":"required name=search_term_string"}],"inLanguage":"sv-SE"},{"@type":"Person","@id":"https:\/\/blogg.atl.nu\/utbobloggen\/#\/schema\/person\/8c997704fc1787a2e8fa7f6cac4ad438","name":"Per Hulteng\u00e5rd","image":{"@type":"ImageObject","inLanguage":"sv-SE","@id":"https:\/\/blogg.atl.nu\/utbobloggen\/#\/schema\/person\/image\/","url":"https:\/\/secure.gravatar.com\/avatar\/191d7fa8b4b721bb6ebf14bc2d9024e7?s=96&d=mm&r=g","contentUrl":"https:\/\/secure.gravatar.com\/avatar\/191d7fa8b4b721bb6ebf14bc2d9024e7?s=96&d=mm&r=g","caption":"Per Hulteng\u00e5rd"},"url":"https:\/\/blogg.atl.nu\/utbobloggen\/author\/phultengard\/"}]}},"_links":{"self":[{"href":"https:\/\/blogg.atl.nu\/utbobloggen\/wp-json\/wp\/v2\/posts\/2130"}],"collection":[{"href":"https:\/\/blogg.atl.nu\/utbobloggen\/wp-json\/wp\/v2\/posts"}],"about":[{"href":"https:\/\/blogg.atl.nu\/utbobloggen\/wp-json\/wp\/v2\/types\/post"}],"author":[{"embeddable":true,"href":"https:\/\/blogg.atl.nu\/utbobloggen\/wp-json\/wp\/v2\/users\/359"}],"replies":[{"embeddable":true,"href":"https:\/\/blogg.atl.nu\/utbobloggen\/wp-json\/wp\/v2\/comments?post=2130"}],"version-history":[{"count":4,"href":"https:\/\/blogg.atl.nu\/utbobloggen\/wp-json\/wp\/v2\/posts\/2130\/revisions"}],"predecessor-version":[{"id":2136,"href":"https:\/\/blogg.atl.nu\/utbobloggen\/wp-json\/wp\/v2\/posts\/2130\/revisions\/2136"}],"wp:attachment":[{"href":"https:\/\/blogg.atl.nu\/utbobloggen\/wp-json\/wp\/v2\/media?parent=2130"}],"wp:term":[{"taxonomy":"category","embeddable":true,"href":"https:\/\/blogg.atl.nu\/utbobloggen\/wp-json\/wp\/v2\/categories?post=2130"},{"taxonomy":"post_tag","embeddable":true,"href":"https:\/\/blogg.atl.nu\/utbobloggen\/wp-json\/wp\/v2\/tags?post=2130"}],"curies":[{"name":"wp","href":"https:\/\/api.w.org\/{rel}","templated":true}]}}