{"id":2137,"date":"2024-06-22T15:09:07","date_gmt":"2024-06-22T13:09:07","guid":{"rendered":"https:\/\/blogg.atl.nu\/utbobloggen\/?p=2137"},"modified":"2024-06-22T15:09:07","modified_gmt":"2024-06-22T13:09:07","slug":"glad-midsommar-onskade-nasse","status":"publish","type":"post","link":"https:\/\/blogg.atl.nu\/utbobloggen\/2024\/06\/22\/glad-midsommar-onskade-nasse\/","title":{"rendered":"Glad Midsommar \u00f6nskade Nasse!"},"content":{"rendered":"<p>Ja, s\u00e5 kom f\u00f6rst\u00e5s den dagen d\u00e5 grisarna inte n\u00f6jde sig med att bara b\u00f6ka upp skogsplantor, f\u00f6rst\u00f6ra sk\u00f6rden och s\u00e4tta trynet ner i betena.<\/p>\n<p>Utan ocks\u00e5 traskade in i tr\u00e4dg\u00e5rden om natten och b\u00f6rjade b\u00f6ka upp gr\u00e4smattan.<\/p>\n<p><img loading=\"lazy\" class=\"alignnone size-medium wp-image-2138\" src=\"https:\/\/blogg.atl.nu\/utbobloggen\/wp-content\/uploads\/sites\/39\/2024\/06\/unnamed-5-225x300.jpg\" alt=\"\" width=\"225\" height=\"300\" srcset=\"https:\/\/blogg.atl.nu\/utbobloggen\/wp-content\/uploads\/sites\/39\/2024\/06\/unnamed-5-225x300.jpg 225w, https:\/\/blogg.atl.nu\/utbobloggen\/wp-content\/uploads\/sites\/39\/2024\/06\/unnamed-5-768x1024.jpg 768w, https:\/\/blogg.atl.nu\/utbobloggen\/wp-content\/uploads\/sites\/39\/2024\/06\/unnamed-5-1152x1536.jpg 1152w, https:\/\/blogg.atl.nu\/utbobloggen\/wp-content\/uploads\/sites\/39\/2024\/06\/unnamed-5.jpg 1512w\" sizes=\"(max-width: 225px) 100vw, 225px\" \/><\/p>\n<p>Nasse skulle plocka sju blommor att l\u00e4gga under huvudkudden och tyckte d\u00e5 att ett l\u00e4mpligt s\u00e4tt var att b\u00f6ka upp ett antal kvadratmeter gr\u00e4smatta.<\/p>\n<p>En mycket p\u00e5taglig effekt av det \u00e4r att jag inte l\u00e4ngre kan anv\u00e4nda robotgr\u00e4sklipparen eftersom den ofelbart fastnar i torvorna.<\/p>\n<p>Ok, det g\u00e5r kanske att l\u00e4gga tillbaka och platta till. (P\u00e5 n\u00e5got m\u00e4rkligt s\u00e4tt lyckades Nasse med att INTE bita av den nedgr\u00e4vda slingkabeln \u2013 h\u00e4ngde 10 cm upp i luften bland torvorna \u2013 alltid n\u00e5got!)<\/p>\n<p>De som begriper b\u00e4ttre s\u00e4ger att det f\u00f6rmodligen \u00e4r en ensam galt som blivit utst\u00f6tt fr\u00e5n flocken och nu traskar runt och s\u00f6ker nya v\u00e4nner och marker. Samt att han kommer igen om han tyckte det var trivsamt i tr\u00e4dg\u00e5rden.<\/p>\n<p>Vi f\u00e5r se hur det blir.<\/p>\n<p>Men jag blir s\u00e5 f\u00f6rbannad!<\/p>\n<p>Det enda jag vet \u00e4r att f\u00f6r den person i S\u00f6rmland (var det v\u00e4l?) som en g\u00e5ng tyckte att det var lite lattjo med vildsvin i ett h\u00e4gn \u2013 och sedan sl\u00e4ppte ut dem och d\u00e4rmed framkallande en vildsvinspopulation i landet p\u00e5 bort\u00e5t 300.000 grisar och enorma ekonomiska skador \u2013 s\u00e5 kommer det f\u00f6r all framtid att finnas en s\u00e4rskild plats i helvetet.<\/p>\n<p>Myndighetsansvaret ska vi inte tala om.<\/p>\n","protected":false},"excerpt":{"rendered":"<p>Ja, s\u00e5 kom f\u00f6rst\u00e5s den dagen d\u00e5 grisarna inte n\u00f6jde sig med att bara b\u00f6ka upp skogsplantor, f\u00f6rst\u00f6ra sk\u00f6rden och s\u00e4tta trynet ner i betena. Utan ocks\u00e5 traskade in i tr\u00e4dg\u00e5rden om natten och b\u00f6rjade b\u00f6ka upp gr\u00e4smattan. Nasse skulle plocka sju blommor att l\u00e4gga under huvudkudden och tyckte d\u00e5 att ett l\u00e4mpligt s\u00e4tt var&#8230;<\/p>\n","protected":false},"author":359,"featured_media":0,"comment_status":"open","ping_status":"open","sticky":false,"template":"","format":"standard","meta":[],"categories":[1],"tags":[],"yoast_head":"<!-- This site is optimized with the Yoast SEO plugin v19.6 - https:\/\/yoast.com\/wordpress\/plugins\/seo\/ -->\n<title>Glad Midsommar \u00f6nskade Nasse! - Utbobloggen<\/title>\n<meta name=\"robots\" content=\"index, follow, max-snippet:-1, max-image-preview:large, max-video-preview:-1\" \/>\n<link rel=\"canonical\" href=\"https:\/\/blogg.atl.nu\/utbobloggen\/2024\/06\/22\/glad-midsommar-onskade-nasse\/\" \/>\n<meta property=\"og:locale\" content=\"sv_SE\" \/>\n<meta property=\"og:type\" content=\"article\" \/>\n<meta property=\"og:title\" content=\"Glad Midsommar \u00f6nskade Nasse! - Utbobloggen\" \/>\n<meta property=\"og:description\" content=\"Ja, s\u00e5 kom f\u00f6rst\u00e5s den dagen d\u00e5 grisarna inte n\u00f6jde sig med att bara b\u00f6ka upp skogsplantor, f\u00f6rst\u00f6ra sk\u00f6rden och s\u00e4tta trynet ner i betena. Utan ocks\u00e5 traskade in i tr\u00e4dg\u00e5rden om natten och b\u00f6rjade b\u00f6ka upp gr\u00e4smattan. Nasse skulle plocka sju blommor att l\u00e4gga under huvudkudden och tyckte d\u00e5 att ett l\u00e4mpligt s\u00e4tt var...\" \/>\n<meta property=\"og:url\" content=\"https:\/\/blogg.atl.nu\/utbobloggen\/2024\/06\/22\/glad-midsommar-onskade-nasse\/\" \/>\n<meta property=\"og:site_name\" content=\"Utbobloggen\" \/>\n<meta property=\"article:published_time\" content=\"2024-06-22T13:09:07+00:00\" \/>\n<meta property=\"og:image\" content=\"https:\/\/blogg.atl.nu\/utbobloggen\/wp-content\/uploads\/sites\/39\/2024\/06\/unnamed-5-225x300.jpg\" \/>\n<meta name=\"author\" content=\"Per Hulteng\u00e5rd\" \/>\n<meta name=\"twitter:card\" content=\"summary_large_image\" \/>\n<meta name=\"twitter:label1\" content=\"Skriven av\" \/>\n\t<meta name=\"twitter:data1\" content=\"Per Hulteng\u00e5rd\" \/>\n\t<meta name=\"twitter:label2\" content=\"Ber\u00e4knad l\u00e4stid\" \/>\n\t<meta name=\"twitter:data2\" content=\"2 minuter\" \/>\n<script type=\"application\/ld+json\" class=\"yoast-schema-graph\">{\"@context\":\"https:\/\/schema.org\",\"@graph\":[{\"@type\":\"WebPage\",\"@id\":\"https:\/\/blogg.atl.nu\/utbobloggen\/2024\/06\/22\/glad-midsommar-onskade-nasse\/\",\"url\":\"https:\/\/blogg.atl.nu\/utbobloggen\/2024\/06\/22\/glad-midsommar-onskade-nasse\/\",\"name\":\"Glad Midsommar \u00f6nskade Nasse! - Utbobloggen\",\"isPartOf\":{\"@id\":\"https:\/\/blogg.atl.nu\/utbobloggen\/#website\"},\"datePublished\":\"2024-06-22T13:09:07+00:00\",\"dateModified\":\"2024-06-22T13:09:07+00:00\",\"author\":{\"@id\":\"https:\/\/blogg.atl.nu\/utbobloggen\/#\/schema\/person\/8c997704fc1787a2e8fa7f6cac4ad438\"},\"breadcrumb\":{\"@id\":\"https:\/\/blogg.atl.nu\/utbobloggen\/2024\/06\/22\/glad-midsommar-onskade-nasse\/#breadcrumb\"},\"inLanguage\":\"sv-SE\",\"potentialAction\":[{\"@type\":\"ReadAction\",\"target\":[\"https:\/\/blogg.atl.nu\/utbobloggen\/2024\/06\/22\/glad-midsommar-onskade-nasse\/\"]}]},{\"@type\":\"BreadcrumbList\",\"@id\":\"https:\/\/blogg.atl.nu\/utbobloggen\/2024\/06\/22\/glad-midsommar-onskade-nasse\/#breadcrumb\",\"itemListElement\":[{\"@type\":\"ListItem\",\"position\":1,\"name\":\"Home\",\"item\":\"https:\/\/blogg.atl.nu\/utbobloggen\/\"},{\"@type\":\"ListItem\",\"position\":2,\"name\":\"Glad Midsommar \u00f6nskade Nasse!\"}]},{\"@type\":\"WebSite\",\"@id\":\"https:\/\/blogg.atl.nu\/utbobloggen\/#website\",\"url\":\"https:\/\/blogg.atl.nu\/utbobloggen\/\",\"name\":\"Utbobloggen\",\"description\":\"Per Hulteng\u00e5rd\",\"potentialAction\":[{\"@type\":\"SearchAction\",\"target\":{\"@type\":\"EntryPoint\",\"urlTemplate\":\"https:\/\/blogg.atl.nu\/utbobloggen\/?s={search_term_string}\"},\"query-input\":\"required name=search_term_string\"}],\"inLanguage\":\"sv-SE\"},{\"@type\":\"Person\",\"@id\":\"https:\/\/blogg.atl.nu\/utbobloggen\/#\/schema\/person\/8c997704fc1787a2e8fa7f6cac4ad438\",\"name\":\"Per Hulteng\u00e5rd\",\"image\":{\"@type\":\"ImageObject\",\"inLanguage\":\"sv-SE\",\"@id\":\"https:\/\/blogg.atl.nu\/utbobloggen\/#\/schema\/person\/image\/\",\"url\":\"https:\/\/secure.gravatar.com\/avatar\/191d7fa8b4b721bb6ebf14bc2d9024e7?s=96&d=mm&r=g\",\"contentUrl\":\"https:\/\/secure.gravatar.com\/avatar\/191d7fa8b4b721bb6ebf14bc2d9024e7?s=96&d=mm&r=g\",\"caption\":\"Per Hulteng\u00e5rd\"},\"url\":\"https:\/\/blogg.atl.nu\/utbobloggen\/author\/phultengard\/\"}]}<\/script>\n<!-- \/ Yoast SEO plugin. -->","yoast_head_json":{"title":"Glad Midsommar \u00f6nskade Nasse! - Utbobloggen","robots":{"index":"index","follow":"follow","max-snippet":"max-snippet:-1","max-image-preview":"max-image-preview:large","max-video-preview":"max-video-preview:-1"},"canonical":"https:\/\/blogg.atl.nu\/utbobloggen\/2024\/06\/22\/glad-midsommar-onskade-nasse\/","og_locale":"sv_SE","og_type":"article","og_title":"Glad Midsommar \u00f6nskade Nasse! - Utbobloggen","og_description":"Ja, s\u00e5 kom f\u00f6rst\u00e5s den dagen d\u00e5 grisarna inte n\u00f6jde sig med att bara b\u00f6ka upp skogsplantor, f\u00f6rst\u00f6ra sk\u00f6rden och s\u00e4tta trynet ner i betena. Utan ocks\u00e5 traskade in i tr\u00e4dg\u00e5rden om natten och b\u00f6rjade b\u00f6ka upp gr\u00e4smattan. Nasse skulle plocka sju blommor att l\u00e4gga under huvudkudden och tyckte d\u00e5 att ett l\u00e4mpligt s\u00e4tt var...","og_url":"https:\/\/blogg.atl.nu\/utbobloggen\/2024\/06\/22\/glad-midsommar-onskade-nasse\/","og_site_name":"Utbobloggen","article_published_time":"2024-06-22T13:09:07+00:00","og_image":[{"url":"https:\/\/blogg.atl.nu\/utbobloggen\/wp-content\/uploads\/sites\/39\/2024\/06\/unnamed-5-225x300.jpg"}],"author":"Per Hulteng\u00e5rd","twitter_card":"summary_large_image","twitter_misc":{"Skriven av":"Per Hulteng\u00e5rd","Ber\u00e4knad l\u00e4stid":"2 minuter"},"schema":{"@context":"https:\/\/schema.org","@graph":[{"@type":"WebPage","@id":"https:\/\/blogg.atl.nu\/utbobloggen\/2024\/06\/22\/glad-midsommar-onskade-nasse\/","url":"https:\/\/blogg.atl.nu\/utbobloggen\/2024\/06\/22\/glad-midsommar-onskade-nasse\/","name":"Glad Midsommar \u00f6nskade Nasse! - Utbobloggen","isPartOf":{"@id":"https:\/\/blogg.atl.nu\/utbobloggen\/#website"},"datePublished":"2024-06-22T13:09:07+00:00","dateModified":"2024-06-22T13:09:07+00:00","author":{"@id":"https:\/\/blogg.atl.nu\/utbobloggen\/#\/schema\/person\/8c997704fc1787a2e8fa7f6cac4ad438"},"breadcrumb":{"@id":"https:\/\/blogg.atl.nu\/utbobloggen\/2024\/06\/22\/glad-midsommar-onskade-nasse\/#breadcrumb"},"inLanguage":"sv-SE","potentialAction":[{"@type":"ReadAction","target":["https:\/\/blogg.atl.nu\/utbobloggen\/2024\/06\/22\/glad-midsommar-onskade-nasse\/"]}]},{"@type":"BreadcrumbList","@id":"https:\/\/blogg.atl.nu\/utbobloggen\/2024\/06\/22\/glad-midsommar-onskade-nasse\/#breadcrumb","itemListElement":[{"@type":"ListItem","position":1,"name":"Home","item":"https:\/\/blogg.atl.nu\/utbobloggen\/"},{"@type":"ListItem","position":2,"name":"Glad Midsommar \u00f6nskade Nasse!"}]},{"@type":"WebSite","@id":"https:\/\/blogg.atl.nu\/utbobloggen\/#website","url":"https:\/\/blogg.atl.nu\/utbobloggen\/","name":"Utbobloggen","description":"Per Hulteng\u00e5rd","potentialAction":[{"@type":"SearchAction","target":{"@type":"EntryPoint","urlTemplate":"https:\/\/blogg.atl.nu\/utbobloggen\/?s={search_term_string}"},"query-input":"required name=search_term_string"}],"inLanguage":"sv-SE"},{"@type":"Person","@id":"https:\/\/blogg.atl.nu\/utbobloggen\/#\/schema\/person\/8c997704fc1787a2e8fa7f6cac4ad438","name":"Per Hulteng\u00e5rd","image":{"@type":"ImageObject","inLanguage":"sv-SE","@id":"https:\/\/blogg.atl.nu\/utbobloggen\/#\/schema\/person\/image\/","url":"https:\/\/secure.gravatar.com\/avatar\/191d7fa8b4b721bb6ebf14bc2d9024e7?s=96&d=mm&r=g","contentUrl":"https:\/\/secure.gravatar.com\/avatar\/191d7fa8b4b721bb6ebf14bc2d9024e7?s=96&d=mm&r=g","caption":"Per Hulteng\u00e5rd"},"url":"https:\/\/blogg.atl.nu\/utbobloggen\/author\/phultengard\/"}]}},"_links":{"self":[{"href":"https:\/\/blogg.atl.nu\/utbobloggen\/wp-json\/wp\/v2\/posts\/2137"}],"collection":[{"href":"https:\/\/blogg.atl.nu\/utbobloggen\/wp-json\/wp\/v2\/posts"}],"about":[{"href":"https:\/\/blogg.atl.nu\/utbobloggen\/wp-json\/wp\/v2\/types\/post"}],"author":[{"embeddable":true,"href":"https:\/\/blogg.atl.nu\/utbobloggen\/wp-json\/wp\/v2\/users\/359"}],"replies":[{"embeddable":true,"href":"https:\/\/blogg.atl.nu\/utbobloggen\/wp-json\/wp\/v2\/comments?post=2137"}],"version-history":[{"count":1,"href":"https:\/\/blogg.atl.nu\/utbobloggen\/wp-json\/wp\/v2\/posts\/2137\/revisions"}],"predecessor-version":[{"id":2139,"href":"https:\/\/blogg.atl.nu\/utbobloggen\/wp-json\/wp\/v2\/posts\/2137\/revisions\/2139"}],"wp:attachment":[{"href":"https:\/\/blogg.atl.nu\/utbobloggen\/wp-json\/wp\/v2\/media?parent=2137"}],"wp:term":[{"taxonomy":"category","embeddable":true,"href":"https:\/\/blogg.atl.nu\/utbobloggen\/wp-json\/wp\/v2\/categories?post=2137"},{"taxonomy":"post_tag","embeddable":true,"href":"https:\/\/blogg.atl.nu\/utbobloggen\/wp-json\/wp\/v2\/tags?post=2137"}],"curies":[{"name":"wp","href":"https:\/\/api.w.org\/{rel}","templated":true}]}}