{"id":2226,"date":"2024-09-19T22:12:43","date_gmt":"2024-09-19T20:12:43","guid":{"rendered":"https:\/\/blogg.atl.nu\/utbobloggen\/?p=2226"},"modified":"2024-09-19T22:38:54","modified_gmt":"2024-09-19T20:38:54","slug":"dimman-lagger-sig-andas-in-andas-ut","status":"publish","type":"post","link":"https:\/\/blogg.atl.nu\/utbobloggen\/2024\/09\/19\/dimman-lagger-sig-andas-in-andas-ut\/","title":{"rendered":"Dimman l\u00e4gger sig &#8211; Andas in, andas ut!"},"content":{"rendered":"<p><img loading=\"lazy\" class=\"alignnone size-medium wp-image-2229\" src=\"https:\/\/blogg.atl.nu\/utbobloggen\/wp-content\/uploads\/sites\/39\/2024\/09\/unnamed-9-300x225.jpg\" alt=\"\" width=\"300\" height=\"225\" srcset=\"https:\/\/blogg.atl.nu\/utbobloggen\/wp-content\/uploads\/sites\/39\/2024\/09\/unnamed-9-300x225.jpg 300w, https:\/\/blogg.atl.nu\/utbobloggen\/wp-content\/uploads\/sites\/39\/2024\/09\/unnamed-9-1024x768.jpg 1024w, https:\/\/blogg.atl.nu\/utbobloggen\/wp-content\/uploads\/sites\/39\/2024\/09\/unnamed-9-768x576.jpg 768w, https:\/\/blogg.atl.nu\/utbobloggen\/wp-content\/uploads\/sites\/39\/2024\/09\/unnamed-9-1536x1152.jpg 1536w, https:\/\/blogg.atl.nu\/utbobloggen\/wp-content\/uploads\/sites\/39\/2024\/09\/unnamed-9.jpg 2016w\" sizes=\"(max-width: 300px) 100vw, 300px\" \/><\/p>\n<p>Torsdag kv\u00e4ll.<\/p>\n<p>\u00c4r Utbo p\u00e5 resa i jobbet.<\/p>\n<p>&#8221;Mellanlandar&#8221; p\u00e5 g\u00e5rden.<\/p>\n<p>Det \u00e4r en f\u00f6rdel att ha g\u00e5rden mitt i Sverige (i \u00f6st-v\u00e4stlig riktning). Man kan &#8221;mellanlanda&#8221; r\u00e4tt ofta d\u00e5.<\/p>\n<p>+ 22 n\u00e4r jag \u00e5kte fr\u00e5n trafikkaoset i Stockholm.<\/p>\n<p>+ 9 n\u00e4r jag kom fram p\u00e5 grusv\u00e4gen till g\u00e5rden. S\u00e5g en ekorre med fin svans &#8211; det var l\u00e4nge sedan.<\/p>\n<p>Klev ur bilen.<\/p>\n<p>Klart och kallt, syrerik luft.<\/p>\n<p>Andas in &#8211; andas ut.<\/p>\n<p>Vindstilla.<\/p>\n<p>Tyst och snart m\u00f6rkt.<\/p>\n<p>&nbsp;<\/p>\n<p><img loading=\"lazy\" class=\"alignnone size-medium wp-image-2230\" src=\"https:\/\/blogg.atl.nu\/utbobloggen\/wp-content\/uploads\/sites\/39\/2024\/09\/unnamed-10-300x225.jpg\" alt=\"\" width=\"300\" height=\"225\" srcset=\"https:\/\/blogg.atl.nu\/utbobloggen\/wp-content\/uploads\/sites\/39\/2024\/09\/unnamed-10-300x225.jpg 300w, https:\/\/blogg.atl.nu\/utbobloggen\/wp-content\/uploads\/sites\/39\/2024\/09\/unnamed-10-1024x768.jpg 1024w, https:\/\/blogg.atl.nu\/utbobloggen\/wp-content\/uploads\/sites\/39\/2024\/09\/unnamed-10-768x576.jpg 768w, https:\/\/blogg.atl.nu\/utbobloggen\/wp-content\/uploads\/sites\/39\/2024\/09\/unnamed-10-1536x1152.jpg 1536w, https:\/\/blogg.atl.nu\/utbobloggen\/wp-content\/uploads\/sites\/39\/2024\/09\/unnamed-10.jpg 2016w\" sizes=\"(max-width: 300px) 100vw, 300px\" \/><\/p>\n<p>Dimman l\u00e4gger sig \u00f6ver g\u00e4rden och beten.<\/p>\n<p><img loading=\"lazy\" class=\"alignnone size-medium wp-image-2233\" src=\"https:\/\/blogg.atl.nu\/utbobloggen\/wp-content\/uploads\/sites\/39\/2024\/09\/unnamed-13-225x300.jpg\" alt=\"\" width=\"225\" height=\"300\" srcset=\"https:\/\/blogg.atl.nu\/utbobloggen\/wp-content\/uploads\/sites\/39\/2024\/09\/unnamed-13-225x300.jpg 225w, https:\/\/blogg.atl.nu\/utbobloggen\/wp-content\/uploads\/sites\/39\/2024\/09\/unnamed-13-768x1024.jpg 768w, https:\/\/blogg.atl.nu\/utbobloggen\/wp-content\/uploads\/sites\/39\/2024\/09\/unnamed-13-1152x1536.jpg 1152w, https:\/\/blogg.atl.nu\/utbobloggen\/wp-content\/uploads\/sites\/39\/2024\/09\/unnamed-13.jpg 1512w\" sizes=\"(max-width: 225px) 100vw, 225px\" \/><\/p>\n<p>&nbsp;<\/p>\n<p>I v\u00e4ster g\u00e5r solen ner.<\/p>\n<p><img loading=\"lazy\" class=\"alignnone size-medium wp-image-2232\" src=\"https:\/\/blogg.atl.nu\/utbobloggen\/wp-content\/uploads\/sites\/39\/2024\/09\/unnamed-12-300x225.jpg\" alt=\"\" width=\"300\" height=\"225\" srcset=\"https:\/\/blogg.atl.nu\/utbobloggen\/wp-content\/uploads\/sites\/39\/2024\/09\/unnamed-12-300x225.jpg 300w, https:\/\/blogg.atl.nu\/utbobloggen\/wp-content\/uploads\/sites\/39\/2024\/09\/unnamed-12-1024x768.jpg 1024w, https:\/\/blogg.atl.nu\/utbobloggen\/wp-content\/uploads\/sites\/39\/2024\/09\/unnamed-12-768x576.jpg 768w, https:\/\/blogg.atl.nu\/utbobloggen\/wp-content\/uploads\/sites\/39\/2024\/09\/unnamed-12-1536x1152.jpg 1536w, https:\/\/blogg.atl.nu\/utbobloggen\/wp-content\/uploads\/sites\/39\/2024\/09\/unnamed-12.jpg 2016w\" sizes=\"(max-width: 300px) 100vw, 300px\" \/><\/p>\n<p>I \u00f6ster stiger samtidigt en vacker fullm\u00e5ne upp.<\/p>\n<p>Jag bara njuter.<\/p>\n<p>Det \u00e4r s\u00e5 vackert!<\/p>\n","protected":false},"excerpt":{"rendered":"<p>Torsdag kv\u00e4ll. \u00c4r Utbo p\u00e5 resa i jobbet. &#8221;Mellanlandar&#8221; p\u00e5 g\u00e5rden. Det \u00e4r en f\u00f6rdel att ha g\u00e5rden mitt i Sverige (i \u00f6st-v\u00e4stlig riktning). Man kan &#8221;mellanlanda&#8221; r\u00e4tt ofta d\u00e5. + 22 n\u00e4r jag \u00e5kte fr\u00e5n trafikkaoset i Stockholm. + 9 n\u00e4r jag kom fram p\u00e5 grusv\u00e4gen till g\u00e5rden. S\u00e5g en ekorre med fin svans&#8230;<\/p>\n","protected":false},"author":359,"featured_media":0,"comment_status":"open","ping_status":"open","sticky":false,"template":"","format":"standard","meta":[],"categories":[1],"tags":[],"yoast_head":"<!-- This site is optimized with the Yoast SEO plugin v19.6 - https:\/\/yoast.com\/wordpress\/plugins\/seo\/ -->\n<title>Dimman l\u00e4gger sig - Andas in, andas ut! - Utbobloggen<\/title>\n<meta name=\"robots\" content=\"index, follow, max-snippet:-1, max-image-preview:large, max-video-preview:-1\" \/>\n<link rel=\"canonical\" href=\"https:\/\/blogg.atl.nu\/utbobloggen\/2024\/09\/19\/dimman-lagger-sig-andas-in-andas-ut\/\" \/>\n<meta property=\"og:locale\" content=\"sv_SE\" \/>\n<meta property=\"og:type\" content=\"article\" \/>\n<meta property=\"og:title\" content=\"Dimman l\u00e4gger sig - Andas in, andas ut! - Utbobloggen\" \/>\n<meta property=\"og:description\" content=\"Torsdag kv\u00e4ll. \u00c4r Utbo p\u00e5 resa i jobbet. &#8221;Mellanlandar&#8221; p\u00e5 g\u00e5rden. Det \u00e4r en f\u00f6rdel att ha g\u00e5rden mitt i Sverige (i \u00f6st-v\u00e4stlig riktning). Man kan &#8221;mellanlanda&#8221; r\u00e4tt ofta d\u00e5. + 22 n\u00e4r jag \u00e5kte fr\u00e5n trafikkaoset i Stockholm. + 9 n\u00e4r jag kom fram p\u00e5 grusv\u00e4gen till g\u00e5rden. S\u00e5g en ekorre med fin svans...\" \/>\n<meta property=\"og:url\" content=\"https:\/\/blogg.atl.nu\/utbobloggen\/2024\/09\/19\/dimman-lagger-sig-andas-in-andas-ut\/\" \/>\n<meta property=\"og:site_name\" content=\"Utbobloggen\" \/>\n<meta property=\"article:published_time\" content=\"2024-09-19T20:12:43+00:00\" \/>\n<meta property=\"article:modified_time\" content=\"2024-09-19T20:38:54+00:00\" \/>\n<meta property=\"og:image\" content=\"https:\/\/blogg.atl.nu\/utbobloggen\/wp-content\/uploads\/sites\/39\/2024\/09\/unnamed-9-300x225.jpg\" \/>\n<meta name=\"author\" content=\"Per Hulteng\u00e5rd\" \/>\n<meta name=\"twitter:card\" content=\"summary_large_image\" \/>\n<meta name=\"twitter:label1\" content=\"Skriven av\" \/>\n\t<meta name=\"twitter:data1\" content=\"Per Hulteng\u00e5rd\" \/>\n\t<meta name=\"twitter:label2\" content=\"Ber\u00e4knad l\u00e4stid\" \/>\n\t<meta name=\"twitter:data2\" content=\"2 minuter\" \/>\n<script type=\"application\/ld+json\" class=\"yoast-schema-graph\">{\"@context\":\"https:\/\/schema.org\",\"@graph\":[{\"@type\":\"WebPage\",\"@id\":\"https:\/\/blogg.atl.nu\/utbobloggen\/2024\/09\/19\/dimman-lagger-sig-andas-in-andas-ut\/\",\"url\":\"https:\/\/blogg.atl.nu\/utbobloggen\/2024\/09\/19\/dimman-lagger-sig-andas-in-andas-ut\/\",\"name\":\"Dimman l\u00e4gger sig - Andas in, andas ut! - Utbobloggen\",\"isPartOf\":{\"@id\":\"https:\/\/blogg.atl.nu\/utbobloggen\/#website\"},\"datePublished\":\"2024-09-19T20:12:43+00:00\",\"dateModified\":\"2024-09-19T20:38:54+00:00\",\"author\":{\"@id\":\"https:\/\/blogg.atl.nu\/utbobloggen\/#\/schema\/person\/8c997704fc1787a2e8fa7f6cac4ad438\"},\"breadcrumb\":{\"@id\":\"https:\/\/blogg.atl.nu\/utbobloggen\/2024\/09\/19\/dimman-lagger-sig-andas-in-andas-ut\/#breadcrumb\"},\"inLanguage\":\"sv-SE\",\"potentialAction\":[{\"@type\":\"ReadAction\",\"target\":[\"https:\/\/blogg.atl.nu\/utbobloggen\/2024\/09\/19\/dimman-lagger-sig-andas-in-andas-ut\/\"]}]},{\"@type\":\"BreadcrumbList\",\"@id\":\"https:\/\/blogg.atl.nu\/utbobloggen\/2024\/09\/19\/dimman-lagger-sig-andas-in-andas-ut\/#breadcrumb\",\"itemListElement\":[{\"@type\":\"ListItem\",\"position\":1,\"name\":\"Home\",\"item\":\"https:\/\/blogg.atl.nu\/utbobloggen\/\"},{\"@type\":\"ListItem\",\"position\":2,\"name\":\"Dimman l\u00e4gger sig &#8211; Andas in, andas ut!\"}]},{\"@type\":\"WebSite\",\"@id\":\"https:\/\/blogg.atl.nu\/utbobloggen\/#website\",\"url\":\"https:\/\/blogg.atl.nu\/utbobloggen\/\",\"name\":\"Utbobloggen\",\"description\":\"Per Hulteng\u00e5rd\",\"potentialAction\":[{\"@type\":\"SearchAction\",\"target\":{\"@type\":\"EntryPoint\",\"urlTemplate\":\"https:\/\/blogg.atl.nu\/utbobloggen\/?s={search_term_string}\"},\"query-input\":\"required name=search_term_string\"}],\"inLanguage\":\"sv-SE\"},{\"@type\":\"Person\",\"@id\":\"https:\/\/blogg.atl.nu\/utbobloggen\/#\/schema\/person\/8c997704fc1787a2e8fa7f6cac4ad438\",\"name\":\"Per Hulteng\u00e5rd\",\"image\":{\"@type\":\"ImageObject\",\"inLanguage\":\"sv-SE\",\"@id\":\"https:\/\/blogg.atl.nu\/utbobloggen\/#\/schema\/person\/image\/\",\"url\":\"https:\/\/secure.gravatar.com\/avatar\/191d7fa8b4b721bb6ebf14bc2d9024e7?s=96&d=mm&r=g\",\"contentUrl\":\"https:\/\/secure.gravatar.com\/avatar\/191d7fa8b4b721bb6ebf14bc2d9024e7?s=96&d=mm&r=g\",\"caption\":\"Per Hulteng\u00e5rd\"},\"url\":\"https:\/\/blogg.atl.nu\/utbobloggen\/author\/phultengard\/\"}]}<\/script>\n<!-- \/ Yoast SEO plugin. -->","yoast_head_json":{"title":"Dimman l\u00e4gger sig - Andas in, andas ut! - Utbobloggen","robots":{"index":"index","follow":"follow","max-snippet":"max-snippet:-1","max-image-preview":"max-image-preview:large","max-video-preview":"max-video-preview:-1"},"canonical":"https:\/\/blogg.atl.nu\/utbobloggen\/2024\/09\/19\/dimman-lagger-sig-andas-in-andas-ut\/","og_locale":"sv_SE","og_type":"article","og_title":"Dimman l\u00e4gger sig - Andas in, andas ut! - Utbobloggen","og_description":"Torsdag kv\u00e4ll. \u00c4r Utbo p\u00e5 resa i jobbet. &#8221;Mellanlandar&#8221; p\u00e5 g\u00e5rden. Det \u00e4r en f\u00f6rdel att ha g\u00e5rden mitt i Sverige (i \u00f6st-v\u00e4stlig riktning). Man kan &#8221;mellanlanda&#8221; r\u00e4tt ofta d\u00e5. + 22 n\u00e4r jag \u00e5kte fr\u00e5n trafikkaoset i Stockholm. + 9 n\u00e4r jag kom fram p\u00e5 grusv\u00e4gen till g\u00e5rden. S\u00e5g en ekorre med fin svans...","og_url":"https:\/\/blogg.atl.nu\/utbobloggen\/2024\/09\/19\/dimman-lagger-sig-andas-in-andas-ut\/","og_site_name":"Utbobloggen","article_published_time":"2024-09-19T20:12:43+00:00","article_modified_time":"2024-09-19T20:38:54+00:00","og_image":[{"url":"https:\/\/blogg.atl.nu\/utbobloggen\/wp-content\/uploads\/sites\/39\/2024\/09\/unnamed-9-300x225.jpg"}],"author":"Per Hulteng\u00e5rd","twitter_card":"summary_large_image","twitter_misc":{"Skriven av":"Per Hulteng\u00e5rd","Ber\u00e4knad l\u00e4stid":"2 minuter"},"schema":{"@context":"https:\/\/schema.org","@graph":[{"@type":"WebPage","@id":"https:\/\/blogg.atl.nu\/utbobloggen\/2024\/09\/19\/dimman-lagger-sig-andas-in-andas-ut\/","url":"https:\/\/blogg.atl.nu\/utbobloggen\/2024\/09\/19\/dimman-lagger-sig-andas-in-andas-ut\/","name":"Dimman l\u00e4gger sig - Andas in, andas ut! - Utbobloggen","isPartOf":{"@id":"https:\/\/blogg.atl.nu\/utbobloggen\/#website"},"datePublished":"2024-09-19T20:12:43+00:00","dateModified":"2024-09-19T20:38:54+00:00","author":{"@id":"https:\/\/blogg.atl.nu\/utbobloggen\/#\/schema\/person\/8c997704fc1787a2e8fa7f6cac4ad438"},"breadcrumb":{"@id":"https:\/\/blogg.atl.nu\/utbobloggen\/2024\/09\/19\/dimman-lagger-sig-andas-in-andas-ut\/#breadcrumb"},"inLanguage":"sv-SE","potentialAction":[{"@type":"ReadAction","target":["https:\/\/blogg.atl.nu\/utbobloggen\/2024\/09\/19\/dimman-lagger-sig-andas-in-andas-ut\/"]}]},{"@type":"BreadcrumbList","@id":"https:\/\/blogg.atl.nu\/utbobloggen\/2024\/09\/19\/dimman-lagger-sig-andas-in-andas-ut\/#breadcrumb","itemListElement":[{"@type":"ListItem","position":1,"name":"Home","item":"https:\/\/blogg.atl.nu\/utbobloggen\/"},{"@type":"ListItem","position":2,"name":"Dimman l\u00e4gger sig &#8211; Andas in, andas ut!"}]},{"@type":"WebSite","@id":"https:\/\/blogg.atl.nu\/utbobloggen\/#website","url":"https:\/\/blogg.atl.nu\/utbobloggen\/","name":"Utbobloggen","description":"Per Hulteng\u00e5rd","potentialAction":[{"@type":"SearchAction","target":{"@type":"EntryPoint","urlTemplate":"https:\/\/blogg.atl.nu\/utbobloggen\/?s={search_term_string}"},"query-input":"required name=search_term_string"}],"inLanguage":"sv-SE"},{"@type":"Person","@id":"https:\/\/blogg.atl.nu\/utbobloggen\/#\/schema\/person\/8c997704fc1787a2e8fa7f6cac4ad438","name":"Per Hulteng\u00e5rd","image":{"@type":"ImageObject","inLanguage":"sv-SE","@id":"https:\/\/blogg.atl.nu\/utbobloggen\/#\/schema\/person\/image\/","url":"https:\/\/secure.gravatar.com\/avatar\/191d7fa8b4b721bb6ebf14bc2d9024e7?s=96&d=mm&r=g","contentUrl":"https:\/\/secure.gravatar.com\/avatar\/191d7fa8b4b721bb6ebf14bc2d9024e7?s=96&d=mm&r=g","caption":"Per Hulteng\u00e5rd"},"url":"https:\/\/blogg.atl.nu\/utbobloggen\/author\/phultengard\/"}]}},"_links":{"self":[{"href":"https:\/\/blogg.atl.nu\/utbobloggen\/wp-json\/wp\/v2\/posts\/2226"}],"collection":[{"href":"https:\/\/blogg.atl.nu\/utbobloggen\/wp-json\/wp\/v2\/posts"}],"about":[{"href":"https:\/\/blogg.atl.nu\/utbobloggen\/wp-json\/wp\/v2\/types\/post"}],"author":[{"embeddable":true,"href":"https:\/\/blogg.atl.nu\/utbobloggen\/wp-json\/wp\/v2\/users\/359"}],"replies":[{"embeddable":true,"href":"https:\/\/blogg.atl.nu\/utbobloggen\/wp-json\/wp\/v2\/comments?post=2226"}],"version-history":[{"count":6,"href":"https:\/\/blogg.atl.nu\/utbobloggen\/wp-json\/wp\/v2\/posts\/2226\/revisions"}],"predecessor-version":[{"id":2239,"href":"https:\/\/blogg.atl.nu\/utbobloggen\/wp-json\/wp\/v2\/posts\/2226\/revisions\/2239"}],"wp:attachment":[{"href":"https:\/\/blogg.atl.nu\/utbobloggen\/wp-json\/wp\/v2\/media?parent=2226"}],"wp:term":[{"taxonomy":"category","embeddable":true,"href":"https:\/\/blogg.atl.nu\/utbobloggen\/wp-json\/wp\/v2\/categories?post=2226"},{"taxonomy":"post_tag","embeddable":true,"href":"https:\/\/blogg.atl.nu\/utbobloggen\/wp-json\/wp\/v2\/tags?post=2226"}],"curies":[{"name":"wp","href":"https:\/\/api.w.org\/{rel}","templated":true}]}}