{"id":2518,"date":"2025-07-07T22:20:25","date_gmt":"2025-07-07T20:20:25","guid":{"rendered":"https:\/\/blogg.atl.nu\/utbobloggen\/?p=2518"},"modified":"2025-07-07T22:20:25","modified_gmt":"2025-07-07T20:20:25","slug":"fint-nar-det-regnar-i-juli","status":"publish","type":"post","link":"https:\/\/blogg.atl.nu\/utbobloggen\/2025\/07\/07\/fint-nar-det-regnar-i-juli\/","title":{"rendered":"Fint n\u00e4r det regnar i juli!"},"content":{"rendered":"<p>Det \u00e4r v\u00e4l kanske inte det v\u00e4der som m\u00e5nga av dem som just g\u00e5tt p\u00e5 semester hade dr\u00f6mt om, men nu har det h\u00e4r p\u00e5 g\u00e5rden, m\u00e5ndag kv\u00e4ll, regnat n\u00e4stan oavbrutet sedan l\u00f6rdag f\u00f6rmiddag. Och mer ska det bli!<\/p>\n<p><img loading=\"lazy\" class=\"alignnone size-medium wp-image-2519\" src=\"https:\/\/blogg.atl.nu\/utbobloggen\/wp-content\/uploads\/sites\/39\/2025\/07\/0-2-300x225.jpg\" alt=\"\" width=\"300\" height=\"225\" srcset=\"https:\/\/blogg.atl.nu\/utbobloggen\/wp-content\/uploads\/sites\/39\/2025\/07\/0-2-300x225.jpg 300w, https:\/\/blogg.atl.nu\/utbobloggen\/wp-content\/uploads\/sites\/39\/2025\/07\/0-2-1024x768.jpg 1024w, https:\/\/blogg.atl.nu\/utbobloggen\/wp-content\/uploads\/sites\/39\/2025\/07\/0-2-768x576.jpg 768w, https:\/\/blogg.atl.nu\/utbobloggen\/wp-content\/uploads\/sites\/39\/2025\/07\/0-2.jpg 1092w\" sizes=\"(max-width: 300px) 100vw, 300px\" \/><\/p>\n<p>Inga j\u00e4ttem\u00e4ngder, inga skyfall, inga \u00e5skv\u00e4der, utan fint strilande regn.<\/p>\n<p>Som v\u00e5ra torra marker s\u00e5 v\u00e4l beh\u00f6ver.<\/p>\n<p>S\u00e5 kan v\u00e4l metrologerna \u00e5tminstone f\u00f6r n\u00e5gra dagar sl\u00e4cka ner alla sina gula varningar f\u00f6r skogsbrand.<\/p>\n<p>Och barkborrarna kan v\u00e4l bara gl\u00f6mma i alla fall merparten av den h\u00e4r s\u00e4songen.<\/p>\n<p>Sedan \u00e4r det klart att de h\u00e4r skv\u00e4ttarna av regn l\u00e5ngt ifr\u00e5n fyller grundvattensbehovet\/-niv\u00e5erna. Men det \u00e4r s\u00e5 pass att det v\u00e4l \u00e4nd\u00e5 fyller p\u00e5 en del.<\/p>\n<p>Och fint f\u00f6r de nysatta granplantorna!<\/p>\n<p>Samtidigt \u00e4r det r\u00e4tt sk\u00f6nt att, en regnig sommarkv\u00e4ll till trots, kunna sitta med f\u00f6nstret halv\u00f6ppet och l\u00e5ta den friska luften str\u00f6mma in.<\/p>\n<p><img loading=\"lazy\" class=\"alignnone size-medium wp-image-2520\" src=\"https:\/\/blogg.atl.nu\/utbobloggen\/wp-content\/uploads\/sites\/39\/2025\/07\/0-3-300x225.jpg\" alt=\"\" width=\"300\" height=\"225\" srcset=\"https:\/\/blogg.atl.nu\/utbobloggen\/wp-content\/uploads\/sites\/39\/2025\/07\/0-3-300x225.jpg 300w, https:\/\/blogg.atl.nu\/utbobloggen\/wp-content\/uploads\/sites\/39\/2025\/07\/0-3-1024x768.jpg 1024w, https:\/\/blogg.atl.nu\/utbobloggen\/wp-content\/uploads\/sites\/39\/2025\/07\/0-3-768x576.jpg 768w, https:\/\/blogg.atl.nu\/utbobloggen\/wp-content\/uploads\/sites\/39\/2025\/07\/0-3.jpg 1092w\" sizes=\"(max-width: 300px) 100vw, 300px\" \/><\/p>\n<p>Och att se fram emot n\u00e5gra soliga dagar fram\u00e5t helgen!<\/p>\n","protected":false},"excerpt":{"rendered":"<p>Det \u00e4r v\u00e4l kanske inte det v\u00e4der som m\u00e5nga av dem som just g\u00e5tt p\u00e5 semester hade dr\u00f6mt om, men nu har det h\u00e4r p\u00e5 g\u00e5rden, m\u00e5ndag kv\u00e4ll, regnat n\u00e4stan oavbrutet sedan l\u00f6rdag f\u00f6rmiddag. Och mer ska det bli! Inga j\u00e4ttem\u00e4ngder, inga skyfall, inga \u00e5skv\u00e4der, utan fint strilande regn. Som v\u00e5ra torra marker s\u00e5 v\u00e4l&#8230;<\/p>\n","protected":false},"author":359,"featured_media":0,"comment_status":"open","ping_status":"open","sticky":false,"template":"","format":"standard","meta":[],"categories":[1],"tags":[],"yoast_head":"<!-- This site is optimized with the Yoast SEO plugin v19.6 - https:\/\/yoast.com\/wordpress\/plugins\/seo\/ -->\n<title>Fint n\u00e4r det regnar i juli! - Utbobloggen<\/title>\n<meta name=\"robots\" content=\"index, follow, max-snippet:-1, max-image-preview:large, max-video-preview:-1\" \/>\n<link rel=\"canonical\" href=\"https:\/\/blogg.atl.nu\/utbobloggen\/2025\/07\/07\/fint-nar-det-regnar-i-juli\/\" \/>\n<meta property=\"og:locale\" content=\"sv_SE\" \/>\n<meta property=\"og:type\" content=\"article\" \/>\n<meta property=\"og:title\" content=\"Fint n\u00e4r det regnar i juli! - Utbobloggen\" \/>\n<meta property=\"og:description\" content=\"Det \u00e4r v\u00e4l kanske inte det v\u00e4der som m\u00e5nga av dem som just g\u00e5tt p\u00e5 semester hade dr\u00f6mt om, men nu har det h\u00e4r p\u00e5 g\u00e5rden, m\u00e5ndag kv\u00e4ll, regnat n\u00e4stan oavbrutet sedan l\u00f6rdag f\u00f6rmiddag. Och mer ska det bli! Inga j\u00e4ttem\u00e4ngder, inga skyfall, inga \u00e5skv\u00e4der, utan fint strilande regn. Som v\u00e5ra torra marker s\u00e5 v\u00e4l...\" \/>\n<meta property=\"og:url\" content=\"https:\/\/blogg.atl.nu\/utbobloggen\/2025\/07\/07\/fint-nar-det-regnar-i-juli\/\" \/>\n<meta property=\"og:site_name\" content=\"Utbobloggen\" \/>\n<meta property=\"article:published_time\" content=\"2025-07-07T20:20:25+00:00\" \/>\n<meta property=\"og:image\" content=\"https:\/\/blogg.atl.nu\/utbobloggen\/wp-content\/uploads\/sites\/39\/2025\/07\/0-2-300x225.jpg\" \/>\n<meta name=\"author\" content=\"Per Hulteng\u00e5rd\" \/>\n<meta name=\"twitter:card\" content=\"summary_large_image\" \/>\n<meta name=\"twitter:label1\" content=\"Skriven av\" \/>\n\t<meta name=\"twitter:data1\" content=\"Per Hulteng\u00e5rd\" \/>\n\t<meta name=\"twitter:label2\" content=\"Ber\u00e4knad l\u00e4stid\" \/>\n\t<meta name=\"twitter:data2\" content=\"2 minuter\" \/>\n<script type=\"application\/ld+json\" class=\"yoast-schema-graph\">{\"@context\":\"https:\/\/schema.org\",\"@graph\":[{\"@type\":\"WebPage\",\"@id\":\"https:\/\/blogg.atl.nu\/utbobloggen\/2025\/07\/07\/fint-nar-det-regnar-i-juli\/\",\"url\":\"https:\/\/blogg.atl.nu\/utbobloggen\/2025\/07\/07\/fint-nar-det-regnar-i-juli\/\",\"name\":\"Fint n\u00e4r det regnar i juli! - Utbobloggen\",\"isPartOf\":{\"@id\":\"https:\/\/blogg.atl.nu\/utbobloggen\/#website\"},\"datePublished\":\"2025-07-07T20:20:25+00:00\",\"dateModified\":\"2025-07-07T20:20:25+00:00\",\"author\":{\"@id\":\"https:\/\/blogg.atl.nu\/utbobloggen\/#\/schema\/person\/8c997704fc1787a2e8fa7f6cac4ad438\"},\"breadcrumb\":{\"@id\":\"https:\/\/blogg.atl.nu\/utbobloggen\/2025\/07\/07\/fint-nar-det-regnar-i-juli\/#breadcrumb\"},\"inLanguage\":\"sv-SE\",\"potentialAction\":[{\"@type\":\"ReadAction\",\"target\":[\"https:\/\/blogg.atl.nu\/utbobloggen\/2025\/07\/07\/fint-nar-det-regnar-i-juli\/\"]}]},{\"@type\":\"BreadcrumbList\",\"@id\":\"https:\/\/blogg.atl.nu\/utbobloggen\/2025\/07\/07\/fint-nar-det-regnar-i-juli\/#breadcrumb\",\"itemListElement\":[{\"@type\":\"ListItem\",\"position\":1,\"name\":\"Home\",\"item\":\"https:\/\/blogg.atl.nu\/utbobloggen\/\"},{\"@type\":\"ListItem\",\"position\":2,\"name\":\"Fint n\u00e4r det regnar i juli!\"}]},{\"@type\":\"WebSite\",\"@id\":\"https:\/\/blogg.atl.nu\/utbobloggen\/#website\",\"url\":\"https:\/\/blogg.atl.nu\/utbobloggen\/\",\"name\":\"Utbobloggen\",\"description\":\"Per Hulteng\u00e5rd\",\"potentialAction\":[{\"@type\":\"SearchAction\",\"target\":{\"@type\":\"EntryPoint\",\"urlTemplate\":\"https:\/\/blogg.atl.nu\/utbobloggen\/?s={search_term_string}\"},\"query-input\":\"required name=search_term_string\"}],\"inLanguage\":\"sv-SE\"},{\"@type\":\"Person\",\"@id\":\"https:\/\/blogg.atl.nu\/utbobloggen\/#\/schema\/person\/8c997704fc1787a2e8fa7f6cac4ad438\",\"name\":\"Per Hulteng\u00e5rd\",\"image\":{\"@type\":\"ImageObject\",\"inLanguage\":\"sv-SE\",\"@id\":\"https:\/\/blogg.atl.nu\/utbobloggen\/#\/schema\/person\/image\/\",\"url\":\"https:\/\/secure.gravatar.com\/avatar\/191d7fa8b4b721bb6ebf14bc2d9024e7?s=96&d=mm&r=g\",\"contentUrl\":\"https:\/\/secure.gravatar.com\/avatar\/191d7fa8b4b721bb6ebf14bc2d9024e7?s=96&d=mm&r=g\",\"caption\":\"Per Hulteng\u00e5rd\"},\"url\":\"https:\/\/blogg.atl.nu\/utbobloggen\/author\/phultengard\/\"}]}<\/script>\n<!-- \/ Yoast SEO plugin. -->","yoast_head_json":{"title":"Fint n\u00e4r det regnar i juli! - Utbobloggen","robots":{"index":"index","follow":"follow","max-snippet":"max-snippet:-1","max-image-preview":"max-image-preview:large","max-video-preview":"max-video-preview:-1"},"canonical":"https:\/\/blogg.atl.nu\/utbobloggen\/2025\/07\/07\/fint-nar-det-regnar-i-juli\/","og_locale":"sv_SE","og_type":"article","og_title":"Fint n\u00e4r det regnar i juli! - Utbobloggen","og_description":"Det \u00e4r v\u00e4l kanske inte det v\u00e4der som m\u00e5nga av dem som just g\u00e5tt p\u00e5 semester hade dr\u00f6mt om, men nu har det h\u00e4r p\u00e5 g\u00e5rden, m\u00e5ndag kv\u00e4ll, regnat n\u00e4stan oavbrutet sedan l\u00f6rdag f\u00f6rmiddag. Och mer ska det bli! Inga j\u00e4ttem\u00e4ngder, inga skyfall, inga \u00e5skv\u00e4der, utan fint strilande regn. Som v\u00e5ra torra marker s\u00e5 v\u00e4l...","og_url":"https:\/\/blogg.atl.nu\/utbobloggen\/2025\/07\/07\/fint-nar-det-regnar-i-juli\/","og_site_name":"Utbobloggen","article_published_time":"2025-07-07T20:20:25+00:00","og_image":[{"url":"https:\/\/blogg.atl.nu\/utbobloggen\/wp-content\/uploads\/sites\/39\/2025\/07\/0-2-300x225.jpg"}],"author":"Per Hulteng\u00e5rd","twitter_card":"summary_large_image","twitter_misc":{"Skriven av":"Per Hulteng\u00e5rd","Ber\u00e4knad l\u00e4stid":"2 minuter"},"schema":{"@context":"https:\/\/schema.org","@graph":[{"@type":"WebPage","@id":"https:\/\/blogg.atl.nu\/utbobloggen\/2025\/07\/07\/fint-nar-det-regnar-i-juli\/","url":"https:\/\/blogg.atl.nu\/utbobloggen\/2025\/07\/07\/fint-nar-det-regnar-i-juli\/","name":"Fint n\u00e4r det regnar i juli! - Utbobloggen","isPartOf":{"@id":"https:\/\/blogg.atl.nu\/utbobloggen\/#website"},"datePublished":"2025-07-07T20:20:25+00:00","dateModified":"2025-07-07T20:20:25+00:00","author":{"@id":"https:\/\/blogg.atl.nu\/utbobloggen\/#\/schema\/person\/8c997704fc1787a2e8fa7f6cac4ad438"},"breadcrumb":{"@id":"https:\/\/blogg.atl.nu\/utbobloggen\/2025\/07\/07\/fint-nar-det-regnar-i-juli\/#breadcrumb"},"inLanguage":"sv-SE","potentialAction":[{"@type":"ReadAction","target":["https:\/\/blogg.atl.nu\/utbobloggen\/2025\/07\/07\/fint-nar-det-regnar-i-juli\/"]}]},{"@type":"BreadcrumbList","@id":"https:\/\/blogg.atl.nu\/utbobloggen\/2025\/07\/07\/fint-nar-det-regnar-i-juli\/#breadcrumb","itemListElement":[{"@type":"ListItem","position":1,"name":"Home","item":"https:\/\/blogg.atl.nu\/utbobloggen\/"},{"@type":"ListItem","position":2,"name":"Fint n\u00e4r det regnar i juli!"}]},{"@type":"WebSite","@id":"https:\/\/blogg.atl.nu\/utbobloggen\/#website","url":"https:\/\/blogg.atl.nu\/utbobloggen\/","name":"Utbobloggen","description":"Per Hulteng\u00e5rd","potentialAction":[{"@type":"SearchAction","target":{"@type":"EntryPoint","urlTemplate":"https:\/\/blogg.atl.nu\/utbobloggen\/?s={search_term_string}"},"query-input":"required name=search_term_string"}],"inLanguage":"sv-SE"},{"@type":"Person","@id":"https:\/\/blogg.atl.nu\/utbobloggen\/#\/schema\/person\/8c997704fc1787a2e8fa7f6cac4ad438","name":"Per Hulteng\u00e5rd","image":{"@type":"ImageObject","inLanguage":"sv-SE","@id":"https:\/\/blogg.atl.nu\/utbobloggen\/#\/schema\/person\/image\/","url":"https:\/\/secure.gravatar.com\/avatar\/191d7fa8b4b721bb6ebf14bc2d9024e7?s=96&d=mm&r=g","contentUrl":"https:\/\/secure.gravatar.com\/avatar\/191d7fa8b4b721bb6ebf14bc2d9024e7?s=96&d=mm&r=g","caption":"Per Hulteng\u00e5rd"},"url":"https:\/\/blogg.atl.nu\/utbobloggen\/author\/phultengard\/"}]}},"_links":{"self":[{"href":"https:\/\/blogg.atl.nu\/utbobloggen\/wp-json\/wp\/v2\/posts\/2518"}],"collection":[{"href":"https:\/\/blogg.atl.nu\/utbobloggen\/wp-json\/wp\/v2\/posts"}],"about":[{"href":"https:\/\/blogg.atl.nu\/utbobloggen\/wp-json\/wp\/v2\/types\/post"}],"author":[{"embeddable":true,"href":"https:\/\/blogg.atl.nu\/utbobloggen\/wp-json\/wp\/v2\/users\/359"}],"replies":[{"embeddable":true,"href":"https:\/\/blogg.atl.nu\/utbobloggen\/wp-json\/wp\/v2\/comments?post=2518"}],"version-history":[{"count":1,"href":"https:\/\/blogg.atl.nu\/utbobloggen\/wp-json\/wp\/v2\/posts\/2518\/revisions"}],"predecessor-version":[{"id":2521,"href":"https:\/\/blogg.atl.nu\/utbobloggen\/wp-json\/wp\/v2\/posts\/2518\/revisions\/2521"}],"wp:attachment":[{"href":"https:\/\/blogg.atl.nu\/utbobloggen\/wp-json\/wp\/v2\/media?parent=2518"}],"wp:term":[{"taxonomy":"category","embeddable":true,"href":"https:\/\/blogg.atl.nu\/utbobloggen\/wp-json\/wp\/v2\/categories?post=2518"},{"taxonomy":"post_tag","embeddable":true,"href":"https:\/\/blogg.atl.nu\/utbobloggen\/wp-json\/wp\/v2\/tags?post=2518"}],"curies":[{"name":"wp","href":"https:\/\/api.w.org\/{rel}","templated":true}]}}