{"id":258,"date":"2020-05-09T08:17:55","date_gmt":"2020-05-09T06:17:55","guid":{"rendered":"https:\/\/blogg.atl.nu\/utbobloggen\/?p=258"},"modified":"2020-05-09T09:16:07","modified_gmt":"2020-05-09T07:16:07","slug":"naturmorgon-i-p1-och-jag-blir-inte-ens-arg","status":"publish","type":"post","link":"https:\/\/blogg.atl.nu\/utbobloggen\/2020\/05\/09\/naturmorgon-i-p1-och-jag-blir-inte-ens-arg\/","title":{"rendered":"Naturmorgon i P1 \u2013 och jag blir inte ens arg"},"content":{"rendered":"<p>&nbsp;<\/p>\n<p><img loading=\"lazy\" class=\"alignnone size-full wp-image-259\" src=\"https:\/\/blogg.atl.nu\/utbobloggen\/wp-content\/uploads\/sites\/39\/2020\/05\/IMG_3568.jpg\" alt=\"\" width=\"2016\" height=\"1512\" \/>Det fanns en tid d\u00e5 det allra b\u00e4sta s\u00e4ttet att f\u00e5 mig p\u00e5 d\u00e5ligt hum\u00f6r redan fr\u00e5n start var att b\u00f6rja l\u00f6rdagen med att lyssna p\u00e5 Naturmorgon i P1.<\/p>\n<p>Det brukade inte g\u00e5 s\u00e4rskilt m\u00e5nga minuter in i programmet f\u00f6rr\u00e4n jag h\u00f6rde mig sj\u00e4lv g\u00e5 och muttra om \u201dGreenpeace-radio\u201d och \u201dNu har visst Mandelmann f\u00e5tt en egen radioshow\u201d o s v.<\/p>\n<p>F\u00f6r det brukade vara ett evinnerligt tjat om \u201dstorskogsbruket\u201d och \u201dmonokulturer\u201d och \u201dgammelskogar\u201d som var hotade och biotoper som \u201dsk\u00f6vlades\u201d &#8211; och alltid var det n\u00e5gon biolog eller forskare med som uttalade sig om n\u00e5gon r\u00f6dlistad art som d\u00e4rmed var p\u00e5 v\u00e4g att f\u00f6rsvinna. Det var Det Onda mot Det Goda, Skogs\u00e4gande mot Naturskydd och likhetstecken mellan Slutavverkning och Rovdrift- allt i reportage d\u00e4r det som skulle bevisas verkade best\u00e4mt p\u00e5 f\u00f6rhand och den skyldige redan utsedd.<\/p>\n<p>Lite tr\u00f6ttsamt att h\u00f6ra f\u00f6r oss som tycker att vi sk\u00f6tt skog och natur i samklang och brukat med ansvar och respekt i generationer och har som ambition att forts\u00e4tta med det.<\/p>\n<p><img loading=\"lazy\" class=\"alignnone size-full wp-image-260\" src=\"https:\/\/blogg.atl.nu\/utbobloggen\/wp-content\/uploads\/sites\/39\/2020\/05\/IMG_3570.jpg\" alt=\"\" width=\"2016\" height=\"1512\" \/><\/p>\n<p>Men det \u00e4r n\u00e5got som har h\u00e4nt och jag vet inte riktigt n\u00e4r. F\u00f6r Tribunal-inslagen \u00e4r borta. Jag g\u00e5r d\u00e4r och lyssnar och t\u00e4nker att nu &#8211; nu kommer det snart n\u00e5got att reta upp sig p\u00e5.<\/p>\n<p>Men det liksom bara uteblir. Ist\u00e4llet \u00e4r det intressant och rent av l\u00e4rorik och inspirerande radio (n\u00e5ja, \u00e5tta timmars live-s\u00e4nd f\u00e5gels\u00e5ng var v\u00e4l kanske att ta i). Det \u00e4r f\u00f6rdjupande och balanserade reportage d\u00e4r alla sidor f\u00e5r komma till tals och det \u00e4r f\u00e4ltreportar som direkts\u00e4nder och f\u00f6rmedlar st\u00e4mningar, dofter, uppt\u00e4ckter och naturupplevelser.<\/p>\n<p>Det \u00e4r n\u00e4stan f\u00f6r trevligt.<\/p>\n<p>Som i morse. D\u00e5 repriserade man h\u00f6jdpunkterna fr\u00e5n f\u00e5gels\u00e5ngsprojektet och s\u00e5 var det virtuell artinventering &#8211; en &#8221;bio-blitz&#8221; &#8211; av en \u00e4ng i sk\u00e4rg\u00e5rden (jod\u00e5, anf\u00f6rda av Naturskyddsf\u00f6reningen f\u00f6rst\u00e5s och redan 06.10 hade man minsann hittat tre r\u00f6dlistade lavar). Men \u00e4nd\u00e5. N\u00e4sta vecka ska man bygga insektshotell.<\/p>\n<p>Och visst, ibland \u00e4r man tillbaka i gamla hjulsp\u00e5r, men jag blir knappt ens arg. Det har kanske med \u00e5ldern att g\u00f6ra.<\/p>\n<p>Och egentligen \u00e4r det ju bara bra \u2013 det ska inte alltid vara trevligt. Vi skogs\u00e4gare m\u00e5r nog bra av att ibland bli ifr\u00e5gasatta.<\/p>\n<p>&nbsp;<\/p>\n<p>&nbsp;<\/p>\n<p>&nbsp;<\/p>\n","protected":false},"excerpt":{"rendered":"<p>&nbsp; Det fanns en tid d\u00e5 det allra b\u00e4sta s\u00e4ttet att f\u00e5 mig p\u00e5 d\u00e5ligt hum\u00f6r redan fr\u00e5n start var att b\u00f6rja l\u00f6rdagen med att lyssna p\u00e5 Naturmorgon i P1. Det brukade inte g\u00e5 s\u00e4rskilt m\u00e5nga minuter in i programmet f\u00f6rr\u00e4n jag h\u00f6rde mig sj\u00e4lv g\u00e5 och muttra om \u201dGreenpeace-radio\u201d och \u201dNu har visst Mandelmann&#8230;<\/p>\n","protected":false},"author":359,"featured_media":0,"comment_status":"open","ping_status":"open","sticky":false,"template":"","format":"standard","meta":[],"categories":[1],"tags":[],"yoast_head":"<!-- This site is optimized with the Yoast SEO plugin v19.6 - https:\/\/yoast.com\/wordpress\/plugins\/seo\/ -->\n<title>Naturmorgon i P1 \u2013 och jag blir inte ens arg - Utbobloggen<\/title>\n<meta name=\"robots\" content=\"index, follow, max-snippet:-1, max-image-preview:large, max-video-preview:-1\" \/>\n<link rel=\"canonical\" href=\"https:\/\/blogg.atl.nu\/utbobloggen\/2020\/05\/09\/naturmorgon-i-p1-och-jag-blir-inte-ens-arg\/\" \/>\n<meta property=\"og:locale\" content=\"sv_SE\" \/>\n<meta property=\"og:type\" content=\"article\" \/>\n<meta property=\"og:title\" content=\"Naturmorgon i P1 \u2013 och jag blir inte ens arg - Utbobloggen\" \/>\n<meta property=\"og:description\" content=\"&nbsp; Det fanns en tid d\u00e5 det allra b\u00e4sta s\u00e4ttet att f\u00e5 mig p\u00e5 d\u00e5ligt hum\u00f6r redan fr\u00e5n start var att b\u00f6rja l\u00f6rdagen med att lyssna p\u00e5 Naturmorgon i P1. Det brukade inte g\u00e5 s\u00e4rskilt m\u00e5nga minuter in i programmet f\u00f6rr\u00e4n jag h\u00f6rde mig sj\u00e4lv g\u00e5 och muttra om \u201dGreenpeace-radio\u201d och \u201dNu har visst Mandelmann...\" \/>\n<meta property=\"og:url\" content=\"https:\/\/blogg.atl.nu\/utbobloggen\/2020\/05\/09\/naturmorgon-i-p1-och-jag-blir-inte-ens-arg\/\" \/>\n<meta property=\"og:site_name\" content=\"Utbobloggen\" \/>\n<meta property=\"article:published_time\" content=\"2020-05-09T06:17:55+00:00\" \/>\n<meta property=\"article:modified_time\" content=\"2020-05-09T07:16:07+00:00\" \/>\n<meta property=\"og:image\" content=\"https:\/\/blogg.atl.nu\/utbobloggen\/wp-content\/uploads\/sites\/39\/2020\/05\/IMG_3568.jpg\" \/>\n<meta name=\"author\" content=\"Per Hulteng\u00e5rd\" \/>\n<meta name=\"twitter:card\" content=\"summary_large_image\" \/>\n<meta name=\"twitter:label1\" content=\"Skriven av\" \/>\n\t<meta name=\"twitter:data1\" content=\"Per Hulteng\u00e5rd\" \/>\n\t<meta name=\"twitter:label2\" content=\"Ber\u00e4knad l\u00e4stid\" \/>\n\t<meta name=\"twitter:data2\" content=\"2 minuter\" \/>\n<script type=\"application\/ld+json\" class=\"yoast-schema-graph\">{\"@context\":\"https:\/\/schema.org\",\"@graph\":[{\"@type\":\"WebPage\",\"@id\":\"https:\/\/blogg.atl.nu\/utbobloggen\/2020\/05\/09\/naturmorgon-i-p1-och-jag-blir-inte-ens-arg\/\",\"url\":\"https:\/\/blogg.atl.nu\/utbobloggen\/2020\/05\/09\/naturmorgon-i-p1-och-jag-blir-inte-ens-arg\/\",\"name\":\"Naturmorgon i P1 \u2013 och jag blir inte ens arg - Utbobloggen\",\"isPartOf\":{\"@id\":\"https:\/\/blogg.atl.nu\/utbobloggen\/#website\"},\"datePublished\":\"2020-05-09T06:17:55+00:00\",\"dateModified\":\"2020-05-09T07:16:07+00:00\",\"author\":{\"@id\":\"https:\/\/blogg.atl.nu\/utbobloggen\/#\/schema\/person\/8c997704fc1787a2e8fa7f6cac4ad438\"},\"breadcrumb\":{\"@id\":\"https:\/\/blogg.atl.nu\/utbobloggen\/2020\/05\/09\/naturmorgon-i-p1-och-jag-blir-inte-ens-arg\/#breadcrumb\"},\"inLanguage\":\"sv-SE\",\"potentialAction\":[{\"@type\":\"ReadAction\",\"target\":[\"https:\/\/blogg.atl.nu\/utbobloggen\/2020\/05\/09\/naturmorgon-i-p1-och-jag-blir-inte-ens-arg\/\"]}]},{\"@type\":\"BreadcrumbList\",\"@id\":\"https:\/\/blogg.atl.nu\/utbobloggen\/2020\/05\/09\/naturmorgon-i-p1-och-jag-blir-inte-ens-arg\/#breadcrumb\",\"itemListElement\":[{\"@type\":\"ListItem\",\"position\":1,\"name\":\"Home\",\"item\":\"https:\/\/blogg.atl.nu\/utbobloggen\/\"},{\"@type\":\"ListItem\",\"position\":2,\"name\":\"Naturmorgon i P1 \u2013 och jag blir inte ens arg\"}]},{\"@type\":\"WebSite\",\"@id\":\"https:\/\/blogg.atl.nu\/utbobloggen\/#website\",\"url\":\"https:\/\/blogg.atl.nu\/utbobloggen\/\",\"name\":\"Utbobloggen\",\"description\":\"Per Hulteng\u00e5rd\",\"potentialAction\":[{\"@type\":\"SearchAction\",\"target\":{\"@type\":\"EntryPoint\",\"urlTemplate\":\"https:\/\/blogg.atl.nu\/utbobloggen\/?s={search_term_string}\"},\"query-input\":\"required name=search_term_string\"}],\"inLanguage\":\"sv-SE\"},{\"@type\":\"Person\",\"@id\":\"https:\/\/blogg.atl.nu\/utbobloggen\/#\/schema\/person\/8c997704fc1787a2e8fa7f6cac4ad438\",\"name\":\"Per Hulteng\u00e5rd\",\"image\":{\"@type\":\"ImageObject\",\"inLanguage\":\"sv-SE\",\"@id\":\"https:\/\/blogg.atl.nu\/utbobloggen\/#\/schema\/person\/image\/\",\"url\":\"https:\/\/secure.gravatar.com\/avatar\/191d7fa8b4b721bb6ebf14bc2d9024e7?s=96&d=mm&r=g\",\"contentUrl\":\"https:\/\/secure.gravatar.com\/avatar\/191d7fa8b4b721bb6ebf14bc2d9024e7?s=96&d=mm&r=g\",\"caption\":\"Per Hulteng\u00e5rd\"},\"url\":\"https:\/\/blogg.atl.nu\/utbobloggen\/author\/phultengard\/\"}]}<\/script>\n<!-- \/ Yoast SEO plugin. -->","yoast_head_json":{"title":"Naturmorgon i P1 \u2013 och jag blir inte ens arg - Utbobloggen","robots":{"index":"index","follow":"follow","max-snippet":"max-snippet:-1","max-image-preview":"max-image-preview:large","max-video-preview":"max-video-preview:-1"},"canonical":"https:\/\/blogg.atl.nu\/utbobloggen\/2020\/05\/09\/naturmorgon-i-p1-och-jag-blir-inte-ens-arg\/","og_locale":"sv_SE","og_type":"article","og_title":"Naturmorgon i P1 \u2013 och jag blir inte ens arg - Utbobloggen","og_description":"&nbsp; Det fanns en tid d\u00e5 det allra b\u00e4sta s\u00e4ttet att f\u00e5 mig p\u00e5 d\u00e5ligt hum\u00f6r redan fr\u00e5n start var att b\u00f6rja l\u00f6rdagen med att lyssna p\u00e5 Naturmorgon i P1. Det brukade inte g\u00e5 s\u00e4rskilt m\u00e5nga minuter in i programmet f\u00f6rr\u00e4n jag h\u00f6rde mig sj\u00e4lv g\u00e5 och muttra om \u201dGreenpeace-radio\u201d och \u201dNu har visst Mandelmann...","og_url":"https:\/\/blogg.atl.nu\/utbobloggen\/2020\/05\/09\/naturmorgon-i-p1-och-jag-blir-inte-ens-arg\/","og_site_name":"Utbobloggen","article_published_time":"2020-05-09T06:17:55+00:00","article_modified_time":"2020-05-09T07:16:07+00:00","og_image":[{"url":"https:\/\/blogg.atl.nu\/utbobloggen\/wp-content\/uploads\/sites\/39\/2020\/05\/IMG_3568.jpg"}],"author":"Per Hulteng\u00e5rd","twitter_card":"summary_large_image","twitter_misc":{"Skriven av":"Per Hulteng\u00e5rd","Ber\u00e4knad l\u00e4stid":"2 minuter"},"schema":{"@context":"https:\/\/schema.org","@graph":[{"@type":"WebPage","@id":"https:\/\/blogg.atl.nu\/utbobloggen\/2020\/05\/09\/naturmorgon-i-p1-och-jag-blir-inte-ens-arg\/","url":"https:\/\/blogg.atl.nu\/utbobloggen\/2020\/05\/09\/naturmorgon-i-p1-och-jag-blir-inte-ens-arg\/","name":"Naturmorgon i P1 \u2013 och jag blir inte ens arg - Utbobloggen","isPartOf":{"@id":"https:\/\/blogg.atl.nu\/utbobloggen\/#website"},"datePublished":"2020-05-09T06:17:55+00:00","dateModified":"2020-05-09T07:16:07+00:00","author":{"@id":"https:\/\/blogg.atl.nu\/utbobloggen\/#\/schema\/person\/8c997704fc1787a2e8fa7f6cac4ad438"},"breadcrumb":{"@id":"https:\/\/blogg.atl.nu\/utbobloggen\/2020\/05\/09\/naturmorgon-i-p1-och-jag-blir-inte-ens-arg\/#breadcrumb"},"inLanguage":"sv-SE","potentialAction":[{"@type":"ReadAction","target":["https:\/\/blogg.atl.nu\/utbobloggen\/2020\/05\/09\/naturmorgon-i-p1-och-jag-blir-inte-ens-arg\/"]}]},{"@type":"BreadcrumbList","@id":"https:\/\/blogg.atl.nu\/utbobloggen\/2020\/05\/09\/naturmorgon-i-p1-och-jag-blir-inte-ens-arg\/#breadcrumb","itemListElement":[{"@type":"ListItem","position":1,"name":"Home","item":"https:\/\/blogg.atl.nu\/utbobloggen\/"},{"@type":"ListItem","position":2,"name":"Naturmorgon i P1 \u2013 och jag blir inte ens arg"}]},{"@type":"WebSite","@id":"https:\/\/blogg.atl.nu\/utbobloggen\/#website","url":"https:\/\/blogg.atl.nu\/utbobloggen\/","name":"Utbobloggen","description":"Per Hulteng\u00e5rd","potentialAction":[{"@type":"SearchAction","target":{"@type":"EntryPoint","urlTemplate":"https:\/\/blogg.atl.nu\/utbobloggen\/?s={search_term_string}"},"query-input":"required name=search_term_string"}],"inLanguage":"sv-SE"},{"@type":"Person","@id":"https:\/\/blogg.atl.nu\/utbobloggen\/#\/schema\/person\/8c997704fc1787a2e8fa7f6cac4ad438","name":"Per Hulteng\u00e5rd","image":{"@type":"ImageObject","inLanguage":"sv-SE","@id":"https:\/\/blogg.atl.nu\/utbobloggen\/#\/schema\/person\/image\/","url":"https:\/\/secure.gravatar.com\/avatar\/191d7fa8b4b721bb6ebf14bc2d9024e7?s=96&d=mm&r=g","contentUrl":"https:\/\/secure.gravatar.com\/avatar\/191d7fa8b4b721bb6ebf14bc2d9024e7?s=96&d=mm&r=g","caption":"Per Hulteng\u00e5rd"},"url":"https:\/\/blogg.atl.nu\/utbobloggen\/author\/phultengard\/"}]}},"_links":{"self":[{"href":"https:\/\/blogg.atl.nu\/utbobloggen\/wp-json\/wp\/v2\/posts\/258"}],"collection":[{"href":"https:\/\/blogg.atl.nu\/utbobloggen\/wp-json\/wp\/v2\/posts"}],"about":[{"href":"https:\/\/blogg.atl.nu\/utbobloggen\/wp-json\/wp\/v2\/types\/post"}],"author":[{"embeddable":true,"href":"https:\/\/blogg.atl.nu\/utbobloggen\/wp-json\/wp\/v2\/users\/359"}],"replies":[{"embeddable":true,"href":"https:\/\/blogg.atl.nu\/utbobloggen\/wp-json\/wp\/v2\/comments?post=258"}],"version-history":[{"count":4,"href":"https:\/\/blogg.atl.nu\/utbobloggen\/wp-json\/wp\/v2\/posts\/258\/revisions"}],"predecessor-version":[{"id":264,"href":"https:\/\/blogg.atl.nu\/utbobloggen\/wp-json\/wp\/v2\/posts\/258\/revisions\/264"}],"wp:attachment":[{"href":"https:\/\/blogg.atl.nu\/utbobloggen\/wp-json\/wp\/v2\/media?parent=258"}],"wp:term":[{"taxonomy":"category","embeddable":true,"href":"https:\/\/blogg.atl.nu\/utbobloggen\/wp-json\/wp\/v2\/categories?post=258"},{"taxonomy":"post_tag","embeddable":true,"href":"https:\/\/blogg.atl.nu\/utbobloggen\/wp-json\/wp\/v2\/tags?post=258"}],"curies":[{"name":"wp","href":"https:\/\/api.w.org\/{rel}","templated":true}]}}