{"id":2603,"date":"2025-11-12T20:44:50","date_gmt":"2025-11-12T19:44:50","guid":{"rendered":"https:\/\/blogg.atl.nu\/utbobloggen\/?p=2603"},"modified":"2025-11-12T20:58:36","modified_gmt":"2025-11-12T19:58:36","slug":"vem-ska-bojkotta-vem","status":"publish","type":"post","link":"https:\/\/blogg.atl.nu\/utbobloggen\/2025\/11\/12\/vem-ska-bojkotta-vem\/","title":{"rendered":"Vem ska bojkotta vem?  (Tack f\u00f6r kaffet!)"},"content":{"rendered":"<p>Den multinationella livsmedelskoncernen Nestl\u00e9 ska <span style=\"text-decoration: underline\"><em>sluta k\u00f6pa tr\u00e4r\u00e5vara fr\u00e5n skogsbolag<\/em> <\/span>som \u00e4r inblandade i \u201dkontroverser\u201d i norra Sverige \u2013 indirekt verkar man tala om SCA.<\/p>\n<p>Det \u00e4r sv\u00e5rt att inte se kopplingen till <a href=\"https:\/\/www.atl.nu\/skogsagare-i-arjeplog-i-chock-efter-avverkningsstopp-de-vet-inget-om-min-skog\"><span style=\"text-decoration: underline\"><em>den uppm\u00e4rksammade aktionen<\/em> <\/span><\/a>mot en enskild skogs\u00e4gare i Arjeplog.<\/p>\n<p>Det finns f\u00f6rst\u00e5s billiga po\u00e4ng att plocka p\u00e5 det h\u00e4r.<\/p>\n<p>Andra skulle kalla det \u201dgreenwashing\u201d.<\/p>\n<p>F\u00f6r Nestl\u00e9s \u201dtrack record\u201d \u00e4r h\u00e4r inte den b\u00e4sta (d\u00e4r beh\u00f6ver man inte googla s\u00e5 l\u00e4nge f\u00f6r att hitta uppgifter\/p\u00e5st\u00e5enden). Det hindrar f\u00f6rst\u00e5s inte att man nu har ambitioner att vara h\u00e5llbara och milj\u00f6v\u00e4nliga. Men nu siktar fel.<\/p>\n<p>Det finns lagstiftning och certifieringssystem f\u00f6r skogen och den som vill kan naturligtvis ifr\u00e5gas\u00e4tta \u00e4ven dem. Men den som inte efterf\u00f6ljer dem kommer man inte l\u00e4ngre att vara certifierad. Och d\u00e5 kastas man under bussen.<\/p>\n<p>Skogsbranschen kan nog leva med Nestl\u00e9s bojkott. Det kan ju rent av vara s\u00e5 att man inte vill ha vissa f\u00f6retag som kund.<\/p>\n<p><img loading=\"lazy\" class=\"alignnone size-medium wp-image-2604\" src=\"https:\/\/blogg.atl.nu\/utbobloggen\/wp-content\/uploads\/sites\/39\/2025\/11\/unnamed-3-300x225.jpg\" alt=\"\" width=\"300\" height=\"225\" srcset=\"https:\/\/blogg.atl.nu\/utbobloggen\/wp-content\/uploads\/sites\/39\/2025\/11\/unnamed-3-300x225.jpg 300w, https:\/\/blogg.atl.nu\/utbobloggen\/wp-content\/uploads\/sites\/39\/2025\/11\/unnamed-3-1024x768.jpg 1024w, https:\/\/blogg.atl.nu\/utbobloggen\/wp-content\/uploads\/sites\/39\/2025\/11\/unnamed-3-768x576.jpg 768w, https:\/\/blogg.atl.nu\/utbobloggen\/wp-content\/uploads\/sites\/39\/2025\/11\/unnamed-3-1536x1152.jpg 1536w, https:\/\/blogg.atl.nu\/utbobloggen\/wp-content\/uploads\/sites\/39\/2025\/11\/unnamed-3-2048x1536.jpg 2048w\" sizes=\"(max-width: 300px) 100vw, 300px\" \/><\/p>\n<p>Och d\u00e5 kokar det ner till vem som ska bojkotta vem?<\/p>\n<p>Eller \u00f6msesidigt bojkotta varandra?<\/p>\n<p>Kritik ska givetvis tas p\u00e5 allvar, men vi m\u00e5ste \u00e4nd\u00e5 ha n\u00e5got att f\u00f6rh\u00e5lla oss till. Och om att respektera oss enskilda skogs\u00e4gare som f\u00f6rs\u00f6ker f\u00f6rvalta och utveckla v\u00e5ra skogar, och som sedan generationer b\u00e4ttre \u00e4n n\u00e5gon k\u00e4nner till deras naturv\u00e4rden och vill bevara dem.<\/p>\n<p>Jag tycker om kaffe fr\u00e5n Zoega \u2013 ett varum\u00e4rke fr\u00e5n Nestl\u00e9. I m\u00e5nga av dess smaker.<\/p>\n<p><img loading=\"lazy\" class=\"alignnone size-medium wp-image-2605\" src=\"https:\/\/blogg.atl.nu\/utbobloggen\/wp-content\/uploads\/sites\/39\/2025\/11\/unnamed-4-225x300.jpg\" alt=\"\" width=\"225\" height=\"300\" srcset=\"https:\/\/blogg.atl.nu\/utbobloggen\/wp-content\/uploads\/sites\/39\/2025\/11\/unnamed-4-225x300.jpg 225w, https:\/\/blogg.atl.nu\/utbobloggen\/wp-content\/uploads\/sites\/39\/2025\/11\/unnamed-4-768x1024.jpg 768w, https:\/\/blogg.atl.nu\/utbobloggen\/wp-content\/uploads\/sites\/39\/2025\/11\/unnamed-4-1152x1536.jpg 1152w, https:\/\/blogg.atl.nu\/utbobloggen\/wp-content\/uploads\/sites\/39\/2025\/11\/unnamed-4-1536x2048.jpg 1536w, https:\/\/blogg.atl.nu\/utbobloggen\/wp-content\/uploads\/sites\/39\/2025\/11\/unnamed-4-scaled.jpg 1920w\" sizes=\"(max-width: 225px) 100vw, 225px\" \/><\/p>\n<p><em>Har dessutom en fin burk.<\/em><\/p>\n<p>Men ibland m\u00e5ste man v\u00e4lja. Jag f\u00e5r v\u00e4l \u00f6verv\u00e4ga om jag ska sl\u00e4nga burken i \u00e5tervinningen (i r\u00e4tt \u00e5tervinningsfack naturligtvis).<\/p>\n<p>Och s\u00e4ga Tack f\u00f6r kaffet!<\/p>\n<p>&nbsp;<\/p>\n","protected":false},"excerpt":{"rendered":"<p>Den multinationella livsmedelskoncernen Nestl\u00e9 ska sluta k\u00f6pa tr\u00e4r\u00e5vara fr\u00e5n skogsbolag som \u00e4r inblandade i \u201dkontroverser\u201d i norra Sverige \u2013 indirekt verkar man tala om SCA. Det \u00e4r sv\u00e5rt att inte se kopplingen till den uppm\u00e4rksammade aktionen mot en enskild skogs\u00e4gare i Arjeplog. Det finns f\u00f6rst\u00e5s billiga po\u00e4ng att plocka p\u00e5 det h\u00e4r. Andra skulle kalla&#8230;<\/p>\n","protected":false},"author":359,"featured_media":0,"comment_status":"open","ping_status":"open","sticky":false,"template":"","format":"standard","meta":[],"categories":[1],"tags":[],"yoast_head":"<!-- This site is optimized with the Yoast SEO plugin v19.6 - https:\/\/yoast.com\/wordpress\/plugins\/seo\/ -->\n<title>Vem ska bojkotta vem? (Tack f\u00f6r kaffet!) - Utbobloggen<\/title>\n<meta name=\"robots\" content=\"index, follow, max-snippet:-1, max-image-preview:large, max-video-preview:-1\" \/>\n<link rel=\"canonical\" href=\"https:\/\/blogg.atl.nu\/utbobloggen\/2025\/11\/12\/vem-ska-bojkotta-vem\/\" \/>\n<meta property=\"og:locale\" content=\"sv_SE\" \/>\n<meta property=\"og:type\" content=\"article\" \/>\n<meta property=\"og:title\" content=\"Vem ska bojkotta vem? (Tack f\u00f6r kaffet!) - Utbobloggen\" \/>\n<meta property=\"og:description\" content=\"Den multinationella livsmedelskoncernen Nestl\u00e9 ska sluta k\u00f6pa tr\u00e4r\u00e5vara fr\u00e5n skogsbolag som \u00e4r inblandade i \u201dkontroverser\u201d i norra Sverige \u2013 indirekt verkar man tala om SCA. Det \u00e4r sv\u00e5rt att inte se kopplingen till den uppm\u00e4rksammade aktionen mot en enskild skogs\u00e4gare i Arjeplog. Det finns f\u00f6rst\u00e5s billiga po\u00e4ng att plocka p\u00e5 det h\u00e4r. Andra skulle kalla...\" \/>\n<meta property=\"og:url\" content=\"https:\/\/blogg.atl.nu\/utbobloggen\/2025\/11\/12\/vem-ska-bojkotta-vem\/\" \/>\n<meta property=\"og:site_name\" content=\"Utbobloggen\" \/>\n<meta property=\"article:published_time\" content=\"2025-11-12T19:44:50+00:00\" \/>\n<meta property=\"article:modified_time\" content=\"2025-11-12T19:58:36+00:00\" \/>\n<meta property=\"og:image\" content=\"https:\/\/blogg.atl.nu\/utbobloggen\/wp-content\/uploads\/sites\/39\/2025\/11\/unnamed-3-300x225.jpg\" \/>\n<meta name=\"author\" content=\"Per Hulteng\u00e5rd\" \/>\n<meta name=\"twitter:card\" content=\"summary_large_image\" \/>\n<meta name=\"twitter:label1\" content=\"Skriven av\" \/>\n\t<meta name=\"twitter:data1\" content=\"Per Hulteng\u00e5rd\" \/>\n\t<meta name=\"twitter:label2\" content=\"Ber\u00e4knad l\u00e4stid\" \/>\n\t<meta name=\"twitter:data2\" content=\"2 minuter\" \/>\n<script type=\"application\/ld+json\" class=\"yoast-schema-graph\">{\"@context\":\"https:\/\/schema.org\",\"@graph\":[{\"@type\":\"WebPage\",\"@id\":\"https:\/\/blogg.atl.nu\/utbobloggen\/2025\/11\/12\/vem-ska-bojkotta-vem\/\",\"url\":\"https:\/\/blogg.atl.nu\/utbobloggen\/2025\/11\/12\/vem-ska-bojkotta-vem\/\",\"name\":\"Vem ska bojkotta vem? (Tack f\u00f6r kaffet!) - Utbobloggen\",\"isPartOf\":{\"@id\":\"https:\/\/blogg.atl.nu\/utbobloggen\/#website\"},\"datePublished\":\"2025-11-12T19:44:50+00:00\",\"dateModified\":\"2025-11-12T19:58:36+00:00\",\"author\":{\"@id\":\"https:\/\/blogg.atl.nu\/utbobloggen\/#\/schema\/person\/8c997704fc1787a2e8fa7f6cac4ad438\"},\"breadcrumb\":{\"@id\":\"https:\/\/blogg.atl.nu\/utbobloggen\/2025\/11\/12\/vem-ska-bojkotta-vem\/#breadcrumb\"},\"inLanguage\":\"sv-SE\",\"potentialAction\":[{\"@type\":\"ReadAction\",\"target\":[\"https:\/\/blogg.atl.nu\/utbobloggen\/2025\/11\/12\/vem-ska-bojkotta-vem\/\"]}]},{\"@type\":\"BreadcrumbList\",\"@id\":\"https:\/\/blogg.atl.nu\/utbobloggen\/2025\/11\/12\/vem-ska-bojkotta-vem\/#breadcrumb\",\"itemListElement\":[{\"@type\":\"ListItem\",\"position\":1,\"name\":\"Home\",\"item\":\"https:\/\/blogg.atl.nu\/utbobloggen\/\"},{\"@type\":\"ListItem\",\"position\":2,\"name\":\"Vem ska bojkotta vem? (Tack f\u00f6r kaffet!)\"}]},{\"@type\":\"WebSite\",\"@id\":\"https:\/\/blogg.atl.nu\/utbobloggen\/#website\",\"url\":\"https:\/\/blogg.atl.nu\/utbobloggen\/\",\"name\":\"Utbobloggen\",\"description\":\"Per Hulteng\u00e5rd\",\"potentialAction\":[{\"@type\":\"SearchAction\",\"target\":{\"@type\":\"EntryPoint\",\"urlTemplate\":\"https:\/\/blogg.atl.nu\/utbobloggen\/?s={search_term_string}\"},\"query-input\":\"required name=search_term_string\"}],\"inLanguage\":\"sv-SE\"},{\"@type\":\"Person\",\"@id\":\"https:\/\/blogg.atl.nu\/utbobloggen\/#\/schema\/person\/8c997704fc1787a2e8fa7f6cac4ad438\",\"name\":\"Per Hulteng\u00e5rd\",\"image\":{\"@type\":\"ImageObject\",\"inLanguage\":\"sv-SE\",\"@id\":\"https:\/\/blogg.atl.nu\/utbobloggen\/#\/schema\/person\/image\/\",\"url\":\"https:\/\/secure.gravatar.com\/avatar\/191d7fa8b4b721bb6ebf14bc2d9024e7?s=96&d=mm&r=g\",\"contentUrl\":\"https:\/\/secure.gravatar.com\/avatar\/191d7fa8b4b721bb6ebf14bc2d9024e7?s=96&d=mm&r=g\",\"caption\":\"Per Hulteng\u00e5rd\"},\"url\":\"https:\/\/blogg.atl.nu\/utbobloggen\/author\/phultengard\/\"}]}<\/script>\n<!-- \/ Yoast SEO plugin. -->","yoast_head_json":{"title":"Vem ska bojkotta vem? (Tack f\u00f6r kaffet!) - Utbobloggen","robots":{"index":"index","follow":"follow","max-snippet":"max-snippet:-1","max-image-preview":"max-image-preview:large","max-video-preview":"max-video-preview:-1"},"canonical":"https:\/\/blogg.atl.nu\/utbobloggen\/2025\/11\/12\/vem-ska-bojkotta-vem\/","og_locale":"sv_SE","og_type":"article","og_title":"Vem ska bojkotta vem? (Tack f\u00f6r kaffet!) - Utbobloggen","og_description":"Den multinationella livsmedelskoncernen Nestl\u00e9 ska sluta k\u00f6pa tr\u00e4r\u00e5vara fr\u00e5n skogsbolag som \u00e4r inblandade i \u201dkontroverser\u201d i norra Sverige \u2013 indirekt verkar man tala om SCA. Det \u00e4r sv\u00e5rt att inte se kopplingen till den uppm\u00e4rksammade aktionen mot en enskild skogs\u00e4gare i Arjeplog. Det finns f\u00f6rst\u00e5s billiga po\u00e4ng att plocka p\u00e5 det h\u00e4r. Andra skulle kalla...","og_url":"https:\/\/blogg.atl.nu\/utbobloggen\/2025\/11\/12\/vem-ska-bojkotta-vem\/","og_site_name":"Utbobloggen","article_published_time":"2025-11-12T19:44:50+00:00","article_modified_time":"2025-11-12T19:58:36+00:00","og_image":[{"url":"https:\/\/blogg.atl.nu\/utbobloggen\/wp-content\/uploads\/sites\/39\/2025\/11\/unnamed-3-300x225.jpg"}],"author":"Per Hulteng\u00e5rd","twitter_card":"summary_large_image","twitter_misc":{"Skriven av":"Per Hulteng\u00e5rd","Ber\u00e4knad l\u00e4stid":"2 minuter"},"schema":{"@context":"https:\/\/schema.org","@graph":[{"@type":"WebPage","@id":"https:\/\/blogg.atl.nu\/utbobloggen\/2025\/11\/12\/vem-ska-bojkotta-vem\/","url":"https:\/\/blogg.atl.nu\/utbobloggen\/2025\/11\/12\/vem-ska-bojkotta-vem\/","name":"Vem ska bojkotta vem? (Tack f\u00f6r kaffet!) - Utbobloggen","isPartOf":{"@id":"https:\/\/blogg.atl.nu\/utbobloggen\/#website"},"datePublished":"2025-11-12T19:44:50+00:00","dateModified":"2025-11-12T19:58:36+00:00","author":{"@id":"https:\/\/blogg.atl.nu\/utbobloggen\/#\/schema\/person\/8c997704fc1787a2e8fa7f6cac4ad438"},"breadcrumb":{"@id":"https:\/\/blogg.atl.nu\/utbobloggen\/2025\/11\/12\/vem-ska-bojkotta-vem\/#breadcrumb"},"inLanguage":"sv-SE","potentialAction":[{"@type":"ReadAction","target":["https:\/\/blogg.atl.nu\/utbobloggen\/2025\/11\/12\/vem-ska-bojkotta-vem\/"]}]},{"@type":"BreadcrumbList","@id":"https:\/\/blogg.atl.nu\/utbobloggen\/2025\/11\/12\/vem-ska-bojkotta-vem\/#breadcrumb","itemListElement":[{"@type":"ListItem","position":1,"name":"Home","item":"https:\/\/blogg.atl.nu\/utbobloggen\/"},{"@type":"ListItem","position":2,"name":"Vem ska bojkotta vem? (Tack f\u00f6r kaffet!)"}]},{"@type":"WebSite","@id":"https:\/\/blogg.atl.nu\/utbobloggen\/#website","url":"https:\/\/blogg.atl.nu\/utbobloggen\/","name":"Utbobloggen","description":"Per Hulteng\u00e5rd","potentialAction":[{"@type":"SearchAction","target":{"@type":"EntryPoint","urlTemplate":"https:\/\/blogg.atl.nu\/utbobloggen\/?s={search_term_string}"},"query-input":"required name=search_term_string"}],"inLanguage":"sv-SE"},{"@type":"Person","@id":"https:\/\/blogg.atl.nu\/utbobloggen\/#\/schema\/person\/8c997704fc1787a2e8fa7f6cac4ad438","name":"Per Hulteng\u00e5rd","image":{"@type":"ImageObject","inLanguage":"sv-SE","@id":"https:\/\/blogg.atl.nu\/utbobloggen\/#\/schema\/person\/image\/","url":"https:\/\/secure.gravatar.com\/avatar\/191d7fa8b4b721bb6ebf14bc2d9024e7?s=96&d=mm&r=g","contentUrl":"https:\/\/secure.gravatar.com\/avatar\/191d7fa8b4b721bb6ebf14bc2d9024e7?s=96&d=mm&r=g","caption":"Per Hulteng\u00e5rd"},"url":"https:\/\/blogg.atl.nu\/utbobloggen\/author\/phultengard\/"}]}},"_links":{"self":[{"href":"https:\/\/blogg.atl.nu\/utbobloggen\/wp-json\/wp\/v2\/posts\/2603"}],"collection":[{"href":"https:\/\/blogg.atl.nu\/utbobloggen\/wp-json\/wp\/v2\/posts"}],"about":[{"href":"https:\/\/blogg.atl.nu\/utbobloggen\/wp-json\/wp\/v2\/types\/post"}],"author":[{"embeddable":true,"href":"https:\/\/blogg.atl.nu\/utbobloggen\/wp-json\/wp\/v2\/users\/359"}],"replies":[{"embeddable":true,"href":"https:\/\/blogg.atl.nu\/utbobloggen\/wp-json\/wp\/v2\/comments?post=2603"}],"version-history":[{"count":5,"href":"https:\/\/blogg.atl.nu\/utbobloggen\/wp-json\/wp\/v2\/posts\/2603\/revisions"}],"predecessor-version":[{"id":2610,"href":"https:\/\/blogg.atl.nu\/utbobloggen\/wp-json\/wp\/v2\/posts\/2603\/revisions\/2610"}],"wp:attachment":[{"href":"https:\/\/blogg.atl.nu\/utbobloggen\/wp-json\/wp\/v2\/media?parent=2603"}],"wp:term":[{"taxonomy":"category","embeddable":true,"href":"https:\/\/blogg.atl.nu\/utbobloggen\/wp-json\/wp\/v2\/categories?post=2603"},{"taxonomy":"post_tag","embeddable":true,"href":"https:\/\/blogg.atl.nu\/utbobloggen\/wp-json\/wp\/v2\/tags?post=2603"}],"curies":[{"name":"wp","href":"https:\/\/api.w.org\/{rel}","templated":true}]}}