{"id":2611,"date":"2025-11-17T20:43:41","date_gmt":"2025-11-17T19:43:41","guid":{"rendered":"https:\/\/blogg.atl.nu\/utbobloggen\/?p=2611"},"modified":"2025-11-18T06:05:39","modified_gmt":"2025-11-18T05:05:39","slug":"fran-sno-till-att-salja-frallor-vid-tagstationen","status":"publish","type":"post","link":"https:\/\/blogg.atl.nu\/utbobloggen\/2025\/11\/17\/fran-sno-till-att-salja-frallor-vid-tagstationen\/","title":{"rendered":"Fr\u00e5n sn\u00f6 till att s\u00e4lja frallor vid t\u00e5gstationen?"},"content":{"rendered":"<p>H\u00e4rlig helg p\u00e5 g\u00e5rden.<\/p>\n<p>Till och med lite sn\u00f6 (n\u00e5ja), men kallt och lite sk\u00f6nt krispigt!<\/p>\n<p>\u00c5tminstone n\u00e5gon cm sn\u00f6, h\u00e4r och d\u00e4r, som bitvis l\u00e5g kvar i n\u00e5gon minusgrad.<\/p>\n<p><img loading=\"lazy\" class=\"alignnone size-medium wp-image-2612\" src=\"https:\/\/blogg.atl.nu\/utbobloggen\/wp-content\/uploads\/sites\/39\/2025\/11\/unnamed-5-225x300.jpg\" alt=\"\" width=\"225\" height=\"300\" srcset=\"https:\/\/blogg.atl.nu\/utbobloggen\/wp-content\/uploads\/sites\/39\/2025\/11\/unnamed-5-225x300.jpg 225w, https:\/\/blogg.atl.nu\/utbobloggen\/wp-content\/uploads\/sites\/39\/2025\/11\/unnamed-5-768x1024.jpg 768w, https:\/\/blogg.atl.nu\/utbobloggen\/wp-content\/uploads\/sites\/39\/2025\/11\/unnamed-5-1152x1536.jpg 1152w, https:\/\/blogg.atl.nu\/utbobloggen\/wp-content\/uploads\/sites\/39\/2025\/11\/unnamed-5-1536x2048.jpg 1536w, https:\/\/blogg.atl.nu\/utbobloggen\/wp-content\/uploads\/sites\/39\/2025\/11\/unnamed-5-scaled.jpg 1920w\" sizes=\"(max-width: 225px) 100vw, 225px\" \/><\/p>\n<p><em>Vi gick omkring och l\u00e5tsades att det var vinter. Men mer kommer under veckan!<\/em><\/p>\n<p>V\u00e4l p\u00e5 plats kunde jag dock inte riktigt sl\u00e4ppa det h\u00e4r med tjejen som ville s\u00e4lja morgonfrallor vid Motala Centralstation. Jag m\u00e5 vara utbo, men innan jag fick bil s\u00e5 har jag tillbringat r\u00e4tt mycket tid vid Motala Centralstation (eller \u201dResecentrum\u201d som det nu ska heta vid alla t\u00e5gstationer).<\/p>\n<p>Men det var d\u00e5.<\/p>\n<p><em>(F\u00f6r egen del var jag som liten s\u00e5 \u00f6vertygad om att jag skulle bli lokf\u00f6rare som stor och tyckte s\u00e5 mycket om t\u00e5g att jag n\u00e4r jag stod d\u00e4r och kollade efter n\u00e4sta t\u00e5g, s\u00e5 lyckades jag, fem \u00e5r gammal, ramla ner fr\u00e5n perrongen p\u00e5 sp\u00e5ren och bryta nyckelbenet.)<\/em><\/p>\n<p>Men till saken.<\/p>\n<p>Motala C \u00e4r i dag en sorglig historia. En g\u00e5ng en m\u00f6tesplats mellan resande. Nu en st\u00e4ngd byggnad. F\u00f6r trots att den ligger s\u00e5 d\u00e4r 100 meter fr\u00e5n polishuset, s\u00e5 har dess v\u00e4ntsal hems\u00f6kts s\u00e5 pass av missbrukare och v\u00e5ldsamma personer att ingen v\u00e5gar vara d\u00e4r. Den lilla fina butik som fanns i anslutning till v\u00e4ntsalen har slagit igen.<\/p>\n<p>Mitt i allt detta armod, s\u00e5 stod hon d\u00e5 en morgon bara d\u00e4r! En driftig tjej med en id\u00e9 om att \u2013 till passagerare p\u00e5 v\u00e4g till perrongen &#8211; s\u00e4lja frallor till alla morgonresen\u00e4rer. Hon \u00e4r nyinflyttad, s\u00f6ker jobb, men i avvaktan p\u00e5 det, s\u00e5 satte hon deg p\u00e5 kv\u00e4llen, knallade upp 04.00 p\u00e5 morgonen f\u00f6r att gr\u00e4dda br\u00f6den och fylla dem med sm\u00f6r, ost och gr\u00f6nsaker och sedan vara p\u00e5 plats lagom till att de flesta resen\u00e4rerna skulle dyka upp.<\/p>\n<p>L\u00e4ste om henne i <span style=\"text-decoration: underline\"><em><a href=\"https:\/\/www.mvt.se\/nyheter\/motala\/artikel\/keija-19-saljer-frallor-i-morgonrusningen\/r9085ovr\">Motala Tidning.\u00a0<\/a><\/em><\/span><\/p>\n<p>Det uppm\u00e4rksammades, gav hurrarop, och gick bra! F\u00f6rst bakade hon tio frallor \u2013 sedan 20!<\/p>\n<p>\u2013 Jag trodde inte att jag skulle f\u00e5 alla s\u00e5lda, men det fick jag, ber\u00e4ttade hon f\u00f6r MVT.<\/p>\n<p>Det gick bra i tv\u00e5 dagar. D\u00e5 d\u00f6k Motalapolisen upp \u2013 \u00e5ter igen fr\u00e5n polishuset 100 meter bort. Nu dock med polisbil och tre uniformerade poliser. <span style=\"text-decoration: underline\"><em><a href=\"https:\/\/www.mvt.se\/nyheter\/motala\/artikel\/keija-19-tvingas-sluta-salja-frallor-kommunen-ringde-polisen\/lwom771j\">Ditskickade av Motala kommun f\u00f6r att meddela att hon inte fick s\u00e4lja sina frallor utanf\u00f6r stationen.<\/a><\/em><\/span><\/p>\n<p>Man kan ha proportionerliga synpunkter p\u00e5 den polisi\u00e4ra \u201dinsatsen\u201d. (j\u00e4mf\u00f6rt med vad man kunnat gjort f\u00f6r att \u00e5tg\u00e4rda de problem som st\u00e4ngt hela stationshuset och dess v\u00e4ntsal). Det \u00e4r en sak.<\/p>\n<p>Men Polisen var d\u00e4r p\u00e5 uppdrag av kommunen, vars tydliga budskap var att hon skulle ha ans\u00f6kt om att hon &#8211; trots att hon hade registrerat sin morgonf\u00f6rs\u00e4ljning som en livsmedelsverksamhet hos kommunen &#8211; dessutom skulle ha skaffat tillst\u00e5nd f\u00f6r att bedriva \u201dtorghandel\u201d.<\/p>\n<p>Och det tyckte kommunen att man ska bedriva vid det (annars s\u00e5 avfolkade)\u201dStora Torget\u201d i Motala.<\/p>\n<p>Kommunens insats framkallade, milt uttryck, kritik.<\/p>\n<p><span style=\"text-decoration: underline\"><em><a href=\"https:\/\/www.mvt.se\/nyheter\/motala\/artikel\/kommunen-hade-fel-keija-far-salja-frallor-pa-stationen\/r1451ykr\">Och f\u00f6ga f\u00f6rv\u00e5nande backade Motala kommun.<\/a><\/em><\/span> Bj\u00f6d in till ett m\u00f6te med den bakande tjejen, och l\u00e4t omdefiniera hennes verksamhet fr\u00e5n \u201dtorghandel\u201d till \u201dambulerande verksamhet\u201d.<\/p>\n<p>S\u00e5 nu kan det s\u00e4ljas morgonfrallor igen vid Motala station.<\/p>\n<p>Om hon orkar. S\u00e4ger att hon ska s\u00e4tta tv\u00e5 degsatser till imorgon.<\/p>\n<p>Det finns mycket att l\u00e4ra av den h\u00e4r historien.<\/p>\n<p>Som leder till eftertanke.<\/p>\n<p>Om kommuntj\u00e4nstepersoner, i sin m\u00e5n att g\u00f6ra r\u00e4tt, fastnar i regelverk som fj\u00e4rmar dem fr\u00e5n nytta, kreativitet och verklighet, s\u00e5 har vi ett problem.<\/p>\n<p>Alla kan g\u00f6ra fel. Och kanske var det h\u00e4r den lokala politiken som gjorde en insats och st\u00e4llde allting r\u00e4tt till slut.<\/p>\n<p>Jag hoppas att det ska finnas morgonfrallor till resen\u00e4rerna fr\u00e5n\/till Motala C s\u00e5v\u00e4l i morgon som i forts\u00e4ttningen.<\/p>\n<p>Och ni p\u00e5 polishuset i Motala kan v\u00e4l ta en morgonpromenad och kolla att allt \u00e4r lugnt vid stationshuset och samtidigt k\u00f6pa er en morgonfralla!<\/p>\n","protected":false},"excerpt":{"rendered":"<p>H\u00e4rlig helg p\u00e5 g\u00e5rden. Till och med lite sn\u00f6 (n\u00e5ja), men kallt och lite sk\u00f6nt krispigt! \u00c5tminstone n\u00e5gon cm sn\u00f6, h\u00e4r och d\u00e4r, som bitvis l\u00e5g kvar i n\u00e5gon minusgrad. Vi gick omkring och l\u00e5tsades att det var vinter. Men mer kommer under veckan! V\u00e4l p\u00e5 plats kunde jag dock inte riktigt sl\u00e4ppa det h\u00e4r&#8230;<\/p>\n","protected":false},"author":359,"featured_media":0,"comment_status":"open","ping_status":"open","sticky":false,"template":"","format":"standard","meta":[],"categories":[1],"tags":[],"yoast_head":"<!-- This site is optimized with the Yoast SEO plugin v19.6 - https:\/\/yoast.com\/wordpress\/plugins\/seo\/ -->\n<title>Fr\u00e5n sn\u00f6 till att s\u00e4lja frallor vid t\u00e5gstationen? - Utbobloggen<\/title>\n<meta name=\"robots\" content=\"index, follow, max-snippet:-1, max-image-preview:large, max-video-preview:-1\" \/>\n<link rel=\"canonical\" href=\"https:\/\/blogg.atl.nu\/utbobloggen\/2025\/11\/17\/fran-sno-till-att-salja-frallor-vid-tagstationen\/\" \/>\n<meta property=\"og:locale\" content=\"sv_SE\" \/>\n<meta property=\"og:type\" content=\"article\" \/>\n<meta property=\"og:title\" content=\"Fr\u00e5n sn\u00f6 till att s\u00e4lja frallor vid t\u00e5gstationen? - Utbobloggen\" \/>\n<meta property=\"og:description\" content=\"H\u00e4rlig helg p\u00e5 g\u00e5rden. Till och med lite sn\u00f6 (n\u00e5ja), men kallt och lite sk\u00f6nt krispigt! \u00c5tminstone n\u00e5gon cm sn\u00f6, h\u00e4r och d\u00e4r, som bitvis l\u00e5g kvar i n\u00e5gon minusgrad. Vi gick omkring och l\u00e5tsades att det var vinter. Men mer kommer under veckan! V\u00e4l p\u00e5 plats kunde jag dock inte riktigt sl\u00e4ppa det h\u00e4r...\" \/>\n<meta property=\"og:url\" content=\"https:\/\/blogg.atl.nu\/utbobloggen\/2025\/11\/17\/fran-sno-till-att-salja-frallor-vid-tagstationen\/\" \/>\n<meta property=\"og:site_name\" content=\"Utbobloggen\" \/>\n<meta property=\"article:published_time\" content=\"2025-11-17T19:43:41+00:00\" \/>\n<meta property=\"article:modified_time\" content=\"2025-11-18T05:05:39+00:00\" \/>\n<meta property=\"og:image\" content=\"https:\/\/blogg.atl.nu\/utbobloggen\/wp-content\/uploads\/sites\/39\/2025\/11\/unnamed-5-225x300.jpg\" \/>\n<meta name=\"author\" content=\"Per Hulteng\u00e5rd\" \/>\n<meta name=\"twitter:card\" content=\"summary_large_image\" \/>\n<meta name=\"twitter:label1\" content=\"Skriven av\" \/>\n\t<meta name=\"twitter:data1\" content=\"Per Hulteng\u00e5rd\" \/>\n\t<meta name=\"twitter:label2\" content=\"Ber\u00e4knad l\u00e4stid\" \/>\n\t<meta name=\"twitter:data2\" content=\"4 minuter\" \/>\n<script type=\"application\/ld+json\" class=\"yoast-schema-graph\">{\"@context\":\"https:\/\/schema.org\",\"@graph\":[{\"@type\":\"WebPage\",\"@id\":\"https:\/\/blogg.atl.nu\/utbobloggen\/2025\/11\/17\/fran-sno-till-att-salja-frallor-vid-tagstationen\/\",\"url\":\"https:\/\/blogg.atl.nu\/utbobloggen\/2025\/11\/17\/fran-sno-till-att-salja-frallor-vid-tagstationen\/\",\"name\":\"Fr\u00e5n sn\u00f6 till att s\u00e4lja frallor vid t\u00e5gstationen? - Utbobloggen\",\"isPartOf\":{\"@id\":\"https:\/\/blogg.atl.nu\/utbobloggen\/#website\"},\"datePublished\":\"2025-11-17T19:43:41+00:00\",\"dateModified\":\"2025-11-18T05:05:39+00:00\",\"author\":{\"@id\":\"https:\/\/blogg.atl.nu\/utbobloggen\/#\/schema\/person\/8c997704fc1787a2e8fa7f6cac4ad438\"},\"breadcrumb\":{\"@id\":\"https:\/\/blogg.atl.nu\/utbobloggen\/2025\/11\/17\/fran-sno-till-att-salja-frallor-vid-tagstationen\/#breadcrumb\"},\"inLanguage\":\"sv-SE\",\"potentialAction\":[{\"@type\":\"ReadAction\",\"target\":[\"https:\/\/blogg.atl.nu\/utbobloggen\/2025\/11\/17\/fran-sno-till-att-salja-frallor-vid-tagstationen\/\"]}]},{\"@type\":\"BreadcrumbList\",\"@id\":\"https:\/\/blogg.atl.nu\/utbobloggen\/2025\/11\/17\/fran-sno-till-att-salja-frallor-vid-tagstationen\/#breadcrumb\",\"itemListElement\":[{\"@type\":\"ListItem\",\"position\":1,\"name\":\"Home\",\"item\":\"https:\/\/blogg.atl.nu\/utbobloggen\/\"},{\"@type\":\"ListItem\",\"position\":2,\"name\":\"Fr\u00e5n sn\u00f6 till att s\u00e4lja frallor vid t\u00e5gstationen?\"}]},{\"@type\":\"WebSite\",\"@id\":\"https:\/\/blogg.atl.nu\/utbobloggen\/#website\",\"url\":\"https:\/\/blogg.atl.nu\/utbobloggen\/\",\"name\":\"Utbobloggen\",\"description\":\"Per Hulteng\u00e5rd\",\"potentialAction\":[{\"@type\":\"SearchAction\",\"target\":{\"@type\":\"EntryPoint\",\"urlTemplate\":\"https:\/\/blogg.atl.nu\/utbobloggen\/?s={search_term_string}\"},\"query-input\":\"required name=search_term_string\"}],\"inLanguage\":\"sv-SE\"},{\"@type\":\"Person\",\"@id\":\"https:\/\/blogg.atl.nu\/utbobloggen\/#\/schema\/person\/8c997704fc1787a2e8fa7f6cac4ad438\",\"name\":\"Per Hulteng\u00e5rd\",\"image\":{\"@type\":\"ImageObject\",\"inLanguage\":\"sv-SE\",\"@id\":\"https:\/\/blogg.atl.nu\/utbobloggen\/#\/schema\/person\/image\/\",\"url\":\"https:\/\/secure.gravatar.com\/avatar\/191d7fa8b4b721bb6ebf14bc2d9024e7?s=96&d=mm&r=g\",\"contentUrl\":\"https:\/\/secure.gravatar.com\/avatar\/191d7fa8b4b721bb6ebf14bc2d9024e7?s=96&d=mm&r=g\",\"caption\":\"Per Hulteng\u00e5rd\"},\"url\":\"https:\/\/blogg.atl.nu\/utbobloggen\/author\/phultengard\/\"}]}<\/script>\n<!-- \/ Yoast SEO plugin. -->","yoast_head_json":{"title":"Fr\u00e5n sn\u00f6 till att s\u00e4lja frallor vid t\u00e5gstationen? - Utbobloggen","robots":{"index":"index","follow":"follow","max-snippet":"max-snippet:-1","max-image-preview":"max-image-preview:large","max-video-preview":"max-video-preview:-1"},"canonical":"https:\/\/blogg.atl.nu\/utbobloggen\/2025\/11\/17\/fran-sno-till-att-salja-frallor-vid-tagstationen\/","og_locale":"sv_SE","og_type":"article","og_title":"Fr\u00e5n sn\u00f6 till att s\u00e4lja frallor vid t\u00e5gstationen? - Utbobloggen","og_description":"H\u00e4rlig helg p\u00e5 g\u00e5rden. Till och med lite sn\u00f6 (n\u00e5ja), men kallt och lite sk\u00f6nt krispigt! \u00c5tminstone n\u00e5gon cm sn\u00f6, h\u00e4r och d\u00e4r, som bitvis l\u00e5g kvar i n\u00e5gon minusgrad. Vi gick omkring och l\u00e5tsades att det var vinter. Men mer kommer under veckan! V\u00e4l p\u00e5 plats kunde jag dock inte riktigt sl\u00e4ppa det h\u00e4r...","og_url":"https:\/\/blogg.atl.nu\/utbobloggen\/2025\/11\/17\/fran-sno-till-att-salja-frallor-vid-tagstationen\/","og_site_name":"Utbobloggen","article_published_time":"2025-11-17T19:43:41+00:00","article_modified_time":"2025-11-18T05:05:39+00:00","og_image":[{"url":"https:\/\/blogg.atl.nu\/utbobloggen\/wp-content\/uploads\/sites\/39\/2025\/11\/unnamed-5-225x300.jpg"}],"author":"Per Hulteng\u00e5rd","twitter_card":"summary_large_image","twitter_misc":{"Skriven av":"Per Hulteng\u00e5rd","Ber\u00e4knad l\u00e4stid":"4 minuter"},"schema":{"@context":"https:\/\/schema.org","@graph":[{"@type":"WebPage","@id":"https:\/\/blogg.atl.nu\/utbobloggen\/2025\/11\/17\/fran-sno-till-att-salja-frallor-vid-tagstationen\/","url":"https:\/\/blogg.atl.nu\/utbobloggen\/2025\/11\/17\/fran-sno-till-att-salja-frallor-vid-tagstationen\/","name":"Fr\u00e5n sn\u00f6 till att s\u00e4lja frallor vid t\u00e5gstationen? - Utbobloggen","isPartOf":{"@id":"https:\/\/blogg.atl.nu\/utbobloggen\/#website"},"datePublished":"2025-11-17T19:43:41+00:00","dateModified":"2025-11-18T05:05:39+00:00","author":{"@id":"https:\/\/blogg.atl.nu\/utbobloggen\/#\/schema\/person\/8c997704fc1787a2e8fa7f6cac4ad438"},"breadcrumb":{"@id":"https:\/\/blogg.atl.nu\/utbobloggen\/2025\/11\/17\/fran-sno-till-att-salja-frallor-vid-tagstationen\/#breadcrumb"},"inLanguage":"sv-SE","potentialAction":[{"@type":"ReadAction","target":["https:\/\/blogg.atl.nu\/utbobloggen\/2025\/11\/17\/fran-sno-till-att-salja-frallor-vid-tagstationen\/"]}]},{"@type":"BreadcrumbList","@id":"https:\/\/blogg.atl.nu\/utbobloggen\/2025\/11\/17\/fran-sno-till-att-salja-frallor-vid-tagstationen\/#breadcrumb","itemListElement":[{"@type":"ListItem","position":1,"name":"Home","item":"https:\/\/blogg.atl.nu\/utbobloggen\/"},{"@type":"ListItem","position":2,"name":"Fr\u00e5n sn\u00f6 till att s\u00e4lja frallor vid t\u00e5gstationen?"}]},{"@type":"WebSite","@id":"https:\/\/blogg.atl.nu\/utbobloggen\/#website","url":"https:\/\/blogg.atl.nu\/utbobloggen\/","name":"Utbobloggen","description":"Per Hulteng\u00e5rd","potentialAction":[{"@type":"SearchAction","target":{"@type":"EntryPoint","urlTemplate":"https:\/\/blogg.atl.nu\/utbobloggen\/?s={search_term_string}"},"query-input":"required name=search_term_string"}],"inLanguage":"sv-SE"},{"@type":"Person","@id":"https:\/\/blogg.atl.nu\/utbobloggen\/#\/schema\/person\/8c997704fc1787a2e8fa7f6cac4ad438","name":"Per Hulteng\u00e5rd","image":{"@type":"ImageObject","inLanguage":"sv-SE","@id":"https:\/\/blogg.atl.nu\/utbobloggen\/#\/schema\/person\/image\/","url":"https:\/\/secure.gravatar.com\/avatar\/191d7fa8b4b721bb6ebf14bc2d9024e7?s=96&d=mm&r=g","contentUrl":"https:\/\/secure.gravatar.com\/avatar\/191d7fa8b4b721bb6ebf14bc2d9024e7?s=96&d=mm&r=g","caption":"Per Hulteng\u00e5rd"},"url":"https:\/\/blogg.atl.nu\/utbobloggen\/author\/phultengard\/"}]}},"_links":{"self":[{"href":"https:\/\/blogg.atl.nu\/utbobloggen\/wp-json\/wp\/v2\/posts\/2611"}],"collection":[{"href":"https:\/\/blogg.atl.nu\/utbobloggen\/wp-json\/wp\/v2\/posts"}],"about":[{"href":"https:\/\/blogg.atl.nu\/utbobloggen\/wp-json\/wp\/v2\/types\/post"}],"author":[{"embeddable":true,"href":"https:\/\/blogg.atl.nu\/utbobloggen\/wp-json\/wp\/v2\/users\/359"}],"replies":[{"embeddable":true,"href":"https:\/\/blogg.atl.nu\/utbobloggen\/wp-json\/wp\/v2\/comments?post=2611"}],"version-history":[{"count":5,"href":"https:\/\/blogg.atl.nu\/utbobloggen\/wp-json\/wp\/v2\/posts\/2611\/revisions"}],"predecessor-version":[{"id":2617,"href":"https:\/\/blogg.atl.nu\/utbobloggen\/wp-json\/wp\/v2\/posts\/2611\/revisions\/2617"}],"wp:attachment":[{"href":"https:\/\/blogg.atl.nu\/utbobloggen\/wp-json\/wp\/v2\/media?parent=2611"}],"wp:term":[{"taxonomy":"category","embeddable":true,"href":"https:\/\/blogg.atl.nu\/utbobloggen\/wp-json\/wp\/v2\/categories?post=2611"},{"taxonomy":"post_tag","embeddable":true,"href":"https:\/\/blogg.atl.nu\/utbobloggen\/wp-json\/wp\/v2\/tags?post=2611"}],"curies":[{"name":"wp","href":"https:\/\/api.w.org\/{rel}","templated":true}]}}