{"id":2618,"date":"2025-11-30T20:18:03","date_gmt":"2025-11-30T19:18:03","guid":{"rendered":"https:\/\/blogg.atl.nu\/utbobloggen\/?p=2618"},"modified":"2025-11-30T20:18:03","modified_gmt":"2025-11-30T19:18:03","slug":"grot-gran-pa-1a-advent","status":"publish","type":"post","link":"https:\/\/blogg.atl.nu\/utbobloggen\/2025\/11\/30\/grot-gran-pa-1a-advent\/","title":{"rendered":"Grot &amp; Gran p\u00e5 1:a advent"},"content":{"rendered":"<p>F\u00f6rsta advent. Gr\u00e5mulet v\u00e4der, duggregn och plusgrader.<\/p>\n<p>Nere p\u00e5 g\u00e5rden och perfekt f\u00f6r att ta en v\u00e4nda i skogen och se vad som h\u00e4nt sedan sist.<\/p>\n<p>Grot-h\u00f6garna har legat ett tag nu och det har v\u00e4l inte varit n\u00e5got j\u00e4ttedrag p\u00e5 efterfr\u00e5gesidan p\u00e5 den marknaden p\u00e5 sistone. Men n\u00e5gon sa att en f\u00f6r\u00e4ndring \u00e4r p\u00e5 g\u00e5ng. Och minsann! Helt pl\u00f6tsligt \u00e4r en av Grot-h\u00f6garna borta.<\/p>\n<p><img loading=\"lazy\" class=\"alignnone size-medium wp-image-2619\" src=\"https:\/\/blogg.atl.nu\/utbobloggen\/wp-content\/uploads\/sites\/39\/2025\/11\/unnamed-6-300x225.jpg\" alt=\"\" width=\"300\" height=\"225\" srcset=\"https:\/\/blogg.atl.nu\/utbobloggen\/wp-content\/uploads\/sites\/39\/2025\/11\/unnamed-6-300x225.jpg 300w, https:\/\/blogg.atl.nu\/utbobloggen\/wp-content\/uploads\/sites\/39\/2025\/11\/unnamed-6-1024x768.jpg 1024w, https:\/\/blogg.atl.nu\/utbobloggen\/wp-content\/uploads\/sites\/39\/2025\/11\/unnamed-6-768x576.jpg 768w, https:\/\/blogg.atl.nu\/utbobloggen\/wp-content\/uploads\/sites\/39\/2025\/11\/unnamed-6-1536x1152.jpg 1536w, https:\/\/blogg.atl.nu\/utbobloggen\/wp-content\/uploads\/sites\/39\/2025\/11\/unnamed-6-2048x1536.jpg 2048w\" sizes=\"(max-width: 300px) 100vw, 300px\" \/><\/p>\n<p>Bra b\u00f6rjan p\u00e5 advent!<\/p>\n<p>Fortsatte vidare bort till en olycksalig granplantering (eller del av den), som planterades f\u00f6r fyra-fem \u00e5r sedan, men som fick storstryk av gr\u00e4s och framf\u00f6r allt hassel och effektivt s\u00e5g till att de stackars plantorna inte hade en chans att ta sig upp. Om jag s\u00e4ger att 95 % dog s\u00e5 \u00e4r det ingen \u00f6verdrift.<\/p>\n<p>Men nu tog vi nya tag i somras och r\u00f6jde bort allt vad hassel heter, markberedde p\u00e5 nytt inf\u00f6r en h\u00f6stplantering. Var f\u00f6rst lite skeptisk till h\u00f6stplantering och framf\u00f6r allt s\u00e5 sent som i oktober\/november, men fick av l\u00e4ra mig att plantorna inte ska b\u00f6rja v\u00e4xa utan kan stanna i sin vintervila och p\u00e5b\u00f6rja sin v\u00e4xtperiod p\u00e5 v\u00e5ren. L\u00e5ter klokt och logiskt.<\/p>\n<p>S\u00e5 nu \u00e4r rej\u00e4la barrotsplantor nedtryckta.<\/p>\n<p><img loading=\"lazy\" class=\"alignnone size-medium wp-image-2620\" src=\"https:\/\/blogg.atl.nu\/utbobloggen\/wp-content\/uploads\/sites\/39\/2025\/11\/unnamed-7-300x225.jpg\" alt=\"\" width=\"300\" height=\"225\" srcset=\"https:\/\/blogg.atl.nu\/utbobloggen\/wp-content\/uploads\/sites\/39\/2025\/11\/unnamed-7-300x225.jpg 300w, https:\/\/blogg.atl.nu\/utbobloggen\/wp-content\/uploads\/sites\/39\/2025\/11\/unnamed-7-1024x768.jpg 1024w, https:\/\/blogg.atl.nu\/utbobloggen\/wp-content\/uploads\/sites\/39\/2025\/11\/unnamed-7-768x576.jpg 768w, https:\/\/blogg.atl.nu\/utbobloggen\/wp-content\/uploads\/sites\/39\/2025\/11\/unnamed-7-1536x1152.jpg 1536w, https:\/\/blogg.atl.nu\/utbobloggen\/wp-content\/uploads\/sites\/39\/2025\/11\/unnamed-7-2048x1536.jpg 2048w\" sizes=\"(max-width: 300px) 100vw, 300px\" \/><\/p>\n<p>Och den h\u00e4r g\u00e5ngen ska de vinna i kampen mot hasseln. Det ska jag se till!<\/p>\n","protected":false},"excerpt":{"rendered":"<p>F\u00f6rsta advent. Gr\u00e5mulet v\u00e4der, duggregn och plusgrader. Nere p\u00e5 g\u00e5rden och perfekt f\u00f6r att ta en v\u00e4nda i skogen och se vad som h\u00e4nt sedan sist. Grot-h\u00f6garna har legat ett tag nu och det har v\u00e4l inte varit n\u00e5got j\u00e4ttedrag p\u00e5 efterfr\u00e5gesidan p\u00e5 den marknaden p\u00e5 sistone. Men n\u00e5gon sa att en f\u00f6r\u00e4ndring \u00e4r p\u00e5&#8230;<\/p>\n","protected":false},"author":359,"featured_media":0,"comment_status":"open","ping_status":"open","sticky":false,"template":"","format":"standard","meta":[],"categories":[1],"tags":[],"yoast_head":"<!-- This site is optimized with the Yoast SEO plugin v19.6 - https:\/\/yoast.com\/wordpress\/plugins\/seo\/ -->\n<title>Grot &amp; Gran p\u00e5 1:a advent - Utbobloggen<\/title>\n<meta name=\"robots\" content=\"index, follow, max-snippet:-1, max-image-preview:large, max-video-preview:-1\" \/>\n<link rel=\"canonical\" href=\"https:\/\/blogg.atl.nu\/utbobloggen\/2025\/11\/30\/grot-gran-pa-1a-advent\/\" \/>\n<meta property=\"og:locale\" content=\"sv_SE\" \/>\n<meta property=\"og:type\" content=\"article\" \/>\n<meta property=\"og:title\" content=\"Grot &amp; Gran p\u00e5 1:a advent - Utbobloggen\" \/>\n<meta property=\"og:description\" content=\"F\u00f6rsta advent. Gr\u00e5mulet v\u00e4der, duggregn och plusgrader. Nere p\u00e5 g\u00e5rden och perfekt f\u00f6r att ta en v\u00e4nda i skogen och se vad som h\u00e4nt sedan sist. Grot-h\u00f6garna har legat ett tag nu och det har v\u00e4l inte varit n\u00e5got j\u00e4ttedrag p\u00e5 efterfr\u00e5gesidan p\u00e5 den marknaden p\u00e5 sistone. Men n\u00e5gon sa att en f\u00f6r\u00e4ndring \u00e4r p\u00e5...\" \/>\n<meta property=\"og:url\" content=\"https:\/\/blogg.atl.nu\/utbobloggen\/2025\/11\/30\/grot-gran-pa-1a-advent\/\" \/>\n<meta property=\"og:site_name\" content=\"Utbobloggen\" \/>\n<meta property=\"article:published_time\" content=\"2025-11-30T19:18:03+00:00\" \/>\n<meta property=\"og:image\" content=\"https:\/\/blogg.atl.nu\/utbobloggen\/wp-content\/uploads\/sites\/39\/2025\/11\/unnamed-6-300x225.jpg\" \/>\n<meta name=\"author\" content=\"Per Hulteng\u00e5rd\" \/>\n<meta name=\"twitter:card\" content=\"summary_large_image\" \/>\n<meta name=\"twitter:label1\" content=\"Skriven av\" \/>\n\t<meta name=\"twitter:data1\" content=\"Per Hulteng\u00e5rd\" \/>\n\t<meta name=\"twitter:label2\" content=\"Ber\u00e4knad l\u00e4stid\" \/>\n\t<meta name=\"twitter:data2\" content=\"2 minuter\" \/>\n<script type=\"application\/ld+json\" class=\"yoast-schema-graph\">{\"@context\":\"https:\/\/schema.org\",\"@graph\":[{\"@type\":\"WebPage\",\"@id\":\"https:\/\/blogg.atl.nu\/utbobloggen\/2025\/11\/30\/grot-gran-pa-1a-advent\/\",\"url\":\"https:\/\/blogg.atl.nu\/utbobloggen\/2025\/11\/30\/grot-gran-pa-1a-advent\/\",\"name\":\"Grot &amp; Gran p\u00e5 1:a advent - Utbobloggen\",\"isPartOf\":{\"@id\":\"https:\/\/blogg.atl.nu\/utbobloggen\/#website\"},\"datePublished\":\"2025-11-30T19:18:03+00:00\",\"dateModified\":\"2025-11-30T19:18:03+00:00\",\"author\":{\"@id\":\"https:\/\/blogg.atl.nu\/utbobloggen\/#\/schema\/person\/8c997704fc1787a2e8fa7f6cac4ad438\"},\"breadcrumb\":{\"@id\":\"https:\/\/blogg.atl.nu\/utbobloggen\/2025\/11\/30\/grot-gran-pa-1a-advent\/#breadcrumb\"},\"inLanguage\":\"sv-SE\",\"potentialAction\":[{\"@type\":\"ReadAction\",\"target\":[\"https:\/\/blogg.atl.nu\/utbobloggen\/2025\/11\/30\/grot-gran-pa-1a-advent\/\"]}]},{\"@type\":\"BreadcrumbList\",\"@id\":\"https:\/\/blogg.atl.nu\/utbobloggen\/2025\/11\/30\/grot-gran-pa-1a-advent\/#breadcrumb\",\"itemListElement\":[{\"@type\":\"ListItem\",\"position\":1,\"name\":\"Home\",\"item\":\"https:\/\/blogg.atl.nu\/utbobloggen\/\"},{\"@type\":\"ListItem\",\"position\":2,\"name\":\"Grot &amp; Gran p\u00e5 1:a advent\"}]},{\"@type\":\"WebSite\",\"@id\":\"https:\/\/blogg.atl.nu\/utbobloggen\/#website\",\"url\":\"https:\/\/blogg.atl.nu\/utbobloggen\/\",\"name\":\"Utbobloggen\",\"description\":\"Per Hulteng\u00e5rd\",\"potentialAction\":[{\"@type\":\"SearchAction\",\"target\":{\"@type\":\"EntryPoint\",\"urlTemplate\":\"https:\/\/blogg.atl.nu\/utbobloggen\/?s={search_term_string}\"},\"query-input\":\"required name=search_term_string\"}],\"inLanguage\":\"sv-SE\"},{\"@type\":\"Person\",\"@id\":\"https:\/\/blogg.atl.nu\/utbobloggen\/#\/schema\/person\/8c997704fc1787a2e8fa7f6cac4ad438\",\"name\":\"Per Hulteng\u00e5rd\",\"image\":{\"@type\":\"ImageObject\",\"inLanguage\":\"sv-SE\",\"@id\":\"https:\/\/blogg.atl.nu\/utbobloggen\/#\/schema\/person\/image\/\",\"url\":\"https:\/\/secure.gravatar.com\/avatar\/191d7fa8b4b721bb6ebf14bc2d9024e7?s=96&d=mm&r=g\",\"contentUrl\":\"https:\/\/secure.gravatar.com\/avatar\/191d7fa8b4b721bb6ebf14bc2d9024e7?s=96&d=mm&r=g\",\"caption\":\"Per Hulteng\u00e5rd\"},\"url\":\"https:\/\/blogg.atl.nu\/utbobloggen\/author\/phultengard\/\"}]}<\/script>\n<!-- \/ Yoast SEO plugin. -->","yoast_head_json":{"title":"Grot &amp; Gran p\u00e5 1:a advent - Utbobloggen","robots":{"index":"index","follow":"follow","max-snippet":"max-snippet:-1","max-image-preview":"max-image-preview:large","max-video-preview":"max-video-preview:-1"},"canonical":"https:\/\/blogg.atl.nu\/utbobloggen\/2025\/11\/30\/grot-gran-pa-1a-advent\/","og_locale":"sv_SE","og_type":"article","og_title":"Grot &amp; Gran p\u00e5 1:a advent - Utbobloggen","og_description":"F\u00f6rsta advent. Gr\u00e5mulet v\u00e4der, duggregn och plusgrader. Nere p\u00e5 g\u00e5rden och perfekt f\u00f6r att ta en v\u00e4nda i skogen och se vad som h\u00e4nt sedan sist. Grot-h\u00f6garna har legat ett tag nu och det har v\u00e4l inte varit n\u00e5got j\u00e4ttedrag p\u00e5 efterfr\u00e5gesidan p\u00e5 den marknaden p\u00e5 sistone. Men n\u00e5gon sa att en f\u00f6r\u00e4ndring \u00e4r p\u00e5...","og_url":"https:\/\/blogg.atl.nu\/utbobloggen\/2025\/11\/30\/grot-gran-pa-1a-advent\/","og_site_name":"Utbobloggen","article_published_time":"2025-11-30T19:18:03+00:00","og_image":[{"url":"https:\/\/blogg.atl.nu\/utbobloggen\/wp-content\/uploads\/sites\/39\/2025\/11\/unnamed-6-300x225.jpg"}],"author":"Per Hulteng\u00e5rd","twitter_card":"summary_large_image","twitter_misc":{"Skriven av":"Per Hulteng\u00e5rd","Ber\u00e4knad l\u00e4stid":"2 minuter"},"schema":{"@context":"https:\/\/schema.org","@graph":[{"@type":"WebPage","@id":"https:\/\/blogg.atl.nu\/utbobloggen\/2025\/11\/30\/grot-gran-pa-1a-advent\/","url":"https:\/\/blogg.atl.nu\/utbobloggen\/2025\/11\/30\/grot-gran-pa-1a-advent\/","name":"Grot &amp; Gran p\u00e5 1:a advent - Utbobloggen","isPartOf":{"@id":"https:\/\/blogg.atl.nu\/utbobloggen\/#website"},"datePublished":"2025-11-30T19:18:03+00:00","dateModified":"2025-11-30T19:18:03+00:00","author":{"@id":"https:\/\/blogg.atl.nu\/utbobloggen\/#\/schema\/person\/8c997704fc1787a2e8fa7f6cac4ad438"},"breadcrumb":{"@id":"https:\/\/blogg.atl.nu\/utbobloggen\/2025\/11\/30\/grot-gran-pa-1a-advent\/#breadcrumb"},"inLanguage":"sv-SE","potentialAction":[{"@type":"ReadAction","target":["https:\/\/blogg.atl.nu\/utbobloggen\/2025\/11\/30\/grot-gran-pa-1a-advent\/"]}]},{"@type":"BreadcrumbList","@id":"https:\/\/blogg.atl.nu\/utbobloggen\/2025\/11\/30\/grot-gran-pa-1a-advent\/#breadcrumb","itemListElement":[{"@type":"ListItem","position":1,"name":"Home","item":"https:\/\/blogg.atl.nu\/utbobloggen\/"},{"@type":"ListItem","position":2,"name":"Grot &amp; Gran p\u00e5 1:a advent"}]},{"@type":"WebSite","@id":"https:\/\/blogg.atl.nu\/utbobloggen\/#website","url":"https:\/\/blogg.atl.nu\/utbobloggen\/","name":"Utbobloggen","description":"Per Hulteng\u00e5rd","potentialAction":[{"@type":"SearchAction","target":{"@type":"EntryPoint","urlTemplate":"https:\/\/blogg.atl.nu\/utbobloggen\/?s={search_term_string}"},"query-input":"required name=search_term_string"}],"inLanguage":"sv-SE"},{"@type":"Person","@id":"https:\/\/blogg.atl.nu\/utbobloggen\/#\/schema\/person\/8c997704fc1787a2e8fa7f6cac4ad438","name":"Per Hulteng\u00e5rd","image":{"@type":"ImageObject","inLanguage":"sv-SE","@id":"https:\/\/blogg.atl.nu\/utbobloggen\/#\/schema\/person\/image\/","url":"https:\/\/secure.gravatar.com\/avatar\/191d7fa8b4b721bb6ebf14bc2d9024e7?s=96&d=mm&r=g","contentUrl":"https:\/\/secure.gravatar.com\/avatar\/191d7fa8b4b721bb6ebf14bc2d9024e7?s=96&d=mm&r=g","caption":"Per Hulteng\u00e5rd"},"url":"https:\/\/blogg.atl.nu\/utbobloggen\/author\/phultengard\/"}]}},"_links":{"self":[{"href":"https:\/\/blogg.atl.nu\/utbobloggen\/wp-json\/wp\/v2\/posts\/2618"}],"collection":[{"href":"https:\/\/blogg.atl.nu\/utbobloggen\/wp-json\/wp\/v2\/posts"}],"about":[{"href":"https:\/\/blogg.atl.nu\/utbobloggen\/wp-json\/wp\/v2\/types\/post"}],"author":[{"embeddable":true,"href":"https:\/\/blogg.atl.nu\/utbobloggen\/wp-json\/wp\/v2\/users\/359"}],"replies":[{"embeddable":true,"href":"https:\/\/blogg.atl.nu\/utbobloggen\/wp-json\/wp\/v2\/comments?post=2618"}],"version-history":[{"count":2,"href":"https:\/\/blogg.atl.nu\/utbobloggen\/wp-json\/wp\/v2\/posts\/2618\/revisions"}],"predecessor-version":[{"id":2622,"href":"https:\/\/blogg.atl.nu\/utbobloggen\/wp-json\/wp\/v2\/posts\/2618\/revisions\/2622"}],"wp:attachment":[{"href":"https:\/\/blogg.atl.nu\/utbobloggen\/wp-json\/wp\/v2\/media?parent=2618"}],"wp:term":[{"taxonomy":"category","embeddable":true,"href":"https:\/\/blogg.atl.nu\/utbobloggen\/wp-json\/wp\/v2\/categories?post=2618"},{"taxonomy":"post_tag","embeddable":true,"href":"https:\/\/blogg.atl.nu\/utbobloggen\/wp-json\/wp\/v2\/tags?post=2618"}],"curies":[{"name":"wp","href":"https:\/\/api.w.org\/{rel}","templated":true}]}}