{"id":2623,"date":"2025-12-09T06:30:52","date_gmt":"2025-12-09T05:30:52","guid":{"rendered":"https:\/\/blogg.atl.nu\/utbobloggen\/?p=2623"},"modified":"2025-12-09T06:42:39","modified_gmt":"2025-12-09T05:42:39","slug":"jag-kan-icke-rakna-dem-alla","status":"publish","type":"post","link":"https:\/\/blogg.atl.nu\/utbobloggen\/2025\/12\/09\/jag-kan-icke-rakna-dem-alla\/","title":{"rendered":"Jag kan icke r\u00e4kna dem alla"},"content":{"rendered":"<p>Har du t\u00e4nkt p\u00e5 alla som \u00e4r intresserade av din jord och skog?<\/p>\n<p>Med viss nostalgi minns jag tiden innan pandemin d\u00e5 man ofta fick erbjudanden om skogsdagar i f\u00e4lt. Fr\u00e5n Skogsstyrelsen eller n\u00e5gon bank eller n\u00e5got skogsbolag. D\u00e4r man fick tr\u00e4ffa andra skogs\u00e4gare och l\u00e4ra sig ett och annat. Och s\u00e5 var det korvgrillning och kolbulle och Festis. Numera \u00e4r det mest lite sm\u00e5tr\u00e5kiga webbinarier.<\/p>\n<p>Jag vet inte hur det ser ut hos dig. Postl\u00e5dan\/brevl\u00e5deinkastet vittjar jag alltmer s\u00e4llan i takt med att det stats\u00e4gda l\u00e5tsasf\u00f6retaget PostNord framg\u00e5ngsrikt avvecklar sin egen k\u00e4rnverksamhet, d v s att befordra post och det genom att s\u00e5 s\u00e4llan som m\u00f6jligt dela ut den. Inklusive tidningar.<\/p>\n<p>Men \u00e4r det n\u00e5got som oavbrutet stoppas ner i postl\u00e5dan\/brevl\u00e5deinkastet, s\u00e5 \u00e4r det alla erbjudanden och magasin om jord och skog m m. Och s\u00e5 h\u00e4r \u00e5rs ihop med adventskalendrar och \u00e5rskalendrar med finfina bilder p\u00e5 sk\u00f6rdare och sk\u00f6rdetr\u00f6skor.<\/p>\n<p>H\u00e4r den senaste sk\u00f6rden \u2013 allt fr\u00e5n Scandinavian Seed och Skogsstyrelsens Skogseko till Handelsbankens Tillv\u00e4xt och Billeruds Kombium.<\/p>\n<p><img loading=\"lazy\" class=\"alignnone size-medium wp-image-2625\" src=\"https:\/\/blogg.atl.nu\/utbobloggen\/wp-content\/uploads\/sites\/39\/2025\/12\/unnamed-1-225x300.jpg\" alt=\"\" width=\"225\" height=\"300\" srcset=\"https:\/\/blogg.atl.nu\/utbobloggen\/wp-content\/uploads\/sites\/39\/2025\/12\/unnamed-1-225x300.jpg 225w, https:\/\/blogg.atl.nu\/utbobloggen\/wp-content\/uploads\/sites\/39\/2025\/12\/unnamed-1-768x1024.jpg 768w, https:\/\/blogg.atl.nu\/utbobloggen\/wp-content\/uploads\/sites\/39\/2025\/12\/unnamed-1-1152x1536.jpg 1152w, https:\/\/blogg.atl.nu\/utbobloggen\/wp-content\/uploads\/sites\/39\/2025\/12\/unnamed-1-1536x2048.jpg 1536w, https:\/\/blogg.atl.nu\/utbobloggen\/wp-content\/uploads\/sites\/39\/2025\/12\/unnamed-1-scaled.jpg 1920w\" sizes=\"(max-width: 225px) 100vw, 225px\" \/><\/p>\n<p><em>Jag kan icke r\u00e4kna dem alla, som det heter i psalmen.<\/em><\/p>\n<p>Men inte mig emot. Bara fint. Och jag tillh\u00f6r inte dem som tjafsar om \u201dintegritetsskydd\u201d och k\u00e4nner mig kr\u00e4nkt av att f\u00e5 erbjudanden eller bli kontaktad.<\/p>\n<p>I de flesta fall \u00e4r jag s\u00e4kert dessutom medlem\/kund\/leverant\u00f6r eller har i n\u00e5got annat sammanhang kryssat i en ruta och sagt ja till att f\u00e5 merparten av dem. En och annan betalar jag d\u00e4rtill f\u00f6r. Och jag tar g\u00e4rna emot dem.<\/p>\n<p>Men om jag som h\u00e5ller p\u00e5 med media f\u00e5r vara lite m\u00e4strande s\u00e5 \u00e4r det samtidigt viktigt att h\u00e5lla is\u00e4r det ena fr\u00e5n det andra.<\/p>\n<p>F\u00f6r hur fina kundtidningarna \u00e4n ser ut s\u00e5 handlar det i de flesta fallen egentligen om marknadsf\u00f6ring. Det \u00e4r inte av v\u00e4lg\u00f6renhet som du f\u00e5r dem.<\/p>\n<p>N\u00e5gon titel som saknas p\u00e5 bilden ovan?<\/p>\n<p>Ja, ATL.<\/p>\n<p><img loading=\"lazy\" class=\"alignnone size-medium wp-image-2624\" src=\"https:\/\/blogg.atl.nu\/utbobloggen\/wp-content\/uploads\/sites\/39\/2025\/12\/unnamed-225x300.jpg\" alt=\"\" width=\"225\" height=\"300\" srcset=\"https:\/\/blogg.atl.nu\/utbobloggen\/wp-content\/uploads\/sites\/39\/2025\/12\/unnamed-225x300.jpg 225w, https:\/\/blogg.atl.nu\/utbobloggen\/wp-content\/uploads\/sites\/39\/2025\/12\/unnamed-768x1024.jpg 768w, https:\/\/blogg.atl.nu\/utbobloggen\/wp-content\/uploads\/sites\/39\/2025\/12\/unnamed-1152x1536.jpg 1152w, https:\/\/blogg.atl.nu\/utbobloggen\/wp-content\/uploads\/sites\/39\/2025\/12\/unnamed-1536x2048.jpg 1536w, https:\/\/blogg.atl.nu\/utbobloggen\/wp-content\/uploads\/sites\/39\/2025\/12\/unnamed-scaled.jpg 1920w\" sizes=\"(max-width: 225px) 100vw, 225px\" \/><\/p>\n<p>Nu kan jag ju som bloggare hos ATL verka lite v\u00e4l inst\u00e4llsam h\u00e4r. Och visst; ATL \u00e4gs och ges ut av LRF Media AB. Men det \u00e4r viktigt att dra gr\u00e4ns mellan kundtidningar och oberoende tidningar med ansvarig utgivare som du prenumererar p\u00e5 och betalar f\u00f6r \u2013 typ ATL.<\/p>\n<p>P\u00e5 papper och digitalt. Och \u201dledande p\u00e5 nyheter och aff\u00e4rsnytta sedan 1884\u201d. Bara en s\u00e5dan sak!<\/p>\n<p>Det \u00e4r en julklapp att h\u00e4nga i granen det!<\/p>\n<p>&nbsp;<\/p>\n<p>&nbsp;<\/p>\n","protected":false},"excerpt":{"rendered":"<p>Har du t\u00e4nkt p\u00e5 alla som \u00e4r intresserade av din jord och skog? Med viss nostalgi minns jag tiden innan pandemin d\u00e5 man ofta fick erbjudanden om skogsdagar i f\u00e4lt. Fr\u00e5n Skogsstyrelsen eller n\u00e5gon bank eller n\u00e5got skogsbolag. D\u00e4r man fick tr\u00e4ffa andra skogs\u00e4gare och l\u00e4ra sig ett och annat. Och s\u00e5 var det korvgrillning&#8230;<\/p>\n","protected":false},"author":359,"featured_media":0,"comment_status":"open","ping_status":"open","sticky":false,"template":"","format":"standard","meta":[],"categories":[1],"tags":[],"yoast_head":"<!-- This site is optimized with the Yoast SEO plugin v19.6 - https:\/\/yoast.com\/wordpress\/plugins\/seo\/ -->\n<title>Jag kan icke r\u00e4kna dem alla - Utbobloggen<\/title>\n<meta name=\"robots\" content=\"index, follow, max-snippet:-1, max-image-preview:large, max-video-preview:-1\" \/>\n<link rel=\"canonical\" href=\"https:\/\/blogg.atl.nu\/utbobloggen\/2025\/12\/09\/jag-kan-icke-rakna-dem-alla\/\" \/>\n<meta property=\"og:locale\" content=\"sv_SE\" \/>\n<meta property=\"og:type\" content=\"article\" \/>\n<meta property=\"og:title\" content=\"Jag kan icke r\u00e4kna dem alla - Utbobloggen\" \/>\n<meta property=\"og:description\" content=\"Har du t\u00e4nkt p\u00e5 alla som \u00e4r intresserade av din jord och skog? Med viss nostalgi minns jag tiden innan pandemin d\u00e5 man ofta fick erbjudanden om skogsdagar i f\u00e4lt. Fr\u00e5n Skogsstyrelsen eller n\u00e5gon bank eller n\u00e5got skogsbolag. D\u00e4r man fick tr\u00e4ffa andra skogs\u00e4gare och l\u00e4ra sig ett och annat. Och s\u00e5 var det korvgrillning...\" \/>\n<meta property=\"og:url\" content=\"https:\/\/blogg.atl.nu\/utbobloggen\/2025\/12\/09\/jag-kan-icke-rakna-dem-alla\/\" \/>\n<meta property=\"og:site_name\" content=\"Utbobloggen\" \/>\n<meta property=\"article:published_time\" content=\"2025-12-09T05:30:52+00:00\" \/>\n<meta property=\"article:modified_time\" content=\"2025-12-09T05:42:39+00:00\" \/>\n<meta property=\"og:image\" content=\"https:\/\/blogg.atl.nu\/utbobloggen\/wp-content\/uploads\/sites\/39\/2025\/12\/unnamed-1-225x300.jpg\" \/>\n<meta name=\"author\" content=\"Per Hulteng\u00e5rd\" \/>\n<meta name=\"twitter:card\" content=\"summary_large_image\" \/>\n<meta name=\"twitter:label1\" content=\"Skriven av\" \/>\n\t<meta name=\"twitter:data1\" content=\"Per Hulteng\u00e5rd\" \/>\n\t<meta name=\"twitter:label2\" content=\"Ber\u00e4knad l\u00e4stid\" \/>\n\t<meta name=\"twitter:data2\" content=\"3 minuter\" \/>\n<script type=\"application\/ld+json\" class=\"yoast-schema-graph\">{\"@context\":\"https:\/\/schema.org\",\"@graph\":[{\"@type\":\"WebPage\",\"@id\":\"https:\/\/blogg.atl.nu\/utbobloggen\/2025\/12\/09\/jag-kan-icke-rakna-dem-alla\/\",\"url\":\"https:\/\/blogg.atl.nu\/utbobloggen\/2025\/12\/09\/jag-kan-icke-rakna-dem-alla\/\",\"name\":\"Jag kan icke r\u00e4kna dem alla - Utbobloggen\",\"isPartOf\":{\"@id\":\"https:\/\/blogg.atl.nu\/utbobloggen\/#website\"},\"datePublished\":\"2025-12-09T05:30:52+00:00\",\"dateModified\":\"2025-12-09T05:42:39+00:00\",\"author\":{\"@id\":\"https:\/\/blogg.atl.nu\/utbobloggen\/#\/schema\/person\/8c997704fc1787a2e8fa7f6cac4ad438\"},\"breadcrumb\":{\"@id\":\"https:\/\/blogg.atl.nu\/utbobloggen\/2025\/12\/09\/jag-kan-icke-rakna-dem-alla\/#breadcrumb\"},\"inLanguage\":\"sv-SE\",\"potentialAction\":[{\"@type\":\"ReadAction\",\"target\":[\"https:\/\/blogg.atl.nu\/utbobloggen\/2025\/12\/09\/jag-kan-icke-rakna-dem-alla\/\"]}]},{\"@type\":\"BreadcrumbList\",\"@id\":\"https:\/\/blogg.atl.nu\/utbobloggen\/2025\/12\/09\/jag-kan-icke-rakna-dem-alla\/#breadcrumb\",\"itemListElement\":[{\"@type\":\"ListItem\",\"position\":1,\"name\":\"Home\",\"item\":\"https:\/\/blogg.atl.nu\/utbobloggen\/\"},{\"@type\":\"ListItem\",\"position\":2,\"name\":\"Jag kan icke r\u00e4kna dem alla\"}]},{\"@type\":\"WebSite\",\"@id\":\"https:\/\/blogg.atl.nu\/utbobloggen\/#website\",\"url\":\"https:\/\/blogg.atl.nu\/utbobloggen\/\",\"name\":\"Utbobloggen\",\"description\":\"Per Hulteng\u00e5rd\",\"potentialAction\":[{\"@type\":\"SearchAction\",\"target\":{\"@type\":\"EntryPoint\",\"urlTemplate\":\"https:\/\/blogg.atl.nu\/utbobloggen\/?s={search_term_string}\"},\"query-input\":\"required name=search_term_string\"}],\"inLanguage\":\"sv-SE\"},{\"@type\":\"Person\",\"@id\":\"https:\/\/blogg.atl.nu\/utbobloggen\/#\/schema\/person\/8c997704fc1787a2e8fa7f6cac4ad438\",\"name\":\"Per Hulteng\u00e5rd\",\"image\":{\"@type\":\"ImageObject\",\"inLanguage\":\"sv-SE\",\"@id\":\"https:\/\/blogg.atl.nu\/utbobloggen\/#\/schema\/person\/image\/\",\"url\":\"https:\/\/secure.gravatar.com\/avatar\/191d7fa8b4b721bb6ebf14bc2d9024e7?s=96&d=mm&r=g\",\"contentUrl\":\"https:\/\/secure.gravatar.com\/avatar\/191d7fa8b4b721bb6ebf14bc2d9024e7?s=96&d=mm&r=g\",\"caption\":\"Per Hulteng\u00e5rd\"},\"url\":\"https:\/\/blogg.atl.nu\/utbobloggen\/author\/phultengard\/\"}]}<\/script>\n<!-- \/ Yoast SEO plugin. -->","yoast_head_json":{"title":"Jag kan icke r\u00e4kna dem alla - Utbobloggen","robots":{"index":"index","follow":"follow","max-snippet":"max-snippet:-1","max-image-preview":"max-image-preview:large","max-video-preview":"max-video-preview:-1"},"canonical":"https:\/\/blogg.atl.nu\/utbobloggen\/2025\/12\/09\/jag-kan-icke-rakna-dem-alla\/","og_locale":"sv_SE","og_type":"article","og_title":"Jag kan icke r\u00e4kna dem alla - Utbobloggen","og_description":"Har du t\u00e4nkt p\u00e5 alla som \u00e4r intresserade av din jord och skog? Med viss nostalgi minns jag tiden innan pandemin d\u00e5 man ofta fick erbjudanden om skogsdagar i f\u00e4lt. Fr\u00e5n Skogsstyrelsen eller n\u00e5gon bank eller n\u00e5got skogsbolag. D\u00e4r man fick tr\u00e4ffa andra skogs\u00e4gare och l\u00e4ra sig ett och annat. Och s\u00e5 var det korvgrillning...","og_url":"https:\/\/blogg.atl.nu\/utbobloggen\/2025\/12\/09\/jag-kan-icke-rakna-dem-alla\/","og_site_name":"Utbobloggen","article_published_time":"2025-12-09T05:30:52+00:00","article_modified_time":"2025-12-09T05:42:39+00:00","og_image":[{"url":"https:\/\/blogg.atl.nu\/utbobloggen\/wp-content\/uploads\/sites\/39\/2025\/12\/unnamed-1-225x300.jpg"}],"author":"Per Hulteng\u00e5rd","twitter_card":"summary_large_image","twitter_misc":{"Skriven av":"Per Hulteng\u00e5rd","Ber\u00e4knad l\u00e4stid":"3 minuter"},"schema":{"@context":"https:\/\/schema.org","@graph":[{"@type":"WebPage","@id":"https:\/\/blogg.atl.nu\/utbobloggen\/2025\/12\/09\/jag-kan-icke-rakna-dem-alla\/","url":"https:\/\/blogg.atl.nu\/utbobloggen\/2025\/12\/09\/jag-kan-icke-rakna-dem-alla\/","name":"Jag kan icke r\u00e4kna dem alla - Utbobloggen","isPartOf":{"@id":"https:\/\/blogg.atl.nu\/utbobloggen\/#website"},"datePublished":"2025-12-09T05:30:52+00:00","dateModified":"2025-12-09T05:42:39+00:00","author":{"@id":"https:\/\/blogg.atl.nu\/utbobloggen\/#\/schema\/person\/8c997704fc1787a2e8fa7f6cac4ad438"},"breadcrumb":{"@id":"https:\/\/blogg.atl.nu\/utbobloggen\/2025\/12\/09\/jag-kan-icke-rakna-dem-alla\/#breadcrumb"},"inLanguage":"sv-SE","potentialAction":[{"@type":"ReadAction","target":["https:\/\/blogg.atl.nu\/utbobloggen\/2025\/12\/09\/jag-kan-icke-rakna-dem-alla\/"]}]},{"@type":"BreadcrumbList","@id":"https:\/\/blogg.atl.nu\/utbobloggen\/2025\/12\/09\/jag-kan-icke-rakna-dem-alla\/#breadcrumb","itemListElement":[{"@type":"ListItem","position":1,"name":"Home","item":"https:\/\/blogg.atl.nu\/utbobloggen\/"},{"@type":"ListItem","position":2,"name":"Jag kan icke r\u00e4kna dem alla"}]},{"@type":"WebSite","@id":"https:\/\/blogg.atl.nu\/utbobloggen\/#website","url":"https:\/\/blogg.atl.nu\/utbobloggen\/","name":"Utbobloggen","description":"Per Hulteng\u00e5rd","potentialAction":[{"@type":"SearchAction","target":{"@type":"EntryPoint","urlTemplate":"https:\/\/blogg.atl.nu\/utbobloggen\/?s={search_term_string}"},"query-input":"required name=search_term_string"}],"inLanguage":"sv-SE"},{"@type":"Person","@id":"https:\/\/blogg.atl.nu\/utbobloggen\/#\/schema\/person\/8c997704fc1787a2e8fa7f6cac4ad438","name":"Per Hulteng\u00e5rd","image":{"@type":"ImageObject","inLanguage":"sv-SE","@id":"https:\/\/blogg.atl.nu\/utbobloggen\/#\/schema\/person\/image\/","url":"https:\/\/secure.gravatar.com\/avatar\/191d7fa8b4b721bb6ebf14bc2d9024e7?s=96&d=mm&r=g","contentUrl":"https:\/\/secure.gravatar.com\/avatar\/191d7fa8b4b721bb6ebf14bc2d9024e7?s=96&d=mm&r=g","caption":"Per Hulteng\u00e5rd"},"url":"https:\/\/blogg.atl.nu\/utbobloggen\/author\/phultengard\/"}]}},"_links":{"self":[{"href":"https:\/\/blogg.atl.nu\/utbobloggen\/wp-json\/wp\/v2\/posts\/2623"}],"collection":[{"href":"https:\/\/blogg.atl.nu\/utbobloggen\/wp-json\/wp\/v2\/posts"}],"about":[{"href":"https:\/\/blogg.atl.nu\/utbobloggen\/wp-json\/wp\/v2\/types\/post"}],"author":[{"embeddable":true,"href":"https:\/\/blogg.atl.nu\/utbobloggen\/wp-json\/wp\/v2\/users\/359"}],"replies":[{"embeddable":true,"href":"https:\/\/blogg.atl.nu\/utbobloggen\/wp-json\/wp\/v2\/comments?post=2623"}],"version-history":[{"count":4,"href":"https:\/\/blogg.atl.nu\/utbobloggen\/wp-json\/wp\/v2\/posts\/2623\/revisions"}],"predecessor-version":[{"id":2629,"href":"https:\/\/blogg.atl.nu\/utbobloggen\/wp-json\/wp\/v2\/posts\/2623\/revisions\/2629"}],"wp:attachment":[{"href":"https:\/\/blogg.atl.nu\/utbobloggen\/wp-json\/wp\/v2\/media?parent=2623"}],"wp:term":[{"taxonomy":"category","embeddable":true,"href":"https:\/\/blogg.atl.nu\/utbobloggen\/wp-json\/wp\/v2\/categories?post=2623"},{"taxonomy":"post_tag","embeddable":true,"href":"https:\/\/blogg.atl.nu\/utbobloggen\/wp-json\/wp\/v2\/tags?post=2623"}],"curies":[{"name":"wp","href":"https:\/\/api.w.org\/{rel}","templated":true}]}}