{"id":2699,"date":"2026-03-13T21:22:24","date_gmt":"2026-03-13T20:22:24","guid":{"rendered":"https:\/\/blogg.atl.nu\/utbobloggen\/?p=2699"},"modified":"2026-03-13T21:22:24","modified_gmt":"2026-03-13T20:22:24","slug":"staten-vs-ansvarstagande-skogsagare","status":"publish","type":"post","link":"https:\/\/blogg.atl.nu\/utbobloggen\/2026\/03\/13\/staten-vs-ansvarstagande-skogsagare\/","title":{"rendered":"Staten vs ansvarstagande skogs\u00e4gare"},"content":{"rendered":"<p>F\u00f6r n\u00e5gra \u00e5r sedan, n\u00e4r det var som v\u00e4rst med barkborreangreppen, uppt\u00e4ckte jag och min skogsink\u00f6pare-\/r\u00e5dgivare \u2013 och det gick fort, n\u00e4stan fr\u00e5n en dag till en annan &#8211; vad som h\u00f6ll p\u00e5 att bli ett rej\u00e4lt barkborreangrepp i ett hyggligt stort best\u00e5nd<\/p>\n<p>Granskog i dryga 70-\u00e5rs\u00e5ldern, s\u00e5 det skulle v\u00e4l \u00e4nd\u00e5 avverkas r\u00e4tt snart, men jag hade nog t\u00e4nkt att l\u00e5ta den st\u00e5 n\u00e5gra \u00e5r till.<\/p>\n<p>Fast nu var det inte s\u00e5 mycket att diskutera.<\/p>\n<p>Br\u00e5ttom blev det, s\u00e5 vi ans\u00f6kte om dispens f\u00f6r att f\u00e5 f\u00f6ryngringsavverka delar av best\u00e5ndet tidigare \u00e4n de f\u00f6reskrivna sex veckor efter att anm\u00e4lan gjorts. Och det fick vi:<\/p>\n<p><em>\u201dSkogsstyrelsens bed\u00f6mer att de sk\u00e4l du uppgett i din ans\u00f6kan \u00e4r <\/em><em>s\u00e5dana att avverkning f\u00e5r p\u00e5b\u00f6rjas tidigare \u00e4n sex veckor efter <\/em><em>anm\u00e4lan kommit in.\u201d<\/em><\/p>\n<p><em>\u00a0<\/em>Stod det i beslutet.<\/p>\n<p>Klart och tydligt. Raka r\u00f6r!<\/p>\n<p>S\u00e5 det gjorde vi. Det var en klok och f\u00f6rst\u00e5ende Skogsstyrelse, som ins\u00e5g konsekvenserna av att l\u00e5ta barkborreangreppet breda ut sig. Det ledde ocks\u00e5 till att vi fick stopp p\u00e5 en fortsatt utbredning.<\/p>\n<p><img loading=\"lazy\" class=\"alignnone size-medium wp-image-2700\" src=\"https:\/\/blogg.atl.nu\/utbobloggen\/wp-content\/uploads\/sites\/39\/2026\/03\/0-300x225.jpg\" alt=\"\" width=\"300\" height=\"225\" srcset=\"https:\/\/blogg.atl.nu\/utbobloggen\/wp-content\/uploads\/sites\/39\/2026\/03\/0-300x225.jpg 300w, https:\/\/blogg.atl.nu\/utbobloggen\/wp-content\/uploads\/sites\/39\/2026\/03\/0-768x576.jpg 768w, https:\/\/blogg.atl.nu\/utbobloggen\/wp-content\/uploads\/sites\/39\/2026\/03\/0.jpg 817w\" sizes=\"(max-width: 300px) 100vw, 300px\" \/><\/p>\n<p><em>Barkborrarna f\u00f6rsvann.<\/em><\/p>\n<p>Kanske var det slumpens sk\u00f6rdar.<\/p>\n<p><span style=\"text-decoration: underline\"><em>F\u00f6r nu l\u00e4ser jag i ATL om en skogs\u00e4garfamilj <\/em><\/span>som m\u00f6tt en mindre omd\u00f6mesgill Skogsstyrelse som f\u00f6rhindrat en barkborreinsats i skogen eftersom samma Skogsstyrelse tidigare hade beslutat att registrera de angripna omr\u00e5dena som nyckelbiotoper. Och d\u00e4rmed skulle den barkborreangripna skogen l\u00e4mnas or\u00f6rd.<\/p>\n<p>Helt tond\u00f6vt. S\u00e5 barkborreangreppen till\u00e4ts forts\u00e4tta.<\/p>\n<p>Sedan f\u00f6ljer en l\u00e5ng rad av r\u00e4ttsliga pr\u00f6vningar, f\u00f6rst i f\u00f6rvaltningsdomstolarna och sedan st\u00e4mning av staten i allm\u00e4n domstol om huruvida staten har \u00f6vertr\u00e4tt deras r\u00e4tt till domstolspr\u00f6vning och deras egendomsskydd (som inte finns plats att \u00e5terge h\u00e4r, men <em><span style=\"text-decoration: underline\">l\u00e4s mer i artikell\u00e4nken<\/span><\/em>).<\/p>\n<p>Det h\u00e4r \u00e4r en bedr\u00f6vlig historia, framf\u00f6r allt i ett \u00e4gander\u00e4ttsperspektiv, som just nu verkar befinna sig i ett l\u00e4ge d\u00e4r staten frias fr\u00e5n ansvar. men som framf\u00f6r allt drabbar enskilda skogs\u00e4gare.<\/p>\n<p>Centrum f\u00f6r R\u00e4ttvisa \u00e4r en bra och mycket kompetent organisation som juridiskt driver m\u00e5l d\u00e4r medborgarnas r\u00e4ttigheter kr\u00e4nks. De st\u00e5r bakom skogs\u00e4garna h\u00e4r och ska ta \u00e4rendet vidare.<\/p>\n<p>Det \u00e4r ett principiellt viktigt fall. Jag \u00f6nskar dem och skogs\u00e4garna all framg\u00e5ng!<\/p>\n","protected":false},"excerpt":{"rendered":"<p>F\u00f6r n\u00e5gra \u00e5r sedan, n\u00e4r det var som v\u00e4rst med barkborreangreppen, uppt\u00e4ckte jag och min skogsink\u00f6pare-\/r\u00e5dgivare \u2013 och det gick fort, n\u00e4stan fr\u00e5n en dag till en annan &#8211; vad som h\u00f6ll p\u00e5 att bli ett rej\u00e4lt barkborreangrepp i ett hyggligt stort best\u00e5nd Granskog i dryga 70-\u00e5rs\u00e5ldern, s\u00e5 det skulle v\u00e4l \u00e4nd\u00e5 avverkas r\u00e4tt snart,&#8230;<\/p>\n","protected":false},"author":359,"featured_media":0,"comment_status":"open","ping_status":"open","sticky":false,"template":"","format":"standard","meta":[],"categories":[1],"tags":[],"yoast_head":"<!-- This site is optimized with the Yoast SEO plugin v19.6 - https:\/\/yoast.com\/wordpress\/plugins\/seo\/ -->\n<title>Staten vs ansvarstagande skogs\u00e4gare - Utbobloggen<\/title>\n<meta name=\"robots\" content=\"index, follow, max-snippet:-1, max-image-preview:large, max-video-preview:-1\" \/>\n<link rel=\"canonical\" href=\"https:\/\/blogg.atl.nu\/utbobloggen\/2026\/03\/13\/staten-vs-ansvarstagande-skogsagare\/\" \/>\n<meta property=\"og:locale\" content=\"sv_SE\" \/>\n<meta property=\"og:type\" content=\"article\" \/>\n<meta property=\"og:title\" content=\"Staten vs ansvarstagande skogs\u00e4gare - Utbobloggen\" \/>\n<meta property=\"og:description\" content=\"F\u00f6r n\u00e5gra \u00e5r sedan, n\u00e4r det var som v\u00e4rst med barkborreangreppen, uppt\u00e4ckte jag och min skogsink\u00f6pare-\/r\u00e5dgivare \u2013 och det gick fort, n\u00e4stan fr\u00e5n en dag till en annan &#8211; vad som h\u00f6ll p\u00e5 att bli ett rej\u00e4lt barkborreangrepp i ett hyggligt stort best\u00e5nd Granskog i dryga 70-\u00e5rs\u00e5ldern, s\u00e5 det skulle v\u00e4l \u00e4nd\u00e5 avverkas r\u00e4tt snart,...\" \/>\n<meta property=\"og:url\" content=\"https:\/\/blogg.atl.nu\/utbobloggen\/2026\/03\/13\/staten-vs-ansvarstagande-skogsagare\/\" \/>\n<meta property=\"og:site_name\" content=\"Utbobloggen\" \/>\n<meta property=\"article:published_time\" content=\"2026-03-13T20:22:24+00:00\" \/>\n<meta property=\"og:image\" content=\"https:\/\/blogg.atl.nu\/utbobloggen\/wp-content\/uploads\/sites\/39\/2026\/03\/0-300x225.jpg\" \/>\n<meta name=\"author\" content=\"Per Hulteng\u00e5rd\" \/>\n<meta name=\"twitter:card\" content=\"summary_large_image\" \/>\n<meta name=\"twitter:label1\" content=\"Skriven av\" \/>\n\t<meta name=\"twitter:data1\" content=\"Per Hulteng\u00e5rd\" \/>\n\t<meta name=\"twitter:label2\" content=\"Ber\u00e4knad l\u00e4stid\" \/>\n\t<meta name=\"twitter:data2\" content=\"2 minuter\" \/>\n<script type=\"application\/ld+json\" class=\"yoast-schema-graph\">{\"@context\":\"https:\/\/schema.org\",\"@graph\":[{\"@type\":\"WebPage\",\"@id\":\"https:\/\/blogg.atl.nu\/utbobloggen\/2026\/03\/13\/staten-vs-ansvarstagande-skogsagare\/\",\"url\":\"https:\/\/blogg.atl.nu\/utbobloggen\/2026\/03\/13\/staten-vs-ansvarstagande-skogsagare\/\",\"name\":\"Staten vs ansvarstagande skogs\u00e4gare - Utbobloggen\",\"isPartOf\":{\"@id\":\"https:\/\/blogg.atl.nu\/utbobloggen\/#website\"},\"datePublished\":\"2026-03-13T20:22:24+00:00\",\"dateModified\":\"2026-03-13T20:22:24+00:00\",\"author\":{\"@id\":\"https:\/\/blogg.atl.nu\/utbobloggen\/#\/schema\/person\/8c997704fc1787a2e8fa7f6cac4ad438\"},\"breadcrumb\":{\"@id\":\"https:\/\/blogg.atl.nu\/utbobloggen\/2026\/03\/13\/staten-vs-ansvarstagande-skogsagare\/#breadcrumb\"},\"inLanguage\":\"sv-SE\",\"potentialAction\":[{\"@type\":\"ReadAction\",\"target\":[\"https:\/\/blogg.atl.nu\/utbobloggen\/2026\/03\/13\/staten-vs-ansvarstagande-skogsagare\/\"]}]},{\"@type\":\"BreadcrumbList\",\"@id\":\"https:\/\/blogg.atl.nu\/utbobloggen\/2026\/03\/13\/staten-vs-ansvarstagande-skogsagare\/#breadcrumb\",\"itemListElement\":[{\"@type\":\"ListItem\",\"position\":1,\"name\":\"Home\",\"item\":\"https:\/\/blogg.atl.nu\/utbobloggen\/\"},{\"@type\":\"ListItem\",\"position\":2,\"name\":\"Staten vs ansvarstagande skogs\u00e4gare\"}]},{\"@type\":\"WebSite\",\"@id\":\"https:\/\/blogg.atl.nu\/utbobloggen\/#website\",\"url\":\"https:\/\/blogg.atl.nu\/utbobloggen\/\",\"name\":\"Utbobloggen\",\"description\":\"Per Hulteng\u00e5rd\",\"potentialAction\":[{\"@type\":\"SearchAction\",\"target\":{\"@type\":\"EntryPoint\",\"urlTemplate\":\"https:\/\/blogg.atl.nu\/utbobloggen\/?s={search_term_string}\"},\"query-input\":\"required name=search_term_string\"}],\"inLanguage\":\"sv-SE\"},{\"@type\":\"Person\",\"@id\":\"https:\/\/blogg.atl.nu\/utbobloggen\/#\/schema\/person\/8c997704fc1787a2e8fa7f6cac4ad438\",\"name\":\"Per Hulteng\u00e5rd\",\"image\":{\"@type\":\"ImageObject\",\"inLanguage\":\"sv-SE\",\"@id\":\"https:\/\/blogg.atl.nu\/utbobloggen\/#\/schema\/person\/image\/\",\"url\":\"https:\/\/secure.gravatar.com\/avatar\/191d7fa8b4b721bb6ebf14bc2d9024e7?s=96&d=mm&r=g\",\"contentUrl\":\"https:\/\/secure.gravatar.com\/avatar\/191d7fa8b4b721bb6ebf14bc2d9024e7?s=96&d=mm&r=g\",\"caption\":\"Per Hulteng\u00e5rd\"},\"url\":\"https:\/\/blogg.atl.nu\/utbobloggen\/author\/phultengard\/\"}]}<\/script>\n<!-- \/ Yoast SEO plugin. -->","yoast_head_json":{"title":"Staten vs ansvarstagande skogs\u00e4gare - Utbobloggen","robots":{"index":"index","follow":"follow","max-snippet":"max-snippet:-1","max-image-preview":"max-image-preview:large","max-video-preview":"max-video-preview:-1"},"canonical":"https:\/\/blogg.atl.nu\/utbobloggen\/2026\/03\/13\/staten-vs-ansvarstagande-skogsagare\/","og_locale":"sv_SE","og_type":"article","og_title":"Staten vs ansvarstagande skogs\u00e4gare - Utbobloggen","og_description":"F\u00f6r n\u00e5gra \u00e5r sedan, n\u00e4r det var som v\u00e4rst med barkborreangreppen, uppt\u00e4ckte jag och min skogsink\u00f6pare-\/r\u00e5dgivare \u2013 och det gick fort, n\u00e4stan fr\u00e5n en dag till en annan &#8211; vad som h\u00f6ll p\u00e5 att bli ett rej\u00e4lt barkborreangrepp i ett hyggligt stort best\u00e5nd Granskog i dryga 70-\u00e5rs\u00e5ldern, s\u00e5 det skulle v\u00e4l \u00e4nd\u00e5 avverkas r\u00e4tt snart,...","og_url":"https:\/\/blogg.atl.nu\/utbobloggen\/2026\/03\/13\/staten-vs-ansvarstagande-skogsagare\/","og_site_name":"Utbobloggen","article_published_time":"2026-03-13T20:22:24+00:00","og_image":[{"url":"https:\/\/blogg.atl.nu\/utbobloggen\/wp-content\/uploads\/sites\/39\/2026\/03\/0-300x225.jpg"}],"author":"Per Hulteng\u00e5rd","twitter_card":"summary_large_image","twitter_misc":{"Skriven av":"Per Hulteng\u00e5rd","Ber\u00e4knad l\u00e4stid":"2 minuter"},"schema":{"@context":"https:\/\/schema.org","@graph":[{"@type":"WebPage","@id":"https:\/\/blogg.atl.nu\/utbobloggen\/2026\/03\/13\/staten-vs-ansvarstagande-skogsagare\/","url":"https:\/\/blogg.atl.nu\/utbobloggen\/2026\/03\/13\/staten-vs-ansvarstagande-skogsagare\/","name":"Staten vs ansvarstagande skogs\u00e4gare - Utbobloggen","isPartOf":{"@id":"https:\/\/blogg.atl.nu\/utbobloggen\/#website"},"datePublished":"2026-03-13T20:22:24+00:00","dateModified":"2026-03-13T20:22:24+00:00","author":{"@id":"https:\/\/blogg.atl.nu\/utbobloggen\/#\/schema\/person\/8c997704fc1787a2e8fa7f6cac4ad438"},"breadcrumb":{"@id":"https:\/\/blogg.atl.nu\/utbobloggen\/2026\/03\/13\/staten-vs-ansvarstagande-skogsagare\/#breadcrumb"},"inLanguage":"sv-SE","potentialAction":[{"@type":"ReadAction","target":["https:\/\/blogg.atl.nu\/utbobloggen\/2026\/03\/13\/staten-vs-ansvarstagande-skogsagare\/"]}]},{"@type":"BreadcrumbList","@id":"https:\/\/blogg.atl.nu\/utbobloggen\/2026\/03\/13\/staten-vs-ansvarstagande-skogsagare\/#breadcrumb","itemListElement":[{"@type":"ListItem","position":1,"name":"Home","item":"https:\/\/blogg.atl.nu\/utbobloggen\/"},{"@type":"ListItem","position":2,"name":"Staten vs ansvarstagande skogs\u00e4gare"}]},{"@type":"WebSite","@id":"https:\/\/blogg.atl.nu\/utbobloggen\/#website","url":"https:\/\/blogg.atl.nu\/utbobloggen\/","name":"Utbobloggen","description":"Per Hulteng\u00e5rd","potentialAction":[{"@type":"SearchAction","target":{"@type":"EntryPoint","urlTemplate":"https:\/\/blogg.atl.nu\/utbobloggen\/?s={search_term_string}"},"query-input":"required name=search_term_string"}],"inLanguage":"sv-SE"},{"@type":"Person","@id":"https:\/\/blogg.atl.nu\/utbobloggen\/#\/schema\/person\/8c997704fc1787a2e8fa7f6cac4ad438","name":"Per Hulteng\u00e5rd","image":{"@type":"ImageObject","inLanguage":"sv-SE","@id":"https:\/\/blogg.atl.nu\/utbobloggen\/#\/schema\/person\/image\/","url":"https:\/\/secure.gravatar.com\/avatar\/191d7fa8b4b721bb6ebf14bc2d9024e7?s=96&d=mm&r=g","contentUrl":"https:\/\/secure.gravatar.com\/avatar\/191d7fa8b4b721bb6ebf14bc2d9024e7?s=96&d=mm&r=g","caption":"Per Hulteng\u00e5rd"},"url":"https:\/\/blogg.atl.nu\/utbobloggen\/author\/phultengard\/"}]}},"_links":{"self":[{"href":"https:\/\/blogg.atl.nu\/utbobloggen\/wp-json\/wp\/v2\/posts\/2699"}],"collection":[{"href":"https:\/\/blogg.atl.nu\/utbobloggen\/wp-json\/wp\/v2\/posts"}],"about":[{"href":"https:\/\/blogg.atl.nu\/utbobloggen\/wp-json\/wp\/v2\/types\/post"}],"author":[{"embeddable":true,"href":"https:\/\/blogg.atl.nu\/utbobloggen\/wp-json\/wp\/v2\/users\/359"}],"replies":[{"embeddable":true,"href":"https:\/\/blogg.atl.nu\/utbobloggen\/wp-json\/wp\/v2\/comments?post=2699"}],"version-history":[{"count":4,"href":"https:\/\/blogg.atl.nu\/utbobloggen\/wp-json\/wp\/v2\/posts\/2699\/revisions"}],"predecessor-version":[{"id":2704,"href":"https:\/\/blogg.atl.nu\/utbobloggen\/wp-json\/wp\/v2\/posts\/2699\/revisions\/2704"}],"wp:attachment":[{"href":"https:\/\/blogg.atl.nu\/utbobloggen\/wp-json\/wp\/v2\/media?parent=2699"}],"wp:term":[{"taxonomy":"category","embeddable":true,"href":"https:\/\/blogg.atl.nu\/utbobloggen\/wp-json\/wp\/v2\/categories?post=2699"},{"taxonomy":"post_tag","embeddable":true,"href":"https:\/\/blogg.atl.nu\/utbobloggen\/wp-json\/wp\/v2\/tags?post=2699"}],"curies":[{"name":"wp","href":"https:\/\/api.w.org\/{rel}","templated":true}]}}