{"id":2747,"date":"2026-04-30T21:37:17","date_gmt":"2026-04-30T19:37:17","guid":{"rendered":"https:\/\/blogg.atl.nu\/utbobloggen\/?p=2747"},"modified":"2026-04-30T21:40:42","modified_gmt":"2026-04-30T19:40:42","slug":"2-ha-skog-eller-2-kvadatmeter-i-stockholms-innerstad","status":"publish","type":"post","link":"https:\/\/blogg.atl.nu\/utbobloggen\/2026\/04\/30\/2-ha-skog-eller-2-kvadatmeter-i-stockholms-innerstad\/","title":{"rendered":"2 ha skog eller 2 kvadratmeter i Stockholms innerstad?"},"content":{"rendered":"<p>Det kommer v\u00e4l med \u00e5ldern. Jag fyller 65 i sommar. Och jag har sedan flera \u00e5r tillbaka \u00f6verskridit genomsnitts\u00e5ldern f\u00f6r skogs\u00e4gare, oavsett k\u00f6n.<\/p>\n<p>Som verkar vara drygt 61 \u00e5r. \u00a0N\u00e5gon st\u00f6rre differens mellan m\u00e4n och kvinnor verkar det f\u00f6r \u00f6vrigt inte finnas i just detta avseende (till skillnad fr\u00e5n mycket annat i skogen). H\u00e4r verkar skogs\u00e4gandet faktiskt n\u00e5gorlunda j\u00e4mlikt.<\/p>\n<p>Lite mera \u00f6vergripande kan jag v\u00e4l tycka att det h\u00e4r med en skogs\u00e4gar\u00e5lder p\u00e5 i snitt 61 \u00e5r \u00e4r ett problem. Sitter vi som \u00e4r upp\u00e5t 65 och blockerar?<\/p>\n<p>Samtidigt \u00e4r det ju n\u00e5got vi i m\u00e5nga fall vuxit upp med och \u00e4rvt sedan generationer tillbaka \u2013 och vill ta vidare.<\/p>\n<p>Som ensamt barn l\u00e5g ansvaret tungt p\u00e5 mina axlar. Det k\u00e4nde jag i och f\u00f6r sig inte d\u00e5. Jag skulle ut i v\u00e4rlden, er\u00f6vra v\u00e4rlden \u2013 bli diplomat, t\u00e4nkte jag &#8211; men framf\u00f6r allt inte sitta kvar d\u00e4r p\u00e5 g\u00e5rden.<\/p>\n<p>S\u00e5 gick \u00e5ren. Och jag ins\u00e5g att b\u00e5de det ena och det andra har ett v\u00e4rde.<\/p>\n<p>\u00c5ter till verkligheten:<\/p>\n<p>Skogsfastigheter \u00e4r dyra \u00e4ven om allt \u00e4r relativt.\u00a0 Jag brukade s\u00e4ga att en (1) m2 bostadsr\u00e4tt i Stockholms innerstad prism\u00e4ssigt motsvarade ett (1) hektar skog (10.000 m2) i mellan-Sverige. Den d\u00e4r j\u00e4mf\u00f6relsen h\u00e5ller nog inte l\u00e4ngre, men om du f\u00e5r hela tv\u00e5 (2) kvadratmeter bostadsr\u00e4tt i Stockholms innerstad, s\u00e5 \u00e4r det en j\u00e4mf\u00f6relse som h\u00e5ller.<\/p>\n<p>Knasig j\u00e4mf\u00f6relse kanske. Men var vill man vara?<\/p>\n<p>I EU-parlamentet i Strasbourg?<\/p>\n<p><img loading=\"lazy\" class=\"alignnone size-medium wp-image-2748\" src=\"https:\/\/blogg.atl.nu\/utbobloggen\/wp-content\/uploads\/sites\/39\/2026\/04\/unnamed-6-225x300.jpg\" alt=\"\" width=\"225\" height=\"300\" srcset=\"https:\/\/blogg.atl.nu\/utbobloggen\/wp-content\/uploads\/sites\/39\/2026\/04\/unnamed-6-225x300.jpg 225w, https:\/\/blogg.atl.nu\/utbobloggen\/wp-content\/uploads\/sites\/39\/2026\/04\/unnamed-6-768x1024.jpg 768w, https:\/\/blogg.atl.nu\/utbobloggen\/wp-content\/uploads\/sites\/39\/2026\/04\/unnamed-6-1152x1536.jpg 1152w, https:\/\/blogg.atl.nu\/utbobloggen\/wp-content\/uploads\/sites\/39\/2026\/04\/unnamed-6-1536x2048.jpg 1536w, https:\/\/blogg.atl.nu\/utbobloggen\/wp-content\/uploads\/sites\/39\/2026\/04\/unnamed-6-scaled.jpg 1920w\" sizes=\"(max-width: 225px) 100vw, 225px\" \/><\/p>\n<p><em>Det \u00e4r vackert d\u00e4r.<\/em><\/p>\n<p>Det sk\u00f6na (som Utbo) \u00e4r att som i tisdags kv\u00e4ll, efter tv\u00e5 dagar i Europaparlamentet i Strasbourg, sitta i en gate p\u00e5 flygplatsen i Frankfurt, d\u00e4r folk springer benen av sig f\u00f6r att hinna med en flight som kan ta dem ut \u00f6ver hela v\u00e4rlden &#8211; och v\u00e4nta p\u00e5 ett plan som kommer att landa p\u00e5 Arlanda just innan midnatt.<\/p>\n<p>F\u00f6r att sedan kv\u00e4llen d\u00e4rp\u00e5 vid samma tid sitta i stillheten p\u00e5 f\u00f6rstubron vid huset p\u00e5 g\u00e5rden och bara lyssna \u2013 p\u00e5 tystnaden (f\u00f6rutom f\u00e5gelkvittret).<\/p>\n<p><img loading=\"lazy\" class=\"alignnone size-medium wp-image-2749\" src=\"https:\/\/blogg.atl.nu\/utbobloggen\/wp-content\/uploads\/sites\/39\/2026\/04\/unnamed-7-225x300.jpg\" alt=\"\" width=\"225\" height=\"300\" srcset=\"https:\/\/blogg.atl.nu\/utbobloggen\/wp-content\/uploads\/sites\/39\/2026\/04\/unnamed-7-225x300.jpg 225w, https:\/\/blogg.atl.nu\/utbobloggen\/wp-content\/uploads\/sites\/39\/2026\/04\/unnamed-7-768x1024.jpg 768w, https:\/\/blogg.atl.nu\/utbobloggen\/wp-content\/uploads\/sites\/39\/2026\/04\/unnamed-7-1152x1536.jpg 1152w, https:\/\/blogg.atl.nu\/utbobloggen\/wp-content\/uploads\/sites\/39\/2026\/04\/unnamed-7-1536x2048.jpg 1536w, https:\/\/blogg.atl.nu\/utbobloggen\/wp-content\/uploads\/sites\/39\/2026\/04\/unnamed-7-scaled.jpg 1920w\" sizes=\"(max-width: 225px) 100vw, 225px\" \/><\/p>\n<p>S\u00e5dant ger perspektiv. Det ena utesluter inte det andra.<\/p>\n","protected":false},"excerpt":{"rendered":"<p>Det kommer v\u00e4l med \u00e5ldern. Jag fyller 65 i sommar. Och jag har sedan flera \u00e5r tillbaka \u00f6verskridit genomsnitts\u00e5ldern f\u00f6r skogs\u00e4gare, oavsett k\u00f6n. Som verkar vara drygt 61 \u00e5r. \u00a0N\u00e5gon st\u00f6rre differens mellan m\u00e4n och kvinnor verkar det f\u00f6r \u00f6vrigt inte finnas i just detta avseende (till skillnad fr\u00e5n mycket annat i skogen). H\u00e4r verkar&#8230;<\/p>\n","protected":false},"author":359,"featured_media":0,"comment_status":"open","ping_status":"open","sticky":false,"template":"","format":"standard","meta":[],"categories":[1],"tags":[],"yoast_head":"<!-- This site is optimized with the Yoast SEO plugin v19.6 - https:\/\/yoast.com\/wordpress\/plugins\/seo\/ -->\n<title>2 ha skog eller 2 kvadratmeter i Stockholms innerstad? - Utbobloggen<\/title>\n<meta name=\"robots\" content=\"index, follow, max-snippet:-1, max-image-preview:large, max-video-preview:-1\" \/>\n<link rel=\"canonical\" href=\"https:\/\/blogg.atl.nu\/utbobloggen\/2026\/04\/30\/2-ha-skog-eller-2-kvadatmeter-i-stockholms-innerstad\/\" \/>\n<meta property=\"og:locale\" content=\"sv_SE\" \/>\n<meta property=\"og:type\" content=\"article\" \/>\n<meta property=\"og:title\" content=\"2 ha skog eller 2 kvadratmeter i Stockholms innerstad? - Utbobloggen\" \/>\n<meta property=\"og:description\" content=\"Det kommer v\u00e4l med \u00e5ldern. Jag fyller 65 i sommar. Och jag har sedan flera \u00e5r tillbaka \u00f6verskridit genomsnitts\u00e5ldern f\u00f6r skogs\u00e4gare, oavsett k\u00f6n. Som verkar vara drygt 61 \u00e5r. \u00a0N\u00e5gon st\u00f6rre differens mellan m\u00e4n och kvinnor verkar det f\u00f6r \u00f6vrigt inte finnas i just detta avseende (till skillnad fr\u00e5n mycket annat i skogen). H\u00e4r verkar...\" \/>\n<meta property=\"og:url\" content=\"https:\/\/blogg.atl.nu\/utbobloggen\/2026\/04\/30\/2-ha-skog-eller-2-kvadatmeter-i-stockholms-innerstad\/\" \/>\n<meta property=\"og:site_name\" content=\"Utbobloggen\" \/>\n<meta property=\"article:published_time\" content=\"2026-04-30T19:37:17+00:00\" \/>\n<meta property=\"article:modified_time\" content=\"2026-04-30T19:40:42+00:00\" \/>\n<meta property=\"og:image\" content=\"https:\/\/blogg.atl.nu\/utbobloggen\/wp-content\/uploads\/sites\/39\/2026\/04\/unnamed-6-225x300.jpg\" \/>\n<meta name=\"author\" content=\"Per Hulteng\u00e5rd\" \/>\n<meta name=\"twitter:card\" content=\"summary_large_image\" \/>\n<meta name=\"twitter:label1\" content=\"Skriven av\" \/>\n\t<meta name=\"twitter:data1\" content=\"Per Hulteng\u00e5rd\" \/>\n\t<meta name=\"twitter:label2\" content=\"Ber\u00e4knad l\u00e4stid\" \/>\n\t<meta name=\"twitter:data2\" content=\"3 minuter\" \/>\n<script type=\"application\/ld+json\" class=\"yoast-schema-graph\">{\"@context\":\"https:\/\/schema.org\",\"@graph\":[{\"@type\":\"WebPage\",\"@id\":\"https:\/\/blogg.atl.nu\/utbobloggen\/2026\/04\/30\/2-ha-skog-eller-2-kvadatmeter-i-stockholms-innerstad\/\",\"url\":\"https:\/\/blogg.atl.nu\/utbobloggen\/2026\/04\/30\/2-ha-skog-eller-2-kvadatmeter-i-stockholms-innerstad\/\",\"name\":\"2 ha skog eller 2 kvadratmeter i Stockholms innerstad? - Utbobloggen\",\"isPartOf\":{\"@id\":\"https:\/\/blogg.atl.nu\/utbobloggen\/#website\"},\"datePublished\":\"2026-04-30T19:37:17+00:00\",\"dateModified\":\"2026-04-30T19:40:42+00:00\",\"author\":{\"@id\":\"https:\/\/blogg.atl.nu\/utbobloggen\/#\/schema\/person\/8c997704fc1787a2e8fa7f6cac4ad438\"},\"breadcrumb\":{\"@id\":\"https:\/\/blogg.atl.nu\/utbobloggen\/2026\/04\/30\/2-ha-skog-eller-2-kvadatmeter-i-stockholms-innerstad\/#breadcrumb\"},\"inLanguage\":\"sv-SE\",\"potentialAction\":[{\"@type\":\"ReadAction\",\"target\":[\"https:\/\/blogg.atl.nu\/utbobloggen\/2026\/04\/30\/2-ha-skog-eller-2-kvadatmeter-i-stockholms-innerstad\/\"]}]},{\"@type\":\"BreadcrumbList\",\"@id\":\"https:\/\/blogg.atl.nu\/utbobloggen\/2026\/04\/30\/2-ha-skog-eller-2-kvadatmeter-i-stockholms-innerstad\/#breadcrumb\",\"itemListElement\":[{\"@type\":\"ListItem\",\"position\":1,\"name\":\"Home\",\"item\":\"https:\/\/blogg.atl.nu\/utbobloggen\/\"},{\"@type\":\"ListItem\",\"position\":2,\"name\":\"2 ha skog eller 2 kvadratmeter i Stockholms innerstad?\"}]},{\"@type\":\"WebSite\",\"@id\":\"https:\/\/blogg.atl.nu\/utbobloggen\/#website\",\"url\":\"https:\/\/blogg.atl.nu\/utbobloggen\/\",\"name\":\"Utbobloggen\",\"description\":\"Per Hulteng\u00e5rd\",\"potentialAction\":[{\"@type\":\"SearchAction\",\"target\":{\"@type\":\"EntryPoint\",\"urlTemplate\":\"https:\/\/blogg.atl.nu\/utbobloggen\/?s={search_term_string}\"},\"query-input\":\"required name=search_term_string\"}],\"inLanguage\":\"sv-SE\"},{\"@type\":\"Person\",\"@id\":\"https:\/\/blogg.atl.nu\/utbobloggen\/#\/schema\/person\/8c997704fc1787a2e8fa7f6cac4ad438\",\"name\":\"Per Hulteng\u00e5rd\",\"image\":{\"@type\":\"ImageObject\",\"inLanguage\":\"sv-SE\",\"@id\":\"https:\/\/blogg.atl.nu\/utbobloggen\/#\/schema\/person\/image\/\",\"url\":\"https:\/\/secure.gravatar.com\/avatar\/191d7fa8b4b721bb6ebf14bc2d9024e7?s=96&d=mm&r=g\",\"contentUrl\":\"https:\/\/secure.gravatar.com\/avatar\/191d7fa8b4b721bb6ebf14bc2d9024e7?s=96&d=mm&r=g\",\"caption\":\"Per Hulteng\u00e5rd\"},\"url\":\"https:\/\/blogg.atl.nu\/utbobloggen\/author\/phultengard\/\"}]}<\/script>\n<!-- \/ Yoast SEO plugin. -->","yoast_head_json":{"title":"2 ha skog eller 2 kvadratmeter i Stockholms innerstad? - Utbobloggen","robots":{"index":"index","follow":"follow","max-snippet":"max-snippet:-1","max-image-preview":"max-image-preview:large","max-video-preview":"max-video-preview:-1"},"canonical":"https:\/\/blogg.atl.nu\/utbobloggen\/2026\/04\/30\/2-ha-skog-eller-2-kvadatmeter-i-stockholms-innerstad\/","og_locale":"sv_SE","og_type":"article","og_title":"2 ha skog eller 2 kvadratmeter i Stockholms innerstad? - Utbobloggen","og_description":"Det kommer v\u00e4l med \u00e5ldern. Jag fyller 65 i sommar. Och jag har sedan flera \u00e5r tillbaka \u00f6verskridit genomsnitts\u00e5ldern f\u00f6r skogs\u00e4gare, oavsett k\u00f6n. Som verkar vara drygt 61 \u00e5r. \u00a0N\u00e5gon st\u00f6rre differens mellan m\u00e4n och kvinnor verkar det f\u00f6r \u00f6vrigt inte finnas i just detta avseende (till skillnad fr\u00e5n mycket annat i skogen). H\u00e4r verkar...","og_url":"https:\/\/blogg.atl.nu\/utbobloggen\/2026\/04\/30\/2-ha-skog-eller-2-kvadatmeter-i-stockholms-innerstad\/","og_site_name":"Utbobloggen","article_published_time":"2026-04-30T19:37:17+00:00","article_modified_time":"2026-04-30T19:40:42+00:00","og_image":[{"url":"https:\/\/blogg.atl.nu\/utbobloggen\/wp-content\/uploads\/sites\/39\/2026\/04\/unnamed-6-225x300.jpg"}],"author":"Per Hulteng\u00e5rd","twitter_card":"summary_large_image","twitter_misc":{"Skriven av":"Per Hulteng\u00e5rd","Ber\u00e4knad l\u00e4stid":"3 minuter"},"schema":{"@context":"https:\/\/schema.org","@graph":[{"@type":"WebPage","@id":"https:\/\/blogg.atl.nu\/utbobloggen\/2026\/04\/30\/2-ha-skog-eller-2-kvadatmeter-i-stockholms-innerstad\/","url":"https:\/\/blogg.atl.nu\/utbobloggen\/2026\/04\/30\/2-ha-skog-eller-2-kvadatmeter-i-stockholms-innerstad\/","name":"2 ha skog eller 2 kvadratmeter i Stockholms innerstad? - Utbobloggen","isPartOf":{"@id":"https:\/\/blogg.atl.nu\/utbobloggen\/#website"},"datePublished":"2026-04-30T19:37:17+00:00","dateModified":"2026-04-30T19:40:42+00:00","author":{"@id":"https:\/\/blogg.atl.nu\/utbobloggen\/#\/schema\/person\/8c997704fc1787a2e8fa7f6cac4ad438"},"breadcrumb":{"@id":"https:\/\/blogg.atl.nu\/utbobloggen\/2026\/04\/30\/2-ha-skog-eller-2-kvadatmeter-i-stockholms-innerstad\/#breadcrumb"},"inLanguage":"sv-SE","potentialAction":[{"@type":"ReadAction","target":["https:\/\/blogg.atl.nu\/utbobloggen\/2026\/04\/30\/2-ha-skog-eller-2-kvadatmeter-i-stockholms-innerstad\/"]}]},{"@type":"BreadcrumbList","@id":"https:\/\/blogg.atl.nu\/utbobloggen\/2026\/04\/30\/2-ha-skog-eller-2-kvadatmeter-i-stockholms-innerstad\/#breadcrumb","itemListElement":[{"@type":"ListItem","position":1,"name":"Home","item":"https:\/\/blogg.atl.nu\/utbobloggen\/"},{"@type":"ListItem","position":2,"name":"2 ha skog eller 2 kvadratmeter i Stockholms innerstad?"}]},{"@type":"WebSite","@id":"https:\/\/blogg.atl.nu\/utbobloggen\/#website","url":"https:\/\/blogg.atl.nu\/utbobloggen\/","name":"Utbobloggen","description":"Per Hulteng\u00e5rd","potentialAction":[{"@type":"SearchAction","target":{"@type":"EntryPoint","urlTemplate":"https:\/\/blogg.atl.nu\/utbobloggen\/?s={search_term_string}"},"query-input":"required name=search_term_string"}],"inLanguage":"sv-SE"},{"@type":"Person","@id":"https:\/\/blogg.atl.nu\/utbobloggen\/#\/schema\/person\/8c997704fc1787a2e8fa7f6cac4ad438","name":"Per Hulteng\u00e5rd","image":{"@type":"ImageObject","inLanguage":"sv-SE","@id":"https:\/\/blogg.atl.nu\/utbobloggen\/#\/schema\/person\/image\/","url":"https:\/\/secure.gravatar.com\/avatar\/191d7fa8b4b721bb6ebf14bc2d9024e7?s=96&d=mm&r=g","contentUrl":"https:\/\/secure.gravatar.com\/avatar\/191d7fa8b4b721bb6ebf14bc2d9024e7?s=96&d=mm&r=g","caption":"Per Hulteng\u00e5rd"},"url":"https:\/\/blogg.atl.nu\/utbobloggen\/author\/phultengard\/"}]}},"_links":{"self":[{"href":"https:\/\/blogg.atl.nu\/utbobloggen\/wp-json\/wp\/v2\/posts\/2747"}],"collection":[{"href":"https:\/\/blogg.atl.nu\/utbobloggen\/wp-json\/wp\/v2\/posts"}],"about":[{"href":"https:\/\/blogg.atl.nu\/utbobloggen\/wp-json\/wp\/v2\/types\/post"}],"author":[{"embeddable":true,"href":"https:\/\/blogg.atl.nu\/utbobloggen\/wp-json\/wp\/v2\/users\/359"}],"replies":[{"embeddable":true,"href":"https:\/\/blogg.atl.nu\/utbobloggen\/wp-json\/wp\/v2\/comments?post=2747"}],"version-history":[{"count":4,"href":"https:\/\/blogg.atl.nu\/utbobloggen\/wp-json\/wp\/v2\/posts\/2747\/revisions"}],"predecessor-version":[{"id":2753,"href":"https:\/\/blogg.atl.nu\/utbobloggen\/wp-json\/wp\/v2\/posts\/2747\/revisions\/2753"}],"wp:attachment":[{"href":"https:\/\/blogg.atl.nu\/utbobloggen\/wp-json\/wp\/v2\/media?parent=2747"}],"wp:term":[{"taxonomy":"category","embeddable":true,"href":"https:\/\/blogg.atl.nu\/utbobloggen\/wp-json\/wp\/v2\/categories?post=2747"},{"taxonomy":"post_tag","embeddable":true,"href":"https:\/\/blogg.atl.nu\/utbobloggen\/wp-json\/wp\/v2\/tags?post=2747"}],"curies":[{"name":"wp","href":"https:\/\/api.w.org\/{rel}","templated":true}]}}