{"id":421,"date":"2020-09-07T11:09:35","date_gmt":"2020-09-07T09:09:35","guid":{"rendered":"https:\/\/blogg.atl.nu\/utbobloggen\/?p=421"},"modified":"2020-09-07T11:09:35","modified_gmt":"2020-09-07T09:09:35","slug":"ar-det-bara-jag-som-inte-ser-barkborregranarna-forran-de-ar-doda","status":"publish","type":"post","link":"https:\/\/blogg.atl.nu\/utbobloggen\/2020\/09\/07\/ar-det-bara-jag-som-inte-ser-barkborregranarna-forran-de-ar-doda\/","title":{"rendered":"\u00c4r det bara jag som inte ser barkborregranarna f\u00f6rr\u00e4n de \u00e4r d\u00f6da?"},"content":{"rendered":"<p>Det vore naturligtvis roligare att l\u00e4gga tid p\u00e5 annat, men jag f\u00f6ljer lydigt Skogsstyrelsens rekommendationer och barkborreinventerar, s\u00e5 gott jag kan. Jag g\u00e5r och g\u00e5r. Och jag kollar s\u00e4rskilt soldr\u00e4nkta hygges-och planteringskanter och de \u00e4ldre granbest\u00e5nden.<\/p>\n<p>Men jag tycker det h\u00e4r \u00e4r sv\u00e5rt!<\/p>\n<p>Det k\u00e4nns ungef\u00e4r som n\u00e4r jag ska plocka kantareller. Jag hittar ingenting f\u00f6rr\u00e4n medplockare upplyser mig om att jag trampat p\u00e5 dem.<\/p>\n<p>Jag letar efter brunt borrmj\u00f6l p\u00e5 stammar och vid r\u00f6tter och efter ett tag blir man r\u00e4tt nojig och tycker sig se barkborreangripna granar \u00f6verallt, men inser r\u00e4tt snart att det inte \u00e4r n\u00e5gonting.<\/p>\n<p>Jag letar efter ing\u00e5ngsh\u00e5l och k\u00e5darinnande granar och visst finns det granar med k\u00e5da, men det har det ju alltid gjort och de ser ju \u00e4nd\u00e5 pigga och gr\u00f6na och friska ut i \u00f6vrigt.<\/p>\n<p>Och visst kan en del se torra ut och vara gr\u00f6na f\u00f6rst en bra bit upp, men det har ju varit sommar och de har st\u00e5tt t\u00e4tt fr\u00e5n b\u00f6rjan och v\u00e4xer p\u00e5 sig bra, s\u00e5 om det inte finns n\u00e5got annat som antyder barkborreangrepp i f\u00f6rsta stadiet?<\/p>\n<p>Jag har under sommaren f\u00f6ljt Skogsstyrelsens tj\u00e4nst med sv\u00e4rmnings\u00f6vervakning <span><a href=\"https:\/\/www.skogsstyrelsen.se\/statistik\/statistik-efter-amne\/svarmningsovervakning\/\">https:\/\/www.skogsstyrelsen.se\/statistik\/statistik-efter-amne\/svarmningsovervakning\/<\/a><\/span>.<\/p>\n<p>Och i juni s\u00e5g det ju alldeles f\u00f6rf\u00e4rligt ut, men sedan har det ju varit r\u00e4tt sm\u00e5 f\u00e5ngster i de flesta f\u00e4llor man satt ut runt om i landet.<\/p>\n<p>S\u00e5 d\u00e5 kan man v\u00e4l luta sig tillbaka?<\/p>\n<p>N\u00e4, f\u00f6r d\u00e5 hittar jag f\u00f6rst\u00e5s de h\u00e4r:<\/p>\n<p><img loading=\"lazy\" class=\"alignnone size-medium wp-image-423\" src=\"https:\/\/blogg.atl.nu\/utbobloggen\/wp-content\/uploads\/sites\/39\/2020\/09\/IMG_3905-1-300x225.jpg\" alt=\"\" width=\"300\" height=\"225\" srcset=\"https:\/\/blogg.atl.nu\/utbobloggen\/wp-content\/uploads\/sites\/39\/2020\/09\/IMG_3905-1-300x225.jpg 300w, https:\/\/blogg.atl.nu\/utbobloggen\/wp-content\/uploads\/sites\/39\/2020\/09\/IMG_3905-1-768x576.jpg 768w, https:\/\/blogg.atl.nu\/utbobloggen\/wp-content\/uploads\/sites\/39\/2020\/09\/IMG_3905-1-1024x768.jpg 1024w, https:\/\/blogg.atl.nu\/utbobloggen\/wp-content\/uploads\/sites\/39\/2020\/09\/IMG_3905-1.jpg 2016w\" sizes=\"(max-width: 300px) 100vw, 300px\" \/><\/p>\n<p>Jsg blir s\u00e5 arg! F\u00f6rbannade barkborrar!<\/p>\n<p>Och h\u00e4r \u00e4r det ju inte s\u00e5 mycket att snacka om. I kanten p\u00e5 ett kvarts barkborre-hektar som vi &#8211; med tilltagen marginal av granar runt omkring &#8211; tog ner f\u00f6rra h\u00f6sten efter att ha g\u00e5tt \u00f6ver fastigheterna. Och jag hittar fler, men de \u00e4r \u00e4nd\u00e5 inte s\u00e5 m\u00e5nga.<\/p>\n<p>Det vore ju bra om det stannade d\u00e4r. Det g\u00e5r ju att ta om hand. T\u00e4nk om det vore s\u00e5 bra!<\/p>\n<p>Men det skaver \u00e4nd\u00e5. Vad \u00e4r det jag inte ser?<\/p>\n<p>Och \u00e4r det bara jag som inte ser (f\u00f6rr\u00e4n de redan \u00e4r d\u00f6da)?<\/p>\n","protected":false},"excerpt":{"rendered":"<p>Det vore naturligtvis roligare att l\u00e4gga tid p\u00e5 annat, men jag f\u00f6ljer lydigt Skogsstyrelsens rekommendationer och barkborreinventerar, s\u00e5 gott jag kan. Jag g\u00e5r och g\u00e5r. Och jag kollar s\u00e4rskilt soldr\u00e4nkta hygges-och planteringskanter och de \u00e4ldre granbest\u00e5nden. Men jag tycker det h\u00e4r \u00e4r sv\u00e5rt! Det k\u00e4nns ungef\u00e4r som n\u00e4r jag ska plocka kantareller. Jag hittar ingenting&#8230;<\/p>\n","protected":false},"author":359,"featured_media":0,"comment_status":"open","ping_status":"open","sticky":false,"template":"","format":"standard","meta":[],"categories":[1],"tags":[],"yoast_head":"<!-- This site is optimized with the Yoast SEO plugin v19.6 - https:\/\/yoast.com\/wordpress\/plugins\/seo\/ -->\n<title>\u00c4r det bara jag som inte ser barkborregranarna f\u00f6rr\u00e4n de \u00e4r d\u00f6da? - Utbobloggen<\/title>\n<meta name=\"robots\" content=\"index, follow, max-snippet:-1, max-image-preview:large, max-video-preview:-1\" \/>\n<link rel=\"canonical\" href=\"https:\/\/blogg.atl.nu\/utbobloggen\/2020\/09\/07\/ar-det-bara-jag-som-inte-ser-barkborregranarna-forran-de-ar-doda\/\" \/>\n<meta property=\"og:locale\" content=\"sv_SE\" \/>\n<meta property=\"og:type\" content=\"article\" \/>\n<meta property=\"og:title\" content=\"\u00c4r det bara jag som inte ser barkborregranarna f\u00f6rr\u00e4n de \u00e4r d\u00f6da? - Utbobloggen\" \/>\n<meta property=\"og:description\" content=\"Det vore naturligtvis roligare att l\u00e4gga tid p\u00e5 annat, men jag f\u00f6ljer lydigt Skogsstyrelsens rekommendationer och barkborreinventerar, s\u00e5 gott jag kan. Jag g\u00e5r och g\u00e5r. Och jag kollar s\u00e4rskilt soldr\u00e4nkta hygges-och planteringskanter och de \u00e4ldre granbest\u00e5nden. Men jag tycker det h\u00e4r \u00e4r sv\u00e5rt! Det k\u00e4nns ungef\u00e4r som n\u00e4r jag ska plocka kantareller. Jag hittar ingenting...\" \/>\n<meta property=\"og:url\" content=\"https:\/\/blogg.atl.nu\/utbobloggen\/2020\/09\/07\/ar-det-bara-jag-som-inte-ser-barkborregranarna-forran-de-ar-doda\/\" \/>\n<meta property=\"og:site_name\" content=\"Utbobloggen\" \/>\n<meta property=\"article:published_time\" content=\"2020-09-07T09:09:35+00:00\" \/>\n<meta property=\"og:image\" content=\"https:\/\/blogg.atl.nu\/utbobloggen\/wp-content\/uploads\/sites\/39\/2020\/09\/IMG_3905-1-300x225.jpg\" \/>\n<meta name=\"author\" content=\"Per Hulteng\u00e5rd\" \/>\n<meta name=\"twitter:card\" content=\"summary_large_image\" \/>\n<meta name=\"twitter:label1\" content=\"Skriven av\" \/>\n\t<meta name=\"twitter:data1\" content=\"Per Hulteng\u00e5rd\" \/>\n\t<meta name=\"twitter:label2\" content=\"Ber\u00e4knad l\u00e4stid\" \/>\n\t<meta name=\"twitter:data2\" content=\"2 minuter\" \/>\n<script type=\"application\/ld+json\" class=\"yoast-schema-graph\">{\"@context\":\"https:\/\/schema.org\",\"@graph\":[{\"@type\":\"WebPage\",\"@id\":\"https:\/\/blogg.atl.nu\/utbobloggen\/2020\/09\/07\/ar-det-bara-jag-som-inte-ser-barkborregranarna-forran-de-ar-doda\/\",\"url\":\"https:\/\/blogg.atl.nu\/utbobloggen\/2020\/09\/07\/ar-det-bara-jag-som-inte-ser-barkborregranarna-forran-de-ar-doda\/\",\"name\":\"\u00c4r det bara jag som inte ser barkborregranarna f\u00f6rr\u00e4n de \u00e4r d\u00f6da? - Utbobloggen\",\"isPartOf\":{\"@id\":\"https:\/\/blogg.atl.nu\/utbobloggen\/#website\"},\"datePublished\":\"2020-09-07T09:09:35+00:00\",\"dateModified\":\"2020-09-07T09:09:35+00:00\",\"author\":{\"@id\":\"https:\/\/blogg.atl.nu\/utbobloggen\/#\/schema\/person\/8c997704fc1787a2e8fa7f6cac4ad438\"},\"breadcrumb\":{\"@id\":\"https:\/\/blogg.atl.nu\/utbobloggen\/2020\/09\/07\/ar-det-bara-jag-som-inte-ser-barkborregranarna-forran-de-ar-doda\/#breadcrumb\"},\"inLanguage\":\"sv-SE\",\"potentialAction\":[{\"@type\":\"ReadAction\",\"target\":[\"https:\/\/blogg.atl.nu\/utbobloggen\/2020\/09\/07\/ar-det-bara-jag-som-inte-ser-barkborregranarna-forran-de-ar-doda\/\"]}]},{\"@type\":\"BreadcrumbList\",\"@id\":\"https:\/\/blogg.atl.nu\/utbobloggen\/2020\/09\/07\/ar-det-bara-jag-som-inte-ser-barkborregranarna-forran-de-ar-doda\/#breadcrumb\",\"itemListElement\":[{\"@type\":\"ListItem\",\"position\":1,\"name\":\"Home\",\"item\":\"https:\/\/blogg.atl.nu\/utbobloggen\/\"},{\"@type\":\"ListItem\",\"position\":2,\"name\":\"\u00c4r det bara jag som inte ser barkborregranarna f\u00f6rr\u00e4n de \u00e4r d\u00f6da?\"}]},{\"@type\":\"WebSite\",\"@id\":\"https:\/\/blogg.atl.nu\/utbobloggen\/#website\",\"url\":\"https:\/\/blogg.atl.nu\/utbobloggen\/\",\"name\":\"Utbobloggen\",\"description\":\"Per Hulteng\u00e5rd\",\"potentialAction\":[{\"@type\":\"SearchAction\",\"target\":{\"@type\":\"EntryPoint\",\"urlTemplate\":\"https:\/\/blogg.atl.nu\/utbobloggen\/?s={search_term_string}\"},\"query-input\":\"required name=search_term_string\"}],\"inLanguage\":\"sv-SE\"},{\"@type\":\"Person\",\"@id\":\"https:\/\/blogg.atl.nu\/utbobloggen\/#\/schema\/person\/8c997704fc1787a2e8fa7f6cac4ad438\",\"name\":\"Per Hulteng\u00e5rd\",\"image\":{\"@type\":\"ImageObject\",\"inLanguage\":\"sv-SE\",\"@id\":\"https:\/\/blogg.atl.nu\/utbobloggen\/#\/schema\/person\/image\/\",\"url\":\"https:\/\/secure.gravatar.com\/avatar\/191d7fa8b4b721bb6ebf14bc2d9024e7?s=96&d=mm&r=g\",\"contentUrl\":\"https:\/\/secure.gravatar.com\/avatar\/191d7fa8b4b721bb6ebf14bc2d9024e7?s=96&d=mm&r=g\",\"caption\":\"Per Hulteng\u00e5rd\"},\"url\":\"https:\/\/blogg.atl.nu\/utbobloggen\/author\/phultengard\/\"}]}<\/script>\n<!-- \/ Yoast SEO plugin. -->","yoast_head_json":{"title":"\u00c4r det bara jag som inte ser barkborregranarna f\u00f6rr\u00e4n de \u00e4r d\u00f6da? - Utbobloggen","robots":{"index":"index","follow":"follow","max-snippet":"max-snippet:-1","max-image-preview":"max-image-preview:large","max-video-preview":"max-video-preview:-1"},"canonical":"https:\/\/blogg.atl.nu\/utbobloggen\/2020\/09\/07\/ar-det-bara-jag-som-inte-ser-barkborregranarna-forran-de-ar-doda\/","og_locale":"sv_SE","og_type":"article","og_title":"\u00c4r det bara jag som inte ser barkborregranarna f\u00f6rr\u00e4n de \u00e4r d\u00f6da? - Utbobloggen","og_description":"Det vore naturligtvis roligare att l\u00e4gga tid p\u00e5 annat, men jag f\u00f6ljer lydigt Skogsstyrelsens rekommendationer och barkborreinventerar, s\u00e5 gott jag kan. Jag g\u00e5r och g\u00e5r. Och jag kollar s\u00e4rskilt soldr\u00e4nkta hygges-och planteringskanter och de \u00e4ldre granbest\u00e5nden. Men jag tycker det h\u00e4r \u00e4r sv\u00e5rt! Det k\u00e4nns ungef\u00e4r som n\u00e4r jag ska plocka kantareller. Jag hittar ingenting...","og_url":"https:\/\/blogg.atl.nu\/utbobloggen\/2020\/09\/07\/ar-det-bara-jag-som-inte-ser-barkborregranarna-forran-de-ar-doda\/","og_site_name":"Utbobloggen","article_published_time":"2020-09-07T09:09:35+00:00","og_image":[{"url":"https:\/\/blogg.atl.nu\/utbobloggen\/wp-content\/uploads\/sites\/39\/2020\/09\/IMG_3905-1-300x225.jpg"}],"author":"Per Hulteng\u00e5rd","twitter_card":"summary_large_image","twitter_misc":{"Skriven av":"Per Hulteng\u00e5rd","Ber\u00e4knad l\u00e4stid":"2 minuter"},"schema":{"@context":"https:\/\/schema.org","@graph":[{"@type":"WebPage","@id":"https:\/\/blogg.atl.nu\/utbobloggen\/2020\/09\/07\/ar-det-bara-jag-som-inte-ser-barkborregranarna-forran-de-ar-doda\/","url":"https:\/\/blogg.atl.nu\/utbobloggen\/2020\/09\/07\/ar-det-bara-jag-som-inte-ser-barkborregranarna-forran-de-ar-doda\/","name":"\u00c4r det bara jag som inte ser barkborregranarna f\u00f6rr\u00e4n de \u00e4r d\u00f6da? - Utbobloggen","isPartOf":{"@id":"https:\/\/blogg.atl.nu\/utbobloggen\/#website"},"datePublished":"2020-09-07T09:09:35+00:00","dateModified":"2020-09-07T09:09:35+00:00","author":{"@id":"https:\/\/blogg.atl.nu\/utbobloggen\/#\/schema\/person\/8c997704fc1787a2e8fa7f6cac4ad438"},"breadcrumb":{"@id":"https:\/\/blogg.atl.nu\/utbobloggen\/2020\/09\/07\/ar-det-bara-jag-som-inte-ser-barkborregranarna-forran-de-ar-doda\/#breadcrumb"},"inLanguage":"sv-SE","potentialAction":[{"@type":"ReadAction","target":["https:\/\/blogg.atl.nu\/utbobloggen\/2020\/09\/07\/ar-det-bara-jag-som-inte-ser-barkborregranarna-forran-de-ar-doda\/"]}]},{"@type":"BreadcrumbList","@id":"https:\/\/blogg.atl.nu\/utbobloggen\/2020\/09\/07\/ar-det-bara-jag-som-inte-ser-barkborregranarna-forran-de-ar-doda\/#breadcrumb","itemListElement":[{"@type":"ListItem","position":1,"name":"Home","item":"https:\/\/blogg.atl.nu\/utbobloggen\/"},{"@type":"ListItem","position":2,"name":"\u00c4r det bara jag som inte ser barkborregranarna f\u00f6rr\u00e4n de \u00e4r d\u00f6da?"}]},{"@type":"WebSite","@id":"https:\/\/blogg.atl.nu\/utbobloggen\/#website","url":"https:\/\/blogg.atl.nu\/utbobloggen\/","name":"Utbobloggen","description":"Per Hulteng\u00e5rd","potentialAction":[{"@type":"SearchAction","target":{"@type":"EntryPoint","urlTemplate":"https:\/\/blogg.atl.nu\/utbobloggen\/?s={search_term_string}"},"query-input":"required name=search_term_string"}],"inLanguage":"sv-SE"},{"@type":"Person","@id":"https:\/\/blogg.atl.nu\/utbobloggen\/#\/schema\/person\/8c997704fc1787a2e8fa7f6cac4ad438","name":"Per Hulteng\u00e5rd","image":{"@type":"ImageObject","inLanguage":"sv-SE","@id":"https:\/\/blogg.atl.nu\/utbobloggen\/#\/schema\/person\/image\/","url":"https:\/\/secure.gravatar.com\/avatar\/191d7fa8b4b721bb6ebf14bc2d9024e7?s=96&d=mm&r=g","contentUrl":"https:\/\/secure.gravatar.com\/avatar\/191d7fa8b4b721bb6ebf14bc2d9024e7?s=96&d=mm&r=g","caption":"Per Hulteng\u00e5rd"},"url":"https:\/\/blogg.atl.nu\/utbobloggen\/author\/phultengard\/"}]}},"_links":{"self":[{"href":"https:\/\/blogg.atl.nu\/utbobloggen\/wp-json\/wp\/v2\/posts\/421"}],"collection":[{"href":"https:\/\/blogg.atl.nu\/utbobloggen\/wp-json\/wp\/v2\/posts"}],"about":[{"href":"https:\/\/blogg.atl.nu\/utbobloggen\/wp-json\/wp\/v2\/types\/post"}],"author":[{"embeddable":true,"href":"https:\/\/blogg.atl.nu\/utbobloggen\/wp-json\/wp\/v2\/users\/359"}],"replies":[{"embeddable":true,"href":"https:\/\/blogg.atl.nu\/utbobloggen\/wp-json\/wp\/v2\/comments?post=421"}],"version-history":[{"count":3,"href":"https:\/\/blogg.atl.nu\/utbobloggen\/wp-json\/wp\/v2\/posts\/421\/revisions"}],"predecessor-version":[{"id":426,"href":"https:\/\/blogg.atl.nu\/utbobloggen\/wp-json\/wp\/v2\/posts\/421\/revisions\/426"}],"wp:attachment":[{"href":"https:\/\/blogg.atl.nu\/utbobloggen\/wp-json\/wp\/v2\/media?parent=421"}],"wp:term":[{"taxonomy":"category","embeddable":true,"href":"https:\/\/blogg.atl.nu\/utbobloggen\/wp-json\/wp\/v2\/categories?post=421"},{"taxonomy":"post_tag","embeddable":true,"href":"https:\/\/blogg.atl.nu\/utbobloggen\/wp-json\/wp\/v2\/tags?post=421"}],"curies":[{"name":"wp","href":"https:\/\/api.w.org\/{rel}","templated":true}]}}