{"id":439,"date":"2020-09-19T15:48:42","date_gmt":"2020-09-19T13:48:42","guid":{"rendered":"https:\/\/blogg.atl.nu\/utbobloggen\/?p=439"},"modified":"2020-09-19T15:48:42","modified_gmt":"2020-09-19T13:48:42","slug":"terror-mot-bonder-vardig-guldspadevinnare","status":"publish","type":"post","link":"https:\/\/blogg.atl.nu\/utbobloggen\/2020\/09\/19\/terror-mot-bonder-vardig-guldspadevinnare\/","title":{"rendered":"Terror mot b\u00f6nder &#8211; v\u00e4rdig Guldspadevinnare!"},"content":{"rendered":"<p>I g\u00e5r kv\u00e4ll delade F\u00f6reningen Gr\u00e4vande Journalister (FGJ) ut priser i sin \u00e5rliga Guldspadegala. Det delas ut priser i flera klasser, men ett av de viktigaste priserna \u00e4r \u00e4nd\u00e5 <span>Guldspaden till \u201d\u00c5rets fr\u00e4msta gr\u00e4vinsats i en storstadstidning\u201d.<\/span><\/p>\n<p><span>Det gick till journalisten Michael Verdicchio, G\u00f6teborgs-Posten, f\u00f6r hans och G-P:s granskning \u201dTerrorn mot b\u00f6nderna\u201d, som avsl\u00f6jade hur \u201dden djurr\u00e4ttsrelaterade brottsligheten i Sverige \u00f6kar\u201d, samt \u201dhur militanta djurr\u00e4ttsaktivister organiserat och systematiskt beg\u00e5tt minst 200 brott mot mj\u00f6lkb\u00f6nder, djurlantbrukare och deras barn de senaste tre \u00e5ren\u201d.<\/span><\/p>\n<p><span>Eller som juryn uttryckte det:<\/span><\/p>\n<p><span>\u201d<\/span><em>F\u00f6r att ha satt spaden i en dyngh\u00f6g av militant terror och hotfulla trakasserier mot Sveriges b\u00f6nder.\u201d<\/em><\/p>\n<p>Michael Verdicchio har envist genomf\u00f6rt ett omfattande arbete med att kartl\u00e4gga en brottslighet som p\u00e5g\u00e5tt i det f\u00f6rdolda och d\u00e4r m\u00e5nga, av f\u00f6rklarliga sk\u00e4l, varit r\u00e4dda f\u00f6r att prata. Och fortsatt d\u00e4r m\u00e5nga kanske annars skulle ha slutat. Men som sedan fick genomslag p\u00e5 politisk niv\u00e5 och ledde till att regeringen i mars skickade ut ett regleringsbrev till Polismyndigheten om att b\u00f6rja prioritera djurr\u00e4ttsrelaterad brottslighet nationellt.<\/p>\n<p>Det \u00e4r en viktig insats och en v\u00e4rdig pristagare!<\/p>\n<p>Nu \u00e4r det upp till Polismyndigheten att fullf\u00f6lja uppdraget.<\/p>\n","protected":false},"excerpt":{"rendered":"<p>I g\u00e5r kv\u00e4ll delade F\u00f6reningen Gr\u00e4vande Journalister (FGJ) ut priser i sin \u00e5rliga Guldspadegala. Det delas ut priser i flera klasser, men ett av de viktigaste priserna \u00e4r \u00e4nd\u00e5 Guldspaden till \u201d\u00c5rets fr\u00e4msta gr\u00e4vinsats i en storstadstidning\u201d. Det gick till journalisten Michael Verdicchio, G\u00f6teborgs-Posten, f\u00f6r hans och G-P:s granskning \u201dTerrorn mot b\u00f6nderna\u201d, som avsl\u00f6jade hur&#8230;<\/p>\n","protected":false},"author":359,"featured_media":0,"comment_status":"open","ping_status":"open","sticky":false,"template":"","format":"standard","meta":[],"categories":[1],"tags":[],"yoast_head":"<!-- This site is optimized with the Yoast SEO plugin v19.6 - https:\/\/yoast.com\/wordpress\/plugins\/seo\/ -->\n<title>Terror mot b\u00f6nder - v\u00e4rdig Guldspadevinnare! - Utbobloggen<\/title>\n<meta name=\"robots\" content=\"index, follow, max-snippet:-1, max-image-preview:large, max-video-preview:-1\" \/>\n<link rel=\"canonical\" href=\"https:\/\/blogg.atl.nu\/utbobloggen\/2020\/09\/19\/terror-mot-bonder-vardig-guldspadevinnare\/\" \/>\n<meta property=\"og:locale\" content=\"sv_SE\" \/>\n<meta property=\"og:type\" content=\"article\" \/>\n<meta property=\"og:title\" content=\"Terror mot b\u00f6nder - v\u00e4rdig Guldspadevinnare! - Utbobloggen\" \/>\n<meta property=\"og:description\" content=\"I g\u00e5r kv\u00e4ll delade F\u00f6reningen Gr\u00e4vande Journalister (FGJ) ut priser i sin \u00e5rliga Guldspadegala. Det delas ut priser i flera klasser, men ett av de viktigaste priserna \u00e4r \u00e4nd\u00e5 Guldspaden till \u201d\u00c5rets fr\u00e4msta gr\u00e4vinsats i en storstadstidning\u201d. Det gick till journalisten Michael Verdicchio, G\u00f6teborgs-Posten, f\u00f6r hans och G-P:s granskning \u201dTerrorn mot b\u00f6nderna\u201d, som avsl\u00f6jade hur...\" \/>\n<meta property=\"og:url\" content=\"https:\/\/blogg.atl.nu\/utbobloggen\/2020\/09\/19\/terror-mot-bonder-vardig-guldspadevinnare\/\" \/>\n<meta property=\"og:site_name\" content=\"Utbobloggen\" \/>\n<meta property=\"article:published_time\" content=\"2020-09-19T13:48:42+00:00\" \/>\n<meta name=\"author\" content=\"Per Hulteng\u00e5rd\" \/>\n<meta name=\"twitter:card\" content=\"summary_large_image\" \/>\n<meta name=\"twitter:label1\" content=\"Skriven av\" \/>\n\t<meta name=\"twitter:data1\" content=\"Per Hulteng\u00e5rd\" \/>\n\t<meta name=\"twitter:label2\" content=\"Ber\u00e4knad l\u00e4stid\" \/>\n\t<meta name=\"twitter:data2\" content=\"1 minut\" \/>\n<script type=\"application\/ld+json\" class=\"yoast-schema-graph\">{\"@context\":\"https:\/\/schema.org\",\"@graph\":[{\"@type\":\"WebPage\",\"@id\":\"https:\/\/blogg.atl.nu\/utbobloggen\/2020\/09\/19\/terror-mot-bonder-vardig-guldspadevinnare\/\",\"url\":\"https:\/\/blogg.atl.nu\/utbobloggen\/2020\/09\/19\/terror-mot-bonder-vardig-guldspadevinnare\/\",\"name\":\"Terror mot b\u00f6nder - v\u00e4rdig Guldspadevinnare! - Utbobloggen\",\"isPartOf\":{\"@id\":\"https:\/\/blogg.atl.nu\/utbobloggen\/#website\"},\"datePublished\":\"2020-09-19T13:48:42+00:00\",\"dateModified\":\"2020-09-19T13:48:42+00:00\",\"author\":{\"@id\":\"https:\/\/blogg.atl.nu\/utbobloggen\/#\/schema\/person\/8c997704fc1787a2e8fa7f6cac4ad438\"},\"breadcrumb\":{\"@id\":\"https:\/\/blogg.atl.nu\/utbobloggen\/2020\/09\/19\/terror-mot-bonder-vardig-guldspadevinnare\/#breadcrumb\"},\"inLanguage\":\"sv-SE\",\"potentialAction\":[{\"@type\":\"ReadAction\",\"target\":[\"https:\/\/blogg.atl.nu\/utbobloggen\/2020\/09\/19\/terror-mot-bonder-vardig-guldspadevinnare\/\"]}]},{\"@type\":\"BreadcrumbList\",\"@id\":\"https:\/\/blogg.atl.nu\/utbobloggen\/2020\/09\/19\/terror-mot-bonder-vardig-guldspadevinnare\/#breadcrumb\",\"itemListElement\":[{\"@type\":\"ListItem\",\"position\":1,\"name\":\"Home\",\"item\":\"https:\/\/blogg.atl.nu\/utbobloggen\/\"},{\"@type\":\"ListItem\",\"position\":2,\"name\":\"Terror mot b\u00f6nder &#8211; v\u00e4rdig Guldspadevinnare!\"}]},{\"@type\":\"WebSite\",\"@id\":\"https:\/\/blogg.atl.nu\/utbobloggen\/#website\",\"url\":\"https:\/\/blogg.atl.nu\/utbobloggen\/\",\"name\":\"Utbobloggen\",\"description\":\"Per Hulteng\u00e5rd\",\"potentialAction\":[{\"@type\":\"SearchAction\",\"target\":{\"@type\":\"EntryPoint\",\"urlTemplate\":\"https:\/\/blogg.atl.nu\/utbobloggen\/?s={search_term_string}\"},\"query-input\":\"required name=search_term_string\"}],\"inLanguage\":\"sv-SE\"},{\"@type\":\"Person\",\"@id\":\"https:\/\/blogg.atl.nu\/utbobloggen\/#\/schema\/person\/8c997704fc1787a2e8fa7f6cac4ad438\",\"name\":\"Per Hulteng\u00e5rd\",\"image\":{\"@type\":\"ImageObject\",\"inLanguage\":\"sv-SE\",\"@id\":\"https:\/\/blogg.atl.nu\/utbobloggen\/#\/schema\/person\/image\/\",\"url\":\"https:\/\/secure.gravatar.com\/avatar\/191d7fa8b4b721bb6ebf14bc2d9024e7?s=96&d=mm&r=g\",\"contentUrl\":\"https:\/\/secure.gravatar.com\/avatar\/191d7fa8b4b721bb6ebf14bc2d9024e7?s=96&d=mm&r=g\",\"caption\":\"Per Hulteng\u00e5rd\"},\"url\":\"https:\/\/blogg.atl.nu\/utbobloggen\/author\/phultengard\/\"}]}<\/script>\n<!-- \/ Yoast SEO plugin. -->","yoast_head_json":{"title":"Terror mot b\u00f6nder - v\u00e4rdig Guldspadevinnare! - Utbobloggen","robots":{"index":"index","follow":"follow","max-snippet":"max-snippet:-1","max-image-preview":"max-image-preview:large","max-video-preview":"max-video-preview:-1"},"canonical":"https:\/\/blogg.atl.nu\/utbobloggen\/2020\/09\/19\/terror-mot-bonder-vardig-guldspadevinnare\/","og_locale":"sv_SE","og_type":"article","og_title":"Terror mot b\u00f6nder - v\u00e4rdig Guldspadevinnare! - Utbobloggen","og_description":"I g\u00e5r kv\u00e4ll delade F\u00f6reningen Gr\u00e4vande Journalister (FGJ) ut priser i sin \u00e5rliga Guldspadegala. Det delas ut priser i flera klasser, men ett av de viktigaste priserna \u00e4r \u00e4nd\u00e5 Guldspaden till \u201d\u00c5rets fr\u00e4msta gr\u00e4vinsats i en storstadstidning\u201d. Det gick till journalisten Michael Verdicchio, G\u00f6teborgs-Posten, f\u00f6r hans och G-P:s granskning \u201dTerrorn mot b\u00f6nderna\u201d, som avsl\u00f6jade hur...","og_url":"https:\/\/blogg.atl.nu\/utbobloggen\/2020\/09\/19\/terror-mot-bonder-vardig-guldspadevinnare\/","og_site_name":"Utbobloggen","article_published_time":"2020-09-19T13:48:42+00:00","author":"Per Hulteng\u00e5rd","twitter_card":"summary_large_image","twitter_misc":{"Skriven av":"Per Hulteng\u00e5rd","Ber\u00e4knad l\u00e4stid":"1 minut"},"schema":{"@context":"https:\/\/schema.org","@graph":[{"@type":"WebPage","@id":"https:\/\/blogg.atl.nu\/utbobloggen\/2020\/09\/19\/terror-mot-bonder-vardig-guldspadevinnare\/","url":"https:\/\/blogg.atl.nu\/utbobloggen\/2020\/09\/19\/terror-mot-bonder-vardig-guldspadevinnare\/","name":"Terror mot b\u00f6nder - v\u00e4rdig Guldspadevinnare! - Utbobloggen","isPartOf":{"@id":"https:\/\/blogg.atl.nu\/utbobloggen\/#website"},"datePublished":"2020-09-19T13:48:42+00:00","dateModified":"2020-09-19T13:48:42+00:00","author":{"@id":"https:\/\/blogg.atl.nu\/utbobloggen\/#\/schema\/person\/8c997704fc1787a2e8fa7f6cac4ad438"},"breadcrumb":{"@id":"https:\/\/blogg.atl.nu\/utbobloggen\/2020\/09\/19\/terror-mot-bonder-vardig-guldspadevinnare\/#breadcrumb"},"inLanguage":"sv-SE","potentialAction":[{"@type":"ReadAction","target":["https:\/\/blogg.atl.nu\/utbobloggen\/2020\/09\/19\/terror-mot-bonder-vardig-guldspadevinnare\/"]}]},{"@type":"BreadcrumbList","@id":"https:\/\/blogg.atl.nu\/utbobloggen\/2020\/09\/19\/terror-mot-bonder-vardig-guldspadevinnare\/#breadcrumb","itemListElement":[{"@type":"ListItem","position":1,"name":"Home","item":"https:\/\/blogg.atl.nu\/utbobloggen\/"},{"@type":"ListItem","position":2,"name":"Terror mot b\u00f6nder &#8211; v\u00e4rdig Guldspadevinnare!"}]},{"@type":"WebSite","@id":"https:\/\/blogg.atl.nu\/utbobloggen\/#website","url":"https:\/\/blogg.atl.nu\/utbobloggen\/","name":"Utbobloggen","description":"Per Hulteng\u00e5rd","potentialAction":[{"@type":"SearchAction","target":{"@type":"EntryPoint","urlTemplate":"https:\/\/blogg.atl.nu\/utbobloggen\/?s={search_term_string}"},"query-input":"required name=search_term_string"}],"inLanguage":"sv-SE"},{"@type":"Person","@id":"https:\/\/blogg.atl.nu\/utbobloggen\/#\/schema\/person\/8c997704fc1787a2e8fa7f6cac4ad438","name":"Per Hulteng\u00e5rd","image":{"@type":"ImageObject","inLanguage":"sv-SE","@id":"https:\/\/blogg.atl.nu\/utbobloggen\/#\/schema\/person\/image\/","url":"https:\/\/secure.gravatar.com\/avatar\/191d7fa8b4b721bb6ebf14bc2d9024e7?s=96&d=mm&r=g","contentUrl":"https:\/\/secure.gravatar.com\/avatar\/191d7fa8b4b721bb6ebf14bc2d9024e7?s=96&d=mm&r=g","caption":"Per Hulteng\u00e5rd"},"url":"https:\/\/blogg.atl.nu\/utbobloggen\/author\/phultengard\/"}]}},"_links":{"self":[{"href":"https:\/\/blogg.atl.nu\/utbobloggen\/wp-json\/wp\/v2\/posts\/439"}],"collection":[{"href":"https:\/\/blogg.atl.nu\/utbobloggen\/wp-json\/wp\/v2\/posts"}],"about":[{"href":"https:\/\/blogg.atl.nu\/utbobloggen\/wp-json\/wp\/v2\/types\/post"}],"author":[{"embeddable":true,"href":"https:\/\/blogg.atl.nu\/utbobloggen\/wp-json\/wp\/v2\/users\/359"}],"replies":[{"embeddable":true,"href":"https:\/\/blogg.atl.nu\/utbobloggen\/wp-json\/wp\/v2\/comments?post=439"}],"version-history":[{"count":1,"href":"https:\/\/blogg.atl.nu\/utbobloggen\/wp-json\/wp\/v2\/posts\/439\/revisions"}],"predecessor-version":[{"id":440,"href":"https:\/\/blogg.atl.nu\/utbobloggen\/wp-json\/wp\/v2\/posts\/439\/revisions\/440"}],"wp:attachment":[{"href":"https:\/\/blogg.atl.nu\/utbobloggen\/wp-json\/wp\/v2\/media?parent=439"}],"wp:term":[{"taxonomy":"category","embeddable":true,"href":"https:\/\/blogg.atl.nu\/utbobloggen\/wp-json\/wp\/v2\/categories?post=439"},{"taxonomy":"post_tag","embeddable":true,"href":"https:\/\/blogg.atl.nu\/utbobloggen\/wp-json\/wp\/v2\/tags?post=439"}],"curies":[{"name":"wp","href":"https:\/\/api.w.org\/{rel}","templated":true}]}}