{"id":965,"date":"2021-11-30T17:50:24","date_gmt":"2021-11-30T16:50:24","guid":{"rendered":"https:\/\/blogg.atl.nu\/utbobloggen\/?p=965"},"modified":"2021-11-30T17:50:24","modified_gmt":"2021-11-30T16:50:24","slug":"antligen-en-landsbygdsminister","status":"publish","type":"post","link":"https:\/\/blogg.atl.nu\/utbobloggen\/2021\/11\/30\/antligen-en-landsbygdsminister\/","title":{"rendered":"\u00c4ntligen en landsbygdsminister!"},"content":{"rendered":"<p>Jamen, s\u00e5 fick vi d\u00e5 till sist en landsbygdsminister!<\/p>\n<p>Anna-Caren S\u00e4therberg!<\/p>\n<p>Som ska vara just landsbygdsminister och inte bara ha det som n\u00e5gon sorts bisyssla ihop med en massa andra uppdrag!<\/p>\n<p>Jag hade \u2013 liksom merparten av alla som kommenterat \u2013 inte h\u00f6rt talas om Anna-Caren S\u00e4therberg, men noterar dels att hon kommer fr\u00e5n J\u00e4mtland (positivt i sig!), dels att man fr\u00e5n LRF J\u00e4mtland s\u00e4ger att \u201d<em>hon \u00e4r en person som har full f\u00f6rst\u00e5else f\u00f6r v\u00e5ra fr\u00e5gor och speciellt f\u00f6r oss i de lite glest befolkade delarna av landet\u201d.<\/em><\/p>\n<p>Det b\u00e5dar gott! Stora utmaningar och viktiga uppgifter v\u00e4ntar.<em>\u00a0<\/em>S\u00e5v\u00e4l n\u00e4r det g\u00e4ller jordbruks- som skogs- och landsbygdspolitiken.<\/p>\n<p>Men jag lovar att f\u00f6r dagen inte s\u00e4ga ett enda kritiskt ord \u2013 utan att jag bara har f\u00f6rv\u00e4ntningar!<\/p>\n<p>Upp till bevis!<\/p>\n<p>Sedan f\u00e5r vi se.<\/p>\n<p><img loading=\"lazy\" class=\"alignnone size-medium wp-image-966\" src=\"https:\/\/blogg.atl.nu\/utbobloggen\/wp-content\/uploads\/sites\/39\/2021\/11\/unnamed-7-300x225.jpg\" alt=\"\" width=\"300\" height=\"225\" srcset=\"https:\/\/blogg.atl.nu\/utbobloggen\/wp-content\/uploads\/sites\/39\/2021\/11\/unnamed-7-300x225.jpg 300w, https:\/\/blogg.atl.nu\/utbobloggen\/wp-content\/uploads\/sites\/39\/2021\/11\/unnamed-7-768x576.jpg 768w, https:\/\/blogg.atl.nu\/utbobloggen\/wp-content\/uploads\/sites\/39\/2021\/11\/unnamed-7-1024x768.jpg 1024w, https:\/\/blogg.atl.nu\/utbobloggen\/wp-content\/uploads\/sites\/39\/2021\/11\/unnamed-7.jpg 2016w\" sizes=\"(max-width: 300px) 100vw, 300px\" \/><\/p>\n<p>Att Magdalena Andersson dessutom uttalade att \u201d<em>Det svenska skogsbruket ska inte detaljregleras i Bryssel.\u201d<\/em> k\u00e4ndes dessutom extra bra.<\/p>\n<p>Och det f\u00f6rpliktigar!<\/p>\n<p>&nbsp;<\/p>\n","protected":false},"excerpt":{"rendered":"<p>Jamen, s\u00e5 fick vi d\u00e5 till sist en landsbygdsminister! Anna-Caren S\u00e4therberg! Som ska vara just landsbygdsminister och inte bara ha det som n\u00e5gon sorts bisyssla ihop med en massa andra uppdrag! Jag hade \u2013 liksom merparten av alla som kommenterat \u2013 inte h\u00f6rt talas om Anna-Caren S\u00e4therberg, men noterar dels att hon kommer fr\u00e5n J\u00e4mtland&#8230;<\/p>\n","protected":false},"author":359,"featured_media":0,"comment_status":"open","ping_status":"open","sticky":false,"template":"","format":"standard","meta":[],"categories":[1],"tags":[],"yoast_head":"<!-- This site is optimized with the Yoast SEO plugin v19.6 - https:\/\/yoast.com\/wordpress\/plugins\/seo\/ -->\n<title>\u00c4ntligen en landsbygdsminister! - Utbobloggen<\/title>\n<meta name=\"robots\" content=\"index, follow, max-snippet:-1, max-image-preview:large, max-video-preview:-1\" \/>\n<link rel=\"canonical\" href=\"https:\/\/blogg.atl.nu\/utbobloggen\/2021\/11\/30\/antligen-en-landsbygdsminister\/\" \/>\n<meta property=\"og:locale\" content=\"sv_SE\" \/>\n<meta property=\"og:type\" content=\"article\" \/>\n<meta property=\"og:title\" content=\"\u00c4ntligen en landsbygdsminister! - Utbobloggen\" \/>\n<meta property=\"og:description\" content=\"Jamen, s\u00e5 fick vi d\u00e5 till sist en landsbygdsminister! Anna-Caren S\u00e4therberg! Som ska vara just landsbygdsminister och inte bara ha det som n\u00e5gon sorts bisyssla ihop med en massa andra uppdrag! Jag hade \u2013 liksom merparten av alla som kommenterat \u2013 inte h\u00f6rt talas om Anna-Caren S\u00e4therberg, men noterar dels att hon kommer fr\u00e5n J\u00e4mtland...\" \/>\n<meta property=\"og:url\" content=\"https:\/\/blogg.atl.nu\/utbobloggen\/2021\/11\/30\/antligen-en-landsbygdsminister\/\" \/>\n<meta property=\"og:site_name\" content=\"Utbobloggen\" \/>\n<meta property=\"article:published_time\" content=\"2021-11-30T16:50:24+00:00\" \/>\n<meta property=\"og:image\" content=\"https:\/\/blogg.atl.nu\/utbobloggen\/wp-content\/uploads\/sites\/39\/2021\/11\/unnamed-7-300x225.jpg\" \/>\n<meta name=\"author\" content=\"Per Hulteng\u00e5rd\" \/>\n<meta name=\"twitter:card\" content=\"summary_large_image\" \/>\n<meta name=\"twitter:label1\" content=\"Skriven av\" \/>\n\t<meta name=\"twitter:data1\" content=\"Per Hulteng\u00e5rd\" \/>\n\t<meta name=\"twitter:label2\" content=\"Ber\u00e4knad l\u00e4stid\" \/>\n\t<meta name=\"twitter:data2\" content=\"1 minut\" \/>\n<script type=\"application\/ld+json\" class=\"yoast-schema-graph\">{\"@context\":\"https:\/\/schema.org\",\"@graph\":[{\"@type\":\"WebPage\",\"@id\":\"https:\/\/blogg.atl.nu\/utbobloggen\/2021\/11\/30\/antligen-en-landsbygdsminister\/\",\"url\":\"https:\/\/blogg.atl.nu\/utbobloggen\/2021\/11\/30\/antligen-en-landsbygdsminister\/\",\"name\":\"\u00c4ntligen en landsbygdsminister! - Utbobloggen\",\"isPartOf\":{\"@id\":\"https:\/\/blogg.atl.nu\/utbobloggen\/#website\"},\"datePublished\":\"2021-11-30T16:50:24+00:00\",\"dateModified\":\"2021-11-30T16:50:24+00:00\",\"author\":{\"@id\":\"https:\/\/blogg.atl.nu\/utbobloggen\/#\/schema\/person\/8c997704fc1787a2e8fa7f6cac4ad438\"},\"breadcrumb\":{\"@id\":\"https:\/\/blogg.atl.nu\/utbobloggen\/2021\/11\/30\/antligen-en-landsbygdsminister\/#breadcrumb\"},\"inLanguage\":\"sv-SE\",\"potentialAction\":[{\"@type\":\"ReadAction\",\"target\":[\"https:\/\/blogg.atl.nu\/utbobloggen\/2021\/11\/30\/antligen-en-landsbygdsminister\/\"]}]},{\"@type\":\"BreadcrumbList\",\"@id\":\"https:\/\/blogg.atl.nu\/utbobloggen\/2021\/11\/30\/antligen-en-landsbygdsminister\/#breadcrumb\",\"itemListElement\":[{\"@type\":\"ListItem\",\"position\":1,\"name\":\"Home\",\"item\":\"https:\/\/blogg.atl.nu\/utbobloggen\/\"},{\"@type\":\"ListItem\",\"position\":2,\"name\":\"\u00c4ntligen en landsbygdsminister!\"}]},{\"@type\":\"WebSite\",\"@id\":\"https:\/\/blogg.atl.nu\/utbobloggen\/#website\",\"url\":\"https:\/\/blogg.atl.nu\/utbobloggen\/\",\"name\":\"Utbobloggen\",\"description\":\"Per Hulteng\u00e5rd\",\"potentialAction\":[{\"@type\":\"SearchAction\",\"target\":{\"@type\":\"EntryPoint\",\"urlTemplate\":\"https:\/\/blogg.atl.nu\/utbobloggen\/?s={search_term_string}\"},\"query-input\":\"required name=search_term_string\"}],\"inLanguage\":\"sv-SE\"},{\"@type\":\"Person\",\"@id\":\"https:\/\/blogg.atl.nu\/utbobloggen\/#\/schema\/person\/8c997704fc1787a2e8fa7f6cac4ad438\",\"name\":\"Per Hulteng\u00e5rd\",\"image\":{\"@type\":\"ImageObject\",\"inLanguage\":\"sv-SE\",\"@id\":\"https:\/\/blogg.atl.nu\/utbobloggen\/#\/schema\/person\/image\/\",\"url\":\"https:\/\/secure.gravatar.com\/avatar\/191d7fa8b4b721bb6ebf14bc2d9024e7?s=96&d=mm&r=g\",\"contentUrl\":\"https:\/\/secure.gravatar.com\/avatar\/191d7fa8b4b721bb6ebf14bc2d9024e7?s=96&d=mm&r=g\",\"caption\":\"Per Hulteng\u00e5rd\"},\"url\":\"https:\/\/blogg.atl.nu\/utbobloggen\/author\/phultengard\/\"}]}<\/script>\n<!-- \/ Yoast SEO plugin. -->","yoast_head_json":{"title":"\u00c4ntligen en landsbygdsminister! - Utbobloggen","robots":{"index":"index","follow":"follow","max-snippet":"max-snippet:-1","max-image-preview":"max-image-preview:large","max-video-preview":"max-video-preview:-1"},"canonical":"https:\/\/blogg.atl.nu\/utbobloggen\/2021\/11\/30\/antligen-en-landsbygdsminister\/","og_locale":"sv_SE","og_type":"article","og_title":"\u00c4ntligen en landsbygdsminister! - Utbobloggen","og_description":"Jamen, s\u00e5 fick vi d\u00e5 till sist en landsbygdsminister! Anna-Caren S\u00e4therberg! Som ska vara just landsbygdsminister och inte bara ha det som n\u00e5gon sorts bisyssla ihop med en massa andra uppdrag! Jag hade \u2013 liksom merparten av alla som kommenterat \u2013 inte h\u00f6rt talas om Anna-Caren S\u00e4therberg, men noterar dels att hon kommer fr\u00e5n J\u00e4mtland...","og_url":"https:\/\/blogg.atl.nu\/utbobloggen\/2021\/11\/30\/antligen-en-landsbygdsminister\/","og_site_name":"Utbobloggen","article_published_time":"2021-11-30T16:50:24+00:00","og_image":[{"url":"https:\/\/blogg.atl.nu\/utbobloggen\/wp-content\/uploads\/sites\/39\/2021\/11\/unnamed-7-300x225.jpg"}],"author":"Per Hulteng\u00e5rd","twitter_card":"summary_large_image","twitter_misc":{"Skriven av":"Per Hulteng\u00e5rd","Ber\u00e4knad l\u00e4stid":"1 minut"},"schema":{"@context":"https:\/\/schema.org","@graph":[{"@type":"WebPage","@id":"https:\/\/blogg.atl.nu\/utbobloggen\/2021\/11\/30\/antligen-en-landsbygdsminister\/","url":"https:\/\/blogg.atl.nu\/utbobloggen\/2021\/11\/30\/antligen-en-landsbygdsminister\/","name":"\u00c4ntligen en landsbygdsminister! - Utbobloggen","isPartOf":{"@id":"https:\/\/blogg.atl.nu\/utbobloggen\/#website"},"datePublished":"2021-11-30T16:50:24+00:00","dateModified":"2021-11-30T16:50:24+00:00","author":{"@id":"https:\/\/blogg.atl.nu\/utbobloggen\/#\/schema\/person\/8c997704fc1787a2e8fa7f6cac4ad438"},"breadcrumb":{"@id":"https:\/\/blogg.atl.nu\/utbobloggen\/2021\/11\/30\/antligen-en-landsbygdsminister\/#breadcrumb"},"inLanguage":"sv-SE","potentialAction":[{"@type":"ReadAction","target":["https:\/\/blogg.atl.nu\/utbobloggen\/2021\/11\/30\/antligen-en-landsbygdsminister\/"]}]},{"@type":"BreadcrumbList","@id":"https:\/\/blogg.atl.nu\/utbobloggen\/2021\/11\/30\/antligen-en-landsbygdsminister\/#breadcrumb","itemListElement":[{"@type":"ListItem","position":1,"name":"Home","item":"https:\/\/blogg.atl.nu\/utbobloggen\/"},{"@type":"ListItem","position":2,"name":"\u00c4ntligen en landsbygdsminister!"}]},{"@type":"WebSite","@id":"https:\/\/blogg.atl.nu\/utbobloggen\/#website","url":"https:\/\/blogg.atl.nu\/utbobloggen\/","name":"Utbobloggen","description":"Per Hulteng\u00e5rd","potentialAction":[{"@type":"SearchAction","target":{"@type":"EntryPoint","urlTemplate":"https:\/\/blogg.atl.nu\/utbobloggen\/?s={search_term_string}"},"query-input":"required name=search_term_string"}],"inLanguage":"sv-SE"},{"@type":"Person","@id":"https:\/\/blogg.atl.nu\/utbobloggen\/#\/schema\/person\/8c997704fc1787a2e8fa7f6cac4ad438","name":"Per Hulteng\u00e5rd","image":{"@type":"ImageObject","inLanguage":"sv-SE","@id":"https:\/\/blogg.atl.nu\/utbobloggen\/#\/schema\/person\/image\/","url":"https:\/\/secure.gravatar.com\/avatar\/191d7fa8b4b721bb6ebf14bc2d9024e7?s=96&d=mm&r=g","contentUrl":"https:\/\/secure.gravatar.com\/avatar\/191d7fa8b4b721bb6ebf14bc2d9024e7?s=96&d=mm&r=g","caption":"Per Hulteng\u00e5rd"},"url":"https:\/\/blogg.atl.nu\/utbobloggen\/author\/phultengard\/"}]}},"_links":{"self":[{"href":"https:\/\/blogg.atl.nu\/utbobloggen\/wp-json\/wp\/v2\/posts\/965"}],"collection":[{"href":"https:\/\/blogg.atl.nu\/utbobloggen\/wp-json\/wp\/v2\/posts"}],"about":[{"href":"https:\/\/blogg.atl.nu\/utbobloggen\/wp-json\/wp\/v2\/types\/post"}],"author":[{"embeddable":true,"href":"https:\/\/blogg.atl.nu\/utbobloggen\/wp-json\/wp\/v2\/users\/359"}],"replies":[{"embeddable":true,"href":"https:\/\/blogg.atl.nu\/utbobloggen\/wp-json\/wp\/v2\/comments?post=965"}],"version-history":[{"count":2,"href":"https:\/\/blogg.atl.nu\/utbobloggen\/wp-json\/wp\/v2\/posts\/965\/revisions"}],"predecessor-version":[{"id":968,"href":"https:\/\/blogg.atl.nu\/utbobloggen\/wp-json\/wp\/v2\/posts\/965\/revisions\/968"}],"wp:attachment":[{"href":"https:\/\/blogg.atl.nu\/utbobloggen\/wp-json\/wp\/v2\/media?parent=965"}],"wp:term":[{"taxonomy":"category","embeddable":true,"href":"https:\/\/blogg.atl.nu\/utbobloggen\/wp-json\/wp\/v2\/categories?post=965"},{"taxonomy":"post_tag","embeddable":true,"href":"https:\/\/blogg.atl.nu\/utbobloggen\/wp-json\/wp\/v2\/tags?post=965"}],"curies":[{"name":"wp","href":"https:\/\/api.w.org\/{rel}","templated":true}]}}